{"id":4309,"date":"2026-05-01T18:27:41","date_gmt":"2026-05-01T21:27:41","guid":{"rendered":"https:\/\/brasender.com.br\/noticias\/?p=4309"},"modified":"2026-05-01T18:27:42","modified_gmt":"2026-05-01T21:27:42","slug":"fallece-carmelo-andre-llanes-trompetista-charanga-habanera","status":"publish","type":"post","link":"https:\/\/brasender.com.br\/noticias\/fallece-carmelo-andre-llanes-trompetista-charanga-habanera\/","title":{"rendered":"Muere trompetista cubano Carmelo Andr\u00e9 Llanes, integrante de la Charanga Habanera"},"content":{"rendered":"\n<div style=\"height:2px\" aria-hidden=\"true\" class=\"wp-block-spacer\"><\/div>\n\n\n\n<p class=\"has-medium-font-size wp-block-paragraph\">El m\u00fasico cubano Carmelo Andr\u00e9 Llanes falleci\u00f3, dejando un legado dentro de la m\u00fasica popular de Cuba. Su trayectoria estuvo marcada por su participaci\u00f3n en importantes agrupaciones, entre ellas Charanga Habanera.<\/p>\n\n\n\n<div style=\"height:2px\" aria-hidden=\"true\" class=\"wp-block-spacer\"><\/div>\n\n\n\n<p class=\"has-medium-font-size wp-block-paragraph\">La noticia ha generado conmoci\u00f3n entre seguidores de la m\u00fasica cubana y dentro del \u00e1mbito art\u00edstico, donde era reconocido por su talento como trompetista.<\/p>\n\n\n\n<div style=\"height:2px\" aria-hidden=\"true\" class=\"wp-block-spacer\"><\/div>\n\n\n\n<p class=\"has-medium-font-size wp-block-paragraph\">Carmelo Andr\u00e9 Llanes form\u00f3 parte de varias orquestas destacadas en la escena musical cubana, aportando su talento y experiencia en cada presentaci\u00f3n.<\/p>\n\n\n\n<div style=\"height:2px\" aria-hidden=\"true\" class=\"wp-block-spacer\"><\/div>\n\n\n\n<p class=\"has-medium-font-size wp-block-paragraph\">Su paso por Charanga Habanera lo posicion\u00f3 como una figura conocida dentro del g\u00e9nero, participando en proyectos que marcaron a varias generaciones de oyentes.<\/p>\n\n\n\n<div style=\"height:2px\" aria-hidden=\"true\" class=\"wp-block-spacer\"><\/div>\n\n\n\n<p class=\"has-medium-font-size wp-block-paragraph\">El m\u00fasico fue reconocido por su habilidad con la trompeta, instrumento que lo acompa\u00f1\u00f3 a lo largo de su carrera art\u00edstica.<\/p>\n\n\n\n<div style=\"height:2px\" aria-hidden=\"true\" class=\"wp-block-spacer\"><\/div>\n\n\n\n<p class=\"has-medium-font-size wp-block-paragraph\">Su estilo y dedicaci\u00f3n lo convirtieron en un referente dentro de las agrupaciones en las que particip\u00f3, dejando una huella en la m\u00fasica popular cubana.<\/p>\n\n\n\n<div style=\"height:2px\" aria-hidden=\"true\" class=\"wp-block-spacer\"><\/div>\n\n\n\n<p class=\"has-medium-font-size wp-block-paragraph\">Tras conocerse la noticia, seguidores, colegas y amantes de la m\u00fasica han expresado mensajes de condolencias y reconocimiento a su trayectoria.<\/p>\n\n\n\n<div style=\"height:2px\" aria-hidden=\"true\" class=\"wp-block-spacer\"><\/div>\n\n\n\n<p class=\"has-medium-font-size wp-block-paragraph\">En redes sociales, muchos destacaron su aporte al desarrollo de la m\u00fasica en Cuba y su impacto dentro de las orquestas donde trabaj\u00f3.<\/p>\n\n\n\n<div style=\"height:2px\" aria-hidden=\"true\" class=\"wp-block-spacer\"><\/div>\n\n\n\n<p class=\"has-medium-font-size wp-block-paragraph\">El fallecimiento de Carmelo Andr\u00e9 Llanes representa una p\u00e9rdida significativa para el panorama musical cubano.<\/p>\n\n\n\n<div style=\"height:2px\" aria-hidden=\"true\" class=\"wp-block-spacer\"><\/div>\n\n\n\n<p class=\"has-medium-font-size wp-block-paragraph\">Su legado permanece a trav\u00e9s de su trabajo art\u00edstico y de las producciones en las que particip\u00f3, siendo recordado como un m\u00fasico comprometido con su arte.<\/p>\n\n\n\n<div style=\"height:2px\" aria-hidden=\"true\" class=\"wp-block-spacer\"><\/div>\n\n\n\n<p class=\"has-medium-font-size wp-block-paragraph\">La m\u00fasica cubana despide as\u00ed a uno de sus exponentes, cuya contribuci\u00f3n seguir\u00e1 presente en la memoria de sus seguidores.<\/p>\n","protected":false},"excerpt":{"rendered":"<p>El m\u00fasico cubano Carmelo Andr\u00e9 Llanes falleci\u00f3, dejando un legado dentro de la m\u00fasica popular de Cuba. Su trayectoria estuvo marcada por su participaci\u00f3n en importantes agrupaciones, entre ellas Charanga Habanera. La noticia ha generado conmoci\u00f3n entre seguidores de la m\u00fasica cubana y dentro del \u00e1mbito art\u00edstico, donde era reconocido por su talento como trompetista. [&hellip;]<\/p>\n","protected":false},"author":4,"featured_media":4312,"comment_status":"open","ping_status":"open","sticky":false,"template":"","format":"standard","meta":{"_crdt_document":"{\"document\":\"AAAH2K3P8gLBBK8EBggCBgIEAgQCBAIWAQNwDgQGAwAmkgIBAQgASAIEAgxUGAEBCABIAghKvAYBAQgCQkgAhAUBAQgCQkgAjgEBAQgCQkgAugQBAQgCQkgAjgUBAQgCQkgAPgEBCAJCSACEBAEBCAJCSAC+BAEBCABI5CScKQy2BwQDAA0AgAYwAhICDgMAogECIAQHAAy2BQQDAA0AigYwAhICJgIQAioCIAQHAAyABQQDAA0AugUEAwANAALUMwhKrjgBAQgCQkgAmgQBAQgCQkgAkgEBAQgCQkgArAMBAQgCQkgAhAUBAQgCQkjYaIYmDJIuNpgdBAMADQCWBQQDAQYDAAyoBAQDAA0AgAYEAwANAPR9kga6BIwGhAS+BK44rAWsA4QF6Gi4iQEBAQgASAIEAgzQgwGUgwEBAQgASAIEAshcBAMADQCwBiQCklouBuJZMgyKBgymCQyUBQyOBgykHgyqBQy8BAyUBgysBdZ9hJUBAQEIAEgCBAIM3pABopABAQEIAEgCBAIM6ooBrooBAQEIAEgCBAIM\/oYBgocBAQEIAEgCBAIM2IIBnIIBAQEIAEgCBAIMwkqGSgEBCABI8hMu6FIEAwCSBzwSLL4FBAMAkgYEAwCoHgQDAIIGoEACBgIWBAIMyhYEAroW3FugWwEBCABIAgQCEs5YklgBAQgASAIEAgzSQwQCDKJAAgYYBNA8BAMAmAYEAwDaiAEChAEGWpLKAQj+yQGEygFUFk4CDgQCXH0ICg4EBgKgKQySLvJNhAWSIgQDAA0AsAYkAgEBpAEyDIoGDKYJDJQFDI4GDKQeDKoFDLwEDJQGDPJyjgWCBb4ErjiaBLwxLuhSBAMAkgc8Eiy+BQQDAJIGBAMAqB4EAwCaKgEGwjqEBZIQBAIMokACBhgE0DwEAwCYBgQDAOkDKAAhAScABACECScBKAYnACgCIQAoASEAKAAnAEQAxASEAAcAKAInASgAJwCoASgAqACHACgCJwEoACcAqAAEAIcAKAInAQQAKAAnAIcAKAInAQQAKAAnAIcAKAInAQQAKAAnAIcAKAInAQQAKAAnAIcAKAInAQQAKAAnAIcAKAInAQQAKAAnAIcAKAInAQQAKAAnAIcAKAInASgAJwAEAIQHgQCEAIEAhACBAIQBgQCEAIEAhACBAIQIgQCEAIEAhACBAIQAgQCEAIEAhACBAIQAgQCED6gABACHACgCJwEEACgAJwCHACgCJwEEACgAJwCHACgCJwEEACgAJwCHACgCJwEEACgAJwCHACgCJwEEACgAJwAoAMQChAiBAIQAgQCEDygJxwAoAicBKAAnAKgBKACoAMcAKAInASgAJwCoASgAxAnBAMQTqADHACgCJwEoACcAqAEoAKgAxwAoAicBKAAnAKgBKACoAMcAKAInASgAJwCoASgAqADHACgCJwEoACcAqAEoAKgAxwAoAicBKAAnAKgBKACoAMcAKAInASgAJwDEGMEAxALBAMQAqAEoAKgAxwAoAicBKAAnAKgBKACoAMcAKAInASgAJwCoASgAqADEECgAoQGoASEBqAOhAagAoQGo2kGgPnN0YXRldmVyc2lvbmRvY3VtZW50ZGF0ZWRvY3VtZW50c3RhdHVzZG9jdW1lbnR0aXRsZVJhc2N1bmhvIGF1dG9tw6F0aWNvZG9jdW1lbnRjb250ZW50ZG9jdW1lbnRleGNlcnB0ZG9jdW1lbnRhdXRob3Jkb2N1bWVudGZlYXR1cmVkX21lZGlhZG9jdW1lbnRjb21tZW50X3N0YXR1c2RvY3VtZW50cGluZ19zdGF0dXNkb2N1bWVudHN0aWNreWRvY3VtZW50dGVtcGxhdGVkb2N1bWVudGZvcm1hdGRvY3VtZW50bWV0YWZvb3Rub3Rlc19lbGVtZW50b3JfZWRpdF9tb2RlX2VsZW1lbnRvcl90ZW1wbGF0ZV90eXBlX2VsZW1lbnRvcl9kYXRhX2VsZW1lbnRvcl9wYWdlX3NldHRpbmdzX2VsZW1lbnRvcl9jb25kaXRpb25zZG9jdW1lbnRjYXRlZ29yaWVzZG9jdW1lbnR0YWdzZG9jdW1lbnRibG9ja3NNZXJlcnBlc3RhIHViYW4gQ2FybWVsbyBBbmRyw6kgTGxhbmVzLCBpbnRlZ3JhbnRlIGRlIGxhIENoYXJhbmdhIEhhYmFuZXJhY2xpZW50SWRpc1ZhbGlkbmFtZWF0dHJpYnV0ZXNjb250ZW50ZHJvcENhcGlubmVyQmxvY2tzaGVpZ2h0Y2xpZW50SWRpc1ZhbGlkbmFtZWF0dHJpYnV0ZXNjb250ZW50ZHJvcENhcGlubmVyQmxvY2tzRWwgbcO6c2ljbyBjdWJhbm8gQ2FybWVsbyBBbmRyw6kgTGxhbmVzIGZhbGxlY2nDsywgZGVqYW5kbyB1biBsZWdhZG8gZGVudHJvIGRlIGxhIG3DunNpY2EgcG9wdWxhciBkZSBDdWJhLiBTdSB0cmF5ZWN0b3JpYSBlc3R1dm8gbWFyY2FkYSBwb3Igc3UgcGFydGljaXBhY2nDs24gZW4gaW1wb3J0YW50ZXMgYWdydXBhY2lvbmVzLCBlbnRyZSBlbGxhcyBDaGFyYW5nYSBIYWJhbmVyYS5jbGllbnRJZGlzVmFsaWRuYW1lYXR0cmlidXRlc2NvbnRlbnRMYSBub3RpY2lhIGhhIGdlbmVyYWRvIGNvbm1vY2nDs24gZW50cmUgc2VndWlkb3JlcyBkZSBsYSBtw7pzaWNhIGN1YmFuYSB5IGRlbnRybyBkZWwgw6FtYml0byBhcnTDrXN0aWNvLCBkb25kZSBlcmEgcmVjb25vY2lkbyBwb3Igc3UgdGFsZW50byBjb21vIHRyb21wZXRpc3RhLmRyb3BDYXBpbm5lckJsb2Nrc2NsaWVudElkaXNWYWxpZG5hbWVhdHRyaWJ1dGVzY29udGVudFRyYXllY3RvcmlhIGVuIGxhIG3DunNpY2EgY3ViYW5hbGV2ZWxpbm5lckJsb2Nrc2NsaWVudElkaXNWYWxpZG5hbWVhdHRyaWJ1dGVzY29udGVudENhcm1lbG8gQW5kcsOpIExsYW5lcyBmb3Jtw7MgcGFydGUgZGUgdmFyaWFzIG9ycXVlc3RhcyBkZXN0YWNhZGFzIGVuIGxhIGVzY2VuYSBtdXNpY2FsIGN1YmFuYSwgYXBvcnRhbmRvIHN1IHRhbGVudG8geSBleHBlcmllbmNpYSBlbiBjYWRhIHByZXNlbnRhY2nDs24uZHJvcENhcGlubmVyQmxvY2tzY2xpZW50SWRpc1ZhbGlkbmFtZWF0dHJpYnV0ZXNjb250ZW50U3UgcGFzbyBwb3IgQ2hhcmFuZ2EgSGFiYW5lcmEgbG8gcG9zaWNpb27DsyBjb21vIHVuYSBmaWd1cmEgY29ub2NpZGEgZGVudHJvIGRlbCBnw6luZXJvLCBwYXJ0aWNpcGFuZG8gZW4gcHJveWVjdG9zIHF1ZSBtYXJjYXJvbiBhIHZhcmlhcyBnZW5lcmFjaW9uZXMgZGUgb3llbnRlcy5kcm9wQ2FwaW5uZXJCbG9ja3NjbGllbnRJZGlzVmFsaWRuYW1lYXR0cmlidXRlc2NvbnRlbnRMZWdhZG8gY29tbyB0cm9tcGV0aXN0YWxldmVsaW5uZXJCbG9ja3NjbGllbnRJZGlzVmFsaWRuYW1lYXR0cmlidXRlc2NvbnRlbnRFbCBtw7pzaWNvIGZ1ZSByZWNvbm9jaWRvIHBvciBzdSBoYWJpbGlkYWQgY29uIGxhIHRyb21wZXRhLCBpbnN0cnVtZW50byBxdWUgbG8gYWNvbXBhw7HDsyBhIGxvIGxhcmdvIGRlIHN1IGNhcnJlcmEgYXJ0w61zdGljYS5kcm9wQ2FwaW5uZXJCbG9ja3NjbGllbnRJZGlzVmFsaWRuYW1lYXR0cmlidXRlc2NvbnRlbnRTdSBlc3RpbG8geSBkZWRpY2FjacOzbiBsbyBjb252aXJ0aWVyb24gZW4gdW4gcmVmZXJlbnRlIGRlbnRybyBkZSBsYXMgYWdydXBhY2lvbmVzIGVuIGxhcyBxdWUgcGFydGljaXDDsywgZGVqYW5kbyB1bmEgaHVlbGxhIGVuIGxhIG3DunNpY2EgcG9wdWxhciBjdWJhbmEuZHJvcENhcGlubmVyQmxvY2tzY2xpZW50SWRpc1ZhbGlkbmFtZWF0dHJpYnV0ZXNjb250ZW50ZHJvcENhcGlubmVyQmxvY2tzPCEtLSB3cDpzcGFjZXIgeyJoZWlnaHQiOiIycHgifSAtLT4KPGRpdiBzdHlsZT0iaGVpZ2h0OjJweCIgYXJpYS1oaWRkZW49InRydWUiIGNsYXNzPSJ3cC1ibG9jay1zcGFjZXIiPjwvZGl2Pgo8IS0tIC93cDpzcGFjZXIgLS0+Cgo8IS0tIHdwOnBhcmFncmFwaCAtLT4KPHA+RWwgbcO6c2ljbyBjdWJhbm8gQ2FybWVsbyBBbmRyw6kgTGxhbmVzIGZhbGxlY2nDsywgZGVqYW5kbyB1biBsZWdhZG8gZGVudHJvIGRlIGxhIG3DunNpY2EgcG9wdWxhciBkZSBDdWJhLiBTdSB0cmF5ZWN0b3JpYSBlc3R1dm8gbWFyY2FkYSBwb3Igc3UgcGFydGljaXBhY2nDs24gZW4gaW1wb3J0YW50ZXMgYWdydXBhY2lvbmVzLCBlbnRyZSBlbGxhcyBDaGFyYW5nYSBIYWJhbmVyYS48L3A+CjwhLS0gL3dwOnBhcmFncmFwaCAtLT4KCjwhLS0gd3A6cGFyYWdyYXBoIC0tPgo8cD5MYSBub3RpY2lhIGhhIGdlbmVyYWRvIGNvbm1vY2nDs24gZW50cmUgc2VndWlkb3JlcyBkZSBsYSBtw7pzaWNhIGN1YmFuYSB5IGRlbnRybyBkZWwgw6FtYml0byBhcnTDrXN0aWNvLCBkb25kZSBlcmEgcmVjb25vY2lkbyBwb3Igc3UgdGFsZW50byBjb21vIHRyb21wZXRpc3RhLjwvcD4KPCEtLSAvd3A6cGFyYWdyYXBoIC0tPgoKPCEtLSB3cDpwYXJhZ3JhcGggLS0+CjxwPkNhcm1lbG8gQW5kcsOpIExsYW5lcyBmb3Jtw7MgcGFydGUgZGUgdmFyaWFzIG9ycXVlc3RhcyBkZXN0YWNhZGFzIGVuIGxhIGVzY2VuYSBtdXNpY2FsIGN1YmFuYSwgYXBvcnRhbmRvIHN1IHRhbGVudG8geSBleHBlcmllbmNpYSBlbiBjYWRhIHByZXNlbnRhY2nDs24uPC9wPgo8IS0tIC93cDpwYXJhZ3JhcGggLS0+Cgo8IS0tIHdwOnBhcmFncmFwaCAtLT4KPHA+U3UgcGFzbyBwb3IgQ2hhcmFuZ2EgSGFiYW5lcmEgbG8gcG9zaWNpb27DsyBjb21vIHVuYSBmaWd1cmEgY29ub2NpZGEgZGVudHJvIGRlbCBnw6luZXJvLCBwYXJ0aWNpcGFuZG8gZW4gcHJveWVjdG9zIHF1ZSBtYXJjYXJvbiBhIHZhcmlhcyBnZW5lcmFjaW9uZXMgZGUgb3llbnRlcy48L3A+CjwhLS0gL3dwOnBhcmFncmFwaCAtLT4KCjwhLS0gd3A6cGFyYWdyYXBoIC0tPgo8cD5FbCBtw7pzaWNvIGZ1ZSByZWNvbm9jaWRvIHBvciBzdSBoYWJpbGlkYWQgY29uIGxhIHRyb21wZXRhLCBpbnN0cnVtZW50byBxdWUgbG8gYWNvbXBhw7HDsyBhIGxvIGxhcmdvIGRlIHN1IGNhcnJlcmEgYXJ0w61zdGljYS48L3A+CjwhLS0gL3dwOnBhcmFncmFwaCAtLT4KCjwhLS0gd3A6cGFyYWdyYXBoIC0tPgo8cD5TdSBlc3RpbG8geSBkZWRpY2FjacOzbiBsbyBjb252aXJ0aWVyb24gZW4gdW4gcmVmZXJlbnRlIGRlbnRybyBkZSBsYXMgYWdydXBhY2lvbmVzIGVuIGxhcyBxdWUgcGFydGljaXDDsywgZGVqYW5kbyB1bmEgaHVlbGxhIGVuIGxhIG3DunNpY2EgcG9wdWxhciBjdWJhbmEuPC9wPgo8IS0tIC93cDpwYXJhZ3JhcGggLS0+Cgo8IS0tIHdwOnBhcmFncmFwaCAtLT4KPHA+PC9wPgo8IS0tIC93cDpwYXJhZ3JhcGggLS0+VHJhcyBjb25vY2Vyc2UgbGEgbm90aWNpYSwgc2VndWlkb3JlcywgY29sZWdhcyB5IGFtYW50ZXMgZGUgbGEgbcO6c2ljYSBoYW4gZXhwcmVzYWRvIG1lbnNhamVzIGRlIGNvbmRvbGVuY2lhcyB5IHJlY29ub2NpbWllbnRvIGEgc3UgdHJheWVjdG9yaWEuY2xpZW50SWRpc1ZhbGlkbmFtZWF0dHJpYnV0ZXNjb250ZW50RW4gcmVkZXMgc29jaWFsZXMsIG11Y2hvcyBkZXN0YWNhcm9uIHN1IGFwb3J0ZSBhbCBkZXNhcnJvbGxvIGRlIGxhIG3DunNpY2EgZW4gQ3ViYSB5IHN1IGltcGFjdG8gZGVudHJvIGRlIGxhcyBvcnF1ZXN0YXMgZG9uZGUgdHJhYmFqw7MuZHJvcENhcGlubmVyQmxvY2tzY2xpZW50SWRpc1ZhbGlkbmFtZWF0dHJpYnV0ZXNjb250ZW50VW5hIHDDqXJkaWRhIHBhcmEgbGEgbcO6c2ljYSBjdWJhbmFsZXZlbGlubmVyQmxvY2tzY2xpZW50SWRpc1ZhbGlkbmFtZWF0dHJpYnV0ZXNjb250ZW50RWwgZmFsbGVjaW1pZW50byBkZSBDYXJtZWxvIEFuZHLDqSBMbGFuZXMgcmVwcmVzZW50YSB1bmEgcMOpcmRpZGEgc2lnbmlmaWNhdGl2YSBwYXJhIGVsIHBhbm9yYW1hIG11c2ljYWwgY3ViYW5vLmRyb3BDYXBpbm5lckJsb2Nrc2NsaWVudElkaXNWYWxpZG5hbWVhdHRyaWJ1dGVzY29udGVudFN1IGxlZ2FkbyBwZXJtYW5lY2UgYSB0cmF2w6lzIGRlIHN1IHRyYWJham8gYXJ0w61zdGljbyB5IGRlIGxhcyBwcm9kdWNjaW9uZXMgZW4gbGFzIHF1ZSBwYXJ0aWNpcMOzLCBzaWVuZG8gcmVjb3JkYWRvIGNvbW8gdW4gbcO6c2ljbyBjb21wcm9tZXRpZG8gY29uIHN1IGFydGUuZHJvcENhcGlubmVyQmxvY2tzY2xpZW50SWRpc1ZhbGlkbmFtZWF0dHJpYnV0ZXNjb250ZW50TGEgbcO6c2ljYSBjdWJhbmEgZGVzcGlkZSBhc8OtIGEgdW5vIGRlIHN1cyBleHBvbmVudGVzLCBjdXlhIGNvbnRyaWJ1Y2nDs24gc2VndWlyw6EgcHJlc2VudGUgZW4gbGEgbWVtb3JpYSBkZSBzdXMgc2VndWlkb3Jlcy5kcm9wQ2FwaW5uZXJCbG9ja3Nmb250U2l6ZXsiZm9udFNpemUiOiJtZWRpdW0ifSAgY2xhc3M9Imhhcy1tZWRpdW0tZm9udC1zaXplIlRyYXMgY29ub2NlcnNlIGxhIG5vdGljaWEsIHNlZ3VpZG9yZXMsIGNvbGVnYXMgeSBhbWFudGVzIGRlIGxhIG3DunNpY2EgaGFuIGV4cHJlc2FkbyBtZW5zYWplcyBkZSBjb25kb2xlbmNpYXMgeSByZWNvbm9jaW1pZW50byBhIHN1IHRyYXllY3RvcmlhLgoKPCEtLSB3cDpwYXJhZ3JhcGggLS0+CjxwPkVuIHJlZGVzIHNvY2lhbGVzLCBtdWNob3MgZGVzdGFjYXJvbiBzdSBhcG9ydGUgYWwgZGVzYXJyb2xsbyBkZSBsYSBtw7pzaWNhIGVuIEN1YmEgeSBzdSBpbXBhY3RvIGRlbnRybyBkZSBsYXMgb3JxdWVzdGFzIGRvbmRlIHRyYWJhasOzLjwvcD4KPCEtLSAvd3A6cGFyYWdyYXBoIC0tPgoKPCEtLSB3cDpwYXJnaCAtLT4KPHA+RWwgZmFsbGVjaW1pZW50byBkZSBDYXJtZWxvIEFuZHLDqSBMbGFuZXMgcmVwcmVzZW50YSB1bmEgcMOpcmRpZGEgc2lnbmlmaWNhdGl2YSBwYXJhIGVsIHBhbm9yYW1hIG11c2ljYWwgY3ViYW5vLjwvcD4KPCEtLSAvd3A6cGFyYWdyYXBoIC0tPgoKPCEtLSB3cDpwYXJhZ3JhcGggLS0+CjxwPlN1IGxlZ2FkbyBwZXJtYW5lY2UgYSB0cmF2w6lzIGRlIHN1IHRyYWJham8gYXJ0w61zdGljbyB5IGRlIGxhcyBwcm9kdWNjaW9uZXMgZW4gbGFzIHF1ZSBwYXJ0aWNpcMOzLCBzaWVuZG8gcmVjb3JkYWRvIGNvbW8gdW4gbcO6c2ljbyBjb21wcm9tZXRpZG8gY29uIHN1IGFydGUuPC9wPgo8IS0tIC93cDpwYXJhZ3JhcGggLS0+Cgo8IS0tIHdwOnBhcmFncmFwaCAtLT4KPHA+TGEgbcO6c2ljYSBjdWJhbmEgZGVzcGlkZSBhc8OtIGEgdW5vIGRlIHN1cyBleHBvbmVudGVzLCBjdXlhIGNvbnRyaWJ1Y2nDs24gc2VndWlyw6EgcHJlc2VudGUgZW4gbGEgbWVtb3JpYSBkZSBzdXMgc2VndWlkb3Jlcy48L3A+CjwhLS0gL3dwOnBhcmFncmFwaCAtLT5mb250U2l6ZWZvbnRTaXplZm9udFNpemVmb250U2l6ZWZvbnRTaXplZm9udFNpemVmb250U2l6ZWZvbnRTaXplZm9udFNpemVmb250U2l6ZWNsaWVudElkaXNWYWxpZG5hbWVhdHRyaWJ1dGVzY29udGVudGRyb3BDYXBpbm5lckJsb2Nrc2hlaWdodGNsaWVudElkaXNWYWxpZG5hbWVhdHRyaWJ1dGVzY29udGVudGRyb3BDYXBpbm5lckJsb2Nrc2hlaWdodHNjZSB7ImhlaWdodCI6IjJweCJ9IC0tPgo8ZGl2IHN0eWxlPSJoZWlnaHQ6MnB4IiByaWEtaGlkZGVuPSJ0cnVlIiBjbGFzcz0id3AtYmxvY2stc3BhY2VyIj48L2Rpdj4KPCEtLSAvd3A6c3BhY2VyIC0tPgoKPCEtLSB3cDpwYXJheyJmb250U2l6ZSI6Im1lZGl1bSJ9ICBjbGFzcz0iaGFzLW1lZGl1bS1mb250LXNpemUic2NlIC0tPgo8ZGl2IHN0eWxlPSJoZWlnaHQ6cHgiIHJpYS1oaWRkZW49InRydWUiIGNsYXNzPSJ3cC1ibG9jay1zcGFjZXIiPjwvZGl2Pgo8IS0tIC93cDpzcGFjZXIgLS0+Cgo8IS0tIHdwOnBhcmF7ImZvbnRTaXplIjoibWVkaXVtIn0gIGNsYXNzPSJoYXMtbWVkaXVtLWZvbnQtc2l6ZSJ7ImZvbnRTaXplIjoibWVkaXVtIn0gIGNsYXNzPSJoYXMtbWVkaXVtLWZvbnQtc2l6ZSJ7ImZvbnRTaXplIjoibWVkaXVtIn0gIGNsYXNzPSJoYXMtbWVkaXVtLWZvbnQtc2l6ZSJ7ImZvbnRTaXplIjoibWVkaXVtIn0gIGNsYXNzPSJoYXMtbWVkaXVtLWZvbnQtc2l6ZSJ7ImZvbnRTaXplIjoibWVkaXVtIn0gIGNsYXNzPSJoYXMtbWVkaXVtLWZvbnQtc2l6ZSJ7ImZvbnRTaXplIjoibWVkaXVtIn0gIGNsYXNzPSJoYXMtbWVkaXVtLWZvbnQtc2l6ZSJ7ImZvbnRTaXplIjoibWVkaXVtIn0gIGNsYXNzPSJoYXMtbWVkaXVtLWZvbnQtc2l6ZSJ7ImZvbnRTaXplIjoibWVkaXVtIn0gIGNsYXNzPSJoYXMtbWVkaXVtLWZvbnQtc2l6ZSJ7ImZvbnRTaXplIjoibWVkaXVtIn0gIGNsYXNzPSJoYXMtbWVkaXVtLWZvbnQtc2l6ZSJjbGllbnRJZGlzVmFsaWRuYW1lYXR0cmlidXRlc2NvbnRlbnRkcm9wQ2FwaW5uZXJCbG9ja3NoZWlnaHRjbGllbnRJZGlzVmFsaWRuYW1lYXR0cmlidXRlc2NvbnRlbnRkcm9wQ2FwaW5uZXJCbG9ja3NoZWlnaHRjbGllbnRJZGlzVmFsaWRuYW1lYXR0cmlidXRlc2NvbnRlbnRkcm9wQ2FwaW5uZXJCbG9ja3NoZWlnaHRjbGllbnRJZGlzVmFsaWRuYW1lYXR0cmlidXRlc2NvbnRlbnRkcm9wQ2FwaW5uZXJCbG9ja3NoZWlnaHRjbGllbnRJZGlzVmFsaWRuYW1lYXR0cmlidXRlc2NvbnRlbnRkcm9wQ2FwaW5uZXJCbG9ja3NoZWlnaHRjbGllbnRJZGlzVmFsaWRuYW1lYXR0cmlidXRlc2NvbnRlbnRkcm9wQ2FwaW5uZXJCbG9ja3N7ImhlaWdodCI6IjJweCJ9IDJzY2UgeyJoZWlnaHQiOiIycHgifSAtLT4KPGRpdiBzdHlsZT0iaGVpZ2h0OjJweCIgcmlhLWhpZGRlbj0idHJ1ZSIgY2xhc3M9IndwLWJsb2NrLXNwYWNlciI+PC9kaXY+CjwhLS0gL3dwOnNwYWNlciAtLT4KCjwhLS0gd3A6cGFyYXNjZSB7ImhlaWdodCI6IjJweCJ9IC0tPgo8ZGl2IHN0eWxlPSJoZWlnaHQ6MnB4IiByaWEtaGlkZGVuPSJ0cnVlIiBjbGFzcz0id3AtYmxvY2stc3BhY2VyIj48L2Rpdj4KPCEtLSAvd3A6c3BhY2VyIC0tPgoKPCEtLSB3cDpwYXJhc2NlIHsiaGVpZ2h0IjoiMnB4In0gLS0+CjxkaXYgc3R5bGU9ImhlaWdodDoycHgiIHJpYS1oaWRkZW49InRydWUiIGNsYXNzPSJ3cC1ibG9jay1zcGFjZXIiPjwvZGl2Pgo8IS0tIC93cDpzcGFjZXIgLS0+Cgo8IS0tIHdwOnBhcmFzY2UgeyJoZWlnaHQiOiIycHgifSAtLT4KPGRpdiBzdHlsZT0iaGVpZ2h0OjJweCIgcmlhLWhpZGRlbj0idHJ1ZSIgY2xhc3M9IndwLWJsb2NrLXNwYWNlciI+PC9kaXY+CjwhLS0gL3dwOnNwYWNlciAtLT4KCjwhLS0gd3A6cGFyYXNjZSB7ImhlaWdodCI6IjJweCJ9IC0tPgo8ZGl2IHN0eWxlPSJoZWlnaHQ6MnB4IiByaWEtaGlkZGVuPSJ0cnVlIiBjbGFzcz0id3AtYmxvY2stc3BhY2VyIj48L2Rpdj4KPCEtLSAvd3A6c3BhY2VyIC0tPgoKPCEtLSB3cDpwYXJhLS0+CjxwPjwvPgo8IS0tIC93cDpwYXIgLS0+Cgo8IS0tIHdwOnBhcmFncmFwaCBoZWlnaHRjbGllbnRJZGlzVmFsaWRuYW1lYXR0cmlidXRlc2NvbnRlbnRkcm9wQ2FwaW5uZXJCbG9ja3NoZWlnaHRjbGllbnRJZGlzVmFsaWRuYW1lYXR0cmlidXRlc2NvbnRlbnRkcm9wQ2FwaW5uZXJCbG9ja3NoZWlnaHRzY2UgeyJoZWl0IjoiMnB4In1kaXYgc3R5bGU9ImhlaWdodDoyeCIgYXJpYS1oaWRkZW49InRydWUiIGNsYXNzPSJ3cC1ibG9jay1zcGFjZXIiZGl2c2Nlc2NlIHsiaGVpZ2h0IjoiMnB4In0gLS0+CjxkaXYgc3R5bGU9ImhlaWdodDoycHgiIHJpYS1oaWRkZW49InRydWUiIGNsYXNzPSJ3cC1ibG9jay1zcGFjZXIiPjwvZGl2Pgo8IS0tIC93cDpzcGFjZXIgLS0+Cgo8IS0tIHdwOnBhcmFzY2UgeyJoZWlnaHQiOiIycHgifSAtLT4KPGRpdiBzdHlsZT0iaGVpZ2h0OjJweCIgcmlhLWhpZGRlbj0idHJ1ZSIgY2xhc3M9IndwLWJsb2NrLXNwYWNlciI+PC9kaXY+CjwhLS0gL3dwOnNwYWNlciAtLT4KCjwhLS0gd3A6cGFyYWRvY3VtZW50c2x1Z3N0YXRlc2F2ZWRBdHN0YXRlc2F2ZWRCeQUHCAQIBggFBAEDAQIBAgECQQAIBwgHCAYIDggOCAsIBkgBBggECRQYDxgVCAoIBAgGAQMBAkQAOQgHBApHAAsGCAcECkcAC5UDCAcECgeaAgcLCAcECgcfBQsIBwQKB5UCBwsIBwQKB58CBwsIBwQKBxcFCwgHBAoHugEHCwgHBAoHlwIHCwgHBApHAAuVAga7AwJBAEYAgANBAwIDBrsCAkEARgCFA0EDAgMGoAICQQBGAL0CAkEARgABG48CCAcECgeFAgcLCAcECgchBQsIBwQKB64BBwsIBwQKB5oCBwsIBwQKB7kBBwsIFh2PAgoCQQBGAKsCAkECBpQCAkEARgCAAwJBAEYAlQJICQcECkcACwYIBwQKRwALBgECLpIBFh0BAgEXBJIBFh0WHRYdFh0WHRYdFh0WHRYdCAcECkcACwYIBwQKRwALBggHBApHAAsGCAcECkcACwYIBwQKRwALBggHBApHAAsRQQACLpIBAQIukgEBAi6SAQECLpIBAQIukgEFAQMLAgEYBggHBApHAAsGCAcECkcACwYBAgYJEy0DAQIBAi6SAQECLpIBCAQFBwUHDgEDAAABCQAFAQIA1AEBaEIBAQBBAAIAQQACAEEAAgBBAAIAQQACAEEAAgBBAAIAQQACAEEAAgBBAAIAQQACAEEAAgBBAAIAQQACAEEAAgBBAAIAQQACAEEAAgBBAAIAQQACAEEAAgBBAAIAQQACAEEAAgBBAAIAIEE9GAkHMRADGAkTCBUQA0EVA0EXA0EsBkEIBEERAkEHAfUDAH0BfQR9AHcEb3BlbncEb3Blbnl3AHcIc3RhbmRhcmR3AHcAdwB+dQB1AHckMjhkNjAxNWEtMThkOC00NWY3LWI3MmUtMTNmMDQ5NTIzODk4eHcOY29yZS9wYXJhZ3JhcGh5dyRmYzBmZjdkYS05MmEwLTQwZTgtODgwOS00MzczOTg4M2Y5MGF3C2NvcmUvc3BhY2VydwUxMDBweHcDMnB4dyQ2ZWZmNzFkNi05NmE5LTQ0NzMtYjVkZi1kNGMwOWQzOGZlMGZ4dw5jb3JlL3BhcmFncmFwaHl3JDdlZWJhOTk0LWY4NmEtNGI4ZS1iMTE4LTA0MzViYmE1ZWYyMnckMDc3NWE1MzYtMTkwMC00OTE5LTlmZjMtNGNlZjkwNmY1NDM5eHcOY29yZS9wYXJhZ3JhcGh5dyRjNTlkYzFhYS01Y2QwLTQ3MzctOGE4Ni0wZGFlOTgyOWRmZGF4dwxjb3JlL2hlYWRpbmd9AnckNTNjZWE0MzAtN2ZjNi00YmRjLTg2MWUtNjg2NzMzNjY0NzFieHcOY29yZS9wYXJhZ3JhcGh5dyQwYmVhMmZjYi04ODA0LTQ2MWUtOGY2Ni1iZjU2MGMyN2ZhODh4dw5jb3JlL3BhcmFncmFwaHl3JDRhM2ZiNTI0LThiMjQtNDJhMS1iNGQxLWFlYmUyNGIyNTJlY3h3DGNvcmUvaGVhZGluZ30CdyQxMmQ0MzE4Yi01MGRlLTQ1MWEtYjk1Mi1jMTRlY2NhMGJhM2Z4dw5jb3JlL3BhcmFncmFwaHl3JDRiZTI3YjA4LTc5Y2EtNGFmZC04Y2MyLWZhNWExYTkzOTQ4Ynh3DmNvcmUvcGFyYWdyYXBoeXckYTdmZjNhOGItNmE3OS00YmVkLWJmZmUtMTc4MzBhMzFiYmU5eHcOY29yZS9wYXJhZ3JhcGh5dyQ1MWNjNTkyOC05N2I5LTQzNWEtODBiOC1mN2I5ZDE3ZDc0YzZ3JDYyOTY3NWQwLWRjMTEtNGZlZi1iZjZlLTUzMWE0ZTZhNTdiMnh3DmNvcmUvcGFyYWdyYXBoeXckY2FkMTg3NjQtMDQwMC00NzUxLWE3NTgtNTA3NThmZTZhYjk5eHcMY29yZS9oZWFkaW5nfQJ3JGY1NTg2ZmYzLTE0NzItNDlkNy04MTY1LWI5MzliYzVjZTAzNHh3DmNvcmUvcGFyYWdyYXBoeXckZDc0YTVmNWMtZmZhYi00YWMzLWE5OTgtYzM2NzYwZmFkZWJkeHcOY29yZS9wYXJhZ3JhcGh5dyQ1MDE5Mjc0MC01NzJiLTQ2NDctODFkZi1lZmJjZTliYTY2MzZ4dw5jb3JlL3BhcmFncmFwaHl3Bm1lZGl1bXcGbWVkaXVtdwZtZWRpdW13Bm1lZGl1bXcGbWVkaXVtdwZtZWRpdW13Bm1lZGl1bXcGbWVkaXVtdwZtZWRpdW13Bm1lZGl1bXcGbWVkaXVtdyQ3ZTY2NmM0My05YmU3LTRhMjctOGVkNS04NzJlODljYTYyZmF4dw5jb3JlL3BhcmFncmFwaHl3JDczM2MxY2M0LWMyYjctNDk3ZS04MzYzLTZmNDdlNjRjNGM4NncLY29yZS9zcGFjZXJ3BTEwMHB4dwMycHh3JDM0OGJhMmYxLTFkMGQtNGVmZi1iYWJkLWM4NWI0YjQ1NDQ4NXh3DmNvcmUvcGFyYWdyYXBoeXckY2QwMmI2NzctNzg1Zi00NDZhLWI3ZGUtM2RhNjJlNTdmOTRldwtjb3JlL3NwYWNlcncFMTAwcHh3AzJweHckZDE4NmZiZjEtOWQ2YS00NjM0LWIzMDktOWVlNzIxNjcwMDY5eHcOY29yZS9wYXJhZ3JhcGh5dyRhZTFlNDA3MS0xZGFlLTRlY2MtYTg0ZC01NDI3M2E5MjZhY2J3C2NvcmUvc3BhY2VydwUxMDBweHcDMnB4dyQ2Mzk1ZDY0Zi1jZjRjLTQzYTctOTdjOS1mNWJjNjBiY2M0MDV4dw5jb3JlL3BhcmFncmFwaHl3JDQwNmZmY2I5LWY1MmQtNGJmMS05ODg5LTk0MWRiMGRjNzQzOHcLY29yZS9zcGFjZXJ3BTEwMHB4dwMycHh3JGQwZWZiOWQxLTMyMGEtNDg4My1iZWI0LTY4NTcwODE2NDg1YXh3DmNvcmUvcGFyYWdyYXBoeXckY2U0ZWMwYjAtMjg3NS00MWM3LWE5NDctOTIyZGRiOGNjNWNkdwtjb3JlL3NwYWNlcncFMTAwcHh3AzJweHckYTNkYjA0N2ItYmM5Zi00MWU5LThhMmYtNzBmYzE5ZjAzNDY3eHcOY29yZS9wYXJhZ3JhcGh5dyQ3M2NhY2JjMy1hMmViLTQyOGYtYTdmYy1hYmUyZjc1N2M2YTd3C2NvcmUvc3BhY2VydwUxMDBweHcDMnB4dyRkNjU5MDFkZS05MjI5LTQ2MzctOTliMC1lN2QyMjYyMzBlNGF4dw5jb3JlL3BhcmFncmFwaHl3JGUxOGIyYWEzLTc1MzctNDUzOC04OTY1LWI4YmIyMWMwMjQ0MXcLY29yZS9zcGFjZXJ3BTEwMHB4dwMycHh3JDhlY2MxN2VlLTIwOTYtNDRkNS05YmExLWY1MTg3MDIwNzlkM3h3DmNvcmUvcGFyYWdyYXBoeXckMzgxMGMyMzctYjdlYy00NWU0LWJlNjMtYjk2YjAzNjE1Nzk1dwtjb3JlL3NwYWNlcncFMTAwcHh3AzJweHckY2Q4ZGE4NzktZDk4ZC00YThmLTk1NTUtZTA2YzE2ODIzYmU0eHcOY29yZS9wYXJhZ3JhcGh5dyRlNWM4OTg4OC01MDg4LTRhYjAtOGY1Yi0wMjViMTE2NjI0NGJ3C2NvcmUvc3BhY2VydwUxMDBweHcEMTBweHcDMXB4dwB3AzJweHckYzg4YjkwNDEtYjJjMC00MmJhLTg0ZWUtMGRkNTYyYTlmNDc1eHcOY29yZS9wYXJhZ3JhcGh5dyQ0ZmZjNzE5MC00MjhlLTQ3MDUtOTM3NS1mYTc0ZDExM2U3ZTB3C2NvcmUvc3BhY2VydwUxMDBweHcDMnB4dzpmYWxsZWNlLWNhcm1lbG8tYW5kcmUtbGxhbmVzLXRyb21wZXRpc3RhLWNoYXJhbmdhLWhhYmFuZXJhdwJbXXUBfQF9mEN1AHUBfYQBdQF9iAV1An2IBX2GBHUDfYkFfYYEfYgFdxMyMDI2LTA1LTAxVDE4OjI3OjE5e0J53lcGhUAAfZitz\/ICdwdwdWJsaXNoAdjWp7kBUAEBAQMBAgEBAwAHAAkAAgFKAAEAAQEDAAIA\/gImxAIeogIA7AQXAQgBBgIwAQ8CApkDFwEIARIBBwEUAQ8CAr8FKKQGAAECnAQAAQABAQMAAgABAAEBAwDRAQKjBAABAAEBAwACAAEAAQEDAAIAAQABAQMAAgABAAEBAwACAAEAAQEDAAIAAQABAasFAA4FGgACAAEAAQEDAwIAAQABAQMA4AIBAQIBAAEDAQE=\",\"updateId\":295705786}","footnotes":""},"categories":[68],"tags":[329,262,328],"class_list":["post-4309","post","type-post","status-publish","format-standard","has-post-thumbnail","hentry","category-farandula","tag-charanga-habanera","tag-fallece","tag-trompetista-cubano"],"yoast_head":"<!-- This site is optimized with the Yoast SEO plugin v27.4 - https:\/\/yoast.com\/product\/yoast-seo-wordpress\/ -->\n<title>Fallece Carmelo Andr\u00e9 Llanes, figura de la m\u00fasica popular cubana<\/title>\n<meta name=\"description\" content=\"El trompetista cubano Carmelo Andr\u00e9 Llanes, integrante de la Charanga Habanera, falleci\u00f3 dejando una huella en la m\u00fasica popular cubana.\" \/>\n<meta name=\"robots\" content=\"index, follow, max-snippet:-1, max-image-preview:large, max-video-preview:-1\" \/>\n<link rel=\"canonical\" href=\"https:\/\/brasender.com.br\/noticias\/fallece-carmelo-andre-llanes-trompetista-charanga-habanera\/\" \/>\n<meta property=\"og:locale\" content=\"pt_BR\" \/>\n<meta property=\"og:type\" content=\"article\" \/>\n<meta property=\"og:title\" content=\"Fallece Carmelo Andr\u00e9 Llanes, figura de la m\u00fasica popular cubana\" \/>\n<meta property=\"og:description\" content=\"El trompetista cubano Carmelo Andr\u00e9 Llanes, integrante de la Charanga Habanera, falleci\u00f3 dejando una huella en la m\u00fasica popular cubana.\" \/>\n<meta property=\"og:url\" content=\"https:\/\/brasender.com.br\/noticias\/fallece-carmelo-andre-llanes-trompetista-charanga-habanera\/\" \/>\n<meta property=\"og:site_name\" content=\"Brasender Noticias\" \/>\n<meta property=\"article:publisher\" content=\"https:\/\/www.facebook.com\/profile.php?id=61562137653202\" \/>\n<meta property=\"article:published_time\" content=\"2026-05-01T21:27:41+00:00\" \/>\n<meta property=\"article:modified_time\" content=\"2026-05-01T21:27:42+00:00\" \/>\n<meta property=\"og:image\" content=\"https:\/\/brasender.com.br\/noticias\/wp-content\/uploads\/2026\/05\/Fallece-Carmelo-Andre-Llanes-trompetista-de-la-Charanga-Habanera-y-otras-orquestas-en-Cuba3.webp\" \/>\n\t<meta property=\"og:image:width\" content=\"1600\" \/>\n\t<meta property=\"og:image:height\" content=\"900\" \/>\n\t<meta property=\"og:image:type\" content=\"image\/webp\" \/>\n<meta name=\"author\" content=\"Jessica Puig Hern\u00e1ndez\" \/>\n<meta name=\"twitter:card\" content=\"summary_large_image\" \/>\n<meta name=\"twitter:label1\" content=\"Escrito por\" \/>\n\t<meta name=\"twitter:data1\" content=\"Jessica Puig Hern\u00e1ndez\" \/>\n\t<meta name=\"twitter:label2\" content=\"Est. tempo de leitura\" \/>\n\t<meta name=\"twitter:data2\" content=\"2 minutos\" \/>\n<script type=\"application\/ld+json\" class=\"yoast-schema-graph\">{\"@context\":\"https:\\\/\\\/schema.org\",\"@graph\":[{\"@type\":\"Article\",\"@id\":\"https:\\\/\\\/brasender.com.br\\\/noticias\\\/fallece-carmelo-andre-llanes-trompetista-charanga-habanera\\\/#article\",\"isPartOf\":{\"@id\":\"https:\\\/\\\/brasender.com.br\\\/noticias\\\/fallece-carmelo-andre-llanes-trompetista-charanga-habanera\\\/\"},\"author\":{\"name\":\"Jessica Puig Hern\u00e1ndez\",\"@id\":\"https:\\\/\\\/brasender.com.br\\\/noticias\\\/#\\\/schema\\\/person\\\/dc36d7097eff7621e50aacab7e3931a8\"},\"headline\":\"Muere trompetista cubano Carmelo Andr\u00e9 Llanes, integrante de la Charanga Habanera\",\"datePublished\":\"2026-05-01T21:27:41+00:00\",\"dateModified\":\"2026-05-01T21:27:42+00:00\",\"mainEntityOfPage\":{\"@id\":\"https:\\\/\\\/brasender.com.br\\\/noticias\\\/fallece-carmelo-andre-llanes-trompetista-charanga-habanera\\\/\"},\"wordCount\":283,\"commentCount\":0,\"publisher\":{\"@id\":\"https:\\\/\\\/brasender.com.br\\\/noticias\\\/#organization\"},\"image\":{\"@id\":\"https:\\\/\\\/brasender.com.br\\\/noticias\\\/fallece-carmelo-andre-llanes-trompetista-charanga-habanera\\\/#primaryimage\"},\"thumbnailUrl\":\"https:\\\/\\\/brasender.com.br\\\/noticias\\\/wp-content\\\/uploads\\\/2026\\\/05\\\/Fallece-Carmelo-Andre-Llanes-trompetista-de-la-Charanga-Habanera-y-otras-orquestas-en-Cuba3.webp\",\"keywords\":[\"charanga habanera\",\"fallece\",\"trompetista cubano\"],\"articleSection\":[\"Far\u00e1ndula\"],\"inLanguage\":\"pt-BR\",\"potentialAction\":[{\"@type\":\"CommentAction\",\"name\":\"Comment\",\"target\":[\"https:\\\/\\\/brasender.com.br\\\/noticias\\\/fallece-carmelo-andre-llanes-trompetista-charanga-habanera\\\/#respond\"]}]},{\"@type\":\"WebPage\",\"@id\":\"https:\\\/\\\/brasender.com.br\\\/noticias\\\/fallece-carmelo-andre-llanes-trompetista-charanga-habanera\\\/\",\"url\":\"https:\\\/\\\/brasender.com.br\\\/noticias\\\/fallece-carmelo-andre-llanes-trompetista-charanga-habanera\\\/\",\"name\":\"Fallece Carmelo Andr\u00e9 Llanes, figura de la m\u00fasica popular cubana\",\"isPartOf\":{\"@id\":\"https:\\\/\\\/brasender.com.br\\\/noticias\\\/#website\"},\"primaryImageOfPage\":{\"@id\":\"https:\\\/\\\/brasender.com.br\\\/noticias\\\/fallece-carmelo-andre-llanes-trompetista-charanga-habanera\\\/#primaryimage\"},\"image\":{\"@id\":\"https:\\\/\\\/brasender.com.br\\\/noticias\\\/fallece-carmelo-andre-llanes-trompetista-charanga-habanera\\\/#primaryimage\"},\"thumbnailUrl\":\"https:\\\/\\\/brasender.com.br\\\/noticias\\\/wp-content\\\/uploads\\\/2026\\\/05\\\/Fallece-Carmelo-Andre-Llanes-trompetista-de-la-Charanga-Habanera-y-otras-orquestas-en-Cuba3.webp\",\"datePublished\":\"2026-05-01T21:27:41+00:00\",\"dateModified\":\"2026-05-01T21:27:42+00:00\",\"description\":\"El trompetista cubano Carmelo Andr\u00e9 Llanes, integrante de la Charanga Habanera, falleci\u00f3 dejando una huella en la m\u00fasica popular cubana.\",\"breadcrumb\":{\"@id\":\"https:\\\/\\\/brasender.com.br\\\/noticias\\\/fallece-carmelo-andre-llanes-trompetista-charanga-habanera\\\/#breadcrumb\"},\"inLanguage\":\"pt-BR\",\"potentialAction\":[{\"@type\":\"ReadAction\",\"target\":[\"https:\\\/\\\/brasender.com.br\\\/noticias\\\/fallece-carmelo-andre-llanes-trompetista-charanga-habanera\\\/\"]}]},{\"@type\":\"ImageObject\",\"inLanguage\":\"pt-BR\",\"@id\":\"https:\\\/\\\/brasender.com.br\\\/noticias\\\/fallece-carmelo-andre-llanes-trompetista-charanga-habanera\\\/#primaryimage\",\"url\":\"https:\\\/\\\/brasender.com.br\\\/noticias\\\/wp-content\\\/uploads\\\/2026\\\/05\\\/Fallece-Carmelo-Andre-Llanes-trompetista-de-la-Charanga-Habanera-y-otras-orquestas-en-Cuba3.webp\",\"contentUrl\":\"https:\\\/\\\/brasender.com.br\\\/noticias\\\/wp-content\\\/uploads\\\/2026\\\/05\\\/Fallece-Carmelo-Andre-Llanes-trompetista-de-la-Charanga-Habanera-y-otras-orquestas-en-Cuba3.webp\",\"width\":1600,\"height\":900},{\"@type\":\"BreadcrumbList\",\"@id\":\"https:\\\/\\\/brasender.com.br\\\/noticias\\\/fallece-carmelo-andre-llanes-trompetista-charanga-habanera\\\/#breadcrumb\",\"itemListElement\":[{\"@type\":\"ListItem\",\"position\":1,\"name\":\"In\u00edcio\",\"item\":\"https:\\\/\\\/brasender.com.br\\\/noticias\\\/\"},{\"@type\":\"ListItem\",\"position\":2,\"name\":\"Muere trompetista cubano Carmelo Andr\u00e9 Llanes, integrante de la Charanga Habanera\"}]},{\"@type\":\"WebSite\",\"@id\":\"https:\\\/\\\/brasender.com.br\\\/noticias\\\/#website\",\"url\":\"https:\\\/\\\/brasender.com.br\\\/noticias\\\/\",\"name\":\"Brasender Noticias\",\"description\":\"Portal de Noticias Brasender\",\"publisher\":{\"@id\":\"https:\\\/\\\/brasender.com.br\\\/noticias\\\/#organization\"},\"potentialAction\":[{\"@type\":\"SearchAction\",\"target\":{\"@type\":\"EntryPoint\",\"urlTemplate\":\"https:\\\/\\\/brasender.com.br\\\/noticias\\\/?s={search_term_string}\"},\"query-input\":{\"@type\":\"PropertyValueSpecification\",\"valueRequired\":true,\"valueName\":\"search_term_string\"}}],\"inLanguage\":\"pt-BR\"},{\"@type\":\"Organization\",\"@id\":\"https:\\\/\\\/brasender.com.br\\\/noticias\\\/#organization\",\"name\":\"Brasender Noticias\",\"url\":\"https:\\\/\\\/brasender.com.br\\\/noticias\\\/\",\"logo\":{\"@type\":\"ImageObject\",\"inLanguage\":\"pt-BR\",\"@id\":\"https:\\\/\\\/brasender.com.br\\\/noticias\\\/#\\\/schema\\\/logo\\\/image\\\/\",\"url\":\"https:\\\/\\\/brasender.com.br\\\/noticias\\\/wp-content\\\/uploads\\\/2022\\\/03\\\/Brasender-Noticias.png\",\"contentUrl\":\"https:\\\/\\\/brasender.com.br\\\/noticias\\\/wp-content\\\/uploads\\\/2022\\\/03\\\/Brasender-Noticias.png\",\"width\":2048,\"height\":500,\"caption\":\"Brasender Noticias\"},\"image\":{\"@id\":\"https:\\\/\\\/brasender.com.br\\\/noticias\\\/#\\\/schema\\\/logo\\\/image\\\/\"},\"sameAs\":[\"https:\\\/\\\/www.facebook.com\\\/profile.php?id=61562137653202\",\"https:\\\/\\\/www.instagram.com\\\/brasender\\\/\"]},{\"@type\":\"Person\",\"@id\":\"https:\\\/\\\/brasender.com.br\\\/noticias\\\/#\\\/schema\\\/person\\\/dc36d7097eff7621e50aacab7e3931a8\",\"name\":\"Jessica Puig Hern\u00e1ndez\",\"image\":{\"@type\":\"ImageObject\",\"inLanguage\":\"pt-BR\",\"@id\":\"https:\\\/\\\/secure.gravatar.com\\\/avatar\\\/8e405255b6ec071038c9c5bbf6c9b2a95a011c4b1f8fe00bf515f9f1426314e8?s=96&d=mm&r=g\",\"url\":\"https:\\\/\\\/secure.gravatar.com\\\/avatar\\\/8e405255b6ec071038c9c5bbf6c9b2a95a011c4b1f8fe00bf515f9f1426314e8?s=96&d=mm&r=g\",\"contentUrl\":\"https:\\\/\\\/secure.gravatar.com\\\/avatar\\\/8e405255b6ec071038c9c5bbf6c9b2a95a011c4b1f8fe00bf515f9f1426314e8?s=96&d=mm&r=g\",\"caption\":\"Jessica Puig Hern\u00e1ndez\"},\"url\":\"https:\\\/\\\/brasender.com.br\\\/noticias\\\/author\\\/jessica-puig\\\/\"}]}<\/script>\n<!-- \/ Yoast SEO plugin. -->","yoast_head_json":{"title":"Fallece Carmelo Andr\u00e9 Llanes, figura de la m\u00fasica popular cubana","description":"El trompetista cubano Carmelo Andr\u00e9 Llanes, integrante de la Charanga Habanera, falleci\u00f3 dejando una huella en la m\u00fasica popular cubana.","robots":{"index":"index","follow":"follow","max-snippet":"max-snippet:-1","max-image-preview":"max-image-preview:large","max-video-preview":"max-video-preview:-1"},"canonical":"https:\/\/brasender.com.br\/noticias\/fallece-carmelo-andre-llanes-trompetista-charanga-habanera\/","og_locale":"pt_BR","og_type":"article","og_title":"Fallece Carmelo Andr\u00e9 Llanes, figura de la m\u00fasica popular cubana","og_description":"El trompetista cubano Carmelo Andr\u00e9 Llanes, integrante de la Charanga Habanera, falleci\u00f3 dejando una huella en la m\u00fasica popular cubana.","og_url":"https:\/\/brasender.com.br\/noticias\/fallece-carmelo-andre-llanes-trompetista-charanga-habanera\/","og_site_name":"Brasender Noticias","article_publisher":"https:\/\/www.facebook.com\/profile.php?id=61562137653202","article_published_time":"2026-05-01T21:27:41+00:00","article_modified_time":"2026-05-01T21:27:42+00:00","og_image":[{"width":1600,"height":900,"url":"https:\/\/brasender.com.br\/noticias\/wp-content\/uploads\/2026\/05\/Fallece-Carmelo-Andre-Llanes-trompetista-de-la-Charanga-Habanera-y-otras-orquestas-en-Cuba3.webp","type":"image\/webp"}],"author":"Jessica Puig Hern\u00e1ndez","twitter_card":"summary_large_image","twitter_misc":{"Escrito por":"Jessica Puig Hern\u00e1ndez","Est. tempo de leitura":"2 minutos"},"schema":{"@context":"https:\/\/schema.org","@graph":[{"@type":"Article","@id":"https:\/\/brasender.com.br\/noticias\/fallece-carmelo-andre-llanes-trompetista-charanga-habanera\/#article","isPartOf":{"@id":"https:\/\/brasender.com.br\/noticias\/fallece-carmelo-andre-llanes-trompetista-charanga-habanera\/"},"author":{"name":"Jessica Puig Hern\u00e1ndez","@id":"https:\/\/brasender.com.br\/noticias\/#\/schema\/person\/dc36d7097eff7621e50aacab7e3931a8"},"headline":"Muere trompetista cubano Carmelo Andr\u00e9 Llanes, integrante de la Charanga Habanera","datePublished":"2026-05-01T21:27:41+00:00","dateModified":"2026-05-01T21:27:42+00:00","mainEntityOfPage":{"@id":"https:\/\/brasender.com.br\/noticias\/fallece-carmelo-andre-llanes-trompetista-charanga-habanera\/"},"wordCount":283,"commentCount":0,"publisher":{"@id":"https:\/\/brasender.com.br\/noticias\/#organization"},"image":{"@id":"https:\/\/brasender.com.br\/noticias\/fallece-carmelo-andre-llanes-trompetista-charanga-habanera\/#primaryimage"},"thumbnailUrl":"https:\/\/brasender.com.br\/noticias\/wp-content\/uploads\/2026\/05\/Fallece-Carmelo-Andre-Llanes-trompetista-de-la-Charanga-Habanera-y-otras-orquestas-en-Cuba3.webp","keywords":["charanga habanera","fallece","trompetista cubano"],"articleSection":["Far\u00e1ndula"],"inLanguage":"pt-BR","potentialAction":[{"@type":"CommentAction","name":"Comment","target":["https:\/\/brasender.com.br\/noticias\/fallece-carmelo-andre-llanes-trompetista-charanga-habanera\/#respond"]}]},{"@type":"WebPage","@id":"https:\/\/brasender.com.br\/noticias\/fallece-carmelo-andre-llanes-trompetista-charanga-habanera\/","url":"https:\/\/brasender.com.br\/noticias\/fallece-carmelo-andre-llanes-trompetista-charanga-habanera\/","name":"Fallece Carmelo Andr\u00e9 Llanes, figura de la m\u00fasica popular cubana","isPartOf":{"@id":"https:\/\/brasender.com.br\/noticias\/#website"},"primaryImageOfPage":{"@id":"https:\/\/brasender.com.br\/noticias\/fallece-carmelo-andre-llanes-trompetista-charanga-habanera\/#primaryimage"},"image":{"@id":"https:\/\/brasender.com.br\/noticias\/fallece-carmelo-andre-llanes-trompetista-charanga-habanera\/#primaryimage"},"thumbnailUrl":"https:\/\/brasender.com.br\/noticias\/wp-content\/uploads\/2026\/05\/Fallece-Carmelo-Andre-Llanes-trompetista-de-la-Charanga-Habanera-y-otras-orquestas-en-Cuba3.webp","datePublished":"2026-05-01T21:27:41+00:00","dateModified":"2026-05-01T21:27:42+00:00","description":"El trompetista cubano Carmelo Andr\u00e9 Llanes, integrante de la Charanga Habanera, falleci\u00f3 dejando una huella en la m\u00fasica popular cubana.","breadcrumb":{"@id":"https:\/\/brasender.com.br\/noticias\/fallece-carmelo-andre-llanes-trompetista-charanga-habanera\/#breadcrumb"},"inLanguage":"pt-BR","potentialAction":[{"@type":"ReadAction","target":["https:\/\/brasender.com.br\/noticias\/fallece-carmelo-andre-llanes-trompetista-charanga-habanera\/"]}]},{"@type":"ImageObject","inLanguage":"pt-BR","@id":"https:\/\/brasender.com.br\/noticias\/fallece-carmelo-andre-llanes-trompetista-charanga-habanera\/#primaryimage","url":"https:\/\/brasender.com.br\/noticias\/wp-content\/uploads\/2026\/05\/Fallece-Carmelo-Andre-Llanes-trompetista-de-la-Charanga-Habanera-y-otras-orquestas-en-Cuba3.webp","contentUrl":"https:\/\/brasender.com.br\/noticias\/wp-content\/uploads\/2026\/05\/Fallece-Carmelo-Andre-Llanes-trompetista-de-la-Charanga-Habanera-y-otras-orquestas-en-Cuba3.webp","width":1600,"height":900},{"@type":"BreadcrumbList","@id":"https:\/\/brasender.com.br\/noticias\/fallece-carmelo-andre-llanes-trompetista-charanga-habanera\/#breadcrumb","itemListElement":[{"@type":"ListItem","position":1,"name":"In\u00edcio","item":"https:\/\/brasender.com.br\/noticias\/"},{"@type":"ListItem","position":2,"name":"Muere trompetista cubano Carmelo Andr\u00e9 Llanes, integrante de la Charanga Habanera"}]},{"@type":"WebSite","@id":"https:\/\/brasender.com.br\/noticias\/#website","url":"https:\/\/brasender.com.br\/noticias\/","name":"Brasender Noticias","description":"Portal de Noticias Brasender","publisher":{"@id":"https:\/\/brasender.com.br\/noticias\/#organization"},"potentialAction":[{"@type":"SearchAction","target":{"@type":"EntryPoint","urlTemplate":"https:\/\/brasender.com.br\/noticias\/?s={search_term_string}"},"query-input":{"@type":"PropertyValueSpecification","valueRequired":true,"valueName":"search_term_string"}}],"inLanguage":"pt-BR"},{"@type":"Organization","@id":"https:\/\/brasender.com.br\/noticias\/#organization","name":"Brasender Noticias","url":"https:\/\/brasender.com.br\/noticias\/","logo":{"@type":"ImageObject","inLanguage":"pt-BR","@id":"https:\/\/brasender.com.br\/noticias\/#\/schema\/logo\/image\/","url":"https:\/\/brasender.com.br\/noticias\/wp-content\/uploads\/2022\/03\/Brasender-Noticias.png","contentUrl":"https:\/\/brasender.com.br\/noticias\/wp-content\/uploads\/2022\/03\/Brasender-Noticias.png","width":2048,"height":500,"caption":"Brasender Noticias"},"image":{"@id":"https:\/\/brasender.com.br\/noticias\/#\/schema\/logo\/image\/"},"sameAs":["https:\/\/www.facebook.com\/profile.php?id=61562137653202","https:\/\/www.instagram.com\/brasender\/"]},{"@type":"Person","@id":"https:\/\/brasender.com.br\/noticias\/#\/schema\/person\/dc36d7097eff7621e50aacab7e3931a8","name":"Jessica Puig Hern\u00e1ndez","image":{"@type":"ImageObject","inLanguage":"pt-BR","@id":"https:\/\/secure.gravatar.com\/avatar\/8e405255b6ec071038c9c5bbf6c9b2a95a011c4b1f8fe00bf515f9f1426314e8?s=96&d=mm&r=g","url":"https:\/\/secure.gravatar.com\/avatar\/8e405255b6ec071038c9c5bbf6c9b2a95a011c4b1f8fe00bf515f9f1426314e8?s=96&d=mm&r=g","contentUrl":"https:\/\/secure.gravatar.com\/avatar\/8e405255b6ec071038c9c5bbf6c9b2a95a011c4b1f8fe00bf515f9f1426314e8?s=96&d=mm&r=g","caption":"Jessica Puig Hern\u00e1ndez"},"url":"https:\/\/brasender.com.br\/noticias\/author\/jessica-puig\/"}]}},"_links":{"self":[{"href":"https:\/\/brasender.com.br\/noticias\/wp-json\/wp\/v2\/posts\/4309","targetHints":{"allow":["GET"]}}],"collection":[{"href":"https:\/\/brasender.com.br\/noticias\/wp-json\/wp\/v2\/posts"}],"about":[{"href":"https:\/\/brasender.com.br\/noticias\/wp-json\/wp\/v2\/types\/post"}],"author":[{"embeddable":true,"href":"https:\/\/brasender.com.br\/noticias\/wp-json\/wp\/v2\/users\/4"}],"replies":[{"embeddable":true,"href":"https:\/\/brasender.com.br\/noticias\/wp-json\/wp\/v2\/comments?post=4309"}],"version-history":[{"count":1,"href":"https:\/\/brasender.com.br\/noticias\/wp-json\/wp\/v2\/posts\/4309\/revisions"}],"predecessor-version":[{"id":4311,"href":"https:\/\/brasender.com.br\/noticias\/wp-json\/wp\/v2\/posts\/4309\/revisions\/4311"}],"wp:featuredmedia":[{"embeddable":true,"href":"https:\/\/brasender.com.br\/noticias\/wp-json\/wp\/v2\/media\/4312"}],"wp:attachment":[{"href":"https:\/\/brasender.com.br\/noticias\/wp-json\/wp\/v2\/media?parent=4309"}],"wp:term":[{"taxonomy":"category","embeddable":true,"href":"https:\/\/brasender.com.br\/noticias\/wp-json\/wp\/v2\/categories?post=4309"},{"taxonomy":"post_tag","embeddable":true,"href":"https:\/\/brasender.com.br\/noticias\/wp-json\/wp\/v2\/tags?post=4309"}],"curies":[{"name":"wp","href":"https:\/\/api.w.org\/{rel}","templated":true}]}}