{"id":4241,"date":"2026-04-20T16:27:06","date_gmt":"2026-04-20T19:27:06","guid":{"rendered":"https:\/\/brasender.com.br\/noticias\/?p=4241"},"modified":"2026-04-20T16:27:07","modified_gmt":"2026-04-20T19:27:07","slug":"boxeo-cubano-profesionalismo-figuras-viajan-extranjero","status":"publish","type":"post","link":"https:\/\/brasender.com.br\/noticias\/boxeo-cubano-profesionalismo-figuras-viajan-extranjero\/","title":{"rendered":"Atletas del boxeo cubano viajan fuera del pa\u00eds en medio de cambios deportivos"},"content":{"rendered":"\n<div style=\"height:2px\" aria-hidden=\"true\" class=\"wp-block-spacer\"><\/div>\n\n\n\n<p class=\"has-medium-font-size wp-block-paragraph\">El Boxeo cubano contin\u00faa dando pasos hacia el profesionalismo, mientras varias figuras destacadas viajan al extranjero para desarrollar sus carreras y buscar nuevas oportunidades deportivas.<\/p>\n\n\n\n<div style=\"height:2px\" aria-hidden=\"true\" class=\"wp-block-spacer\"><\/div>\n\n\n\n<p class=\"has-medium-font-size wp-block-paragraph\">Durante a\u00f1os, el boxeo en Cuba se caracteriz\u00f3 por su enfoque amateur, logrando importantes resultados en competencias internacionales. Sin embargo, en los \u00faltimos tiempos, el panorama ha comenzado a cambiar con la apertura gradual al boxeo profesional.<\/p>\n\n\n\n<div style=\"height:2px\" aria-hidden=\"true\" class=\"wp-block-spacer\"><\/div>\n\n\n\n<p class=\"has-medium-font-size wp-block-paragraph\">Varios boxeadores cubanos han salido del pa\u00eds con el objetivo de competir en ligas profesionales y firmar contratos internacionales. Este movimiento refleja una transformaci\u00f3n en el deporte cubano, donde cada vez m\u00e1s atletas buscan nuevas oportunidades fuera de la isla.<\/p>\n\n\n\n<div style=\"height:2px\" aria-hidden=\"true\" class=\"wp-block-spacer\"><\/div>\n\n\n\n<p class=\"has-medium-font-size wp-block-paragraph\">El inter\u00e9s por el profesionalismo ha crecido entre los deportistas, quienes ven en el exterior la posibilidad de mejorar sus ingresos y acceder a mayores oportunidades competitivas.<\/p>\n\n\n\n<div style=\"height:2px\" aria-hidden=\"true\" class=\"wp-block-spacer\"><\/div>\n\n\n\n<p class=\"has-medium-font-size wp-block-paragraph\">El avance hacia el profesionalismo representa un cambio significativo en el modelo deportivo cubano, hist\u00f3ricamente centrado en el deporte amateur y la representaci\u00f3n nacional en eventos internacionales.<\/p>\n\n\n\n<div style=\"height:2px\" aria-hidden=\"true\" class=\"wp-block-spacer\"><\/div>\n\n\n\n<p class=\"has-medium-font-size wp-block-paragraph\">Este nuevo escenario ha permitido que algunos boxeadores participen en combates profesionales mientras mantienen v\u00ednculos con el sistema deportivo cubano.<\/p>\n\n\n\n<div style=\"height:2px\" aria-hidden=\"true\" class=\"wp-block-spacer\"><\/div>\n\n\n\n<p class=\"has-medium-font-size wp-block-paragraph\">Analistas consideran que este proceso podr\u00eda continuar en los pr\u00f3ximos a\u00f1os, con mayor presencia de pugilistas cubanos en escenarios internacionales.<\/p>\n\n\n\n<div style=\"height:2px\" aria-hidden=\"true\" class=\"wp-block-spacer\"><\/div>\n\n\n\n<p class=\"has-medium-font-size wp-block-paragraph\">El movimiento hacia el profesionalismo abre nuevas oportunidades para los boxeadores cubanos, entre ellas:<\/p>\n\n\n\n<ul class=\"wp-block-list\">\n<li class=\"has-medium-font-size\">Acceso a contratos internacionales<\/li>\n\n\n\n<li class=\"has-medium-font-size\">Mejores ingresos econ\u00f3micos<\/li>\n\n\n\n<li class=\"has-medium-font-size\">Mayor visibilidad internacional<\/li>\n\n\n\n<li class=\"has-medium-font-size\">Competencias profesionales<\/li>\n<\/ul>\n\n\n\n<p class=\"has-medium-font-size wp-block-paragraph\">No obstante, tambi\u00e9n plantea desaf\u00edos relacionados con la organizaci\u00f3n deportiva y la participaci\u00f3n en eventos internacionales.<\/p>\n\n\n\n<div style=\"height:2px\" aria-hidden=\"true\" class=\"wp-block-spacer\"><\/div>\n\n\n\n<p class=\"has-medium-font-size wp-block-paragraph\">El avance del boxeo cubano hacia el profesionalismo refleja una transformaci\u00f3n m\u00e1s amplia dentro del deporte en Cuba, donde cada vez m\u00e1s atletas buscan desarrollarse en escenarios internacionales.<\/p>\n\n\n\n<div style=\"height:2px\" aria-hidden=\"true\" class=\"wp-block-spacer\"><\/div>\n\n\n\n<p class=\"has-medium-font-size wp-block-paragraph\">Este proceso podr\u00eda marcar una nueva etapa para el boxeo cubano, reconocido hist\u00f3ricamente por su talento y resultados en competiciones internacionales.<\/p>\n","protected":false},"excerpt":{"rendered":"<p>El Boxeo cubano contin\u00faa dando pasos hacia el profesionalismo, mientras varias figuras destacadas viajan al extranjero para desarrollar sus carreras y buscar nuevas oportunidades deportivas. Durante a\u00f1os, el boxeo en Cuba se caracteriz\u00f3 por su enfoque amateur, logrando importantes resultados en competencias internacionales. Sin embargo, en los \u00faltimos tiempos, el panorama ha comenzado a cambiar [&hellip;]<\/p>\n","protected":false},"author":4,"featured_media":4243,"comment_status":"open","ping_status":"open","sticky":false,"template":"","format":"standard","meta":{"_crdt_document":"","footnotes":""},"categories":[69],"tags":[306,49,209],"class_list":["post-4241","post","type-post","status-publish","format-standard","has-post-thumbnail","hentry","category-noticias","tag-boxeo-cubano","tag-cuba","tag-extranjero"],"yoast_head":"<!-- This site is optimized with the Yoast SEO plugin v27.4 - https:\/\/yoast.com\/product\/yoast-seo-wordpress\/ -->\n<title>Boxeo cubano vive cambios mientras atletas viajan al exterior<\/title>\n<meta name=\"description\" content=\"El boxeo cubano avanza hacia el profesionalismo mientras varios atletas buscan oportunidades en el extranjero.\" \/>\n<meta name=\"robots\" content=\"index, follow, max-snippet:-1, max-image-preview:large, max-video-preview:-1\" \/>\n<link rel=\"canonical\" href=\"https:\/\/brasender.com.br\/noticias\/boxeo-cubano-profesionalismo-figuras-viajan-extranjero\/\" \/>\n<meta property=\"og:locale\" content=\"pt_BR\" \/>\n<meta property=\"og:type\" content=\"article\" \/>\n<meta property=\"og:title\" content=\"Boxeo cubano vive cambios mientras atletas viajan al exterior\" \/>\n<meta property=\"og:description\" content=\"El boxeo cubano avanza hacia el profesionalismo mientras varios atletas buscan oportunidades en el extranjero.\" \/>\n<meta property=\"og:url\" content=\"https:\/\/brasender.com.br\/noticias\/boxeo-cubano-profesionalismo-figuras-viajan-extranjero\/\" \/>\n<meta property=\"og:site_name\" content=\"Brasender Noticias\" \/>\n<meta property=\"article:publisher\" content=\"https:\/\/www.facebook.com\/profile.php?id=61562137653202\" \/>\n<meta property=\"article:published_time\" content=\"2026-04-20T19:27:06+00:00\" \/>\n<meta property=\"article:modified_time\" content=\"2026-04-20T19:27:07+00:00\" \/>\n<meta property=\"og:image\" content=\"https:\/\/brasender.com.br\/noticias\/wp-content\/uploads\/2026\/04\/1776710224-boxeo-cubano-mueve-profesionalismo-figuras-viajan-chile-arlen-lopez-tiene-rival.jpg\" \/>\n\t<meta property=\"og:image:width\" content=\"1200\" \/>\n\t<meta property=\"og:image:height\" content=\"630\" \/>\n\t<meta property=\"og:image:type\" content=\"image\/jpeg\" \/>\n<meta name=\"author\" content=\"Jessica Puig Hern\u00e1ndez\" \/>\n<meta name=\"twitter:card\" content=\"summary_large_image\" \/>\n<meta name=\"twitter:label1\" content=\"Escrito por\" \/>\n\t<meta name=\"twitter:data1\" content=\"Jessica Puig Hern\u00e1ndez\" \/>\n\t<meta name=\"twitter:label2\" content=\"Est. tempo de leitura\" \/>\n\t<meta name=\"twitter:data2\" content=\"2 minutos\" \/>\n<script type=\"application\/ld+json\" class=\"yoast-schema-graph\">{\"@context\":\"https:\\\/\\\/schema.org\",\"@graph\":[{\"@type\":\"Article\",\"@id\":\"https:\\\/\\\/brasender.com.br\\\/noticias\\\/boxeo-cubano-profesionalismo-figuras-viajan-extranjero\\\/#article\",\"isPartOf\":{\"@id\":\"https:\\\/\\\/brasender.com.br\\\/noticias\\\/boxeo-cubano-profesionalismo-figuras-viajan-extranjero\\\/\"},\"author\":{\"name\":\"Jessica Puig Hern\u00e1ndez\",\"@id\":\"https:\\\/\\\/brasender.com.br\\\/noticias\\\/#\\\/schema\\\/person\\\/dc36d7097eff7621e50aacab7e3931a8\"},\"headline\":\"Atletas del boxeo cubano viajan fuera del pa\u00eds en medio de cambios deportivos\",\"datePublished\":\"2026-04-20T19:27:06+00:00\",\"dateModified\":\"2026-04-20T19:27:07+00:00\",\"mainEntityOfPage\":{\"@id\":\"https:\\\/\\\/brasender.com.br\\\/noticias\\\/boxeo-cubano-profesionalismo-figuras-viajan-extranjero\\\/\"},\"wordCount\":323,\"commentCount\":0,\"publisher\":{\"@id\":\"https:\\\/\\\/brasender.com.br\\\/noticias\\\/#organization\"},\"image\":{\"@id\":\"https:\\\/\\\/brasender.com.br\\\/noticias\\\/boxeo-cubano-profesionalismo-figuras-viajan-extranjero\\\/#primaryimage\"},\"thumbnailUrl\":\"https:\\\/\\\/brasender.com.br\\\/noticias\\\/wp-content\\\/uploads\\\/2026\\\/04\\\/1776710224-boxeo-cubano-mueve-profesionalismo-figuras-viajan-chile-arlen-lopez-tiene-rival.jpg\",\"keywords\":[\"boxeo cubano\",\"Cuba\",\"extranjero\"],\"articleSection\":[\"Noticias\"],\"inLanguage\":\"pt-BR\",\"potentialAction\":[{\"@type\":\"CommentAction\",\"name\":\"Comment\",\"target\":[\"https:\\\/\\\/brasender.com.br\\\/noticias\\\/boxeo-cubano-profesionalismo-figuras-viajan-extranjero\\\/#respond\"]}]},{\"@type\":\"WebPage\",\"@id\":\"https:\\\/\\\/brasender.com.br\\\/noticias\\\/boxeo-cubano-profesionalismo-figuras-viajan-extranjero\\\/\",\"url\":\"https:\\\/\\\/brasender.com.br\\\/noticias\\\/boxeo-cubano-profesionalismo-figuras-viajan-extranjero\\\/\",\"name\":\"Boxeo cubano vive cambios mientras atletas viajan al exterior\",\"isPartOf\":{\"@id\":\"https:\\\/\\\/brasender.com.br\\\/noticias\\\/#website\"},\"primaryImageOfPage\":{\"@id\":\"https:\\\/\\\/brasender.com.br\\\/noticias\\\/boxeo-cubano-profesionalismo-figuras-viajan-extranjero\\\/#primaryimage\"},\"image\":{\"@id\":\"https:\\\/\\\/brasender.com.br\\\/noticias\\\/boxeo-cubano-profesionalismo-figuras-viajan-extranjero\\\/#primaryimage\"},\"thumbnailUrl\":\"https:\\\/\\\/brasender.com.br\\\/noticias\\\/wp-content\\\/uploads\\\/2026\\\/04\\\/1776710224-boxeo-cubano-mueve-profesionalismo-figuras-viajan-chile-arlen-lopez-tiene-rival.jpg\",\"datePublished\":\"2026-04-20T19:27:06+00:00\",\"dateModified\":\"2026-04-20T19:27:07+00:00\",\"description\":\"El boxeo cubano avanza hacia el profesionalismo mientras varios atletas buscan oportunidades en el extranjero.\",\"breadcrumb\":{\"@id\":\"https:\\\/\\\/brasender.com.br\\\/noticias\\\/boxeo-cubano-profesionalismo-figuras-viajan-extranjero\\\/#breadcrumb\"},\"inLanguage\":\"pt-BR\",\"potentialAction\":[{\"@type\":\"ReadAction\",\"target\":[\"https:\\\/\\\/brasender.com.br\\\/noticias\\\/boxeo-cubano-profesionalismo-figuras-viajan-extranjero\\\/\"]}]},{\"@type\":\"ImageObject\",\"inLanguage\":\"pt-BR\",\"@id\":\"https:\\\/\\\/brasender.com.br\\\/noticias\\\/boxeo-cubano-profesionalismo-figuras-viajan-extranjero\\\/#primaryimage\",\"url\":\"https:\\\/\\\/brasender.com.br\\\/noticias\\\/wp-content\\\/uploads\\\/2026\\\/04\\\/1776710224-boxeo-cubano-mueve-profesionalismo-figuras-viajan-chile-arlen-lopez-tiene-rival.jpg\",\"contentUrl\":\"https:\\\/\\\/brasender.com.br\\\/noticias\\\/wp-content\\\/uploads\\\/2026\\\/04\\\/1776710224-boxeo-cubano-mueve-profesionalismo-figuras-viajan-chile-arlen-lopez-tiene-rival.jpg\",\"width\":1200,\"height\":630},{\"@type\":\"BreadcrumbList\",\"@id\":\"https:\\\/\\\/brasender.com.br\\\/noticias\\\/boxeo-cubano-profesionalismo-figuras-viajan-extranjero\\\/#breadcrumb\",\"itemListElement\":[{\"@type\":\"ListItem\",\"position\":1,\"name\":\"In\u00edcio\",\"item\":\"https:\\\/\\\/brasender.com.br\\\/noticias\\\/\"},{\"@type\":\"ListItem\",\"position\":2,\"name\":\"Atletas del boxeo cubano viajan fuera del pa\u00eds en medio de cambios deportivos\"}]},{\"@type\":\"WebSite\",\"@id\":\"https:\\\/\\\/brasender.com.br\\\/noticias\\\/#website\",\"url\":\"https:\\\/\\\/brasender.com.br\\\/noticias\\\/\",\"name\":\"Brasender Noticias\",\"description\":\"Portal de Noticias Brasender\",\"publisher\":{\"@id\":\"https:\\\/\\\/brasender.com.br\\\/noticias\\\/#organization\"},\"potentialAction\":[{\"@type\":\"SearchAction\",\"target\":{\"@type\":\"EntryPoint\",\"urlTemplate\":\"https:\\\/\\\/brasender.com.br\\\/noticias\\\/?s={search_term_string}\"},\"query-input\":{\"@type\":\"PropertyValueSpecification\",\"valueRequired\":true,\"valueName\":\"search_term_string\"}}],\"inLanguage\":\"pt-BR\"},{\"@type\":\"Organization\",\"@id\":\"https:\\\/\\\/brasender.com.br\\\/noticias\\\/#organization\",\"name\":\"Brasender Noticias\",\"url\":\"https:\\\/\\\/brasender.com.br\\\/noticias\\\/\",\"logo\":{\"@type\":\"ImageObject\",\"inLanguage\":\"pt-BR\",\"@id\":\"https:\\\/\\\/brasender.com.br\\\/noticias\\\/#\\\/schema\\\/logo\\\/image\\\/\",\"url\":\"https:\\\/\\\/brasender.com.br\\\/noticias\\\/wp-content\\\/uploads\\\/2022\\\/03\\\/Brasender-Noticias.png\",\"contentUrl\":\"https:\\\/\\\/brasender.com.br\\\/noticias\\\/wp-content\\\/uploads\\\/2022\\\/03\\\/Brasender-Noticias.png\",\"width\":2048,\"height\":500,\"caption\":\"Brasender Noticias\"},\"image\":{\"@id\":\"https:\\\/\\\/brasender.com.br\\\/noticias\\\/#\\\/schema\\\/logo\\\/image\\\/\"},\"sameAs\":[\"https:\\\/\\\/www.facebook.com\\\/profile.php?id=61562137653202\",\"https:\\\/\\\/www.instagram.com\\\/brasender\\\/\"]},{\"@type\":\"Person\",\"@id\":\"https:\\\/\\\/brasender.com.br\\\/noticias\\\/#\\\/schema\\\/person\\\/dc36d7097eff7621e50aacab7e3931a8\",\"name\":\"Jessica Puig Hern\u00e1ndez\",\"image\":{\"@type\":\"ImageObject\",\"inLanguage\":\"pt-BR\",\"@id\":\"https:\\\/\\\/secure.gravatar.com\\\/avatar\\\/8e405255b6ec071038c9c5bbf6c9b2a95a011c4b1f8fe00bf515f9f1426314e8?s=96&d=mm&r=g\",\"url\":\"https:\\\/\\\/secure.gravatar.com\\\/avatar\\\/8e405255b6ec071038c9c5bbf6c9b2a95a011c4b1f8fe00bf515f9f1426314e8?s=96&d=mm&r=g\",\"contentUrl\":\"https:\\\/\\\/secure.gravatar.com\\\/avatar\\\/8e405255b6ec071038c9c5bbf6c9b2a95a011c4b1f8fe00bf515f9f1426314e8?s=96&d=mm&r=g\",\"caption\":\"Jessica Puig Hern\u00e1ndez\"},\"url\":\"https:\\\/\\\/brasender.com.br\\\/noticias\\\/author\\\/jessica-puig\\\/\"}]}<\/script>\n<!-- \/ Yoast SEO plugin. -->","yoast_head_json":{"title":"Boxeo cubano vive cambios mientras atletas viajan al exterior","description":"El boxeo cubano avanza hacia el profesionalismo mientras varios atletas buscan oportunidades en el extranjero.","robots":{"index":"index","follow":"follow","max-snippet":"max-snippet:-1","max-image-preview":"max-image-preview:large","max-video-preview":"max-video-preview:-1"},"canonical":"https:\/\/brasender.com.br\/noticias\/boxeo-cubano-profesionalismo-figuras-viajan-extranjero\/","og_locale":"pt_BR","og_type":"article","og_title":"Boxeo cubano vive cambios mientras atletas viajan al exterior","og_description":"El boxeo cubano avanza hacia el profesionalismo mientras varios atletas buscan oportunidades en el extranjero.","og_url":"https:\/\/brasender.com.br\/noticias\/boxeo-cubano-profesionalismo-figuras-viajan-extranjero\/","og_site_name":"Brasender Noticias","article_publisher":"https:\/\/www.facebook.com\/profile.php?id=61562137653202","article_published_time":"2026-04-20T19:27:06+00:00","article_modified_time":"2026-04-20T19:27:07+00:00","og_image":[{"width":1200,"height":630,"url":"https:\/\/brasender.com.br\/noticias\/wp-content\/uploads\/2026\/04\/1776710224-boxeo-cubano-mueve-profesionalismo-figuras-viajan-chile-arlen-lopez-tiene-rival.jpg","type":"image\/jpeg"}],"author":"Jessica Puig Hern\u00e1ndez","twitter_card":"summary_large_image","twitter_misc":{"Escrito por":"Jessica Puig Hern\u00e1ndez","Est. tempo de leitura":"2 minutos"},"schema":{"@context":"https:\/\/schema.org","@graph":[{"@type":"Article","@id":"https:\/\/brasender.com.br\/noticias\/boxeo-cubano-profesionalismo-figuras-viajan-extranjero\/#article","isPartOf":{"@id":"https:\/\/brasender.com.br\/noticias\/boxeo-cubano-profesionalismo-figuras-viajan-extranjero\/"},"author":{"name":"Jessica Puig Hern\u00e1ndez","@id":"https:\/\/brasender.com.br\/noticias\/#\/schema\/person\/dc36d7097eff7621e50aacab7e3931a8"},"headline":"Atletas del boxeo cubano viajan fuera del pa\u00eds en medio de cambios deportivos","datePublished":"2026-04-20T19:27:06+00:00","dateModified":"2026-04-20T19:27:07+00:00","mainEntityOfPage":{"@id":"https:\/\/brasender.com.br\/noticias\/boxeo-cubano-profesionalismo-figuras-viajan-extranjero\/"},"wordCount":323,"commentCount":0,"publisher":{"@id":"https:\/\/brasender.com.br\/noticias\/#organization"},"image":{"@id":"https:\/\/brasender.com.br\/noticias\/boxeo-cubano-profesionalismo-figuras-viajan-extranjero\/#primaryimage"},"thumbnailUrl":"https:\/\/brasender.com.br\/noticias\/wp-content\/uploads\/2026\/04\/1776710224-boxeo-cubano-mueve-profesionalismo-figuras-viajan-chile-arlen-lopez-tiene-rival.jpg","keywords":["boxeo cubano","Cuba","extranjero"],"articleSection":["Noticias"],"inLanguage":"pt-BR","potentialAction":[{"@type":"CommentAction","name":"Comment","target":["https:\/\/brasender.com.br\/noticias\/boxeo-cubano-profesionalismo-figuras-viajan-extranjero\/#respond"]}]},{"@type":"WebPage","@id":"https:\/\/brasender.com.br\/noticias\/boxeo-cubano-profesionalismo-figuras-viajan-extranjero\/","url":"https:\/\/brasender.com.br\/noticias\/boxeo-cubano-profesionalismo-figuras-viajan-extranjero\/","name":"Boxeo cubano vive cambios mientras atletas viajan al exterior","isPartOf":{"@id":"https:\/\/brasender.com.br\/noticias\/#website"},"primaryImageOfPage":{"@id":"https:\/\/brasender.com.br\/noticias\/boxeo-cubano-profesionalismo-figuras-viajan-extranjero\/#primaryimage"},"image":{"@id":"https:\/\/brasender.com.br\/noticias\/boxeo-cubano-profesionalismo-figuras-viajan-extranjero\/#primaryimage"},"thumbnailUrl":"https:\/\/brasender.com.br\/noticias\/wp-content\/uploads\/2026\/04\/1776710224-boxeo-cubano-mueve-profesionalismo-figuras-viajan-chile-arlen-lopez-tiene-rival.jpg","datePublished":"2026-04-20T19:27:06+00:00","dateModified":"2026-04-20T19:27:07+00:00","description":"El boxeo cubano avanza hacia el profesionalismo mientras varios atletas buscan oportunidades en el extranjero.","breadcrumb":{"@id":"https:\/\/brasender.com.br\/noticias\/boxeo-cubano-profesionalismo-figuras-viajan-extranjero\/#breadcrumb"},"inLanguage":"pt-BR","potentialAction":[{"@type":"ReadAction","target":["https:\/\/brasender.com.br\/noticias\/boxeo-cubano-profesionalismo-figuras-viajan-extranjero\/"]}]},{"@type":"ImageObject","inLanguage":"pt-BR","@id":"https:\/\/brasender.com.br\/noticias\/boxeo-cubano-profesionalismo-figuras-viajan-extranjero\/#primaryimage","url":"https:\/\/brasender.com.br\/noticias\/wp-content\/uploads\/2026\/04\/1776710224-boxeo-cubano-mueve-profesionalismo-figuras-viajan-chile-arlen-lopez-tiene-rival.jpg","contentUrl":"https:\/\/brasender.com.br\/noticias\/wp-content\/uploads\/2026\/04\/1776710224-boxeo-cubano-mueve-profesionalismo-figuras-viajan-chile-arlen-lopez-tiene-rival.jpg","width":1200,"height":630},{"@type":"BreadcrumbList","@id":"https:\/\/brasender.com.br\/noticias\/boxeo-cubano-profesionalismo-figuras-viajan-extranjero\/#breadcrumb","itemListElement":[{"@type":"ListItem","position":1,"name":"In\u00edcio","item":"https:\/\/brasender.com.br\/noticias\/"},{"@type":"ListItem","position":2,"name":"Atletas del boxeo cubano viajan fuera del pa\u00eds en medio de cambios deportivos"}]},{"@type":"WebSite","@id":"https:\/\/brasender.com.br\/noticias\/#website","url":"https:\/\/brasender.com.br\/noticias\/","name":"Brasender Noticias","description":"Portal de Noticias Brasender","publisher":{"@id":"https:\/\/brasender.com.br\/noticias\/#organization"},"potentialAction":[{"@type":"SearchAction","target":{"@type":"EntryPoint","urlTemplate":"https:\/\/brasender.com.br\/noticias\/?s={search_term_string}"},"query-input":{"@type":"PropertyValueSpecification","valueRequired":true,"valueName":"search_term_string"}}],"inLanguage":"pt-BR"},{"@type":"Organization","@id":"https:\/\/brasender.com.br\/noticias\/#organization","name":"Brasender Noticias","url":"https:\/\/brasender.com.br\/noticias\/","logo":{"@type":"ImageObject","inLanguage":"pt-BR","@id":"https:\/\/brasender.com.br\/noticias\/#\/schema\/logo\/image\/","url":"https:\/\/brasender.com.br\/noticias\/wp-content\/uploads\/2022\/03\/Brasender-Noticias.png","contentUrl":"https:\/\/brasender.com.br\/noticias\/wp-content\/uploads\/2022\/03\/Brasender-Noticias.png","width":2048,"height":500,"caption":"Brasender Noticias"},"image":{"@id":"https:\/\/brasender.com.br\/noticias\/#\/schema\/logo\/image\/"},"sameAs":["https:\/\/www.facebook.com\/profile.php?id=61562137653202","https:\/\/www.instagram.com\/brasender\/"]},{"@type":"Person","@id":"https:\/\/brasender.com.br\/noticias\/#\/schema\/person\/dc36d7097eff7621e50aacab7e3931a8","name":"Jessica Puig Hern\u00e1ndez","image":{"@type":"ImageObject","inLanguage":"pt-BR","@id":"https:\/\/secure.gravatar.com\/avatar\/8e405255b6ec071038c9c5bbf6c9b2a95a011c4b1f8fe00bf515f9f1426314e8?s=96&d=mm&r=g","url":"https:\/\/secure.gravatar.com\/avatar\/8e405255b6ec071038c9c5bbf6c9b2a95a011c4b1f8fe00bf515f9f1426314e8?s=96&d=mm&r=g","contentUrl":"https:\/\/secure.gravatar.com\/avatar\/8e405255b6ec071038c9c5bbf6c9b2a95a011c4b1f8fe00bf515f9f1426314e8?s=96&d=mm&r=g","caption":"Jessica Puig Hern\u00e1ndez"},"url":"https:\/\/brasender.com.br\/noticias\/author\/jessica-puig\/"}]}},"_links":{"self":[{"href":"https:\/\/brasender.com.br\/noticias\/wp-json\/wp\/v2\/posts\/4241","targetHints":{"allow":["GET"]}}],"collection":[{"href":"https:\/\/brasender.com.br\/noticias\/wp-json\/wp\/v2\/posts"}],"about":[{"href":"https:\/\/brasender.com.br\/noticias\/wp-json\/wp\/v2\/types\/post"}],"author":[{"embeddable":true,"href":"https:\/\/brasender.com.br\/noticias\/wp-json\/wp\/v2\/users\/4"}],"replies":[{"embeddable":true,"href":"https:\/\/brasender.com.br\/noticias\/wp-json\/wp\/v2\/comments?post=4241"}],"version-history":[{"count":3,"href":"https:\/\/brasender.com.br\/noticias\/wp-json\/wp\/v2\/posts\/4241\/revisions"}],"predecessor-version":[{"id":4245,"href":"https:\/\/brasender.com.br\/noticias\/wp-json\/wp\/v2\/posts\/4241\/revisions\/4245"}],"wp:featuredmedia":[{"embeddable":true,"href":"https:\/\/brasender.com.br\/noticias\/wp-json\/wp\/v2\/media\/4243"}],"wp:attachment":[{"href":"https:\/\/brasender.com.br\/noticias\/wp-json\/wp\/v2\/media?parent=4241"}],"wp:term":[{"taxonomy":"category","embeddable":true,"href":"https:\/\/brasender.com.br\/noticias\/wp-json\/wp\/v2\/categories?post=4241"},{"taxonomy":"post_tag","embeddable":true,"href":"https:\/\/brasender.com.br\/noticias\/wp-json\/wp\/v2\/tags?post=4241"}],"curies":[{"name":"wp","href":"https:\/\/api.w.org\/{rel}","templated":true}]}}