{"id":4237,"date":"2026-04-19T15:39:42","date_gmt":"2026-04-19T18:39:42","guid":{"rendered":"https:\/\/brasender.com.br\/noticias\/?p=4237"},"modified":"2026-04-19T15:39:42","modified_gmt":"2026-04-19T18:39:42","slug":"aduana-cuba-decomisa-metanfetamina-alimentos-importados","status":"publish","type":"post","link":"https:\/\/brasender.com.br\/noticias\/aduana-cuba-decomisa-metanfetamina-alimentos-importados\/","title":{"rendered":"Autoridades cubanas detectan metanfetamina escondida en productos alimenticios"},"content":{"rendered":"\n<div style=\"height:2px\" aria-hidden=\"true\" class=\"wp-block-spacer\"><\/div>\n\n\n\n<p class=\"has-medium-font-size wp-block-paragraph\">La Aduana General de la Rep\u00fablica de Cuba inform\u00f3 sobre el decomiso de metanfetamina que se encontraba oculta dentro de alimentos importados, en un operativo realizado recientemente como parte de los controles de seguridad en fronteras.<\/p>\n\n\n\n<div style=\"height:2px\" aria-hidden=\"true\" class=\"wp-block-spacer\"><\/div>\n\n\n\n<p class=\"has-medium-font-size wp-block-paragraph\">Seg\u00fan las autoridades, la droga fue detectada durante una inspecci\u00f3n de rutina, donde los agentes identificaron irregularidades en el contenido de varios productos alimenticios enviados desde el extranjero hacia Cuba.<\/p>\n\n\n\n<div style=\"height:2px\" aria-hidden=\"true\" class=\"wp-block-spacer\"><\/div>\n\n\n\n<p class=\"has-medium-font-size wp-block-paragraph\">De acuerdo con la informaci\u00f3n oficial, la metanfetamina estaba escondida dentro de envases de alimentos, una modalidad que ha comenzado a detectarse con mayor frecuencia en los intentos de tr\u00e1fico hacia la isla.<\/p>\n\n\n\n<div style=\"height:2px\" aria-hidden=\"true\" class=\"wp-block-spacer\"><\/div>\n\n\n\n<p class=\"has-medium-font-size wp-block-paragraph\">Las autoridades se\u00f1alaron que el hallazgo fue posible gracias al uso de equipos especializados y la experiencia del personal aduanero, que permiti\u00f3 identificar el contenido sospechoso durante el proceso de revisi\u00f3n.<\/p>\n\n\n\n<div style=\"height:2px\" aria-hidden=\"true\" class=\"wp-block-spacer\"><\/div>\n\n\n\n<p class=\"has-medium-font-size wp-block-paragraph\">El decomiso forma parte de los esfuerzos para evitar la entrada de drogas al pa\u00eds, especialmente ante el aumento de intentos de tr\u00e1fico mediante paquetes y env\u00edos internacionales.<\/p>\n\n\n\n<div style=\"height:2px\" aria-hidden=\"true\" class=\"wp-block-spacer\"><\/div>\n\n\n\n<p class=\"has-medium-font-size wp-block-paragraph\">Las autoridades cubanas alertaron sobre el uso de m\u00e9todos cada vez m\u00e1s sofisticados para introducir drogas al pa\u00eds, incluyendo:<\/p>\n\n\n\n<ul class=\"wp-block-list\">\n<li class=\"has-medium-font-size\">Drogas ocultas en alimentos<\/li>\n\n\n\n<li class=\"has-medium-font-size\">Sustancias escondidas en paquetes personales<\/li>\n\n\n\n<li class=\"has-medium-font-size\">Env\u00edos internacionales con contenido manipulado<\/li>\n\n\n\n<li class=\"has-medium-font-size\">Equipajes modificados<\/li>\n<\/ul>\n\n\n\n<p class=\"has-medium-font-size wp-block-paragraph\">Estos m\u00e9todos buscan evadir los controles fronterizos y dificultar la detecci\u00f3n por parte de las autoridades.<\/p>\n\n\n\n<div style=\"height:2px\" aria-hidden=\"true\" class=\"wp-block-spacer\"><\/div>\n\n\n\n<p class=\"has-medium-font-size wp-block-paragraph\">La Aduana General de la Rep\u00fablica de Cuba indic\u00f3 que continuar\u00e1 reforzando las inspecciones y controles en aeropuertos, puertos y env\u00edos internacionales, con el objetivo de evitar la entrada de sustancias il\u00edcitas.<\/p>\n\n\n\n<div style=\"height:2px\" aria-hidden=\"true\" class=\"wp-block-spacer\"><\/div>\n\n\n\n<p class=\"has-medium-font-size wp-block-paragraph\">Asimismo, las autoridades reiteraron la importancia de mantener vigilancia ante el incremento de intentos de tr\u00e1fico de drogas hacia el pa\u00eds.<\/p>\n\n\n\n<div style=\"height:2px\" aria-hidden=\"true\" class=\"wp-block-spacer\"><\/div>\n\n\n\n<p class=\"has-medium-font-size wp-block-paragraph\">Las autoridades tambi\u00e9n recordaron que el tr\u00e1fico de drogas constituye un delito grave en Cuba, con severas sanciones contempladas en la legislaci\u00f3n vigente.<\/p>\n\n\n\n<div style=\"height:2px\" aria-hidden=\"true\" class=\"wp-block-spacer\"><\/div>\n\n\n\n<p class=\"has-medium-font-size wp-block-paragraph\">El decomiso de metanfetamina oculta en alimentos importados refleja la persistencia de intentos de introducir drogas en la isla, lo que mantiene en alerta a las autoridades cubanas ante estas nuevas modalidades de tr\u00e1fico.<\/p>\n","protected":false},"excerpt":{"rendered":"<p>La Aduana General de la Rep\u00fablica de Cuba inform\u00f3 sobre el decomiso de metanfetamina que se encontraba oculta dentro de alimentos importados, en un operativo realizado recientemente como parte de los controles de seguridad en fronteras. Seg\u00fan las autoridades, la droga fue detectada durante una inspecci\u00f3n de rutina, donde los agentes identificaron irregularidades en el [&hellip;]<\/p>\n","protected":false},"author":4,"featured_media":4239,"comment_status":"open","ping_status":"open","sticky":false,"template":"","format":"standard","meta":{"_crdt_document":"","footnotes":""},"categories":[69],"tags":[274,49,305],"class_list":["post-4237","post","type-post","status-publish","format-standard","has-post-thumbnail","hentry","category-noticias","tag-aduana","tag-cuba","tag-droga"],"yoast_head":"<!-- This site is optimized with the Yoast SEO plugin v27.4 - https:\/\/yoast.com\/product\/yoast-seo-wordpress\/ -->\n<title>Aduana de Cuba intercepta droga escondida en alimentos<\/title>\n<meta name=\"description\" content=\"Autoridades de la Aduana General de la Rep\u00fablica de Cuba decomisaron metanfetamina oculta en productos alimenticios enviados a Cuba.\" \/>\n<meta name=\"robots\" content=\"index, follow, max-snippet:-1, max-image-preview:large, max-video-preview:-1\" \/>\n<link rel=\"canonical\" href=\"https:\/\/brasender.com.br\/noticias\/aduana-cuba-decomisa-metanfetamina-alimentos-importados\/\" \/>\n<meta property=\"og:locale\" content=\"pt_BR\" \/>\n<meta property=\"og:type\" content=\"article\" \/>\n<meta property=\"og:title\" content=\"Aduana de Cuba intercepta droga escondida en alimentos\" \/>\n<meta property=\"og:description\" content=\"Autoridades de la Aduana General de la Rep\u00fablica de Cuba decomisaron metanfetamina oculta en productos alimenticios enviados a Cuba.\" \/>\n<meta property=\"og:url\" content=\"https:\/\/brasender.com.br\/noticias\/aduana-cuba-decomisa-metanfetamina-alimentos-importados\/\" \/>\n<meta property=\"og:site_name\" content=\"Brasender Noticias\" \/>\n<meta property=\"article:publisher\" content=\"https:\/\/www.facebook.com\/profile.php?id=61562137653202\" \/>\n<meta property=\"article:published_time\" content=\"2026-04-19T18:39:42+00:00\" \/>\n<meta property=\"og:image\" content=\"https:\/\/brasender.com.br\/noticias\/wp-content\/uploads\/2026\/04\/Aduana-de-Cuba-decomisa-metanfetamina-oculta-en-alimentos-importados.jpeg\" \/>\n\t<meta property=\"og:image:width\" content=\"1018\" \/>\n\t<meta property=\"og:image:height\" content=\"552\" \/>\n\t<meta property=\"og:image:type\" content=\"image\/jpeg\" \/>\n<meta name=\"author\" content=\"Jessica Puig Hern\u00e1ndez\" \/>\n<meta name=\"twitter:card\" content=\"summary_large_image\" \/>\n<meta name=\"twitter:label1\" content=\"Escrito por\" \/>\n\t<meta name=\"twitter:data1\" content=\"Jessica Puig Hern\u00e1ndez\" \/>\n\t<meta name=\"twitter:label2\" content=\"Est. tempo de leitura\" \/>\n\t<meta name=\"twitter:data2\" content=\"2 minutos\" \/>\n<script type=\"application\/ld+json\" class=\"yoast-schema-graph\">{\"@context\":\"https:\\\/\\\/schema.org\",\"@graph\":[{\"@type\":\"Article\",\"@id\":\"https:\\\/\\\/brasender.com.br\\\/noticias\\\/aduana-cuba-decomisa-metanfetamina-alimentos-importados\\\/#article\",\"isPartOf\":{\"@id\":\"https:\\\/\\\/brasender.com.br\\\/noticias\\\/aduana-cuba-decomisa-metanfetamina-alimentos-importados\\\/\"},\"author\":{\"name\":\"Jessica Puig Hern\u00e1ndez\",\"@id\":\"https:\\\/\\\/brasender.com.br\\\/noticias\\\/#\\\/schema\\\/person\\\/dc36d7097eff7621e50aacab7e3931a8\"},\"headline\":\"Autoridades cubanas detectan metanfetamina escondida en productos alimenticios\",\"datePublished\":\"2026-04-19T18:39:42+00:00\",\"mainEntityOfPage\":{\"@id\":\"https:\\\/\\\/brasender.com.br\\\/noticias\\\/aduana-cuba-decomisa-metanfetamina-alimentos-importados\\\/\"},\"wordCount\":352,\"commentCount\":0,\"publisher\":{\"@id\":\"https:\\\/\\\/brasender.com.br\\\/noticias\\\/#organization\"},\"image\":{\"@id\":\"https:\\\/\\\/brasender.com.br\\\/noticias\\\/aduana-cuba-decomisa-metanfetamina-alimentos-importados\\\/#primaryimage\"},\"thumbnailUrl\":\"https:\\\/\\\/brasender.com.br\\\/noticias\\\/wp-content\\\/uploads\\\/2026\\\/04\\\/Aduana-de-Cuba-decomisa-metanfetamina-oculta-en-alimentos-importados.jpeg\",\"keywords\":[\"aduana\",\"Cuba\",\"droga\"],\"articleSection\":[\"Noticias\"],\"inLanguage\":\"pt-BR\",\"potentialAction\":[{\"@type\":\"CommentAction\",\"name\":\"Comment\",\"target\":[\"https:\\\/\\\/brasender.com.br\\\/noticias\\\/aduana-cuba-decomisa-metanfetamina-alimentos-importados\\\/#respond\"]}]},{\"@type\":\"WebPage\",\"@id\":\"https:\\\/\\\/brasender.com.br\\\/noticias\\\/aduana-cuba-decomisa-metanfetamina-alimentos-importados\\\/\",\"url\":\"https:\\\/\\\/brasender.com.br\\\/noticias\\\/aduana-cuba-decomisa-metanfetamina-alimentos-importados\\\/\",\"name\":\"Aduana de Cuba intercepta droga escondida en alimentos\",\"isPartOf\":{\"@id\":\"https:\\\/\\\/brasender.com.br\\\/noticias\\\/#website\"},\"primaryImageOfPage\":{\"@id\":\"https:\\\/\\\/brasender.com.br\\\/noticias\\\/aduana-cuba-decomisa-metanfetamina-alimentos-importados\\\/#primaryimage\"},\"image\":{\"@id\":\"https:\\\/\\\/brasender.com.br\\\/noticias\\\/aduana-cuba-decomisa-metanfetamina-alimentos-importados\\\/#primaryimage\"},\"thumbnailUrl\":\"https:\\\/\\\/brasender.com.br\\\/noticias\\\/wp-content\\\/uploads\\\/2026\\\/04\\\/Aduana-de-Cuba-decomisa-metanfetamina-oculta-en-alimentos-importados.jpeg\",\"datePublished\":\"2026-04-19T18:39:42+00:00\",\"description\":\"Autoridades de la Aduana General de la Rep\u00fablica de Cuba decomisaron metanfetamina oculta en productos alimenticios enviados a Cuba.\",\"breadcrumb\":{\"@id\":\"https:\\\/\\\/brasender.com.br\\\/noticias\\\/aduana-cuba-decomisa-metanfetamina-alimentos-importados\\\/#breadcrumb\"},\"inLanguage\":\"pt-BR\",\"potentialAction\":[{\"@type\":\"ReadAction\",\"target\":[\"https:\\\/\\\/brasender.com.br\\\/noticias\\\/aduana-cuba-decomisa-metanfetamina-alimentos-importados\\\/\"]}]},{\"@type\":\"ImageObject\",\"inLanguage\":\"pt-BR\",\"@id\":\"https:\\\/\\\/brasender.com.br\\\/noticias\\\/aduana-cuba-decomisa-metanfetamina-alimentos-importados\\\/#primaryimage\",\"url\":\"https:\\\/\\\/brasender.com.br\\\/noticias\\\/wp-content\\\/uploads\\\/2026\\\/04\\\/Aduana-de-Cuba-decomisa-metanfetamina-oculta-en-alimentos-importados.jpeg\",\"contentUrl\":\"https:\\\/\\\/brasender.com.br\\\/noticias\\\/wp-content\\\/uploads\\\/2026\\\/04\\\/Aduana-de-Cuba-decomisa-metanfetamina-oculta-en-alimentos-importados.jpeg\",\"width\":1018,\"height\":552},{\"@type\":\"BreadcrumbList\",\"@id\":\"https:\\\/\\\/brasender.com.br\\\/noticias\\\/aduana-cuba-decomisa-metanfetamina-alimentos-importados\\\/#breadcrumb\",\"itemListElement\":[{\"@type\":\"ListItem\",\"position\":1,\"name\":\"In\u00edcio\",\"item\":\"https:\\\/\\\/brasender.com.br\\\/noticias\\\/\"},{\"@type\":\"ListItem\",\"position\":2,\"name\":\"Autoridades cubanas detectan metanfetamina escondida en productos alimenticios\"}]},{\"@type\":\"WebSite\",\"@id\":\"https:\\\/\\\/brasender.com.br\\\/noticias\\\/#website\",\"url\":\"https:\\\/\\\/brasender.com.br\\\/noticias\\\/\",\"name\":\"Brasender Noticias\",\"description\":\"Portal de Noticias Brasender\",\"publisher\":{\"@id\":\"https:\\\/\\\/brasender.com.br\\\/noticias\\\/#organization\"},\"potentialAction\":[{\"@type\":\"SearchAction\",\"target\":{\"@type\":\"EntryPoint\",\"urlTemplate\":\"https:\\\/\\\/brasender.com.br\\\/noticias\\\/?s={search_term_string}\"},\"query-input\":{\"@type\":\"PropertyValueSpecification\",\"valueRequired\":true,\"valueName\":\"search_term_string\"}}],\"inLanguage\":\"pt-BR\"},{\"@type\":\"Organization\",\"@id\":\"https:\\\/\\\/brasender.com.br\\\/noticias\\\/#organization\",\"name\":\"Brasender Noticias\",\"url\":\"https:\\\/\\\/brasender.com.br\\\/noticias\\\/\",\"logo\":{\"@type\":\"ImageObject\",\"inLanguage\":\"pt-BR\",\"@id\":\"https:\\\/\\\/brasender.com.br\\\/noticias\\\/#\\\/schema\\\/logo\\\/image\\\/\",\"url\":\"https:\\\/\\\/brasender.com.br\\\/noticias\\\/wp-content\\\/uploads\\\/2022\\\/03\\\/Brasender-Noticias.png\",\"contentUrl\":\"https:\\\/\\\/brasender.com.br\\\/noticias\\\/wp-content\\\/uploads\\\/2022\\\/03\\\/Brasender-Noticias.png\",\"width\":2048,\"height\":500,\"caption\":\"Brasender Noticias\"},\"image\":{\"@id\":\"https:\\\/\\\/brasender.com.br\\\/noticias\\\/#\\\/schema\\\/logo\\\/image\\\/\"},\"sameAs\":[\"https:\\\/\\\/www.facebook.com\\\/profile.php?id=61562137653202\",\"https:\\\/\\\/www.instagram.com\\\/brasender\\\/\"]},{\"@type\":\"Person\",\"@id\":\"https:\\\/\\\/brasender.com.br\\\/noticias\\\/#\\\/schema\\\/person\\\/dc36d7097eff7621e50aacab7e3931a8\",\"name\":\"Jessica Puig Hern\u00e1ndez\",\"image\":{\"@type\":\"ImageObject\",\"inLanguage\":\"pt-BR\",\"@id\":\"https:\\\/\\\/secure.gravatar.com\\\/avatar\\\/8e405255b6ec071038c9c5bbf6c9b2a95a011c4b1f8fe00bf515f9f1426314e8?s=96&d=mm&r=g\",\"url\":\"https:\\\/\\\/secure.gravatar.com\\\/avatar\\\/8e405255b6ec071038c9c5bbf6c9b2a95a011c4b1f8fe00bf515f9f1426314e8?s=96&d=mm&r=g\",\"contentUrl\":\"https:\\\/\\\/secure.gravatar.com\\\/avatar\\\/8e405255b6ec071038c9c5bbf6c9b2a95a011c4b1f8fe00bf515f9f1426314e8?s=96&d=mm&r=g\",\"caption\":\"Jessica Puig Hern\u00e1ndez\"},\"url\":\"https:\\\/\\\/brasender.com.br\\\/noticias\\\/author\\\/jessica-puig\\\/\"}]}<\/script>\n<!-- \/ Yoast SEO plugin. -->","yoast_head_json":{"title":"Aduana de Cuba intercepta droga escondida en alimentos","description":"Autoridades de la Aduana General de la Rep\u00fablica de Cuba decomisaron metanfetamina oculta en productos alimenticios enviados a Cuba.","robots":{"index":"index","follow":"follow","max-snippet":"max-snippet:-1","max-image-preview":"max-image-preview:large","max-video-preview":"max-video-preview:-1"},"canonical":"https:\/\/brasender.com.br\/noticias\/aduana-cuba-decomisa-metanfetamina-alimentos-importados\/","og_locale":"pt_BR","og_type":"article","og_title":"Aduana de Cuba intercepta droga escondida en alimentos","og_description":"Autoridades de la Aduana General de la Rep\u00fablica de Cuba decomisaron metanfetamina oculta en productos alimenticios enviados a Cuba.","og_url":"https:\/\/brasender.com.br\/noticias\/aduana-cuba-decomisa-metanfetamina-alimentos-importados\/","og_site_name":"Brasender Noticias","article_publisher":"https:\/\/www.facebook.com\/profile.php?id=61562137653202","article_published_time":"2026-04-19T18:39:42+00:00","og_image":[{"width":1018,"height":552,"url":"https:\/\/brasender.com.br\/noticias\/wp-content\/uploads\/2026\/04\/Aduana-de-Cuba-decomisa-metanfetamina-oculta-en-alimentos-importados.jpeg","type":"image\/jpeg"}],"author":"Jessica Puig Hern\u00e1ndez","twitter_card":"summary_large_image","twitter_misc":{"Escrito por":"Jessica Puig Hern\u00e1ndez","Est. tempo de leitura":"2 minutos"},"schema":{"@context":"https:\/\/schema.org","@graph":[{"@type":"Article","@id":"https:\/\/brasender.com.br\/noticias\/aduana-cuba-decomisa-metanfetamina-alimentos-importados\/#article","isPartOf":{"@id":"https:\/\/brasender.com.br\/noticias\/aduana-cuba-decomisa-metanfetamina-alimentos-importados\/"},"author":{"name":"Jessica Puig Hern\u00e1ndez","@id":"https:\/\/brasender.com.br\/noticias\/#\/schema\/person\/dc36d7097eff7621e50aacab7e3931a8"},"headline":"Autoridades cubanas detectan metanfetamina escondida en productos alimenticios","datePublished":"2026-04-19T18:39:42+00:00","mainEntityOfPage":{"@id":"https:\/\/brasender.com.br\/noticias\/aduana-cuba-decomisa-metanfetamina-alimentos-importados\/"},"wordCount":352,"commentCount":0,"publisher":{"@id":"https:\/\/brasender.com.br\/noticias\/#organization"},"image":{"@id":"https:\/\/brasender.com.br\/noticias\/aduana-cuba-decomisa-metanfetamina-alimentos-importados\/#primaryimage"},"thumbnailUrl":"https:\/\/brasender.com.br\/noticias\/wp-content\/uploads\/2026\/04\/Aduana-de-Cuba-decomisa-metanfetamina-oculta-en-alimentos-importados.jpeg","keywords":["aduana","Cuba","droga"],"articleSection":["Noticias"],"inLanguage":"pt-BR","potentialAction":[{"@type":"CommentAction","name":"Comment","target":["https:\/\/brasender.com.br\/noticias\/aduana-cuba-decomisa-metanfetamina-alimentos-importados\/#respond"]}]},{"@type":"WebPage","@id":"https:\/\/brasender.com.br\/noticias\/aduana-cuba-decomisa-metanfetamina-alimentos-importados\/","url":"https:\/\/brasender.com.br\/noticias\/aduana-cuba-decomisa-metanfetamina-alimentos-importados\/","name":"Aduana de Cuba intercepta droga escondida en alimentos","isPartOf":{"@id":"https:\/\/brasender.com.br\/noticias\/#website"},"primaryImageOfPage":{"@id":"https:\/\/brasender.com.br\/noticias\/aduana-cuba-decomisa-metanfetamina-alimentos-importados\/#primaryimage"},"image":{"@id":"https:\/\/brasender.com.br\/noticias\/aduana-cuba-decomisa-metanfetamina-alimentos-importados\/#primaryimage"},"thumbnailUrl":"https:\/\/brasender.com.br\/noticias\/wp-content\/uploads\/2026\/04\/Aduana-de-Cuba-decomisa-metanfetamina-oculta-en-alimentos-importados.jpeg","datePublished":"2026-04-19T18:39:42+00:00","description":"Autoridades de la Aduana General de la Rep\u00fablica de Cuba decomisaron metanfetamina oculta en productos alimenticios enviados a Cuba.","breadcrumb":{"@id":"https:\/\/brasender.com.br\/noticias\/aduana-cuba-decomisa-metanfetamina-alimentos-importados\/#breadcrumb"},"inLanguage":"pt-BR","potentialAction":[{"@type":"ReadAction","target":["https:\/\/brasender.com.br\/noticias\/aduana-cuba-decomisa-metanfetamina-alimentos-importados\/"]}]},{"@type":"ImageObject","inLanguage":"pt-BR","@id":"https:\/\/brasender.com.br\/noticias\/aduana-cuba-decomisa-metanfetamina-alimentos-importados\/#primaryimage","url":"https:\/\/brasender.com.br\/noticias\/wp-content\/uploads\/2026\/04\/Aduana-de-Cuba-decomisa-metanfetamina-oculta-en-alimentos-importados.jpeg","contentUrl":"https:\/\/brasender.com.br\/noticias\/wp-content\/uploads\/2026\/04\/Aduana-de-Cuba-decomisa-metanfetamina-oculta-en-alimentos-importados.jpeg","width":1018,"height":552},{"@type":"BreadcrumbList","@id":"https:\/\/brasender.com.br\/noticias\/aduana-cuba-decomisa-metanfetamina-alimentos-importados\/#breadcrumb","itemListElement":[{"@type":"ListItem","position":1,"name":"In\u00edcio","item":"https:\/\/brasender.com.br\/noticias\/"},{"@type":"ListItem","position":2,"name":"Autoridades cubanas detectan metanfetamina escondida en productos alimenticios"}]},{"@type":"WebSite","@id":"https:\/\/brasender.com.br\/noticias\/#website","url":"https:\/\/brasender.com.br\/noticias\/","name":"Brasender Noticias","description":"Portal de Noticias Brasender","publisher":{"@id":"https:\/\/brasender.com.br\/noticias\/#organization"},"potentialAction":[{"@type":"SearchAction","target":{"@type":"EntryPoint","urlTemplate":"https:\/\/brasender.com.br\/noticias\/?s={search_term_string}"},"query-input":{"@type":"PropertyValueSpecification","valueRequired":true,"valueName":"search_term_string"}}],"inLanguage":"pt-BR"},{"@type":"Organization","@id":"https:\/\/brasender.com.br\/noticias\/#organization","name":"Brasender Noticias","url":"https:\/\/brasender.com.br\/noticias\/","logo":{"@type":"ImageObject","inLanguage":"pt-BR","@id":"https:\/\/brasender.com.br\/noticias\/#\/schema\/logo\/image\/","url":"https:\/\/brasender.com.br\/noticias\/wp-content\/uploads\/2022\/03\/Brasender-Noticias.png","contentUrl":"https:\/\/brasender.com.br\/noticias\/wp-content\/uploads\/2022\/03\/Brasender-Noticias.png","width":2048,"height":500,"caption":"Brasender Noticias"},"image":{"@id":"https:\/\/brasender.com.br\/noticias\/#\/schema\/logo\/image\/"},"sameAs":["https:\/\/www.facebook.com\/profile.php?id=61562137653202","https:\/\/www.instagram.com\/brasender\/"]},{"@type":"Person","@id":"https:\/\/brasender.com.br\/noticias\/#\/schema\/person\/dc36d7097eff7621e50aacab7e3931a8","name":"Jessica Puig Hern\u00e1ndez","image":{"@type":"ImageObject","inLanguage":"pt-BR","@id":"https:\/\/secure.gravatar.com\/avatar\/8e405255b6ec071038c9c5bbf6c9b2a95a011c4b1f8fe00bf515f9f1426314e8?s=96&d=mm&r=g","url":"https:\/\/secure.gravatar.com\/avatar\/8e405255b6ec071038c9c5bbf6c9b2a95a011c4b1f8fe00bf515f9f1426314e8?s=96&d=mm&r=g","contentUrl":"https:\/\/secure.gravatar.com\/avatar\/8e405255b6ec071038c9c5bbf6c9b2a95a011c4b1f8fe00bf515f9f1426314e8?s=96&d=mm&r=g","caption":"Jessica Puig Hern\u00e1ndez"},"url":"https:\/\/brasender.com.br\/noticias\/author\/jessica-puig\/"}]}},"_links":{"self":[{"href":"https:\/\/brasender.com.br\/noticias\/wp-json\/wp\/v2\/posts\/4237","targetHints":{"allow":["GET"]}}],"collection":[{"href":"https:\/\/brasender.com.br\/noticias\/wp-json\/wp\/v2\/posts"}],"about":[{"href":"https:\/\/brasender.com.br\/noticias\/wp-json\/wp\/v2\/types\/post"}],"author":[{"embeddable":true,"href":"https:\/\/brasender.com.br\/noticias\/wp-json\/wp\/v2\/users\/4"}],"replies":[{"embeddable":true,"href":"https:\/\/brasender.com.br\/noticias\/wp-json\/wp\/v2\/comments?post=4237"}],"version-history":[{"count":1,"href":"https:\/\/brasender.com.br\/noticias\/wp-json\/wp\/v2\/posts\/4237\/revisions"}],"predecessor-version":[{"id":4238,"href":"https:\/\/brasender.com.br\/noticias\/wp-json\/wp\/v2\/posts\/4237\/revisions\/4238"}],"wp:featuredmedia":[{"embeddable":true,"href":"https:\/\/brasender.com.br\/noticias\/wp-json\/wp\/v2\/media\/4239"}],"wp:attachment":[{"href":"https:\/\/brasender.com.br\/noticias\/wp-json\/wp\/v2\/media?parent=4237"}],"wp:term":[{"taxonomy":"category","embeddable":true,"href":"https:\/\/brasender.com.br\/noticias\/wp-json\/wp\/v2\/categories?post=4237"},{"taxonomy":"post_tag","embeddable":true,"href":"https:\/\/brasender.com.br\/noticias\/wp-json\/wp\/v2\/tags?post=4237"}],"curies":[{"name":"wp","href":"https:\/\/api.w.org\/{rel}","templated":true}]}}