{"id":4199,"date":"2026-04-09T16:22:23","date_gmt":"2026-04-09T19:22:23","guid":{"rendered":"https:\/\/brasender.com.br\/noticias\/?p=4199"},"modified":"2026-04-09T16:22:23","modified_gmt":"2026-04-09T19:22:23","slug":"detienen-cubanos-sabotaje-leche-ninos-las-tunas-cuba","status":"publish","type":"post","link":"https:\/\/brasender.com.br\/noticias\/detienen-cubanos-sabotaje-leche-ninos-las-tunas-cuba\/","title":{"rendered":"Detienen a cubanos por sabotaje a cargamento de leche destinado a ni\u00f1os en Las Tunas"},"content":{"rendered":"\n<div style=\"height:2px\" aria-hidden=\"true\" class=\"wp-block-spacer\"><\/div>\n\n\n\n<p class=\"has-medium-font-size wp-block-paragraph\">Las autoridades cubanas detuvieron a dos trabajadores tras detectar irregularidades en un cargamento de leche destinado a ni\u00f1os en la provincia de Las Tunas, en medio de la creciente crisis alimentaria que enfrenta el pa\u00eds.<\/p>\n\n\n\n<div style=\"height:2px\" aria-hidden=\"true\" class=\"wp-block-spacer\"><\/div>\n\n\n\n<p class=\"has-medium-font-size wp-block-paragraph\">Seg\u00fan reportes, la investigaci\u00f3n comenz\u00f3 tras una denuncia ciudadana que alert\u00f3 sobre posibles irregularidades en la distribuci\u00f3n del producto, considerado uno de los alimentos m\u00e1s sensibles dentro del sistema de abastecimiento estatal.<\/p>\n\n\n\n<div style=\"height:2px\" aria-hidden=\"true\" class=\"wp-block-spacer\"><\/div>\n\n\n\n<p class=\"has-medium-font-size wp-block-paragraph\">Durante una inspecci\u00f3n realizada por la Direcci\u00f3n de Inspecci\u00f3n Provincial, el Departamento T\u00e9cnico Investigativo (DTI) y especialistas econ\u00f3micos, las autoridades detectaron que <strong>392 litros de leche presentaban una densidad de 16.5 g\/mL<\/strong>, muy por debajo del est\u00e1ndar de <strong>30 g\/mL<\/strong>, lo que indicar\u00eda una posible adulteraci\u00f3n del producto.<\/p>\n\n\n\n<div style=\"height:2px\" aria-hidden=\"true\" class=\"wp-block-spacer\"><\/div>\n\n\n\n<p class=\"has-medium-font-size wp-block-paragraph\">Adem\u00e1s, se encontraron <strong>202 litros adicionales sin justificaci\u00f3n<\/strong>, lo que gener\u00f3 mayores sospechas sobre la manipulaci\u00f3n del cargamento destinado a menores.<\/p>\n\n\n\n<div style=\"height:2px\" aria-hidden=\"true\" class=\"wp-block-spacer\"><\/div>\n\n\n\n<p class=\"has-medium-font-size wp-block-paragraph\">Ante esta situaci\u00f3n, el chofer del transporte y el representante que lo acompa\u00f1aba fueron detenidos y puestos bajo investigaci\u00f3n por el presunto delito de sabotaje.<\/p>\n\n\n\n<div style=\"height:2px\" aria-hidden=\"true\" class=\"wp-block-spacer\"><\/div>\n\n\n\n<p class=\"has-medium-font-size wp-block-paragraph\">Las autoridades aplicaron inicialmente varias multas econ\u00f3micas a los implicados, mientras contin\u00faan las investigaciones para determinar responsabilidades mayores.<\/p>\n\n\n\n<div style=\"height:2px\" aria-hidden=\"true\" class=\"wp-block-spacer\"><\/div>\n\n\n\n<p class=\"has-medium-font-size wp-block-paragraph\">La leche fue devuelta a la empresa l\u00e1ctea para ser sometida nuevamente a un proceso de control antes de su distribuci\u00f3n a la poblaci\u00f3n.<\/p>\n\n\n\n<div style=\"height:2px\" aria-hidden=\"true\" class=\"wp-block-spacer\"><\/div>\n\n\n\n<p class=\"has-medium-font-size wp-block-paragraph\">El delito de sabotaje en Cuba puede implicar sanciones severas, especialmente cuando afecta la distribuci\u00f3n de alimentos destinados a ni\u00f1os.<\/p>\n\n\n\n<p class=\"has-medium-font-size wp-block-paragraph\">Este incidente ocurre en medio de una profunda crisis alimentaria en Cuba, donde la leche para ni\u00f1os se ha convertido en uno de los productos m\u00e1s escasos.<\/p>\n\n\n\n<div style=\"height:2px\" aria-hidden=\"true\" class=\"wp-block-spacer\"><\/div>\n\n\n\n<p class=\"has-medium-font-size wp-block-paragraph\">En varias provincias del pa\u00eds, las familias han denunciado retrasos en la entrega, reducci\u00f3n de cantidades y mala calidad del producto, lo que ha generado preocupaci\u00f3n entre los padres.<\/p>\n\n\n\n<div style=\"height:2px\" aria-hidden=\"true\" class=\"wp-block-spacer\"><\/div>\n\n\n\n<p class=\"has-medium-font-size wp-block-paragraph\">Casos similares tambi\u00e9n han sido reportados anteriormente, incluyendo denuncias de leche adulterada, robos de cargamentos y distribuci\u00f3n irregular de productos destinados a menores, reflejando las dificultades del sistema de abastecimiento estatal.<\/p>\n\n\n\n<div style=\"height:2px\" aria-hidden=\"true\" class=\"wp-block-spacer\"><\/div>\n\n\n\n<p class=\"has-medium-font-size wp-block-paragraph\">Tras conocerse la noticia, numerosos cubanos reaccionaron en redes sociales, mostrando indignaci\u00f3n por lo ocurrido, especialmente por tratarse de alimentos destinados a ni\u00f1os.<\/p>\n\n\n\n<div style=\"height:2px\" aria-hidden=\"true\" class=\"wp-block-spacer\"><\/div>\n\n\n\n<p class=\"has-medium-font-size wp-block-paragraph\">Muchos usuarios se\u00f1alaron que la crisis actual ha provocado un aumento de irregularidades en la distribuci\u00f3n de productos b\u00e1sicos, mientras la poblaci\u00f3n enfrenta una escasez cada vez mayor.<\/p>\n\n\n\n<div style=\"height:2px\" aria-hidden=\"true\" class=\"wp-block-spacer\"><\/div>\n\n\n\n<p class=\"has-medium-font-size wp-block-paragraph\">La situaci\u00f3n vuelve a evidenciar las dificultades del pa\u00eds para garantizar alimentos esenciales, especialmente en medio del deterioro econ\u00f3mico que atraviesa la isla<\/p>\n","protected":false},"excerpt":{"rendered":"<p>Las autoridades cubanas detuvieron a dos trabajadores tras detectar irregularidades en un cargamento de leche destinado a ni\u00f1os en la provincia de Las Tunas, en medio de la creciente crisis alimentaria que enfrenta el pa\u00eds. Seg\u00fan reportes, la investigaci\u00f3n comenz\u00f3 tras una denuncia ciudadana que alert\u00f3 sobre posibles irregularidades en la distribuci\u00f3n del producto, considerado [&hellip;]<\/p>\n","protected":false},"author":4,"featured_media":4200,"comment_status":"open","ping_status":"open","sticky":false,"template":"","format":"standard","meta":{"_crdt_document":"","footnotes":""},"categories":[69],"tags":[284,49,286],"class_list":["post-4199","post","type-post","status-publish","format-standard","has-post-thumbnail","hentry","category-noticias","tag-crisis-alimentaria","tag-cuba","tag-leche"],"yoast_head":"<!-- This site is optimized with the Yoast SEO plugin v27.4 - https:\/\/yoast.com\/product\/yoast-seo-wordpress\/ -->\n<title>Dos trabajadores arrestos tras manipulaci\u00f3n de leche infantil<\/title>\n<meta name=\"description\" content=\"Autoridades cubanas detuvieron a dos trabajadores tras detectar leche adulterada destinada a ni\u00f1os en Las Tunas.\" \/>\n<meta name=\"robots\" content=\"index, follow, max-snippet:-1, max-image-preview:large, max-video-preview:-1\" \/>\n<link rel=\"canonical\" href=\"https:\/\/brasender.com.br\/noticias\/detienen-cubanos-sabotaje-leche-ninos-las-tunas-cuba\/\" \/>\n<meta property=\"og:locale\" content=\"pt_BR\" \/>\n<meta property=\"og:type\" content=\"article\" \/>\n<meta property=\"og:title\" content=\"Dos trabajadores arrestos tras manipulaci\u00f3n de leche infantil\" \/>\n<meta property=\"og:description\" content=\"Autoridades cubanas detuvieron a dos trabajadores tras detectar leche adulterada destinada a ni\u00f1os en Las Tunas.\" \/>\n<meta property=\"og:url\" content=\"https:\/\/brasender.com.br\/noticias\/detienen-cubanos-sabotaje-leche-ninos-las-tunas-cuba\/\" \/>\n<meta property=\"og:site_name\" content=\"Brasender Noticias\" \/>\n<meta property=\"article:publisher\" content=\"https:\/\/www.facebook.com\/profile.php?id=61562137653202\" \/>\n<meta property=\"article:published_time\" content=\"2026-04-09T19:22:23+00:00\" \/>\n<meta property=\"og:image\" content=\"https:\/\/brasender.com.br\/noticias\/wp-content\/uploads\/2026\/04\/1775691964-detienen-cubano-sabotaje-leche-tunas.jpg\" \/>\n\t<meta property=\"og:image:width\" content=\"1200\" \/>\n\t<meta property=\"og:image:height\" content=\"630\" \/>\n\t<meta property=\"og:image:type\" content=\"image\/jpeg\" \/>\n<meta name=\"author\" content=\"Jessica Puig Hern\u00e1ndez\" \/>\n<meta name=\"twitter:card\" content=\"summary_large_image\" \/>\n<meta name=\"twitter:label1\" content=\"Escrito por\" \/>\n\t<meta name=\"twitter:data1\" content=\"Jessica Puig Hern\u00e1ndez\" \/>\n\t<meta name=\"twitter:label2\" content=\"Est. tempo de leitura\" \/>\n\t<meta name=\"twitter:data2\" content=\"2 minutos\" \/>\n<script type=\"application\/ld+json\" class=\"yoast-schema-graph\">{\"@context\":\"https:\\\/\\\/schema.org\",\"@graph\":[{\"@type\":\"Article\",\"@id\":\"https:\\\/\\\/brasender.com.br\\\/noticias\\\/detienen-cubanos-sabotaje-leche-ninos-las-tunas-cuba\\\/#article\",\"isPartOf\":{\"@id\":\"https:\\\/\\\/brasender.com.br\\\/noticias\\\/detienen-cubanos-sabotaje-leche-ninos-las-tunas-cuba\\\/\"},\"author\":{\"name\":\"Jessica Puig Hern\u00e1ndez\",\"@id\":\"https:\\\/\\\/brasender.com.br\\\/noticias\\\/#\\\/schema\\\/person\\\/dc36d7097eff7621e50aacab7e3931a8\"},\"headline\":\"Detienen a cubanos por sabotaje a cargamento de leche destinado a ni\u00f1os en Las Tunas\",\"datePublished\":\"2026-04-09T19:22:23+00:00\",\"mainEntityOfPage\":{\"@id\":\"https:\\\/\\\/brasender.com.br\\\/noticias\\\/detienen-cubanos-sabotaje-leche-ninos-las-tunas-cuba\\\/\"},\"wordCount\":441,\"commentCount\":0,\"publisher\":{\"@id\":\"https:\\\/\\\/brasender.com.br\\\/noticias\\\/#organization\"},\"image\":{\"@id\":\"https:\\\/\\\/brasender.com.br\\\/noticias\\\/detienen-cubanos-sabotaje-leche-ninos-las-tunas-cuba\\\/#primaryimage\"},\"thumbnailUrl\":\"https:\\\/\\\/brasender.com.br\\\/noticias\\\/wp-content\\\/uploads\\\/2026\\\/04\\\/1775691964-detienen-cubano-sabotaje-leche-tunas.jpg\",\"keywords\":[\"crisis alimentaria\",\"Cuba\",\"leche\"],\"articleSection\":[\"Noticias\"],\"inLanguage\":\"pt-BR\",\"potentialAction\":[{\"@type\":\"CommentAction\",\"name\":\"Comment\",\"target\":[\"https:\\\/\\\/brasender.com.br\\\/noticias\\\/detienen-cubanos-sabotaje-leche-ninos-las-tunas-cuba\\\/#respond\"]}]},{\"@type\":\"WebPage\",\"@id\":\"https:\\\/\\\/brasender.com.br\\\/noticias\\\/detienen-cubanos-sabotaje-leche-ninos-las-tunas-cuba\\\/\",\"url\":\"https:\\\/\\\/brasender.com.br\\\/noticias\\\/detienen-cubanos-sabotaje-leche-ninos-las-tunas-cuba\\\/\",\"name\":\"Dos trabajadores arrestos tras manipulaci\u00f3n de leche infantil\",\"isPartOf\":{\"@id\":\"https:\\\/\\\/brasender.com.br\\\/noticias\\\/#website\"},\"primaryImageOfPage\":{\"@id\":\"https:\\\/\\\/brasender.com.br\\\/noticias\\\/detienen-cubanos-sabotaje-leche-ninos-las-tunas-cuba\\\/#primaryimage\"},\"image\":{\"@id\":\"https:\\\/\\\/brasender.com.br\\\/noticias\\\/detienen-cubanos-sabotaje-leche-ninos-las-tunas-cuba\\\/#primaryimage\"},\"thumbnailUrl\":\"https:\\\/\\\/brasender.com.br\\\/noticias\\\/wp-content\\\/uploads\\\/2026\\\/04\\\/1775691964-detienen-cubano-sabotaje-leche-tunas.jpg\",\"datePublished\":\"2026-04-09T19:22:23+00:00\",\"description\":\"Autoridades cubanas detuvieron a dos trabajadores tras detectar leche adulterada destinada a ni\u00f1os en Las Tunas.\",\"breadcrumb\":{\"@id\":\"https:\\\/\\\/brasender.com.br\\\/noticias\\\/detienen-cubanos-sabotaje-leche-ninos-las-tunas-cuba\\\/#breadcrumb\"},\"inLanguage\":\"pt-BR\",\"potentialAction\":[{\"@type\":\"ReadAction\",\"target\":[\"https:\\\/\\\/brasender.com.br\\\/noticias\\\/detienen-cubanos-sabotaje-leche-ninos-las-tunas-cuba\\\/\"]}]},{\"@type\":\"ImageObject\",\"inLanguage\":\"pt-BR\",\"@id\":\"https:\\\/\\\/brasender.com.br\\\/noticias\\\/detienen-cubanos-sabotaje-leche-ninos-las-tunas-cuba\\\/#primaryimage\",\"url\":\"https:\\\/\\\/brasender.com.br\\\/noticias\\\/wp-content\\\/uploads\\\/2026\\\/04\\\/1775691964-detienen-cubano-sabotaje-leche-tunas.jpg\",\"contentUrl\":\"https:\\\/\\\/brasender.com.br\\\/noticias\\\/wp-content\\\/uploads\\\/2026\\\/04\\\/1775691964-detienen-cubano-sabotaje-leche-tunas.jpg\",\"width\":1200,\"height\":630},{\"@type\":\"BreadcrumbList\",\"@id\":\"https:\\\/\\\/brasender.com.br\\\/noticias\\\/detienen-cubanos-sabotaje-leche-ninos-las-tunas-cuba\\\/#breadcrumb\",\"itemListElement\":[{\"@type\":\"ListItem\",\"position\":1,\"name\":\"In\u00edcio\",\"item\":\"https:\\\/\\\/brasender.com.br\\\/noticias\\\/\"},{\"@type\":\"ListItem\",\"position\":2,\"name\":\"Detienen a cubanos por sabotaje a cargamento de leche destinado a ni\u00f1os en Las Tunas\"}]},{\"@type\":\"WebSite\",\"@id\":\"https:\\\/\\\/brasender.com.br\\\/noticias\\\/#website\",\"url\":\"https:\\\/\\\/brasender.com.br\\\/noticias\\\/\",\"name\":\"Brasender Noticias\",\"description\":\"Portal de Noticias Brasender\",\"publisher\":{\"@id\":\"https:\\\/\\\/brasender.com.br\\\/noticias\\\/#organization\"},\"potentialAction\":[{\"@type\":\"SearchAction\",\"target\":{\"@type\":\"EntryPoint\",\"urlTemplate\":\"https:\\\/\\\/brasender.com.br\\\/noticias\\\/?s={search_term_string}\"},\"query-input\":{\"@type\":\"PropertyValueSpecification\",\"valueRequired\":true,\"valueName\":\"search_term_string\"}}],\"inLanguage\":\"pt-BR\"},{\"@type\":\"Organization\",\"@id\":\"https:\\\/\\\/brasender.com.br\\\/noticias\\\/#organization\",\"name\":\"Brasender Noticias\",\"url\":\"https:\\\/\\\/brasender.com.br\\\/noticias\\\/\",\"logo\":{\"@type\":\"ImageObject\",\"inLanguage\":\"pt-BR\",\"@id\":\"https:\\\/\\\/brasender.com.br\\\/noticias\\\/#\\\/schema\\\/logo\\\/image\\\/\",\"url\":\"https:\\\/\\\/brasender.com.br\\\/noticias\\\/wp-content\\\/uploads\\\/2022\\\/03\\\/Brasender-Noticias.png\",\"contentUrl\":\"https:\\\/\\\/brasender.com.br\\\/noticias\\\/wp-content\\\/uploads\\\/2022\\\/03\\\/Brasender-Noticias.png\",\"width\":2048,\"height\":500,\"caption\":\"Brasender Noticias\"},\"image\":{\"@id\":\"https:\\\/\\\/brasender.com.br\\\/noticias\\\/#\\\/schema\\\/logo\\\/image\\\/\"},\"sameAs\":[\"https:\\\/\\\/www.facebook.com\\\/profile.php?id=61562137653202\",\"https:\\\/\\\/www.instagram.com\\\/brasender\\\/\"]},{\"@type\":\"Person\",\"@id\":\"https:\\\/\\\/brasender.com.br\\\/noticias\\\/#\\\/schema\\\/person\\\/dc36d7097eff7621e50aacab7e3931a8\",\"name\":\"Jessica Puig Hern\u00e1ndez\",\"image\":{\"@type\":\"ImageObject\",\"inLanguage\":\"pt-BR\",\"@id\":\"https:\\\/\\\/secure.gravatar.com\\\/avatar\\\/8e405255b6ec071038c9c5bbf6c9b2a95a011c4b1f8fe00bf515f9f1426314e8?s=96&d=mm&r=g\",\"url\":\"https:\\\/\\\/secure.gravatar.com\\\/avatar\\\/8e405255b6ec071038c9c5bbf6c9b2a95a011c4b1f8fe00bf515f9f1426314e8?s=96&d=mm&r=g\",\"contentUrl\":\"https:\\\/\\\/secure.gravatar.com\\\/avatar\\\/8e405255b6ec071038c9c5bbf6c9b2a95a011c4b1f8fe00bf515f9f1426314e8?s=96&d=mm&r=g\",\"caption\":\"Jessica Puig Hern\u00e1ndez\"},\"url\":\"https:\\\/\\\/brasender.com.br\\\/noticias\\\/author\\\/jessica-puig\\\/\"}]}<\/script>\n<!-- \/ Yoast SEO plugin. -->","yoast_head_json":{"title":"Dos trabajadores arrestos tras manipulaci\u00f3n de leche infantil","description":"Autoridades cubanas detuvieron a dos trabajadores tras detectar leche adulterada destinada a ni\u00f1os en Las Tunas.","robots":{"index":"index","follow":"follow","max-snippet":"max-snippet:-1","max-image-preview":"max-image-preview:large","max-video-preview":"max-video-preview:-1"},"canonical":"https:\/\/brasender.com.br\/noticias\/detienen-cubanos-sabotaje-leche-ninos-las-tunas-cuba\/","og_locale":"pt_BR","og_type":"article","og_title":"Dos trabajadores arrestos tras manipulaci\u00f3n de leche infantil","og_description":"Autoridades cubanas detuvieron a dos trabajadores tras detectar leche adulterada destinada a ni\u00f1os en Las Tunas.","og_url":"https:\/\/brasender.com.br\/noticias\/detienen-cubanos-sabotaje-leche-ninos-las-tunas-cuba\/","og_site_name":"Brasender Noticias","article_publisher":"https:\/\/www.facebook.com\/profile.php?id=61562137653202","article_published_time":"2026-04-09T19:22:23+00:00","og_image":[{"width":1200,"height":630,"url":"https:\/\/brasender.com.br\/noticias\/wp-content\/uploads\/2026\/04\/1775691964-detienen-cubano-sabotaje-leche-tunas.jpg","type":"image\/jpeg"}],"author":"Jessica Puig Hern\u00e1ndez","twitter_card":"summary_large_image","twitter_misc":{"Escrito por":"Jessica Puig Hern\u00e1ndez","Est. tempo de leitura":"2 minutos"},"schema":{"@context":"https:\/\/schema.org","@graph":[{"@type":"Article","@id":"https:\/\/brasender.com.br\/noticias\/detienen-cubanos-sabotaje-leche-ninos-las-tunas-cuba\/#article","isPartOf":{"@id":"https:\/\/brasender.com.br\/noticias\/detienen-cubanos-sabotaje-leche-ninos-las-tunas-cuba\/"},"author":{"name":"Jessica Puig Hern\u00e1ndez","@id":"https:\/\/brasender.com.br\/noticias\/#\/schema\/person\/dc36d7097eff7621e50aacab7e3931a8"},"headline":"Detienen a cubanos por sabotaje a cargamento de leche destinado a ni\u00f1os en Las Tunas","datePublished":"2026-04-09T19:22:23+00:00","mainEntityOfPage":{"@id":"https:\/\/brasender.com.br\/noticias\/detienen-cubanos-sabotaje-leche-ninos-las-tunas-cuba\/"},"wordCount":441,"commentCount":0,"publisher":{"@id":"https:\/\/brasender.com.br\/noticias\/#organization"},"image":{"@id":"https:\/\/brasender.com.br\/noticias\/detienen-cubanos-sabotaje-leche-ninos-las-tunas-cuba\/#primaryimage"},"thumbnailUrl":"https:\/\/brasender.com.br\/noticias\/wp-content\/uploads\/2026\/04\/1775691964-detienen-cubano-sabotaje-leche-tunas.jpg","keywords":["crisis alimentaria","Cuba","leche"],"articleSection":["Noticias"],"inLanguage":"pt-BR","potentialAction":[{"@type":"CommentAction","name":"Comment","target":["https:\/\/brasender.com.br\/noticias\/detienen-cubanos-sabotaje-leche-ninos-las-tunas-cuba\/#respond"]}]},{"@type":"WebPage","@id":"https:\/\/brasender.com.br\/noticias\/detienen-cubanos-sabotaje-leche-ninos-las-tunas-cuba\/","url":"https:\/\/brasender.com.br\/noticias\/detienen-cubanos-sabotaje-leche-ninos-las-tunas-cuba\/","name":"Dos trabajadores arrestos tras manipulaci\u00f3n de leche infantil","isPartOf":{"@id":"https:\/\/brasender.com.br\/noticias\/#website"},"primaryImageOfPage":{"@id":"https:\/\/brasender.com.br\/noticias\/detienen-cubanos-sabotaje-leche-ninos-las-tunas-cuba\/#primaryimage"},"image":{"@id":"https:\/\/brasender.com.br\/noticias\/detienen-cubanos-sabotaje-leche-ninos-las-tunas-cuba\/#primaryimage"},"thumbnailUrl":"https:\/\/brasender.com.br\/noticias\/wp-content\/uploads\/2026\/04\/1775691964-detienen-cubano-sabotaje-leche-tunas.jpg","datePublished":"2026-04-09T19:22:23+00:00","description":"Autoridades cubanas detuvieron a dos trabajadores tras detectar leche adulterada destinada a ni\u00f1os en Las Tunas.","breadcrumb":{"@id":"https:\/\/brasender.com.br\/noticias\/detienen-cubanos-sabotaje-leche-ninos-las-tunas-cuba\/#breadcrumb"},"inLanguage":"pt-BR","potentialAction":[{"@type":"ReadAction","target":["https:\/\/brasender.com.br\/noticias\/detienen-cubanos-sabotaje-leche-ninos-las-tunas-cuba\/"]}]},{"@type":"ImageObject","inLanguage":"pt-BR","@id":"https:\/\/brasender.com.br\/noticias\/detienen-cubanos-sabotaje-leche-ninos-las-tunas-cuba\/#primaryimage","url":"https:\/\/brasender.com.br\/noticias\/wp-content\/uploads\/2026\/04\/1775691964-detienen-cubano-sabotaje-leche-tunas.jpg","contentUrl":"https:\/\/brasender.com.br\/noticias\/wp-content\/uploads\/2026\/04\/1775691964-detienen-cubano-sabotaje-leche-tunas.jpg","width":1200,"height":630},{"@type":"BreadcrumbList","@id":"https:\/\/brasender.com.br\/noticias\/detienen-cubanos-sabotaje-leche-ninos-las-tunas-cuba\/#breadcrumb","itemListElement":[{"@type":"ListItem","position":1,"name":"In\u00edcio","item":"https:\/\/brasender.com.br\/noticias\/"},{"@type":"ListItem","position":2,"name":"Detienen a cubanos por sabotaje a cargamento de leche destinado a ni\u00f1os en Las Tunas"}]},{"@type":"WebSite","@id":"https:\/\/brasender.com.br\/noticias\/#website","url":"https:\/\/brasender.com.br\/noticias\/","name":"Brasender Noticias","description":"Portal de Noticias Brasender","publisher":{"@id":"https:\/\/brasender.com.br\/noticias\/#organization"},"potentialAction":[{"@type":"SearchAction","target":{"@type":"EntryPoint","urlTemplate":"https:\/\/brasender.com.br\/noticias\/?s={search_term_string}"},"query-input":{"@type":"PropertyValueSpecification","valueRequired":true,"valueName":"search_term_string"}}],"inLanguage":"pt-BR"},{"@type":"Organization","@id":"https:\/\/brasender.com.br\/noticias\/#organization","name":"Brasender Noticias","url":"https:\/\/brasender.com.br\/noticias\/","logo":{"@type":"ImageObject","inLanguage":"pt-BR","@id":"https:\/\/brasender.com.br\/noticias\/#\/schema\/logo\/image\/","url":"https:\/\/brasender.com.br\/noticias\/wp-content\/uploads\/2022\/03\/Brasender-Noticias.png","contentUrl":"https:\/\/brasender.com.br\/noticias\/wp-content\/uploads\/2022\/03\/Brasender-Noticias.png","width":2048,"height":500,"caption":"Brasender Noticias"},"image":{"@id":"https:\/\/brasender.com.br\/noticias\/#\/schema\/logo\/image\/"},"sameAs":["https:\/\/www.facebook.com\/profile.php?id=61562137653202","https:\/\/www.instagram.com\/brasender\/"]},{"@type":"Person","@id":"https:\/\/brasender.com.br\/noticias\/#\/schema\/person\/dc36d7097eff7621e50aacab7e3931a8","name":"Jessica Puig Hern\u00e1ndez","image":{"@type":"ImageObject","inLanguage":"pt-BR","@id":"https:\/\/secure.gravatar.com\/avatar\/8e405255b6ec071038c9c5bbf6c9b2a95a011c4b1f8fe00bf515f9f1426314e8?s=96&d=mm&r=g","url":"https:\/\/secure.gravatar.com\/avatar\/8e405255b6ec071038c9c5bbf6c9b2a95a011c4b1f8fe00bf515f9f1426314e8?s=96&d=mm&r=g","contentUrl":"https:\/\/secure.gravatar.com\/avatar\/8e405255b6ec071038c9c5bbf6c9b2a95a011c4b1f8fe00bf515f9f1426314e8?s=96&d=mm&r=g","caption":"Jessica Puig Hern\u00e1ndez"},"url":"https:\/\/brasender.com.br\/noticias\/author\/jessica-puig\/"}]}},"_links":{"self":[{"href":"https:\/\/brasender.com.br\/noticias\/wp-json\/wp\/v2\/posts\/4199","targetHints":{"allow":["GET"]}}],"collection":[{"href":"https:\/\/brasender.com.br\/noticias\/wp-json\/wp\/v2\/posts"}],"about":[{"href":"https:\/\/brasender.com.br\/noticias\/wp-json\/wp\/v2\/types\/post"}],"author":[{"embeddable":true,"href":"https:\/\/brasender.com.br\/noticias\/wp-json\/wp\/v2\/users\/4"}],"replies":[{"embeddable":true,"href":"https:\/\/brasender.com.br\/noticias\/wp-json\/wp\/v2\/comments?post=4199"}],"version-history":[{"count":1,"href":"https:\/\/brasender.com.br\/noticias\/wp-json\/wp\/v2\/posts\/4199\/revisions"}],"predecessor-version":[{"id":4201,"href":"https:\/\/brasender.com.br\/noticias\/wp-json\/wp\/v2\/posts\/4199\/revisions\/4201"}],"wp:featuredmedia":[{"embeddable":true,"href":"https:\/\/brasender.com.br\/noticias\/wp-json\/wp\/v2\/media\/4200"}],"wp:attachment":[{"href":"https:\/\/brasender.com.br\/noticias\/wp-json\/wp\/v2\/media?parent=4199"}],"wp:term":[{"taxonomy":"category","embeddable":true,"href":"https:\/\/brasender.com.br\/noticias\/wp-json\/wp\/v2\/categories?post=4199"},{"taxonomy":"post_tag","embeddable":true,"href":"https:\/\/brasender.com.br\/noticias\/wp-json\/wp\/v2\/tags?post=4199"}],"curies":[{"name":"wp","href":"https:\/\/api.w.org\/{rel}","templated":true}]}}