{"id":4107,"date":"2026-03-20T17:18:46","date_gmt":"2026-03-20T20:18:46","guid":{"rendered":"https:\/\/brasender.com.br\/noticias\/?p=4107"},"modified":"2026-03-20T17:20:12","modified_gmt":"2026-03-20T20:20:12","slug":"inscripciones-unila-refugiados-2026-brasil","status":"publish","type":"post","link":"https:\/\/brasender.com.br\/noticias\/inscripciones-unila-refugiados-2026-brasil\/","title":{"rendered":"Abren inscripciones en la Universidade Federal da Integra\u00e7\u00e3o Latino-Americana para refugiados 2026"},"content":{"rendered":"\n<div style=\"height:2px\" aria-hidden=\"true\" class=\"wp-block-spacer\"><\/div>\n\n\n\n<p class=\"has-medium-font-size wp-block-paragraph\">La<a href=\"https:\/\/portal.unila.edu.br\/noticias\/unila-abre-inscricoes-para-processo-seletivo-de-refugiados-e-portadores-de-visto-humanitario-2027\"> Universidade Federal da Integra\u00e7\u00e3o Latino-Americana<\/a> abri\u00f3 oficialmente las inscripciones para su proceso de ingreso 2026 dirigido a personas en condici\u00f3n de refugio, ofreciendo una oportunidad \u00fanica para estudiar en Brasil.<\/p>\n\n\n\n<p class=\"has-medium-font-size wp-block-paragraph\">En el siguiente bot\u00f3n puedes acceder al portal donde se encuentran todas las informaciones del proceso selectivo:<\/p>\n\n\n\n<div class=\"wp-block-buttons is-layout-flex wp-block-buttons-is-layout-flex\">\n<div class=\"wp-block-button\"><a class=\"wp-block-button__link has-vivid-red-background-color has-background wp-element-button\" href=\"https:\/\/documentos.unila.edu.br\/editais\/proint\/16-14\">PORTAL DEL PROCESO<\/a><\/div>\n<\/div>\n\n\n\n<p class=\"wp-block-paragraph\"><\/p>\n\n\n\n<p class=\"has-medium-font-size wp-block-paragraph\">Si eres cubano (u otra nacionalidad) y deseas acceder a educaci\u00f3n superior gratuita en el pa\u00eds, esta convocatoria puede ser una excelente opci\u00f3n para tu futuro acad\u00e9mico. A continuacion te ofrecemos los pasos a seguir para que realices tu inscripci\u00f3n:<\/p>\n\n\n\n<h1 class=\"wp-block-heading has-medium-font-size\"> Paso a paso para inscribirte<\/h1>\n\n\n\n<h3 class=\"wp-block-heading has-medium-font-size\"> 1: Lee toda la convocatoria<\/h3>\n\n\n\n<p class=\"has-medium-font-size wp-block-paragraph\">Antes de comenzar tu inscripci\u00f3n, es fundamental que revises cuidadosamente la convocatoria oficial.<\/p>\n\n\n\n<p class=\"has-medium-font-size wp-block-paragraph\">All\u00ed encontrar\u00e1s:<\/p>\n\n\n\n<ul class=\"wp-block-list\">\n<li class=\"has-medium-font-size\">Requisitos completos<\/li>\n\n\n\n<li class=\"has-medium-font-size\">Documentos necesarios<\/li>\n\n\n\n<li class=\"has-medium-font-size\">Fechas importantes del proceso<\/li>\n<\/ul>\n\n\n\n<p class=\"has-medium-font-size wp-block-paragraph\">Aqu\u00ed puedes acceder a la convocatoria en espa\u00f1ol:<\/p>\n\n\n\n<div class=\"wp-block-buttons is-layout-flex wp-block-buttons-is-layout-flex\">\n<div class=\"wp-block-button\"><a class=\"wp-block-button__link has-vivid-red-background-color has-background wp-element-button\" href=\"https:\/\/documentos.unila.edu.br\/sites\/default\/files\/arquivos\/editais\/edital_psrh_2027_-_espanhol.pdf\">CONVOCATORIA<\/a><\/div>\n<\/div>\n\n\n\n<p class=\"wp-block-paragraph\"><\/p>\n\n\n\n<h3 class=\"wp-block-heading has-medium-font-size\"> 2: Per\u00edodo de inscripciones<\/h3>\n\n\n\n<p class=\"has-medium-font-size wp-block-paragraph\"> <strong>Desde el 16\/03\/2026 hasta el 14\/04\/2026<\/strong><\/p>\n\n\n\n<p class=\"has-medium-font-size wp-block-paragraph\">Durante este per\u00edodo deber\u00e1s completar tu inscripci\u00f3n dentro del sistema oficial.<\/p>\n\n\n\n<p class=\"has-medium-font-size wp-block-paragraph\"><strong>Importante:<\/strong><br>Luego de inscribirte, debes estar atento a las siguientes etapas, ya que tendr\u00e1s que enviar documentaci\u00f3n adicional.<\/p>\n\n\n\n<p class=\"has-medium-font-size wp-block-paragraph\">En caso de faltar alg\u00fan documento, el sistema puede otorgar un plazo extra para completarlo.<\/p>\n\n\n\n<h2 class=\"wp-block-heading has-medium-font-size\">Etapas del proceso<\/h2>\n\n\n\n<p class=\"has-medium-font-size wp-block-paragraph\">El proceso de selecci\u00f3n incluye varias fases:<\/p>\n\n\n\n<ul class=\"wp-block-list\">\n<li class=\"has-medium-font-size\">Env\u00edo de documentos<\/li>\n\n\n\n<li class=\"has-medium-font-size\">Revisi\u00f3n de la candidatura<\/li>\n\n\n\n<li class=\"has-medium-font-size\">Publicaci\u00f3n de resultados<\/li>\n\n\n\n<li class=\"has-medium-font-size\">Matr\u00edcula<\/li>\n<\/ul>\n\n\n\n<p class=\"has-medium-font-size wp-block-paragraph\"> <strong>Inicio de clases previsto:<\/strong> 01\/03\/2027<\/p>\n\n\n\n<p class=\"has-medium-font-size wp-block-paragraph\">Dentro de la convocatoria podr\u00e1s encontrar:<\/p>\n\n\n\n<ul class=\"wp-block-list\">\n<li class=\"has-medium-font-size\">Lista de carreras disponibles<\/li>\n\n\n\n<li class=\"has-medium-font-size\">Duraci\u00f3n de cada programa<\/li>\n\n\n\n<li class=\"has-medium-font-size\">N\u00famero de vacantes por carrera<\/li>\n<\/ul>\n\n\n\n<h2 class=\"wp-block-heading has-medium-font-size\"> Formulario obligatorio para completar tu inscripci\u00f3n, deber\u00e1s llenar una ficha de declaraci\u00f3n:<\/h2>\n\n\n\n<p class=\"has-medium-font-size wp-block-paragraph\">Completa el formulario aqu\u00ed:<\/p>\n\n\n\n<div class=\"wp-block-buttons is-layout-flex wp-block-buttons-is-layout-flex\">\n<div class=\"wp-block-button\"><a class=\"wp-block-button__link has-vivid-red-background-color has-background wp-element-button\" href=\"https:\/\/documentos.unila.edu.br\/sites\/default\/files\/arquivos\/editais\/anexo_i_-_edital_psrh_26-27.pdf\">FICHA DE DECLARACI\u00d3N<\/a><\/div>\n<\/div>\n\n\n\n<p class=\"has-medium-font-size wp-block-paragraph\"><br><\/p>\n\n\n\n<h2 class=\"wp-block-heading has-medium-font-size\"> Idiomas disponibles<\/h2>\n\n\n\n<p class=\"has-medium-font-size wp-block-paragraph\">Toda la informaci\u00f3n del proceso est\u00e1 disponible en:<\/p>\n\n\n\n<ul class=\"wp-block-list\">\n<li class=\"has-medium-font-size\">Portugu\u00e9s<\/li>\n\n\n\n<li class=\"has-medium-font-size\">Espa\u00f1ol<\/li>\n\n\n\n<li class=\"has-medium-font-size\">Ingl\u00e9s<\/li>\n<\/ul>\n\n\n\n<p class=\"has-medium-font-size wp-block-paragraph\">Lee toda la informaci\u00f3n con calma y revisa cada detalle del proceso. Esta convocatoria tiene varias etapas y fechas importantes, por lo que es clave mantenerse atento para no perder esta oportunidad.<\/p>\n\n\n\n<p class=\"has-medium-font-size wp-block-paragraph\">Estudiar en la Universidade Federal da Integra\u00e7\u00e3o Latino-Americana puede ser un gran paso para construir un mejor futuro acad\u00e9mico y profesional en Brasil.<\/p>\n","protected":false},"excerpt":{"rendered":"<p>La Universidade Federal da Integra\u00e7\u00e3o Latino-Americana abri\u00f3 oficialmente las inscripciones para su proceso de ingreso 2026 dirigido a personas en condici\u00f3n de refugio, ofreciendo una oportunidad \u00fanica para estudiar en Brasil. En el siguiente bot\u00f3n puedes acceder al portal donde se encuentran todas las informaciones del proceso selectivo: Si eres cubano (u otra nacionalidad) y [&hellip;]<\/p>\n","protected":false},"author":4,"featured_media":4109,"comment_status":"open","ping_status":"open","sticky":false,"template":"","format":"standard","meta":{"_crdt_document":"","footnotes":""},"categories":[69],"tags":[245,77,244],"class_list":["post-4107","post","type-post","status-publish","format-standard","has-post-thumbnail","hentry","category-noticias","tag-proceso-selectivo","tag-refugiados","tag-unila"],"yoast_head":"<!-- This site is optimized with the Yoast SEO plugin v27.4 - https:\/\/yoast.com\/product\/yoast-seo-wordpress\/ -->\n<title>C\u00f3mo inscribirte en la UNILA como refugiado en 2026<\/title>\n<meta name=\"description\" content=\"La UNILA abri\u00f3 inscripciones para personas refugiadas en 2026. Conoce requisitos, fechas, carreras y c\u00f3mo aplicar para estudiar en Brasil.\" \/>\n<meta name=\"robots\" content=\"index, follow, max-snippet:-1, max-image-preview:large, max-video-preview:-1\" \/>\n<link rel=\"canonical\" href=\"https:\/\/brasender.com.br\/noticias\/inscripciones-unila-refugiados-2026-brasil\/\" \/>\n<meta property=\"og:locale\" content=\"pt_BR\" \/>\n<meta property=\"og:type\" content=\"article\" \/>\n<meta property=\"og:title\" content=\"C\u00f3mo inscribirte en la UNILA como refugiado en 2026\" \/>\n<meta property=\"og:description\" content=\"La UNILA abri\u00f3 inscripciones para personas refugiadas en 2026. Conoce requisitos, fechas, carreras y c\u00f3mo aplicar para estudiar en Brasil.\" \/>\n<meta property=\"og:url\" content=\"https:\/\/brasender.com.br\/noticias\/inscripciones-unila-refugiados-2026-brasil\/\" \/>\n<meta property=\"og:site_name\" content=\"Brasender Noticias\" \/>\n<meta property=\"article:publisher\" content=\"https:\/\/www.facebook.com\/profile.php?id=61562137653202\" \/>\n<meta property=\"article:published_time\" content=\"2026-03-20T20:18:46+00:00\" \/>\n<meta property=\"article:modified_time\" content=\"2026-03-20T20:20:12+00:00\" \/>\n<meta property=\"og:image\" content=\"https:\/\/brasender.com.br\/noticias\/wp-content\/uploads\/2026\/03\/Site-Iguassu-News-tam-foto-2026-03-17T113445.153-rkn93vggjf4tlcb365dyxuyd3gxagiwrlszrxe7w4w.png\" \/>\n\t<meta property=\"og:image:width\" content=\"900\" \/>\n\t<meta property=\"og:image:height\" content=\"600\" \/>\n\t<meta property=\"og:image:type\" content=\"image\/png\" \/>\n<meta name=\"author\" content=\"Jessica Puig Hern\u00e1ndez\" \/>\n<meta name=\"twitter:card\" content=\"summary_large_image\" \/>\n<meta name=\"twitter:label1\" content=\"Escrito por\" \/>\n\t<meta name=\"twitter:data1\" content=\"Jessica Puig Hern\u00e1ndez\" \/>\n\t<meta name=\"twitter:label2\" content=\"Est. tempo de leitura\" \/>\n\t<meta name=\"twitter:data2\" content=\"2 minutos\" \/>\n<script type=\"application\/ld+json\" class=\"yoast-schema-graph\">{\"@context\":\"https:\\\/\\\/schema.org\",\"@graph\":[{\"@type\":\"Article\",\"@id\":\"https:\\\/\\\/brasender.com.br\\\/noticias\\\/inscripciones-unila-refugiados-2026-brasil\\\/#article\",\"isPartOf\":{\"@id\":\"https:\\\/\\\/brasender.com.br\\\/noticias\\\/inscripciones-unila-refugiados-2026-brasil\\\/\"},\"author\":{\"name\":\"Jessica Puig Hern\u00e1ndez\",\"@id\":\"https:\\\/\\\/brasender.com.br\\\/noticias\\\/#\\\/schema\\\/person\\\/dc36d7097eff7621e50aacab7e3931a8\"},\"headline\":\"Abren inscripciones en la Universidade Federal da Integra\u00e7\u00e3o Latino-Americana para refugiados 2026\",\"datePublished\":\"2026-03-20T20:18:46+00:00\",\"dateModified\":\"2026-03-20T20:20:12+00:00\",\"mainEntityOfPage\":{\"@id\":\"https:\\\/\\\/brasender.com.br\\\/noticias\\\/inscripciones-unila-refugiados-2026-brasil\\\/\"},\"wordCount\":362,\"commentCount\":7,\"publisher\":{\"@id\":\"https:\\\/\\\/brasender.com.br\\\/noticias\\\/#organization\"},\"image\":{\"@id\":\"https:\\\/\\\/brasender.com.br\\\/noticias\\\/inscripciones-unila-refugiados-2026-brasil\\\/#primaryimage\"},\"thumbnailUrl\":\"https:\\\/\\\/brasender.com.br\\\/noticias\\\/wp-content\\\/uploads\\\/2026\\\/03\\\/Site-Iguassu-News-tam-foto-2026-03-17T113445.153-rkn93vggjf4tlcb365dyxuyd3gxagiwrlszrxe7w4w.png\",\"keywords\":[\"proceso selectivo\",\"refugiados\",\"unila\"],\"articleSection\":[\"Noticias\"],\"inLanguage\":\"pt-BR\",\"potentialAction\":[{\"@type\":\"CommentAction\",\"name\":\"Comment\",\"target\":[\"https:\\\/\\\/brasender.com.br\\\/noticias\\\/inscripciones-unila-refugiados-2026-brasil\\\/#respond\"]}]},{\"@type\":\"WebPage\",\"@id\":\"https:\\\/\\\/brasender.com.br\\\/noticias\\\/inscripciones-unila-refugiados-2026-brasil\\\/\",\"url\":\"https:\\\/\\\/brasender.com.br\\\/noticias\\\/inscripciones-unila-refugiados-2026-brasil\\\/\",\"name\":\"C\u00f3mo inscribirte en la UNILA como refugiado en 2026\",\"isPartOf\":{\"@id\":\"https:\\\/\\\/brasender.com.br\\\/noticias\\\/#website\"},\"primaryImageOfPage\":{\"@id\":\"https:\\\/\\\/brasender.com.br\\\/noticias\\\/inscripciones-unila-refugiados-2026-brasil\\\/#primaryimage\"},\"image\":{\"@id\":\"https:\\\/\\\/brasender.com.br\\\/noticias\\\/inscripciones-unila-refugiados-2026-brasil\\\/#primaryimage\"},\"thumbnailUrl\":\"https:\\\/\\\/brasender.com.br\\\/noticias\\\/wp-content\\\/uploads\\\/2026\\\/03\\\/Site-Iguassu-News-tam-foto-2026-03-17T113445.153-rkn93vggjf4tlcb365dyxuyd3gxagiwrlszrxe7w4w.png\",\"datePublished\":\"2026-03-20T20:18:46+00:00\",\"dateModified\":\"2026-03-20T20:20:12+00:00\",\"description\":\"La UNILA abri\u00f3 inscripciones para personas refugiadas en 2026. Conoce requisitos, fechas, carreras y c\u00f3mo aplicar para estudiar en Brasil.\",\"breadcrumb\":{\"@id\":\"https:\\\/\\\/brasender.com.br\\\/noticias\\\/inscripciones-unila-refugiados-2026-brasil\\\/#breadcrumb\"},\"inLanguage\":\"pt-BR\",\"potentialAction\":[{\"@type\":\"ReadAction\",\"target\":[\"https:\\\/\\\/brasender.com.br\\\/noticias\\\/inscripciones-unila-refugiados-2026-brasil\\\/\"]}]},{\"@type\":\"ImageObject\",\"inLanguage\":\"pt-BR\",\"@id\":\"https:\\\/\\\/brasender.com.br\\\/noticias\\\/inscripciones-unila-refugiados-2026-brasil\\\/#primaryimage\",\"url\":\"https:\\\/\\\/brasender.com.br\\\/noticias\\\/wp-content\\\/uploads\\\/2026\\\/03\\\/Site-Iguassu-News-tam-foto-2026-03-17T113445.153-rkn93vggjf4tlcb365dyxuyd3gxagiwrlszrxe7w4w.png\",\"contentUrl\":\"https:\\\/\\\/brasender.com.br\\\/noticias\\\/wp-content\\\/uploads\\\/2026\\\/03\\\/Site-Iguassu-News-tam-foto-2026-03-17T113445.153-rkn93vggjf4tlcb365dyxuyd3gxagiwrlszrxe7w4w.png\",\"width\":900,\"height\":600},{\"@type\":\"BreadcrumbList\",\"@id\":\"https:\\\/\\\/brasender.com.br\\\/noticias\\\/inscripciones-unila-refugiados-2026-brasil\\\/#breadcrumb\",\"itemListElement\":[{\"@type\":\"ListItem\",\"position\":1,\"name\":\"In\u00edcio\",\"item\":\"https:\\\/\\\/brasender.com.br\\\/noticias\\\/\"},{\"@type\":\"ListItem\",\"position\":2,\"name\":\"Abren inscripciones en la Universidade Federal da Integra\u00e7\u00e3o Latino-Americana para refugiados 2026\"}]},{\"@type\":\"WebSite\",\"@id\":\"https:\\\/\\\/brasender.com.br\\\/noticias\\\/#website\",\"url\":\"https:\\\/\\\/brasender.com.br\\\/noticias\\\/\",\"name\":\"Brasender Noticias\",\"description\":\"Portal de Noticias Brasender\",\"publisher\":{\"@id\":\"https:\\\/\\\/brasender.com.br\\\/noticias\\\/#organization\"},\"potentialAction\":[{\"@type\":\"SearchAction\",\"target\":{\"@type\":\"EntryPoint\",\"urlTemplate\":\"https:\\\/\\\/brasender.com.br\\\/noticias\\\/?s={search_term_string}\"},\"query-input\":{\"@type\":\"PropertyValueSpecification\",\"valueRequired\":true,\"valueName\":\"search_term_string\"}}],\"inLanguage\":\"pt-BR\"},{\"@type\":\"Organization\",\"@id\":\"https:\\\/\\\/brasender.com.br\\\/noticias\\\/#organization\",\"name\":\"Brasender Noticias\",\"url\":\"https:\\\/\\\/brasender.com.br\\\/noticias\\\/\",\"logo\":{\"@type\":\"ImageObject\",\"inLanguage\":\"pt-BR\",\"@id\":\"https:\\\/\\\/brasender.com.br\\\/noticias\\\/#\\\/schema\\\/logo\\\/image\\\/\",\"url\":\"https:\\\/\\\/brasender.com.br\\\/noticias\\\/wp-content\\\/uploads\\\/2022\\\/03\\\/Brasender-Noticias.png\",\"contentUrl\":\"https:\\\/\\\/brasender.com.br\\\/noticias\\\/wp-content\\\/uploads\\\/2022\\\/03\\\/Brasender-Noticias.png\",\"width\":2048,\"height\":500,\"caption\":\"Brasender Noticias\"},\"image\":{\"@id\":\"https:\\\/\\\/brasender.com.br\\\/noticias\\\/#\\\/schema\\\/logo\\\/image\\\/\"},\"sameAs\":[\"https:\\\/\\\/www.facebook.com\\\/profile.php?id=61562137653202\",\"https:\\\/\\\/www.instagram.com\\\/brasender\\\/\"]},{\"@type\":\"Person\",\"@id\":\"https:\\\/\\\/brasender.com.br\\\/noticias\\\/#\\\/schema\\\/person\\\/dc36d7097eff7621e50aacab7e3931a8\",\"name\":\"Jessica Puig Hern\u00e1ndez\",\"image\":{\"@type\":\"ImageObject\",\"inLanguage\":\"pt-BR\",\"@id\":\"https:\\\/\\\/secure.gravatar.com\\\/avatar\\\/8e405255b6ec071038c9c5bbf6c9b2a95a011c4b1f8fe00bf515f9f1426314e8?s=96&d=mm&r=g\",\"url\":\"https:\\\/\\\/secure.gravatar.com\\\/avatar\\\/8e405255b6ec071038c9c5bbf6c9b2a95a011c4b1f8fe00bf515f9f1426314e8?s=96&d=mm&r=g\",\"contentUrl\":\"https:\\\/\\\/secure.gravatar.com\\\/avatar\\\/8e405255b6ec071038c9c5bbf6c9b2a95a011c4b1f8fe00bf515f9f1426314e8?s=96&d=mm&r=g\",\"caption\":\"Jessica Puig Hern\u00e1ndez\"},\"url\":\"https:\\\/\\\/brasender.com.br\\\/noticias\\\/author\\\/jessica-puig\\\/\"}]}<\/script>\n<!-- \/ Yoast SEO plugin. -->","yoast_head_json":{"title":"C\u00f3mo inscribirte en la UNILA como refugiado en 2026","description":"La UNILA abri\u00f3 inscripciones para personas refugiadas en 2026. Conoce requisitos, fechas, carreras y c\u00f3mo aplicar para estudiar en Brasil.","robots":{"index":"index","follow":"follow","max-snippet":"max-snippet:-1","max-image-preview":"max-image-preview:large","max-video-preview":"max-video-preview:-1"},"canonical":"https:\/\/brasender.com.br\/noticias\/inscripciones-unila-refugiados-2026-brasil\/","og_locale":"pt_BR","og_type":"article","og_title":"C\u00f3mo inscribirte en la UNILA como refugiado en 2026","og_description":"La UNILA abri\u00f3 inscripciones para personas refugiadas en 2026. Conoce requisitos, fechas, carreras y c\u00f3mo aplicar para estudiar en Brasil.","og_url":"https:\/\/brasender.com.br\/noticias\/inscripciones-unila-refugiados-2026-brasil\/","og_site_name":"Brasender Noticias","article_publisher":"https:\/\/www.facebook.com\/profile.php?id=61562137653202","article_published_time":"2026-03-20T20:18:46+00:00","article_modified_time":"2026-03-20T20:20:12+00:00","og_image":[{"width":900,"height":600,"url":"https:\/\/brasender.com.br\/noticias\/wp-content\/uploads\/2026\/03\/Site-Iguassu-News-tam-foto-2026-03-17T113445.153-rkn93vggjf4tlcb365dyxuyd3gxagiwrlszrxe7w4w.png","type":"image\/png"}],"author":"Jessica Puig Hern\u00e1ndez","twitter_card":"summary_large_image","twitter_misc":{"Escrito por":"Jessica Puig Hern\u00e1ndez","Est. tempo de leitura":"2 minutos"},"schema":{"@context":"https:\/\/schema.org","@graph":[{"@type":"Article","@id":"https:\/\/brasender.com.br\/noticias\/inscripciones-unila-refugiados-2026-brasil\/#article","isPartOf":{"@id":"https:\/\/brasender.com.br\/noticias\/inscripciones-unila-refugiados-2026-brasil\/"},"author":{"name":"Jessica Puig Hern\u00e1ndez","@id":"https:\/\/brasender.com.br\/noticias\/#\/schema\/person\/dc36d7097eff7621e50aacab7e3931a8"},"headline":"Abren inscripciones en la Universidade Federal da Integra\u00e7\u00e3o Latino-Americana para refugiados 2026","datePublished":"2026-03-20T20:18:46+00:00","dateModified":"2026-03-20T20:20:12+00:00","mainEntityOfPage":{"@id":"https:\/\/brasender.com.br\/noticias\/inscripciones-unila-refugiados-2026-brasil\/"},"wordCount":362,"commentCount":7,"publisher":{"@id":"https:\/\/brasender.com.br\/noticias\/#organization"},"image":{"@id":"https:\/\/brasender.com.br\/noticias\/inscripciones-unila-refugiados-2026-brasil\/#primaryimage"},"thumbnailUrl":"https:\/\/brasender.com.br\/noticias\/wp-content\/uploads\/2026\/03\/Site-Iguassu-News-tam-foto-2026-03-17T113445.153-rkn93vggjf4tlcb365dyxuyd3gxagiwrlszrxe7w4w.png","keywords":["proceso selectivo","refugiados","unila"],"articleSection":["Noticias"],"inLanguage":"pt-BR","potentialAction":[{"@type":"CommentAction","name":"Comment","target":["https:\/\/brasender.com.br\/noticias\/inscripciones-unila-refugiados-2026-brasil\/#respond"]}]},{"@type":"WebPage","@id":"https:\/\/brasender.com.br\/noticias\/inscripciones-unila-refugiados-2026-brasil\/","url":"https:\/\/brasender.com.br\/noticias\/inscripciones-unila-refugiados-2026-brasil\/","name":"C\u00f3mo inscribirte en la UNILA como refugiado en 2026","isPartOf":{"@id":"https:\/\/brasender.com.br\/noticias\/#website"},"primaryImageOfPage":{"@id":"https:\/\/brasender.com.br\/noticias\/inscripciones-unila-refugiados-2026-brasil\/#primaryimage"},"image":{"@id":"https:\/\/brasender.com.br\/noticias\/inscripciones-unila-refugiados-2026-brasil\/#primaryimage"},"thumbnailUrl":"https:\/\/brasender.com.br\/noticias\/wp-content\/uploads\/2026\/03\/Site-Iguassu-News-tam-foto-2026-03-17T113445.153-rkn93vggjf4tlcb365dyxuyd3gxagiwrlszrxe7w4w.png","datePublished":"2026-03-20T20:18:46+00:00","dateModified":"2026-03-20T20:20:12+00:00","description":"La UNILA abri\u00f3 inscripciones para personas refugiadas en 2026. Conoce requisitos, fechas, carreras y c\u00f3mo aplicar para estudiar en Brasil.","breadcrumb":{"@id":"https:\/\/brasender.com.br\/noticias\/inscripciones-unila-refugiados-2026-brasil\/#breadcrumb"},"inLanguage":"pt-BR","potentialAction":[{"@type":"ReadAction","target":["https:\/\/brasender.com.br\/noticias\/inscripciones-unila-refugiados-2026-brasil\/"]}]},{"@type":"ImageObject","inLanguage":"pt-BR","@id":"https:\/\/brasender.com.br\/noticias\/inscripciones-unila-refugiados-2026-brasil\/#primaryimage","url":"https:\/\/brasender.com.br\/noticias\/wp-content\/uploads\/2026\/03\/Site-Iguassu-News-tam-foto-2026-03-17T113445.153-rkn93vggjf4tlcb365dyxuyd3gxagiwrlszrxe7w4w.png","contentUrl":"https:\/\/brasender.com.br\/noticias\/wp-content\/uploads\/2026\/03\/Site-Iguassu-News-tam-foto-2026-03-17T113445.153-rkn93vggjf4tlcb365dyxuyd3gxagiwrlszrxe7w4w.png","width":900,"height":600},{"@type":"BreadcrumbList","@id":"https:\/\/brasender.com.br\/noticias\/inscripciones-unila-refugiados-2026-brasil\/#breadcrumb","itemListElement":[{"@type":"ListItem","position":1,"name":"In\u00edcio","item":"https:\/\/brasender.com.br\/noticias\/"},{"@type":"ListItem","position":2,"name":"Abren inscripciones en la Universidade Federal da Integra\u00e7\u00e3o Latino-Americana para refugiados 2026"}]},{"@type":"WebSite","@id":"https:\/\/brasender.com.br\/noticias\/#website","url":"https:\/\/brasender.com.br\/noticias\/","name":"Brasender Noticias","description":"Portal de Noticias Brasender","publisher":{"@id":"https:\/\/brasender.com.br\/noticias\/#organization"},"potentialAction":[{"@type":"SearchAction","target":{"@type":"EntryPoint","urlTemplate":"https:\/\/brasender.com.br\/noticias\/?s={search_term_string}"},"query-input":{"@type":"PropertyValueSpecification","valueRequired":true,"valueName":"search_term_string"}}],"inLanguage":"pt-BR"},{"@type":"Organization","@id":"https:\/\/brasender.com.br\/noticias\/#organization","name":"Brasender Noticias","url":"https:\/\/brasender.com.br\/noticias\/","logo":{"@type":"ImageObject","inLanguage":"pt-BR","@id":"https:\/\/brasender.com.br\/noticias\/#\/schema\/logo\/image\/","url":"https:\/\/brasender.com.br\/noticias\/wp-content\/uploads\/2022\/03\/Brasender-Noticias.png","contentUrl":"https:\/\/brasender.com.br\/noticias\/wp-content\/uploads\/2022\/03\/Brasender-Noticias.png","width":2048,"height":500,"caption":"Brasender Noticias"},"image":{"@id":"https:\/\/brasender.com.br\/noticias\/#\/schema\/logo\/image\/"},"sameAs":["https:\/\/www.facebook.com\/profile.php?id=61562137653202","https:\/\/www.instagram.com\/brasender\/"]},{"@type":"Person","@id":"https:\/\/brasender.com.br\/noticias\/#\/schema\/person\/dc36d7097eff7621e50aacab7e3931a8","name":"Jessica Puig Hern\u00e1ndez","image":{"@type":"ImageObject","inLanguage":"pt-BR","@id":"https:\/\/secure.gravatar.com\/avatar\/8e405255b6ec071038c9c5bbf6c9b2a95a011c4b1f8fe00bf515f9f1426314e8?s=96&d=mm&r=g","url":"https:\/\/secure.gravatar.com\/avatar\/8e405255b6ec071038c9c5bbf6c9b2a95a011c4b1f8fe00bf515f9f1426314e8?s=96&d=mm&r=g","contentUrl":"https:\/\/secure.gravatar.com\/avatar\/8e405255b6ec071038c9c5bbf6c9b2a95a011c4b1f8fe00bf515f9f1426314e8?s=96&d=mm&r=g","caption":"Jessica Puig Hern\u00e1ndez"},"url":"https:\/\/brasender.com.br\/noticias\/author\/jessica-puig\/"}]}},"_links":{"self":[{"href":"https:\/\/brasender.com.br\/noticias\/wp-json\/wp\/v2\/posts\/4107","targetHints":{"allow":["GET"]}}],"collection":[{"href":"https:\/\/brasender.com.br\/noticias\/wp-json\/wp\/v2\/posts"}],"about":[{"href":"https:\/\/brasender.com.br\/noticias\/wp-json\/wp\/v2\/types\/post"}],"author":[{"embeddable":true,"href":"https:\/\/brasender.com.br\/noticias\/wp-json\/wp\/v2\/users\/4"}],"replies":[{"embeddable":true,"href":"https:\/\/brasender.com.br\/noticias\/wp-json\/wp\/v2\/comments?post=4107"}],"version-history":[{"count":6,"href":"https:\/\/brasender.com.br\/noticias\/wp-json\/wp\/v2\/posts\/4107\/revisions"}],"predecessor-version":[{"id":4117,"href":"https:\/\/brasender.com.br\/noticias\/wp-json\/wp\/v2\/posts\/4107\/revisions\/4117"}],"wp:featuredmedia":[{"embeddable":true,"href":"https:\/\/brasender.com.br\/noticias\/wp-json\/wp\/v2\/media\/4109"}],"wp:attachment":[{"href":"https:\/\/brasender.com.br\/noticias\/wp-json\/wp\/v2\/media?parent=4107"}],"wp:term":[{"taxonomy":"category","embeddable":true,"href":"https:\/\/brasender.com.br\/noticias\/wp-json\/wp\/v2\/categories?post=4107"},{"taxonomy":"post_tag","embeddable":true,"href":"https:\/\/brasender.com.br\/noticias\/wp-json\/wp\/v2\/tags?post=4107"}],"curies":[{"name":"wp","href":"https:\/\/api.w.org\/{rel}","templated":true}]}}