{"id":4057,"date":"2026-03-09T21:10:36","date_gmt":"2026-03-10T00:10:36","guid":{"rendered":"https:\/\/brasender.com.br\/noticias\/?p=4057"},"modified":"2026-03-09T21:10:37","modified_gmt":"2026-03-10T00:10:37","slug":"el-chulo-mexico-deportacion-estados-unidos-empezaremos-de-cero","status":"publish","type":"post","link":"https:\/\/brasender.com.br\/noticias\/el-chulo-mexico-deportacion-estados-unidos-empezaremos-de-cero\/","title":{"rendered":"El Chulo habla desde M\u00e9xico tras su deportaci\u00f3n: \u201cEmpezaremos de cero\u201d"},"content":{"rendered":"\n<div style=\"height:2px\" aria-hidden=\"true\" class=\"wp-block-spacer\"><\/div>\n\n\n\n<p class=\"has-medium-font-size wp-block-paragraph\">El reguetonero cubano <strong>Abel D\u00edaz Rodr\u00edguez<\/strong>, conocido art\u00edsticamente como <strong>El Chulo<\/strong>, confirm\u00f3 que se encuentra en M\u00e9xico tras haber sido deportado recientemente desde Estados Unidos, poniendo fin a semanas de incertidumbre sobre su situaci\u00f3n migratoria.<\/p>\n\n\n\n<div style=\"height:2px\" aria-hidden=\"true\" class=\"wp-block-spacer\"><\/div>\n\n\n\n<p class=\"has-medium-font-size wp-block-paragraph\">El artista comparti\u00f3 la noticia a trav\u00e9s de una historia publicada en su cuenta de Instagram, donde agradeci\u00f3 al pa\u00eds azteca por la oportunidad de comenzar una nueva etapa tanto en su vida personal como en su carrera musical.<\/p>\n\n\n\n<div style=\"height:2px\" aria-hidden=\"true\" class=\"wp-block-spacer\"><\/div>\n\n\n\n<p class=\"has-medium-font-size wp-block-paragraph\">\u201cLo que no te mata te hace m\u00e1s fuerte. Viernes pr\u00f3ximo m\u00fasica nueva. Gracias M\u00e9xico por darle una nueva oportunidad a mi vida y mi carrera. Desde aqu\u00ed empezaremos de cero y desde aqu\u00ed construiremos con \u00e9xito una nueva historia. Dios es bueno\u201d, escribi\u00f3 el cantante en su mensaje a los seguidores.<\/p>\n\n\n\n<div style=\"height:2px\" aria-hidden=\"true\" class=\"wp-block-spacer\"><\/div>\n\n\n\n<p class=\"has-medium-font-size wp-block-paragraph\">La publicaci\u00f3n apareci\u00f3 pocos d\u00edas despu\u00e9s de que trascendiera que el int\u00e9rprete urbano hab\u00eda sido deportado por autoridades migratorias estadounidenses, tras enfrentar un proceso legal vinculado a una orden de expulsi\u00f3n pendiente desde a\u00f1os anteriores.<\/p>\n\n\n\n<div style=\"height:2px\" aria-hidden=\"true\" class=\"wp-block-spacer\"><\/div>\n\n\n\n<p class=\"has-medium-font-size wp-block-paragraph\">Las primeras se\u00f1ales de que El Chulo se encontraba en territorio mexicano surgieron cuando el propio artista public\u00f3 otra historia en redes sociales con una frase que gener\u00f3 especulaciones entre sus seguidores: \u201cQu\u00e9 rico est\u00e1 el DF. Viva M\u00e9xico\u201d, comentario que muchos interpretaron como una confirmaci\u00f3n indirecta de su llegada al pa\u00eds.<\/p>\n\n\n\n<div style=\"height:2px\" aria-hidden=\"true\" class=\"wp-block-spacer\"><\/div>\n\n\n\n<p class=\"has-medium-font-size wp-block-paragraph\">Posteriormente, varios creadores de contenido y usuarios de redes sociales difundieron im\u00e1genes que aparentemente mostraban al reguetonero en M\u00e9xico, lo que reforz\u00f3 las versiones sobre su presencia en ese pa\u00eds.<\/p>\n\n\n\n<div style=\"height:2px\" aria-hidden=\"true\" class=\"wp-block-spacer\"><\/div>\n\n\n\n<p class=\"has-medium-font-size wp-block-paragraph\">La deportaci\u00f3n del artista ocurri\u00f3 luego de que fuera detenido el <strong>22 de enero de 2026<\/strong> por agentes del Servicio de Inmigraci\u00f3n y Control de Aduanas de Estados Unidos (ICE), debido a una orden final de expulsi\u00f3n vinculada a un proceso judicial previo.<\/p>\n\n\n\n<div style=\"height:2px\" aria-hidden=\"true\" class=\"wp-block-spacer\"><\/div>\n\n\n\n<p class=\"has-medium-font-size wp-block-paragraph\">Seg\u00fan documentos judiciales citados en reportes sobre el caso, el cantante fue declarado culpable en 2017 de intento de asesinato en segundo grado y agresi\u00f3n agravada con un arma mortal en el \u00e1rea de Tampa, Florida. Como resultado de ese caso, un tribunal de inmigraci\u00f3n emiti\u00f3 en 2018 una orden definitiva de deportaci\u00f3n.<\/p>\n\n\n\n<div style=\"height:2px\" aria-hidden=\"true\" class=\"wp-block-spacer\"><\/div>\n\n\n\n<p class=\"has-medium-font-size wp-block-paragraph\">A pesar de esa orden, el m\u00fasico permaneci\u00f3 durante varios a\u00f1os en territorio estadounidense hasta que finalmente fue arrestado a inicios de 2026 y trasladado a un centro de detenci\u00f3n migratoria mientras se resolv\u00eda su situaci\u00f3n.<\/p>\n\n\n\n<div style=\"height:2px\" aria-hidden=\"true\" class=\"wp-block-spacer\"><\/div>\n\n\n\n<p class=\"has-medium-font-size wp-block-paragraph\">M\u00e9xico se ha convertido en los \u00faltimos tiempos en uno de los destinos a los que pueden ser enviados migrantes deportados desde Estados Unidos, en el marco de procedimientos migratorios y acuerdos regionales aplicados por las autoridades estadounidenses.<\/p>\n\n\n\n<div style=\"height:2px\" aria-hidden=\"true\" class=\"wp-block-spacer\"><\/div>\n\n\n\n<p class=\"has-medium-font-size wp-block-paragraph\">En su mensaje, El Chulo tambi\u00e9n adelant\u00f3 que planea continuar su carrera musical desde M\u00e9xico y anunci\u00f3 el lanzamiento de nueva m\u00fasica en los pr\u00f3ximos d\u00edas, lo que sugiere que buscar\u00e1 mantener su presencia dentro del g\u00e9nero urbano pese a los cambios en su situaci\u00f3n migratoria.<\/p>\n\n\n\n<div style=\"height:2px\" aria-hidden=\"true\" class=\"wp-block-spacer\"><\/div>\n\n\n\n<p class=\"has-medium-font-size wp-block-paragraph\">Durante los \u00faltimos a\u00f1os, el cantante logr\u00f3 consolidar una base de seguidores dentro de la comunidad cubana en el exilio, especialmente en Estados Unidos, donde desarroll\u00f3 buena parte de su carrera art\u00edstica reciente.<\/p>\n\n\n\n<div style=\"height:2px\" aria-hidden=\"true\" class=\"wp-block-spacer\"><\/div>\n\n\n\n<p class=\"has-medium-font-size wp-block-paragraph\">Por ahora, no est\u00e1 claro si su estancia en M\u00e9xico ser\u00e1 temporal o si el artista planea establecerse en el pa\u00eds a largo plazo. Lo que s\u00ed parece evidente es que, tras su salida de Estados Unidos, El Chulo busca iniciar una nueva etapa personal y profesional desde territorio mexicano.<\/p>\n","protected":false},"excerpt":{"rendered":"<p>El reguetonero cubano Abel D\u00edaz Rodr\u00edguez, conocido art\u00edsticamente como El Chulo, confirm\u00f3 que se encuentra en M\u00e9xico tras haber sido deportado recientemente desde Estados Unidos, poniendo fin a semanas de incertidumbre sobre su situaci\u00f3n migratoria. El artista comparti\u00f3 la noticia a trav\u00e9s de una historia publicada en su cuenta de Instagram, donde agradeci\u00f3 al pa\u00eds [&hellip;]<\/p>\n","protected":false},"author":4,"featured_media":4060,"comment_status":"open","ping_status":"open","sticky":false,"template":"","format":"standard","meta":{"_crdt_document":"","footnotes":""},"categories":[68],"tags":[225,223,224],"class_list":["post-4057","post","type-post","status-publish","format-standard","has-post-thumbnail","hentry","category-farandula","tag-artista","tag-deportacion","tag-elchulo"],"yoast_head":"<!-- This site is optimized with the Yoast SEO plugin v27.4 - https:\/\/yoast.com\/product\/yoast-seo-wordpress\/ -->\n<title>El Chulo confirma que est\u00e1 en M\u00e9xico tras su deportaci\u00f3n<\/title>\n<meta name=\"description\" content=\"El reguetonero cubano El Chulo confirm\u00f3 que se encuentra en M\u00e9xico tras su deportaci\u00f3n desde Estados Unidos.\" \/>\n<meta name=\"robots\" content=\"index, follow, max-snippet:-1, max-image-preview:large, max-video-preview:-1\" \/>\n<link rel=\"canonical\" href=\"https:\/\/brasender.com.br\/noticias\/el-chulo-mexico-deportacion-estados-unidos-empezaremos-de-cero\/\" \/>\n<meta property=\"og:locale\" content=\"pt_BR\" \/>\n<meta property=\"og:type\" content=\"article\" \/>\n<meta property=\"og:title\" content=\"El Chulo confirma que est\u00e1 en M\u00e9xico tras su deportaci\u00f3n\" \/>\n<meta property=\"og:description\" content=\"El reguetonero cubano El Chulo confirm\u00f3 que se encuentra en M\u00e9xico tras su deportaci\u00f3n desde Estados Unidos.\" \/>\n<meta property=\"og:url\" content=\"https:\/\/brasender.com.br\/noticias\/el-chulo-mexico-deportacion-estados-unidos-empezaremos-de-cero\/\" \/>\n<meta property=\"og:site_name\" content=\"Brasender Noticias\" \/>\n<meta property=\"article:publisher\" content=\"https:\/\/www.facebook.com\/profile.php?id=61562137653202\" \/>\n<meta property=\"article:published_time\" content=\"2026-03-10T00:10:36+00:00\" \/>\n<meta property=\"article:modified_time\" content=\"2026-03-10T00:10:37+00:00\" \/>\n<meta property=\"og:image\" content=\"https:\/\/brasender.com.br\/noticias\/wp-content\/uploads\/2026\/03\/El-Chulo-2-1024x512-1.jpg\" \/>\n\t<meta property=\"og:image:width\" content=\"1024\" \/>\n\t<meta property=\"og:image:height\" content=\"512\" \/>\n\t<meta property=\"og:image:type\" content=\"image\/jpeg\" \/>\n<meta name=\"author\" content=\"Jessica Puig Hern\u00e1ndez\" \/>\n<meta name=\"twitter:card\" content=\"summary_large_image\" \/>\n<meta name=\"twitter:label1\" content=\"Escrito por\" \/>\n\t<meta name=\"twitter:data1\" content=\"Jessica Puig Hern\u00e1ndez\" \/>\n\t<meta name=\"twitter:label2\" content=\"Est. tempo de leitura\" \/>\n\t<meta name=\"twitter:data2\" content=\"3 minutos\" \/>\n<script type=\"application\/ld+json\" class=\"yoast-schema-graph\">{\"@context\":\"https:\\\/\\\/schema.org\",\"@graph\":[{\"@type\":\"Article\",\"@id\":\"https:\\\/\\\/brasender.com.br\\\/noticias\\\/el-chulo-mexico-deportacion-estados-unidos-empezaremos-de-cero\\\/#article\",\"isPartOf\":{\"@id\":\"https:\\\/\\\/brasender.com.br\\\/noticias\\\/el-chulo-mexico-deportacion-estados-unidos-empezaremos-de-cero\\\/\"},\"author\":{\"name\":\"Jessica Puig Hern\u00e1ndez\",\"@id\":\"https:\\\/\\\/brasender.com.br\\\/noticias\\\/#\\\/schema\\\/person\\\/dc36d7097eff7621e50aacab7e3931a8\"},\"headline\":\"El Chulo habla desde M\u00e9xico tras su deportaci\u00f3n: \u201cEmpezaremos de cero\u201d\",\"datePublished\":\"2026-03-10T00:10:36+00:00\",\"dateModified\":\"2026-03-10T00:10:37+00:00\",\"mainEntityOfPage\":{\"@id\":\"https:\\\/\\\/brasender.com.br\\\/noticias\\\/el-chulo-mexico-deportacion-estados-unidos-empezaremos-de-cero\\\/\"},\"wordCount\":599,\"commentCount\":0,\"publisher\":{\"@id\":\"https:\\\/\\\/brasender.com.br\\\/noticias\\\/#organization\"},\"image\":{\"@id\":\"https:\\\/\\\/brasender.com.br\\\/noticias\\\/el-chulo-mexico-deportacion-estados-unidos-empezaremos-de-cero\\\/#primaryimage\"},\"thumbnailUrl\":\"https:\\\/\\\/brasender.com.br\\\/noticias\\\/wp-content\\\/uploads\\\/2026\\\/03\\\/El-Chulo-2-1024x512-1.jpg\",\"keywords\":[\"artista\",\"deportacion\",\"elchulo\"],\"articleSection\":[\"Far\u00e1ndula\"],\"inLanguage\":\"pt-BR\",\"potentialAction\":[{\"@type\":\"CommentAction\",\"name\":\"Comment\",\"target\":[\"https:\\\/\\\/brasender.com.br\\\/noticias\\\/el-chulo-mexico-deportacion-estados-unidos-empezaremos-de-cero\\\/#respond\"]}]},{\"@type\":\"WebPage\",\"@id\":\"https:\\\/\\\/brasender.com.br\\\/noticias\\\/el-chulo-mexico-deportacion-estados-unidos-empezaremos-de-cero\\\/\",\"url\":\"https:\\\/\\\/brasender.com.br\\\/noticias\\\/el-chulo-mexico-deportacion-estados-unidos-empezaremos-de-cero\\\/\",\"name\":\"El Chulo confirma que est\u00e1 en M\u00e9xico tras su deportaci\u00f3n\",\"isPartOf\":{\"@id\":\"https:\\\/\\\/brasender.com.br\\\/noticias\\\/#website\"},\"primaryImageOfPage\":{\"@id\":\"https:\\\/\\\/brasender.com.br\\\/noticias\\\/el-chulo-mexico-deportacion-estados-unidos-empezaremos-de-cero\\\/#primaryimage\"},\"image\":{\"@id\":\"https:\\\/\\\/brasender.com.br\\\/noticias\\\/el-chulo-mexico-deportacion-estados-unidos-empezaremos-de-cero\\\/#primaryimage\"},\"thumbnailUrl\":\"https:\\\/\\\/brasender.com.br\\\/noticias\\\/wp-content\\\/uploads\\\/2026\\\/03\\\/El-Chulo-2-1024x512-1.jpg\",\"datePublished\":\"2026-03-10T00:10:36+00:00\",\"dateModified\":\"2026-03-10T00:10:37+00:00\",\"description\":\"El reguetonero cubano El Chulo confirm\u00f3 que se encuentra en M\u00e9xico tras su deportaci\u00f3n desde Estados Unidos.\",\"breadcrumb\":{\"@id\":\"https:\\\/\\\/brasender.com.br\\\/noticias\\\/el-chulo-mexico-deportacion-estados-unidos-empezaremos-de-cero\\\/#breadcrumb\"},\"inLanguage\":\"pt-BR\",\"potentialAction\":[{\"@type\":\"ReadAction\",\"target\":[\"https:\\\/\\\/brasender.com.br\\\/noticias\\\/el-chulo-mexico-deportacion-estados-unidos-empezaremos-de-cero\\\/\"]}]},{\"@type\":\"ImageObject\",\"inLanguage\":\"pt-BR\",\"@id\":\"https:\\\/\\\/brasender.com.br\\\/noticias\\\/el-chulo-mexico-deportacion-estados-unidos-empezaremos-de-cero\\\/#primaryimage\",\"url\":\"https:\\\/\\\/brasender.com.br\\\/noticias\\\/wp-content\\\/uploads\\\/2026\\\/03\\\/El-Chulo-2-1024x512-1.jpg\",\"contentUrl\":\"https:\\\/\\\/brasender.com.br\\\/noticias\\\/wp-content\\\/uploads\\\/2026\\\/03\\\/El-Chulo-2-1024x512-1.jpg\",\"width\":1024,\"height\":512},{\"@type\":\"BreadcrumbList\",\"@id\":\"https:\\\/\\\/brasender.com.br\\\/noticias\\\/el-chulo-mexico-deportacion-estados-unidos-empezaremos-de-cero\\\/#breadcrumb\",\"itemListElement\":[{\"@type\":\"ListItem\",\"position\":1,\"name\":\"In\u00edcio\",\"item\":\"https:\\\/\\\/brasender.com.br\\\/noticias\\\/\"},{\"@type\":\"ListItem\",\"position\":2,\"name\":\"El Chulo habla desde M\u00e9xico tras su deportaci\u00f3n: \u201cEmpezaremos de cero\u201d\"}]},{\"@type\":\"WebSite\",\"@id\":\"https:\\\/\\\/brasender.com.br\\\/noticias\\\/#website\",\"url\":\"https:\\\/\\\/brasender.com.br\\\/noticias\\\/\",\"name\":\"Brasender Noticias\",\"description\":\"Portal de Noticias Brasender\",\"publisher\":{\"@id\":\"https:\\\/\\\/brasender.com.br\\\/noticias\\\/#organization\"},\"potentialAction\":[{\"@type\":\"SearchAction\",\"target\":{\"@type\":\"EntryPoint\",\"urlTemplate\":\"https:\\\/\\\/brasender.com.br\\\/noticias\\\/?s={search_term_string}\"},\"query-input\":{\"@type\":\"PropertyValueSpecification\",\"valueRequired\":true,\"valueName\":\"search_term_string\"}}],\"inLanguage\":\"pt-BR\"},{\"@type\":\"Organization\",\"@id\":\"https:\\\/\\\/brasender.com.br\\\/noticias\\\/#organization\",\"name\":\"Brasender Noticias\",\"url\":\"https:\\\/\\\/brasender.com.br\\\/noticias\\\/\",\"logo\":{\"@type\":\"ImageObject\",\"inLanguage\":\"pt-BR\",\"@id\":\"https:\\\/\\\/brasender.com.br\\\/noticias\\\/#\\\/schema\\\/logo\\\/image\\\/\",\"url\":\"https:\\\/\\\/brasender.com.br\\\/noticias\\\/wp-content\\\/uploads\\\/2022\\\/03\\\/Brasender-Noticias.png\",\"contentUrl\":\"https:\\\/\\\/brasender.com.br\\\/noticias\\\/wp-content\\\/uploads\\\/2022\\\/03\\\/Brasender-Noticias.png\",\"width\":2048,\"height\":500,\"caption\":\"Brasender Noticias\"},\"image\":{\"@id\":\"https:\\\/\\\/brasender.com.br\\\/noticias\\\/#\\\/schema\\\/logo\\\/image\\\/\"},\"sameAs\":[\"https:\\\/\\\/www.facebook.com\\\/profile.php?id=61562137653202\",\"https:\\\/\\\/www.instagram.com\\\/brasender\\\/\"]},{\"@type\":\"Person\",\"@id\":\"https:\\\/\\\/brasender.com.br\\\/noticias\\\/#\\\/schema\\\/person\\\/dc36d7097eff7621e50aacab7e3931a8\",\"name\":\"Jessica Puig Hern\u00e1ndez\",\"image\":{\"@type\":\"ImageObject\",\"inLanguage\":\"pt-BR\",\"@id\":\"https:\\\/\\\/secure.gravatar.com\\\/avatar\\\/8e405255b6ec071038c9c5bbf6c9b2a95a011c4b1f8fe00bf515f9f1426314e8?s=96&d=mm&r=g\",\"url\":\"https:\\\/\\\/secure.gravatar.com\\\/avatar\\\/8e405255b6ec071038c9c5bbf6c9b2a95a011c4b1f8fe00bf515f9f1426314e8?s=96&d=mm&r=g\",\"contentUrl\":\"https:\\\/\\\/secure.gravatar.com\\\/avatar\\\/8e405255b6ec071038c9c5bbf6c9b2a95a011c4b1f8fe00bf515f9f1426314e8?s=96&d=mm&r=g\",\"caption\":\"Jessica Puig Hern\u00e1ndez\"},\"url\":\"https:\\\/\\\/brasender.com.br\\\/noticias\\\/author\\\/jessica-puig\\\/\"}]}<\/script>\n<!-- \/ Yoast SEO plugin. -->","yoast_head_json":{"title":"El Chulo confirma que est\u00e1 en M\u00e9xico tras su deportaci\u00f3n","description":"El reguetonero cubano El Chulo confirm\u00f3 que se encuentra en M\u00e9xico tras su deportaci\u00f3n desde Estados Unidos.","robots":{"index":"index","follow":"follow","max-snippet":"max-snippet:-1","max-image-preview":"max-image-preview:large","max-video-preview":"max-video-preview:-1"},"canonical":"https:\/\/brasender.com.br\/noticias\/el-chulo-mexico-deportacion-estados-unidos-empezaremos-de-cero\/","og_locale":"pt_BR","og_type":"article","og_title":"El Chulo confirma que est\u00e1 en M\u00e9xico tras su deportaci\u00f3n","og_description":"El reguetonero cubano El Chulo confirm\u00f3 que se encuentra en M\u00e9xico tras su deportaci\u00f3n desde Estados Unidos.","og_url":"https:\/\/brasender.com.br\/noticias\/el-chulo-mexico-deportacion-estados-unidos-empezaremos-de-cero\/","og_site_name":"Brasender Noticias","article_publisher":"https:\/\/www.facebook.com\/profile.php?id=61562137653202","article_published_time":"2026-03-10T00:10:36+00:00","article_modified_time":"2026-03-10T00:10:37+00:00","og_image":[{"width":1024,"height":512,"url":"https:\/\/brasender.com.br\/noticias\/wp-content\/uploads\/2026\/03\/El-Chulo-2-1024x512-1.jpg","type":"image\/jpeg"}],"author":"Jessica Puig Hern\u00e1ndez","twitter_card":"summary_large_image","twitter_misc":{"Escrito por":"Jessica Puig Hern\u00e1ndez","Est. tempo de leitura":"3 minutos"},"schema":{"@context":"https:\/\/schema.org","@graph":[{"@type":"Article","@id":"https:\/\/brasender.com.br\/noticias\/el-chulo-mexico-deportacion-estados-unidos-empezaremos-de-cero\/#article","isPartOf":{"@id":"https:\/\/brasender.com.br\/noticias\/el-chulo-mexico-deportacion-estados-unidos-empezaremos-de-cero\/"},"author":{"name":"Jessica Puig Hern\u00e1ndez","@id":"https:\/\/brasender.com.br\/noticias\/#\/schema\/person\/dc36d7097eff7621e50aacab7e3931a8"},"headline":"El Chulo habla desde M\u00e9xico tras su deportaci\u00f3n: \u201cEmpezaremos de cero\u201d","datePublished":"2026-03-10T00:10:36+00:00","dateModified":"2026-03-10T00:10:37+00:00","mainEntityOfPage":{"@id":"https:\/\/brasender.com.br\/noticias\/el-chulo-mexico-deportacion-estados-unidos-empezaremos-de-cero\/"},"wordCount":599,"commentCount":0,"publisher":{"@id":"https:\/\/brasender.com.br\/noticias\/#organization"},"image":{"@id":"https:\/\/brasender.com.br\/noticias\/el-chulo-mexico-deportacion-estados-unidos-empezaremos-de-cero\/#primaryimage"},"thumbnailUrl":"https:\/\/brasender.com.br\/noticias\/wp-content\/uploads\/2026\/03\/El-Chulo-2-1024x512-1.jpg","keywords":["artista","deportacion","elchulo"],"articleSection":["Far\u00e1ndula"],"inLanguage":"pt-BR","potentialAction":[{"@type":"CommentAction","name":"Comment","target":["https:\/\/brasender.com.br\/noticias\/el-chulo-mexico-deportacion-estados-unidos-empezaremos-de-cero\/#respond"]}]},{"@type":"WebPage","@id":"https:\/\/brasender.com.br\/noticias\/el-chulo-mexico-deportacion-estados-unidos-empezaremos-de-cero\/","url":"https:\/\/brasender.com.br\/noticias\/el-chulo-mexico-deportacion-estados-unidos-empezaremos-de-cero\/","name":"El Chulo confirma que est\u00e1 en M\u00e9xico tras su deportaci\u00f3n","isPartOf":{"@id":"https:\/\/brasender.com.br\/noticias\/#website"},"primaryImageOfPage":{"@id":"https:\/\/brasender.com.br\/noticias\/el-chulo-mexico-deportacion-estados-unidos-empezaremos-de-cero\/#primaryimage"},"image":{"@id":"https:\/\/brasender.com.br\/noticias\/el-chulo-mexico-deportacion-estados-unidos-empezaremos-de-cero\/#primaryimage"},"thumbnailUrl":"https:\/\/brasender.com.br\/noticias\/wp-content\/uploads\/2026\/03\/El-Chulo-2-1024x512-1.jpg","datePublished":"2026-03-10T00:10:36+00:00","dateModified":"2026-03-10T00:10:37+00:00","description":"El reguetonero cubano El Chulo confirm\u00f3 que se encuentra en M\u00e9xico tras su deportaci\u00f3n desde Estados Unidos.","breadcrumb":{"@id":"https:\/\/brasender.com.br\/noticias\/el-chulo-mexico-deportacion-estados-unidos-empezaremos-de-cero\/#breadcrumb"},"inLanguage":"pt-BR","potentialAction":[{"@type":"ReadAction","target":["https:\/\/brasender.com.br\/noticias\/el-chulo-mexico-deportacion-estados-unidos-empezaremos-de-cero\/"]}]},{"@type":"ImageObject","inLanguage":"pt-BR","@id":"https:\/\/brasender.com.br\/noticias\/el-chulo-mexico-deportacion-estados-unidos-empezaremos-de-cero\/#primaryimage","url":"https:\/\/brasender.com.br\/noticias\/wp-content\/uploads\/2026\/03\/El-Chulo-2-1024x512-1.jpg","contentUrl":"https:\/\/brasender.com.br\/noticias\/wp-content\/uploads\/2026\/03\/El-Chulo-2-1024x512-1.jpg","width":1024,"height":512},{"@type":"BreadcrumbList","@id":"https:\/\/brasender.com.br\/noticias\/el-chulo-mexico-deportacion-estados-unidos-empezaremos-de-cero\/#breadcrumb","itemListElement":[{"@type":"ListItem","position":1,"name":"In\u00edcio","item":"https:\/\/brasender.com.br\/noticias\/"},{"@type":"ListItem","position":2,"name":"El Chulo habla desde M\u00e9xico tras su deportaci\u00f3n: \u201cEmpezaremos de cero\u201d"}]},{"@type":"WebSite","@id":"https:\/\/brasender.com.br\/noticias\/#website","url":"https:\/\/brasender.com.br\/noticias\/","name":"Brasender Noticias","description":"Portal de Noticias Brasender","publisher":{"@id":"https:\/\/brasender.com.br\/noticias\/#organization"},"potentialAction":[{"@type":"SearchAction","target":{"@type":"EntryPoint","urlTemplate":"https:\/\/brasender.com.br\/noticias\/?s={search_term_string}"},"query-input":{"@type":"PropertyValueSpecification","valueRequired":true,"valueName":"search_term_string"}}],"inLanguage":"pt-BR"},{"@type":"Organization","@id":"https:\/\/brasender.com.br\/noticias\/#organization","name":"Brasender Noticias","url":"https:\/\/brasender.com.br\/noticias\/","logo":{"@type":"ImageObject","inLanguage":"pt-BR","@id":"https:\/\/brasender.com.br\/noticias\/#\/schema\/logo\/image\/","url":"https:\/\/brasender.com.br\/noticias\/wp-content\/uploads\/2022\/03\/Brasender-Noticias.png","contentUrl":"https:\/\/brasender.com.br\/noticias\/wp-content\/uploads\/2022\/03\/Brasender-Noticias.png","width":2048,"height":500,"caption":"Brasender Noticias"},"image":{"@id":"https:\/\/brasender.com.br\/noticias\/#\/schema\/logo\/image\/"},"sameAs":["https:\/\/www.facebook.com\/profile.php?id=61562137653202","https:\/\/www.instagram.com\/brasender\/"]},{"@type":"Person","@id":"https:\/\/brasender.com.br\/noticias\/#\/schema\/person\/dc36d7097eff7621e50aacab7e3931a8","name":"Jessica Puig Hern\u00e1ndez","image":{"@type":"ImageObject","inLanguage":"pt-BR","@id":"https:\/\/secure.gravatar.com\/avatar\/8e405255b6ec071038c9c5bbf6c9b2a95a011c4b1f8fe00bf515f9f1426314e8?s=96&d=mm&r=g","url":"https:\/\/secure.gravatar.com\/avatar\/8e405255b6ec071038c9c5bbf6c9b2a95a011c4b1f8fe00bf515f9f1426314e8?s=96&d=mm&r=g","contentUrl":"https:\/\/secure.gravatar.com\/avatar\/8e405255b6ec071038c9c5bbf6c9b2a95a011c4b1f8fe00bf515f9f1426314e8?s=96&d=mm&r=g","caption":"Jessica Puig Hern\u00e1ndez"},"url":"https:\/\/brasender.com.br\/noticias\/author\/jessica-puig\/"}]}},"_links":{"self":[{"href":"https:\/\/brasender.com.br\/noticias\/wp-json\/wp\/v2\/posts\/4057","targetHints":{"allow":["GET"]}}],"collection":[{"href":"https:\/\/brasender.com.br\/noticias\/wp-json\/wp\/v2\/posts"}],"about":[{"href":"https:\/\/brasender.com.br\/noticias\/wp-json\/wp\/v2\/types\/post"}],"author":[{"embeddable":true,"href":"https:\/\/brasender.com.br\/noticias\/wp-json\/wp\/v2\/users\/4"}],"replies":[{"embeddable":true,"href":"https:\/\/brasender.com.br\/noticias\/wp-json\/wp\/v2\/comments?post=4057"}],"version-history":[{"count":2,"href":"https:\/\/brasender.com.br\/noticias\/wp-json\/wp\/v2\/posts\/4057\/revisions"}],"predecessor-version":[{"id":4059,"href":"https:\/\/brasender.com.br\/noticias\/wp-json\/wp\/v2\/posts\/4057\/revisions\/4059"}],"wp:featuredmedia":[{"embeddable":true,"href":"https:\/\/brasender.com.br\/noticias\/wp-json\/wp\/v2\/media\/4060"}],"wp:attachment":[{"href":"https:\/\/brasender.com.br\/noticias\/wp-json\/wp\/v2\/media?parent=4057"}],"wp:term":[{"taxonomy":"category","embeddable":true,"href":"https:\/\/brasender.com.br\/noticias\/wp-json\/wp\/v2\/categories?post=4057"},{"taxonomy":"post_tag","embeddable":true,"href":"https:\/\/brasender.com.br\/noticias\/wp-json\/wp\/v2\/tags?post=4057"}],"curies":[{"name":"wp","href":"https:\/\/api.w.org\/{rel}","templated":true}]}}