{"id":3963,"date":"2026-02-22T12:49:44","date_gmt":"2026-02-22T15:49:44","guid":{"rendered":"https:\/\/brasender.com.br\/noticias\/?p=3963"},"modified":"2026-02-22T12:49:44","modified_gmt":"2026-02-22T15:49:44","slug":"fallece-willie-colon-leyenda-salsa","status":"publish","type":"post","link":"https:\/\/brasender.com.br\/noticias\/fallece-willie-colon-leyenda-salsa\/","title":{"rendered":"Fallece Willie Col\u00f3n, leyenda de la salsa, a los 75 a\u00f1os"},"content":{"rendered":"\n<div style=\"height:2px\" aria-hidden=\"true\" class=\"wp-block-spacer\"><\/div>\n\n\n\n<p class=\"has-medium-font-size wp-block-paragraph\">El m\u00fasico <strong>Willie Col\u00f3n<\/strong>, considerado una de las figuras m\u00e1s influyentes en la historia de la salsa, falleci\u00f3 este <strong>21 de febrero de 2026 a los 75 a\u00f1os<\/strong>, confirm\u00f3 su familia en un comunicado difundido en redes sociales, donde afirmaron que parti\u00f3 <strong>rodeado de sus seres queridos y en paz<\/strong>.<\/p>\n\n\n\n<div style=\"height:2px\" aria-hidden=\"true\" class=\"wp-block-spacer\"><\/div>\n\n\n\n<p class=\"has-medium-font-size wp-block-paragraph\">Col\u00f3n, nacido en el <strong>Bronx, Nueva York<\/strong>, de padres puertorrique\u00f1os, fue un <strong>trombonista, cantante, compositor y productor<\/strong> que ayud\u00f3 a definir el sonido de la salsa urbana desde finales de los a\u00f1os 60, sobre todo a trav\u00e9s de su trabajo con <strong>Fania Records<\/strong>.<\/p>\n\n\n\n<div style=\"height:2px\" aria-hidden=\"true\" class=\"wp-block-spacer\"><\/div>\n\n\n\n<p class=\"has-medium-font-size wp-block-paragraph\">A lo largo de su carrera, fue pionero en colocar el tromb\u00f3n como elemento central del g\u00e9nero y colabor\u00f3 con artistas ic\u00f3nicos como <strong>H\u00e9ctor Lavoe<\/strong> y <strong>Rub\u00e9n Blades<\/strong>, con quienes cre\u00f3 \u00e1lbumes legendarios que marcaron un antes y un despu\u00e9s en la m\u00fasica latina.<\/p>\n\n\n\n<div style=\"height:2px\" aria-hidden=\"true\" class=\"wp-block-spacer\"><\/div>\n\n\n\n<p class=\"has-medium-font-size wp-block-paragraph\">Su influencia se extendi\u00f3 a varias generaciones de m\u00fasicos y fan\u00e1ticos, convirti\u00e9ndose en un s\u00edmbolo de la identidad latina y de la m\u00fasica caribe\u00f1a a nivel mundial, lo que provoc\u00f3 homenajes de figuras destacadas del medio musical tras conocerse la noticia de su fallecimiento<\/p>\n","protected":false},"excerpt":{"rendered":"<p>El m\u00fasico Willie Col\u00f3n, considerado una de las figuras m\u00e1s influyentes en la historia de la salsa, falleci\u00f3 este 21 de febrero de 2026 a los 75 a\u00f1os, confirm\u00f3 su familia en un comunicado difundido en redes sociales, donde afirmaron que parti\u00f3 rodeado de sus seres queridos y en paz. Col\u00f3n, nacido en el Bronx, [&hellip;]<\/p>\n","protected":false},"author":4,"featured_media":3965,"comment_status":"open","ping_status":"open","sticky":false,"template":"","format":"standard","meta":{"_crdt_document":"","footnotes":""},"categories":[69],"tags":[199,197,198],"class_list":["post-3963","post","type-post","status-publish","format-standard","has-post-thumbnail","hentry","category-noticias","tag-leyenda","tag-salsero-cubano","tag-willie-colon"],"yoast_head":"<!-- This site is optimized with the Yoast SEO plugin v27.4 - https:\/\/yoast.com\/product\/yoast-seo-wordpress\/ -->\n<title>Leyenda musical Willie Col\u00f3n, muri\u00f3 a los 75 a\u00f1os<\/title>\n<meta name=\"description\" content=\"El trombonista, cantante y compositor Willie Col\u00f3n muri\u00f3 a los 75 a\u00f1os, dejando un profundo legado en el g\u00e9nero de la salsa a nivel mundial.\" \/>\n<meta name=\"robots\" content=\"index, follow, max-snippet:-1, max-image-preview:large, max-video-preview:-1\" \/>\n<link rel=\"canonical\" href=\"https:\/\/brasender.com.br\/noticias\/fallece-willie-colon-leyenda-salsa\/\" \/>\n<meta property=\"og:locale\" content=\"pt_BR\" \/>\n<meta property=\"og:type\" content=\"article\" \/>\n<meta property=\"og:title\" content=\"Leyenda musical Willie Col\u00f3n, muri\u00f3 a los 75 a\u00f1os\" \/>\n<meta property=\"og:description\" content=\"El trombonista, cantante y compositor Willie Col\u00f3n muri\u00f3 a los 75 a\u00f1os, dejando un profundo legado en el g\u00e9nero de la salsa a nivel mundial.\" \/>\n<meta property=\"og:url\" content=\"https:\/\/brasender.com.br\/noticias\/fallece-willie-colon-leyenda-salsa\/\" \/>\n<meta property=\"og:site_name\" content=\"Brasender Noticias\" \/>\n<meta property=\"article:publisher\" content=\"https:\/\/www.facebook.com\/profile.php?id=61562137653202\" \/>\n<meta property=\"article:published_time\" content=\"2026-02-22T15:49:44+00:00\" \/>\n<meta property=\"og:image\" content=\"https:\/\/brasender.com.br\/noticias\/wp-content\/uploads\/2026\/02\/1771702226-fallece-willie-colon-leyenda-salsa.jpg\" \/>\n\t<meta property=\"og:image:width\" content=\"1200\" \/>\n\t<meta property=\"og:image:height\" content=\"630\" \/>\n\t<meta property=\"og:image:type\" content=\"image\/jpeg\" \/>\n<meta name=\"author\" content=\"Jessica Puig Hern\u00e1ndez\" \/>\n<meta name=\"twitter:card\" content=\"summary_large_image\" \/>\n<meta name=\"twitter:label1\" content=\"Escrito por\" \/>\n\t<meta name=\"twitter:data1\" content=\"Jessica Puig Hern\u00e1ndez\" \/>\n\t<meta name=\"twitter:label2\" content=\"Est. tempo de leitura\" \/>\n\t<meta name=\"twitter:data2\" content=\"2 minutos\" \/>\n<script type=\"application\/ld+json\" class=\"yoast-schema-graph\">{\"@context\":\"https:\\\/\\\/schema.org\",\"@graph\":[{\"@type\":\"Article\",\"@id\":\"https:\\\/\\\/brasender.com.br\\\/noticias\\\/fallece-willie-colon-leyenda-salsa\\\/#article\",\"isPartOf\":{\"@id\":\"https:\\\/\\\/brasender.com.br\\\/noticias\\\/fallece-willie-colon-leyenda-salsa\\\/\"},\"author\":{\"name\":\"Jessica Puig Hern\u00e1ndez\",\"@id\":\"https:\\\/\\\/brasender.com.br\\\/noticias\\\/#\\\/schema\\\/person\\\/dc36d7097eff7621e50aacab7e3931a8\"},\"headline\":\"Fallece Willie Col\u00f3n, leyenda de la salsa, a los 75 a\u00f1os\",\"datePublished\":\"2026-02-22T15:49:44+00:00\",\"mainEntityOfPage\":{\"@id\":\"https:\\\/\\\/brasender.com.br\\\/noticias\\\/fallece-willie-colon-leyenda-salsa\\\/\"},\"wordCount\":210,\"commentCount\":0,\"publisher\":{\"@id\":\"https:\\\/\\\/brasender.com.br\\\/noticias\\\/#organization\"},\"image\":{\"@id\":\"https:\\\/\\\/brasender.com.br\\\/noticias\\\/fallece-willie-colon-leyenda-salsa\\\/#primaryimage\"},\"thumbnailUrl\":\"https:\\\/\\\/brasender.com.br\\\/noticias\\\/wp-content\\\/uploads\\\/2026\\\/02\\\/1771702226-fallece-willie-colon-leyenda-salsa.jpg\",\"keywords\":[\"leyenda\",\"salsero cubano\",\"willie colon\"],\"articleSection\":[\"Noticias\"],\"inLanguage\":\"pt-BR\",\"potentialAction\":[{\"@type\":\"CommentAction\",\"name\":\"Comment\",\"target\":[\"https:\\\/\\\/brasender.com.br\\\/noticias\\\/fallece-willie-colon-leyenda-salsa\\\/#respond\"]}]},{\"@type\":\"WebPage\",\"@id\":\"https:\\\/\\\/brasender.com.br\\\/noticias\\\/fallece-willie-colon-leyenda-salsa\\\/\",\"url\":\"https:\\\/\\\/brasender.com.br\\\/noticias\\\/fallece-willie-colon-leyenda-salsa\\\/\",\"name\":\"Leyenda musical Willie Col\u00f3n, muri\u00f3 a los 75 a\u00f1os\",\"isPartOf\":{\"@id\":\"https:\\\/\\\/brasender.com.br\\\/noticias\\\/#website\"},\"primaryImageOfPage\":{\"@id\":\"https:\\\/\\\/brasender.com.br\\\/noticias\\\/fallece-willie-colon-leyenda-salsa\\\/#primaryimage\"},\"image\":{\"@id\":\"https:\\\/\\\/brasender.com.br\\\/noticias\\\/fallece-willie-colon-leyenda-salsa\\\/#primaryimage\"},\"thumbnailUrl\":\"https:\\\/\\\/brasender.com.br\\\/noticias\\\/wp-content\\\/uploads\\\/2026\\\/02\\\/1771702226-fallece-willie-colon-leyenda-salsa.jpg\",\"datePublished\":\"2026-02-22T15:49:44+00:00\",\"description\":\"El trombonista, cantante y compositor Willie Col\u00f3n muri\u00f3 a los 75 a\u00f1os, dejando un profundo legado en el g\u00e9nero de la salsa a nivel mundial.\",\"breadcrumb\":{\"@id\":\"https:\\\/\\\/brasender.com.br\\\/noticias\\\/fallece-willie-colon-leyenda-salsa\\\/#breadcrumb\"},\"inLanguage\":\"pt-BR\",\"potentialAction\":[{\"@type\":\"ReadAction\",\"target\":[\"https:\\\/\\\/brasender.com.br\\\/noticias\\\/fallece-willie-colon-leyenda-salsa\\\/\"]}]},{\"@type\":\"ImageObject\",\"inLanguage\":\"pt-BR\",\"@id\":\"https:\\\/\\\/brasender.com.br\\\/noticias\\\/fallece-willie-colon-leyenda-salsa\\\/#primaryimage\",\"url\":\"https:\\\/\\\/brasender.com.br\\\/noticias\\\/wp-content\\\/uploads\\\/2026\\\/02\\\/1771702226-fallece-willie-colon-leyenda-salsa.jpg\",\"contentUrl\":\"https:\\\/\\\/brasender.com.br\\\/noticias\\\/wp-content\\\/uploads\\\/2026\\\/02\\\/1771702226-fallece-willie-colon-leyenda-salsa.jpg\",\"width\":1200,\"height\":630},{\"@type\":\"BreadcrumbList\",\"@id\":\"https:\\\/\\\/brasender.com.br\\\/noticias\\\/fallece-willie-colon-leyenda-salsa\\\/#breadcrumb\",\"itemListElement\":[{\"@type\":\"ListItem\",\"position\":1,\"name\":\"In\u00edcio\",\"item\":\"https:\\\/\\\/brasender.com.br\\\/noticias\\\/\"},{\"@type\":\"ListItem\",\"position\":2,\"name\":\"Fallece Willie Col\u00f3n, leyenda de la salsa, a los 75 a\u00f1os\"}]},{\"@type\":\"WebSite\",\"@id\":\"https:\\\/\\\/brasender.com.br\\\/noticias\\\/#website\",\"url\":\"https:\\\/\\\/brasender.com.br\\\/noticias\\\/\",\"name\":\"Brasender Noticias\",\"description\":\"Portal de Noticias Brasender\",\"publisher\":{\"@id\":\"https:\\\/\\\/brasender.com.br\\\/noticias\\\/#organization\"},\"potentialAction\":[{\"@type\":\"SearchAction\",\"target\":{\"@type\":\"EntryPoint\",\"urlTemplate\":\"https:\\\/\\\/brasender.com.br\\\/noticias\\\/?s={search_term_string}\"},\"query-input\":{\"@type\":\"PropertyValueSpecification\",\"valueRequired\":true,\"valueName\":\"search_term_string\"}}],\"inLanguage\":\"pt-BR\"},{\"@type\":\"Organization\",\"@id\":\"https:\\\/\\\/brasender.com.br\\\/noticias\\\/#organization\",\"name\":\"Brasender Noticias\",\"url\":\"https:\\\/\\\/brasender.com.br\\\/noticias\\\/\",\"logo\":{\"@type\":\"ImageObject\",\"inLanguage\":\"pt-BR\",\"@id\":\"https:\\\/\\\/brasender.com.br\\\/noticias\\\/#\\\/schema\\\/logo\\\/image\\\/\",\"url\":\"https:\\\/\\\/brasender.com.br\\\/noticias\\\/wp-content\\\/uploads\\\/2022\\\/03\\\/Brasender-Noticias.png\",\"contentUrl\":\"https:\\\/\\\/brasender.com.br\\\/noticias\\\/wp-content\\\/uploads\\\/2022\\\/03\\\/Brasender-Noticias.png\",\"width\":2048,\"height\":500,\"caption\":\"Brasender Noticias\"},\"image\":{\"@id\":\"https:\\\/\\\/brasender.com.br\\\/noticias\\\/#\\\/schema\\\/logo\\\/image\\\/\"},\"sameAs\":[\"https:\\\/\\\/www.facebook.com\\\/profile.php?id=61562137653202\",\"https:\\\/\\\/www.instagram.com\\\/brasender\\\/\"]},{\"@type\":\"Person\",\"@id\":\"https:\\\/\\\/brasender.com.br\\\/noticias\\\/#\\\/schema\\\/person\\\/dc36d7097eff7621e50aacab7e3931a8\",\"name\":\"Jessica Puig Hern\u00e1ndez\",\"image\":{\"@type\":\"ImageObject\",\"inLanguage\":\"pt-BR\",\"@id\":\"https:\\\/\\\/secure.gravatar.com\\\/avatar\\\/8e405255b6ec071038c9c5bbf6c9b2a95a011c4b1f8fe00bf515f9f1426314e8?s=96&d=mm&r=g\",\"url\":\"https:\\\/\\\/secure.gravatar.com\\\/avatar\\\/8e405255b6ec071038c9c5bbf6c9b2a95a011c4b1f8fe00bf515f9f1426314e8?s=96&d=mm&r=g\",\"contentUrl\":\"https:\\\/\\\/secure.gravatar.com\\\/avatar\\\/8e405255b6ec071038c9c5bbf6c9b2a95a011c4b1f8fe00bf515f9f1426314e8?s=96&d=mm&r=g\",\"caption\":\"Jessica Puig Hern\u00e1ndez\"},\"url\":\"https:\\\/\\\/brasender.com.br\\\/noticias\\\/author\\\/jessica-puig\\\/\"}]}<\/script>\n<!-- \/ Yoast SEO plugin. -->","yoast_head_json":{"title":"Leyenda musical Willie Col\u00f3n, muri\u00f3 a los 75 a\u00f1os","description":"El trombonista, cantante y compositor Willie Col\u00f3n muri\u00f3 a los 75 a\u00f1os, dejando un profundo legado en el g\u00e9nero de la salsa a nivel mundial.","robots":{"index":"index","follow":"follow","max-snippet":"max-snippet:-1","max-image-preview":"max-image-preview:large","max-video-preview":"max-video-preview:-1"},"canonical":"https:\/\/brasender.com.br\/noticias\/fallece-willie-colon-leyenda-salsa\/","og_locale":"pt_BR","og_type":"article","og_title":"Leyenda musical Willie Col\u00f3n, muri\u00f3 a los 75 a\u00f1os","og_description":"El trombonista, cantante y compositor Willie Col\u00f3n muri\u00f3 a los 75 a\u00f1os, dejando un profundo legado en el g\u00e9nero de la salsa a nivel mundial.","og_url":"https:\/\/brasender.com.br\/noticias\/fallece-willie-colon-leyenda-salsa\/","og_site_name":"Brasender Noticias","article_publisher":"https:\/\/www.facebook.com\/profile.php?id=61562137653202","article_published_time":"2026-02-22T15:49:44+00:00","og_image":[{"width":1200,"height":630,"url":"https:\/\/brasender.com.br\/noticias\/wp-content\/uploads\/2026\/02\/1771702226-fallece-willie-colon-leyenda-salsa.jpg","type":"image\/jpeg"}],"author":"Jessica Puig Hern\u00e1ndez","twitter_card":"summary_large_image","twitter_misc":{"Escrito por":"Jessica Puig Hern\u00e1ndez","Est. tempo de leitura":"2 minutos"},"schema":{"@context":"https:\/\/schema.org","@graph":[{"@type":"Article","@id":"https:\/\/brasender.com.br\/noticias\/fallece-willie-colon-leyenda-salsa\/#article","isPartOf":{"@id":"https:\/\/brasender.com.br\/noticias\/fallece-willie-colon-leyenda-salsa\/"},"author":{"name":"Jessica Puig Hern\u00e1ndez","@id":"https:\/\/brasender.com.br\/noticias\/#\/schema\/person\/dc36d7097eff7621e50aacab7e3931a8"},"headline":"Fallece Willie Col\u00f3n, leyenda de la salsa, a los 75 a\u00f1os","datePublished":"2026-02-22T15:49:44+00:00","mainEntityOfPage":{"@id":"https:\/\/brasender.com.br\/noticias\/fallece-willie-colon-leyenda-salsa\/"},"wordCount":210,"commentCount":0,"publisher":{"@id":"https:\/\/brasender.com.br\/noticias\/#organization"},"image":{"@id":"https:\/\/brasender.com.br\/noticias\/fallece-willie-colon-leyenda-salsa\/#primaryimage"},"thumbnailUrl":"https:\/\/brasender.com.br\/noticias\/wp-content\/uploads\/2026\/02\/1771702226-fallece-willie-colon-leyenda-salsa.jpg","keywords":["leyenda","salsero cubano","willie colon"],"articleSection":["Noticias"],"inLanguage":"pt-BR","potentialAction":[{"@type":"CommentAction","name":"Comment","target":["https:\/\/brasender.com.br\/noticias\/fallece-willie-colon-leyenda-salsa\/#respond"]}]},{"@type":"WebPage","@id":"https:\/\/brasender.com.br\/noticias\/fallece-willie-colon-leyenda-salsa\/","url":"https:\/\/brasender.com.br\/noticias\/fallece-willie-colon-leyenda-salsa\/","name":"Leyenda musical Willie Col\u00f3n, muri\u00f3 a los 75 a\u00f1os","isPartOf":{"@id":"https:\/\/brasender.com.br\/noticias\/#website"},"primaryImageOfPage":{"@id":"https:\/\/brasender.com.br\/noticias\/fallece-willie-colon-leyenda-salsa\/#primaryimage"},"image":{"@id":"https:\/\/brasender.com.br\/noticias\/fallece-willie-colon-leyenda-salsa\/#primaryimage"},"thumbnailUrl":"https:\/\/brasender.com.br\/noticias\/wp-content\/uploads\/2026\/02\/1771702226-fallece-willie-colon-leyenda-salsa.jpg","datePublished":"2026-02-22T15:49:44+00:00","description":"El trombonista, cantante y compositor Willie Col\u00f3n muri\u00f3 a los 75 a\u00f1os, dejando un profundo legado en el g\u00e9nero de la salsa a nivel mundial.","breadcrumb":{"@id":"https:\/\/brasender.com.br\/noticias\/fallece-willie-colon-leyenda-salsa\/#breadcrumb"},"inLanguage":"pt-BR","potentialAction":[{"@type":"ReadAction","target":["https:\/\/brasender.com.br\/noticias\/fallece-willie-colon-leyenda-salsa\/"]}]},{"@type":"ImageObject","inLanguage":"pt-BR","@id":"https:\/\/brasender.com.br\/noticias\/fallece-willie-colon-leyenda-salsa\/#primaryimage","url":"https:\/\/brasender.com.br\/noticias\/wp-content\/uploads\/2026\/02\/1771702226-fallece-willie-colon-leyenda-salsa.jpg","contentUrl":"https:\/\/brasender.com.br\/noticias\/wp-content\/uploads\/2026\/02\/1771702226-fallece-willie-colon-leyenda-salsa.jpg","width":1200,"height":630},{"@type":"BreadcrumbList","@id":"https:\/\/brasender.com.br\/noticias\/fallece-willie-colon-leyenda-salsa\/#breadcrumb","itemListElement":[{"@type":"ListItem","position":1,"name":"In\u00edcio","item":"https:\/\/brasender.com.br\/noticias\/"},{"@type":"ListItem","position":2,"name":"Fallece Willie Col\u00f3n, leyenda de la salsa, a los 75 a\u00f1os"}]},{"@type":"WebSite","@id":"https:\/\/brasender.com.br\/noticias\/#website","url":"https:\/\/brasender.com.br\/noticias\/","name":"Brasender Noticias","description":"Portal de Noticias Brasender","publisher":{"@id":"https:\/\/brasender.com.br\/noticias\/#organization"},"potentialAction":[{"@type":"SearchAction","target":{"@type":"EntryPoint","urlTemplate":"https:\/\/brasender.com.br\/noticias\/?s={search_term_string}"},"query-input":{"@type":"PropertyValueSpecification","valueRequired":true,"valueName":"search_term_string"}}],"inLanguage":"pt-BR"},{"@type":"Organization","@id":"https:\/\/brasender.com.br\/noticias\/#organization","name":"Brasender Noticias","url":"https:\/\/brasender.com.br\/noticias\/","logo":{"@type":"ImageObject","inLanguage":"pt-BR","@id":"https:\/\/brasender.com.br\/noticias\/#\/schema\/logo\/image\/","url":"https:\/\/brasender.com.br\/noticias\/wp-content\/uploads\/2022\/03\/Brasender-Noticias.png","contentUrl":"https:\/\/brasender.com.br\/noticias\/wp-content\/uploads\/2022\/03\/Brasender-Noticias.png","width":2048,"height":500,"caption":"Brasender Noticias"},"image":{"@id":"https:\/\/brasender.com.br\/noticias\/#\/schema\/logo\/image\/"},"sameAs":["https:\/\/www.facebook.com\/profile.php?id=61562137653202","https:\/\/www.instagram.com\/brasender\/"]},{"@type":"Person","@id":"https:\/\/brasender.com.br\/noticias\/#\/schema\/person\/dc36d7097eff7621e50aacab7e3931a8","name":"Jessica Puig Hern\u00e1ndez","image":{"@type":"ImageObject","inLanguage":"pt-BR","@id":"https:\/\/secure.gravatar.com\/avatar\/8e405255b6ec071038c9c5bbf6c9b2a95a011c4b1f8fe00bf515f9f1426314e8?s=96&d=mm&r=g","url":"https:\/\/secure.gravatar.com\/avatar\/8e405255b6ec071038c9c5bbf6c9b2a95a011c4b1f8fe00bf515f9f1426314e8?s=96&d=mm&r=g","contentUrl":"https:\/\/secure.gravatar.com\/avatar\/8e405255b6ec071038c9c5bbf6c9b2a95a011c4b1f8fe00bf515f9f1426314e8?s=96&d=mm&r=g","caption":"Jessica Puig Hern\u00e1ndez"},"url":"https:\/\/brasender.com.br\/noticias\/author\/jessica-puig\/"}]}},"_links":{"self":[{"href":"https:\/\/brasender.com.br\/noticias\/wp-json\/wp\/v2\/posts\/3963","targetHints":{"allow":["GET"]}}],"collection":[{"href":"https:\/\/brasender.com.br\/noticias\/wp-json\/wp\/v2\/posts"}],"about":[{"href":"https:\/\/brasender.com.br\/noticias\/wp-json\/wp\/v2\/types\/post"}],"author":[{"embeddable":true,"href":"https:\/\/brasender.com.br\/noticias\/wp-json\/wp\/v2\/users\/4"}],"replies":[{"embeddable":true,"href":"https:\/\/brasender.com.br\/noticias\/wp-json\/wp\/v2\/comments?post=3963"}],"version-history":[{"count":1,"href":"https:\/\/brasender.com.br\/noticias\/wp-json\/wp\/v2\/posts\/3963\/revisions"}],"predecessor-version":[{"id":3964,"href":"https:\/\/brasender.com.br\/noticias\/wp-json\/wp\/v2\/posts\/3963\/revisions\/3964"}],"wp:featuredmedia":[{"embeddable":true,"href":"https:\/\/brasender.com.br\/noticias\/wp-json\/wp\/v2\/media\/3965"}],"wp:attachment":[{"href":"https:\/\/brasender.com.br\/noticias\/wp-json\/wp\/v2\/media?parent=3963"}],"wp:term":[{"taxonomy":"category","embeddable":true,"href":"https:\/\/brasender.com.br\/noticias\/wp-json\/wp\/v2\/categories?post=3963"},{"taxonomy":"post_tag","embeddable":true,"href":"https:\/\/brasender.com.br\/noticias\/wp-json\/wp\/v2\/tags?post=3963"}],"curies":[{"name":"wp","href":"https:\/\/api.w.org\/{rel}","templated":true}]}}