{"id":3952,"date":"2026-02-19T08:03:19","date_gmt":"2026-02-19T11:03:19","guid":{"rendered":"https:\/\/brasender.com.br\/noticias\/?p=3952"},"modified":"2026-02-19T08:03:20","modified_gmt":"2026-02-19T11:03:20","slug":"turoperador-portugal-espana-suspende-paquetes-turisticos-cuba","status":"publish","type":"post","link":"https:\/\/brasender.com.br\/noticias\/turoperador-portugal-espana-suspende-paquetes-turisticos-cuba\/","title":{"rendered":"Turoperador de Portugal y Espa\u00f1a suspende venta de paquetes tur\u00edsticos a Cuba"},"content":{"rendered":"\n<div style=\"height:2px\" aria-hidden=\"true\" class=\"wp-block-spacer\"><\/div>\n\n\n\n<p class=\"has-medium-font-size wp-block-paragraph\">El <strong>turoperador Travelplan<\/strong>, una de las principales agencias de viajes mayoristas que opera en <strong>Espa\u00f1a y Portugal<\/strong>, anunci\u00f3 la <strong>suspensi\u00f3n de la venta de la mayor\u00eda de sus paquetes tur\u00edsticos con destino a Cuba<\/strong>, como respuesta a una <strong>ca\u00edda significativa en la demanda y problemas log\u00edsticos para mantener los servicios a la isla<\/strong>.<\/p>\n\n\n\n<div style=\"height:2px\" aria-hidden=\"true\" class=\"wp-block-spacer\"><\/div>\n\n\n\n<p class=\"has-medium-font-size wp-block-paragraph\">Constantino Pinto, director comercial de la operaci\u00f3n de giras del <strong>Grupo \u00c1voris<\/strong> \u2014propietario de Travelplan en Portugal\u2014 explic\u00f3 que la decisi\u00f3n se tom\u00f3 tras observar que <strong>cada vez menos clientes reservaban viajes a Cuba<\/strong>, lo que ha afectado la viabilidad de mantener programas tur\u00edsticos regulares hacia el pa\u00eds caribe\u00f1o.<\/p>\n\n\n\n<div style=\"height:2px\" aria-hidden=\"true\" class=\"wp-block-spacer\"><\/div>\n\n\n\n<p class=\"has-medium-font-size wp-block-paragraph\">El anuncio se da en un contexto m\u00e1s amplio de dificultades en el sector tur\u00edstico cubano debido a la <strong>crisis energ\u00e9tica y escasez de combustible<\/strong> que ha impactado vuelos, servicios y hoteles en la isla, reduciendo las opciones y la demanda de turistas internacionales.<\/p>\n","protected":false},"excerpt":{"rendered":"<p>El turoperador Travelplan, una de las principales agencias de viajes mayoristas que opera en Espa\u00f1a y Portugal, anunci\u00f3 la suspensi\u00f3n de la venta de la mayor\u00eda de sus paquetes tur\u00edsticos con destino a Cuba, como respuesta a una ca\u00edda significativa en la demanda y problemas log\u00edsticos para mantener los servicios a la isla. Constantino Pinto, [&hellip;]<\/p>\n","protected":false},"author":4,"featured_media":3953,"comment_status":"open","ping_status":"open","sticky":false,"template":"","format":"standard","meta":{"_crdt_document":"","footnotes":""},"categories":[66],"tags":[49,190,191],"class_list":["post-3952","post","type-post","status-publish","format-standard","has-post-thumbnail","hentry","category-migracion","tag-cuba","tag-paquetes-turisticos","tag-suspension"],"yoast_head":"<!-- This site is optimized with the Yoast SEO plugin v27.4 - https:\/\/yoast.com\/product\/yoast-seo-wordpress\/ -->\n<title>Travelplan frena ventas de viajes a Cuba por baja demanda<\/title>\n<meta name=\"description\" content=\"El turoperador internacional Travelplan suspendi\u00f3 la venta de viajes a Cuba por la menor afluencia de turistas y complicaciones operativas.\" \/>\n<meta name=\"robots\" content=\"index, follow, max-snippet:-1, max-image-preview:large, max-video-preview:-1\" \/>\n<link rel=\"canonical\" href=\"https:\/\/brasender.com.br\/noticias\/turoperador-portugal-espana-suspende-paquetes-turisticos-cuba\/\" \/>\n<meta property=\"og:locale\" content=\"pt_BR\" \/>\n<meta property=\"og:type\" content=\"article\" \/>\n<meta property=\"og:title\" content=\"Travelplan frena ventas de viajes a Cuba por baja demanda\" \/>\n<meta property=\"og:description\" content=\"El turoperador internacional Travelplan suspendi\u00f3 la venta de viajes a Cuba por la menor afluencia de turistas y complicaciones operativas.\" \/>\n<meta property=\"og:url\" content=\"https:\/\/brasender.com.br\/noticias\/turoperador-portugal-espana-suspende-paquetes-turisticos-cuba\/\" \/>\n<meta property=\"og:site_name\" content=\"Brasender Noticias\" \/>\n<meta property=\"article:publisher\" content=\"https:\/\/www.facebook.com\/profile.php?id=61562137653202\" \/>\n<meta property=\"article:published_time\" content=\"2026-02-19T11:03:19+00:00\" \/>\n<meta property=\"article:modified_time\" content=\"2026-02-19T11:03:20+00:00\" \/>\n<meta property=\"og:image\" content=\"https:\/\/brasender.com.br\/noticias\/wp-content\/uploads\/2026\/02\/f0161823.jpg\" \/>\n\t<meta property=\"og:image:width\" content=\"700\" \/>\n\t<meta property=\"og:image:height\" content=\"462\" \/>\n\t<meta property=\"og:image:type\" content=\"image\/jpeg\" \/>\n<meta name=\"author\" content=\"Jessica Puig Hern\u00e1ndez\" \/>\n<meta name=\"twitter:card\" content=\"summary_large_image\" \/>\n<meta name=\"twitter:label1\" content=\"Escrito por\" \/>\n\t<meta name=\"twitter:data1\" content=\"Jessica Puig Hern\u00e1ndez\" \/>\n\t<meta name=\"twitter:label2\" content=\"Est. tempo de leitura\" \/>\n\t<meta name=\"twitter:data2\" content=\"2 minutos\" \/>\n<script type=\"application\/ld+json\" class=\"yoast-schema-graph\">{\"@context\":\"https:\\\/\\\/schema.org\",\"@graph\":[{\"@type\":\"Article\",\"@id\":\"https:\\\/\\\/brasender.com.br\\\/noticias\\\/turoperador-portugal-espana-suspende-paquetes-turisticos-cuba\\\/#article\",\"isPartOf\":{\"@id\":\"https:\\\/\\\/brasender.com.br\\\/noticias\\\/turoperador-portugal-espana-suspende-paquetes-turisticos-cuba\\\/\"},\"author\":{\"name\":\"Jessica Puig Hern\u00e1ndez\",\"@id\":\"https:\\\/\\\/brasender.com.br\\\/noticias\\\/#\\\/schema\\\/person\\\/dc36d7097eff7621e50aacab7e3931a8\"},\"headline\":\"Turoperador de Portugal y Espa\u00f1a suspende venta de paquetes tur\u00edsticos a Cuba\",\"datePublished\":\"2026-02-19T11:03:19+00:00\",\"dateModified\":\"2026-02-19T11:03:20+00:00\",\"mainEntityOfPage\":{\"@id\":\"https:\\\/\\\/brasender.com.br\\\/noticias\\\/turoperador-portugal-espana-suspende-paquetes-turisticos-cuba\\\/\"},\"wordCount\":174,\"commentCount\":0,\"publisher\":{\"@id\":\"https:\\\/\\\/brasender.com.br\\\/noticias\\\/#organization\"},\"image\":{\"@id\":\"https:\\\/\\\/brasender.com.br\\\/noticias\\\/turoperador-portugal-espana-suspende-paquetes-turisticos-cuba\\\/#primaryimage\"},\"thumbnailUrl\":\"https:\\\/\\\/brasender.com.br\\\/noticias\\\/wp-content\\\/uploads\\\/2026\\\/02\\\/f0161823.jpg\",\"keywords\":[\"Cuba\",\"paquetes turisticos\",\"suspension\"],\"articleSection\":[\"Migraci\u00f3n\"],\"inLanguage\":\"pt-BR\",\"potentialAction\":[{\"@type\":\"CommentAction\",\"name\":\"Comment\",\"target\":[\"https:\\\/\\\/brasender.com.br\\\/noticias\\\/turoperador-portugal-espana-suspende-paquetes-turisticos-cuba\\\/#respond\"]}]},{\"@type\":\"WebPage\",\"@id\":\"https:\\\/\\\/brasender.com.br\\\/noticias\\\/turoperador-portugal-espana-suspende-paquetes-turisticos-cuba\\\/\",\"url\":\"https:\\\/\\\/brasender.com.br\\\/noticias\\\/turoperador-portugal-espana-suspende-paquetes-turisticos-cuba\\\/\",\"name\":\"Travelplan frena ventas de viajes a Cuba por baja demanda\",\"isPartOf\":{\"@id\":\"https:\\\/\\\/brasender.com.br\\\/noticias\\\/#website\"},\"primaryImageOfPage\":{\"@id\":\"https:\\\/\\\/brasender.com.br\\\/noticias\\\/turoperador-portugal-espana-suspende-paquetes-turisticos-cuba\\\/#primaryimage\"},\"image\":{\"@id\":\"https:\\\/\\\/brasender.com.br\\\/noticias\\\/turoperador-portugal-espana-suspende-paquetes-turisticos-cuba\\\/#primaryimage\"},\"thumbnailUrl\":\"https:\\\/\\\/brasender.com.br\\\/noticias\\\/wp-content\\\/uploads\\\/2026\\\/02\\\/f0161823.jpg\",\"datePublished\":\"2026-02-19T11:03:19+00:00\",\"dateModified\":\"2026-02-19T11:03:20+00:00\",\"description\":\"El turoperador internacional Travelplan suspendi\u00f3 la venta de viajes a Cuba por la menor afluencia de turistas y complicaciones operativas.\",\"breadcrumb\":{\"@id\":\"https:\\\/\\\/brasender.com.br\\\/noticias\\\/turoperador-portugal-espana-suspende-paquetes-turisticos-cuba\\\/#breadcrumb\"},\"inLanguage\":\"pt-BR\",\"potentialAction\":[{\"@type\":\"ReadAction\",\"target\":[\"https:\\\/\\\/brasender.com.br\\\/noticias\\\/turoperador-portugal-espana-suspende-paquetes-turisticos-cuba\\\/\"]}]},{\"@type\":\"ImageObject\",\"inLanguage\":\"pt-BR\",\"@id\":\"https:\\\/\\\/brasender.com.br\\\/noticias\\\/turoperador-portugal-espana-suspende-paquetes-turisticos-cuba\\\/#primaryimage\",\"url\":\"https:\\\/\\\/brasender.com.br\\\/noticias\\\/wp-content\\\/uploads\\\/2026\\\/02\\\/f0161823.jpg\",\"contentUrl\":\"https:\\\/\\\/brasender.com.br\\\/noticias\\\/wp-content\\\/uploads\\\/2026\\\/02\\\/f0161823.jpg\",\"width\":700,\"height\":462},{\"@type\":\"BreadcrumbList\",\"@id\":\"https:\\\/\\\/brasender.com.br\\\/noticias\\\/turoperador-portugal-espana-suspende-paquetes-turisticos-cuba\\\/#breadcrumb\",\"itemListElement\":[{\"@type\":\"ListItem\",\"position\":1,\"name\":\"In\u00edcio\",\"item\":\"https:\\\/\\\/brasender.com.br\\\/noticias\\\/\"},{\"@type\":\"ListItem\",\"position\":2,\"name\":\"Turoperador de Portugal y Espa\u00f1a suspende venta de paquetes tur\u00edsticos a Cuba\"}]},{\"@type\":\"WebSite\",\"@id\":\"https:\\\/\\\/brasender.com.br\\\/noticias\\\/#website\",\"url\":\"https:\\\/\\\/brasender.com.br\\\/noticias\\\/\",\"name\":\"Brasender Noticias\",\"description\":\"Portal de Noticias Brasender\",\"publisher\":{\"@id\":\"https:\\\/\\\/brasender.com.br\\\/noticias\\\/#organization\"},\"potentialAction\":[{\"@type\":\"SearchAction\",\"target\":{\"@type\":\"EntryPoint\",\"urlTemplate\":\"https:\\\/\\\/brasender.com.br\\\/noticias\\\/?s={search_term_string}\"},\"query-input\":{\"@type\":\"PropertyValueSpecification\",\"valueRequired\":true,\"valueName\":\"search_term_string\"}}],\"inLanguage\":\"pt-BR\"},{\"@type\":\"Organization\",\"@id\":\"https:\\\/\\\/brasender.com.br\\\/noticias\\\/#organization\",\"name\":\"Brasender Noticias\",\"url\":\"https:\\\/\\\/brasender.com.br\\\/noticias\\\/\",\"logo\":{\"@type\":\"ImageObject\",\"inLanguage\":\"pt-BR\",\"@id\":\"https:\\\/\\\/brasender.com.br\\\/noticias\\\/#\\\/schema\\\/logo\\\/image\\\/\",\"url\":\"https:\\\/\\\/brasender.com.br\\\/noticias\\\/wp-content\\\/uploads\\\/2022\\\/03\\\/Brasender-Noticias.png\",\"contentUrl\":\"https:\\\/\\\/brasender.com.br\\\/noticias\\\/wp-content\\\/uploads\\\/2022\\\/03\\\/Brasender-Noticias.png\",\"width\":2048,\"height\":500,\"caption\":\"Brasender Noticias\"},\"image\":{\"@id\":\"https:\\\/\\\/brasender.com.br\\\/noticias\\\/#\\\/schema\\\/logo\\\/image\\\/\"},\"sameAs\":[\"https:\\\/\\\/www.facebook.com\\\/profile.php?id=61562137653202\",\"https:\\\/\\\/www.instagram.com\\\/brasender\\\/\"]},{\"@type\":\"Person\",\"@id\":\"https:\\\/\\\/brasender.com.br\\\/noticias\\\/#\\\/schema\\\/person\\\/dc36d7097eff7621e50aacab7e3931a8\",\"name\":\"Jessica Puig Hern\u00e1ndez\",\"image\":{\"@type\":\"ImageObject\",\"inLanguage\":\"pt-BR\",\"@id\":\"https:\\\/\\\/secure.gravatar.com\\\/avatar\\\/8e405255b6ec071038c9c5bbf6c9b2a95a011c4b1f8fe00bf515f9f1426314e8?s=96&d=mm&r=g\",\"url\":\"https:\\\/\\\/secure.gravatar.com\\\/avatar\\\/8e405255b6ec071038c9c5bbf6c9b2a95a011c4b1f8fe00bf515f9f1426314e8?s=96&d=mm&r=g\",\"contentUrl\":\"https:\\\/\\\/secure.gravatar.com\\\/avatar\\\/8e405255b6ec071038c9c5bbf6c9b2a95a011c4b1f8fe00bf515f9f1426314e8?s=96&d=mm&r=g\",\"caption\":\"Jessica Puig Hern\u00e1ndez\"},\"url\":\"https:\\\/\\\/brasender.com.br\\\/noticias\\\/author\\\/jessica-puig\\\/\"}]}<\/script>\n<!-- \/ Yoast SEO plugin. -->","yoast_head_json":{"title":"Travelplan frena ventas de viajes a Cuba por baja demanda","description":"El turoperador internacional Travelplan suspendi\u00f3 la venta de viajes a Cuba por la menor afluencia de turistas y complicaciones operativas.","robots":{"index":"index","follow":"follow","max-snippet":"max-snippet:-1","max-image-preview":"max-image-preview:large","max-video-preview":"max-video-preview:-1"},"canonical":"https:\/\/brasender.com.br\/noticias\/turoperador-portugal-espana-suspende-paquetes-turisticos-cuba\/","og_locale":"pt_BR","og_type":"article","og_title":"Travelplan frena ventas de viajes a Cuba por baja demanda","og_description":"El turoperador internacional Travelplan suspendi\u00f3 la venta de viajes a Cuba por la menor afluencia de turistas y complicaciones operativas.","og_url":"https:\/\/brasender.com.br\/noticias\/turoperador-portugal-espana-suspende-paquetes-turisticos-cuba\/","og_site_name":"Brasender Noticias","article_publisher":"https:\/\/www.facebook.com\/profile.php?id=61562137653202","article_published_time":"2026-02-19T11:03:19+00:00","article_modified_time":"2026-02-19T11:03:20+00:00","og_image":[{"width":700,"height":462,"url":"https:\/\/brasender.com.br\/noticias\/wp-content\/uploads\/2026\/02\/f0161823.jpg","type":"image\/jpeg"}],"author":"Jessica Puig Hern\u00e1ndez","twitter_card":"summary_large_image","twitter_misc":{"Escrito por":"Jessica Puig Hern\u00e1ndez","Est. tempo de leitura":"2 minutos"},"schema":{"@context":"https:\/\/schema.org","@graph":[{"@type":"Article","@id":"https:\/\/brasender.com.br\/noticias\/turoperador-portugal-espana-suspende-paquetes-turisticos-cuba\/#article","isPartOf":{"@id":"https:\/\/brasender.com.br\/noticias\/turoperador-portugal-espana-suspende-paquetes-turisticos-cuba\/"},"author":{"name":"Jessica Puig Hern\u00e1ndez","@id":"https:\/\/brasender.com.br\/noticias\/#\/schema\/person\/dc36d7097eff7621e50aacab7e3931a8"},"headline":"Turoperador de Portugal y Espa\u00f1a suspende venta de paquetes tur\u00edsticos a Cuba","datePublished":"2026-02-19T11:03:19+00:00","dateModified":"2026-02-19T11:03:20+00:00","mainEntityOfPage":{"@id":"https:\/\/brasender.com.br\/noticias\/turoperador-portugal-espana-suspende-paquetes-turisticos-cuba\/"},"wordCount":174,"commentCount":0,"publisher":{"@id":"https:\/\/brasender.com.br\/noticias\/#organization"},"image":{"@id":"https:\/\/brasender.com.br\/noticias\/turoperador-portugal-espana-suspende-paquetes-turisticos-cuba\/#primaryimage"},"thumbnailUrl":"https:\/\/brasender.com.br\/noticias\/wp-content\/uploads\/2026\/02\/f0161823.jpg","keywords":["Cuba","paquetes turisticos","suspension"],"articleSection":["Migraci\u00f3n"],"inLanguage":"pt-BR","potentialAction":[{"@type":"CommentAction","name":"Comment","target":["https:\/\/brasender.com.br\/noticias\/turoperador-portugal-espana-suspende-paquetes-turisticos-cuba\/#respond"]}]},{"@type":"WebPage","@id":"https:\/\/brasender.com.br\/noticias\/turoperador-portugal-espana-suspende-paquetes-turisticos-cuba\/","url":"https:\/\/brasender.com.br\/noticias\/turoperador-portugal-espana-suspende-paquetes-turisticos-cuba\/","name":"Travelplan frena ventas de viajes a Cuba por baja demanda","isPartOf":{"@id":"https:\/\/brasender.com.br\/noticias\/#website"},"primaryImageOfPage":{"@id":"https:\/\/brasender.com.br\/noticias\/turoperador-portugal-espana-suspende-paquetes-turisticos-cuba\/#primaryimage"},"image":{"@id":"https:\/\/brasender.com.br\/noticias\/turoperador-portugal-espana-suspende-paquetes-turisticos-cuba\/#primaryimage"},"thumbnailUrl":"https:\/\/brasender.com.br\/noticias\/wp-content\/uploads\/2026\/02\/f0161823.jpg","datePublished":"2026-02-19T11:03:19+00:00","dateModified":"2026-02-19T11:03:20+00:00","description":"El turoperador internacional Travelplan suspendi\u00f3 la venta de viajes a Cuba por la menor afluencia de turistas y complicaciones operativas.","breadcrumb":{"@id":"https:\/\/brasender.com.br\/noticias\/turoperador-portugal-espana-suspende-paquetes-turisticos-cuba\/#breadcrumb"},"inLanguage":"pt-BR","potentialAction":[{"@type":"ReadAction","target":["https:\/\/brasender.com.br\/noticias\/turoperador-portugal-espana-suspende-paquetes-turisticos-cuba\/"]}]},{"@type":"ImageObject","inLanguage":"pt-BR","@id":"https:\/\/brasender.com.br\/noticias\/turoperador-portugal-espana-suspende-paquetes-turisticos-cuba\/#primaryimage","url":"https:\/\/brasender.com.br\/noticias\/wp-content\/uploads\/2026\/02\/f0161823.jpg","contentUrl":"https:\/\/brasender.com.br\/noticias\/wp-content\/uploads\/2026\/02\/f0161823.jpg","width":700,"height":462},{"@type":"BreadcrumbList","@id":"https:\/\/brasender.com.br\/noticias\/turoperador-portugal-espana-suspende-paquetes-turisticos-cuba\/#breadcrumb","itemListElement":[{"@type":"ListItem","position":1,"name":"In\u00edcio","item":"https:\/\/brasender.com.br\/noticias\/"},{"@type":"ListItem","position":2,"name":"Turoperador de Portugal y Espa\u00f1a suspende venta de paquetes tur\u00edsticos a Cuba"}]},{"@type":"WebSite","@id":"https:\/\/brasender.com.br\/noticias\/#website","url":"https:\/\/brasender.com.br\/noticias\/","name":"Brasender Noticias","description":"Portal de Noticias Brasender","publisher":{"@id":"https:\/\/brasender.com.br\/noticias\/#organization"},"potentialAction":[{"@type":"SearchAction","target":{"@type":"EntryPoint","urlTemplate":"https:\/\/brasender.com.br\/noticias\/?s={search_term_string}"},"query-input":{"@type":"PropertyValueSpecification","valueRequired":true,"valueName":"search_term_string"}}],"inLanguage":"pt-BR"},{"@type":"Organization","@id":"https:\/\/brasender.com.br\/noticias\/#organization","name":"Brasender Noticias","url":"https:\/\/brasender.com.br\/noticias\/","logo":{"@type":"ImageObject","inLanguage":"pt-BR","@id":"https:\/\/brasender.com.br\/noticias\/#\/schema\/logo\/image\/","url":"https:\/\/brasender.com.br\/noticias\/wp-content\/uploads\/2022\/03\/Brasender-Noticias.png","contentUrl":"https:\/\/brasender.com.br\/noticias\/wp-content\/uploads\/2022\/03\/Brasender-Noticias.png","width":2048,"height":500,"caption":"Brasender Noticias"},"image":{"@id":"https:\/\/brasender.com.br\/noticias\/#\/schema\/logo\/image\/"},"sameAs":["https:\/\/www.facebook.com\/profile.php?id=61562137653202","https:\/\/www.instagram.com\/brasender\/"]},{"@type":"Person","@id":"https:\/\/brasender.com.br\/noticias\/#\/schema\/person\/dc36d7097eff7621e50aacab7e3931a8","name":"Jessica Puig Hern\u00e1ndez","image":{"@type":"ImageObject","inLanguage":"pt-BR","@id":"https:\/\/secure.gravatar.com\/avatar\/8e405255b6ec071038c9c5bbf6c9b2a95a011c4b1f8fe00bf515f9f1426314e8?s=96&d=mm&r=g","url":"https:\/\/secure.gravatar.com\/avatar\/8e405255b6ec071038c9c5bbf6c9b2a95a011c4b1f8fe00bf515f9f1426314e8?s=96&d=mm&r=g","contentUrl":"https:\/\/secure.gravatar.com\/avatar\/8e405255b6ec071038c9c5bbf6c9b2a95a011c4b1f8fe00bf515f9f1426314e8?s=96&d=mm&r=g","caption":"Jessica Puig Hern\u00e1ndez"},"url":"https:\/\/brasender.com.br\/noticias\/author\/jessica-puig\/"}]}},"_links":{"self":[{"href":"https:\/\/brasender.com.br\/noticias\/wp-json\/wp\/v2\/posts\/3952","targetHints":{"allow":["GET"]}}],"collection":[{"href":"https:\/\/brasender.com.br\/noticias\/wp-json\/wp\/v2\/posts"}],"about":[{"href":"https:\/\/brasender.com.br\/noticias\/wp-json\/wp\/v2\/types\/post"}],"author":[{"embeddable":true,"href":"https:\/\/brasender.com.br\/noticias\/wp-json\/wp\/v2\/users\/4"}],"replies":[{"embeddable":true,"href":"https:\/\/brasender.com.br\/noticias\/wp-json\/wp\/v2\/comments?post=3952"}],"version-history":[{"count":1,"href":"https:\/\/brasender.com.br\/noticias\/wp-json\/wp\/v2\/posts\/3952\/revisions"}],"predecessor-version":[{"id":3954,"href":"https:\/\/brasender.com.br\/noticias\/wp-json\/wp\/v2\/posts\/3952\/revisions\/3954"}],"wp:featuredmedia":[{"embeddable":true,"href":"https:\/\/brasender.com.br\/noticias\/wp-json\/wp\/v2\/media\/3953"}],"wp:attachment":[{"href":"https:\/\/brasender.com.br\/noticias\/wp-json\/wp\/v2\/media?parent=3952"}],"wp:term":[{"taxonomy":"category","embeddable":true,"href":"https:\/\/brasender.com.br\/noticias\/wp-json\/wp\/v2\/categories?post=3952"},{"taxonomy":"post_tag","embeddable":true,"href":"https:\/\/brasender.com.br\/noticias\/wp-json\/wp\/v2\/tags?post=3952"}],"curies":[{"name":"wp","href":"https:\/\/api.w.org\/{rel}","templated":true}]}}