{"id":3933,"date":"2026-02-14T08:42:04","date_gmt":"2026-02-14T11:42:04","guid":{"rendered":"https:\/\/brasender.com.br\/noticias\/?p=3933"},"modified":"2026-02-14T08:42:04","modified_gmt":"2026-02-14T11:42:04","slug":"incendio-refineria-nico-lopez-habana-crisis-energetica","status":"publish","type":"post","link":"https:\/\/brasender.com.br\/noticias\/incendio-refineria-nico-lopez-habana-crisis-energetica\/","title":{"rendered":"Incendio en la refiner\u00eda \u00d1ico L\u00f3pez de La Habana en medio de la crisis energ\u00e9tica"},"content":{"rendered":"\n<div style=\"height:2px\" aria-hidden=\"true\" class=\"wp-block-spacer\"><\/div>\n\n\n\n<p class=\"has-medium-font-size wp-block-paragraph\">El <strong>incendio en la refiner\u00eda \u00d1ico L\u00f3pez<\/strong> de <strong>La Habana<\/strong> se registr\u00f3 la tarde del <strong>13 de febrero de 2026<\/strong>, cuando una fuerte columna de humo negro fue vista desde distintos puntos de la capital cubana.<\/p>\n\n\n\n<div style=\"height:2px\" aria-hidden=\"true\" class=\"wp-block-spacer\"><\/div>\n\n\n\n<p class=\"has-medium-font-size wp-block-paragraph\">Brigadas de bomberos y equipos de emergencia trabajaron para <strong>controlar el siniestro<\/strong>, que tuvo su origen en uno de los almacenes de la instalaci\u00f3n, inform\u00f3 el <strong>Ministerio de Energ\u00eda y Minas de Cuba (MINEM)<\/strong>. Las autoridades indicaron que <strong>no se reportaron lesionados ni v\u00edctimas humanas<\/strong>, y que las causas del fuego siguen bajo investigaci\u00f3n oficial.<\/p>\n\n\n\n<div style=\"height:2px\" aria-hidden=\"true\" class=\"wp-block-spacer\"><\/div>\n\n\n\n<p class=\"has-medium-font-size wp-block-paragraph\">La refiner\u00eda \u00d1ico L\u00f3pez es considerada <strong>la instalaci\u00f3n petrolera m\u00e1s grande del pa\u00eds<\/strong> y juega un papel clave en la recepci\u00f3n y procesamiento de petr\u00f3leo importado, lo que la convierte en una pieza estrat\u00e9gica en medio de la profunda <strong>crisis energ\u00e9tica que enfrenta Cuba<\/strong>.<\/p>\n\n\n\n<div style=\"height:2px\" aria-hidden=\"true\" class=\"wp-block-spacer\"><\/div>\n\n\n\n<p class=\"has-medium-font-size wp-block-paragraph\">Testigos y residentes del municipio Regla compartieron en redes sociales im\u00e1genes de una <strong>densa columna de humo sobre la bah\u00eda de La Habana<\/strong>, lo que gener\u00f3 alarma entre la poblaci\u00f3n.<\/p>\n\n\n\n<div style=\"height:2px\" aria-hidden=\"true\" class=\"wp-block-spacer\"><\/div>\n\n\n\n<p class=\"has-medium-font-size wp-block-paragraph\">Aunque todav\u00eda no hay un informe detallado sobre los da\u00f1os materiales ni la causa exacta del incidente, esta situaci\u00f3n se produce en un contexto marcado por la escasez de combustible, prolongados apagones y dificultades de mantenimiento en infraestructuras energ\u00e9ticas en la isla.<\/p>\n","protected":false},"excerpt":{"rendered":"<p>El incendio en la refiner\u00eda \u00d1ico L\u00f3pez de La Habana se registr\u00f3 la tarde del 13 de febrero de 2026, cuando una fuerte columna de humo negro fue vista desde distintos puntos de la capital cubana. Brigadas de bomberos y equipos de emergencia trabajaron para controlar el siniestro, que tuvo su origen en uno de [&hellip;]<\/p>\n","protected":false},"author":4,"featured_media":3935,"comment_status":"open","ping_status":"open","sticky":false,"template":"","format":"standard","meta":{"_crdt_document":"","footnotes":""},"categories":[1,69],"tags":[178,182,181],"class_list":["post-3933","post","type-post","status-publish","format-standard","has-post-thumbnail","hentry","category-blog","category-noticias","tag-crisis-energetica","tag-habana","tag-incendio"],"yoast_head":"<!-- This site is optimized with the Yoast SEO plugin v27.4 - https:\/\/yoast.com\/product\/yoast-seo-wordpress\/ -->\n<title>Incendio en la refiner\u00eda \u00d1ico L\u00f3pez en La Habana<\/title>\n<meta name=\"description\" content=\"Un incendio en la refiner\u00eda \u00d1ico L\u00f3pez de La Habana levant\u00f3 una densa columna de humo sobre la ciudad, aunque fue controlado sin v\u00edctimas\" \/>\n<meta name=\"robots\" content=\"index, follow, max-snippet:-1, max-image-preview:large, max-video-preview:-1\" \/>\n<link rel=\"canonical\" href=\"https:\/\/brasender.com.br\/noticias\/incendio-refineria-nico-lopez-habana-crisis-energetica\/\" \/>\n<meta property=\"og:locale\" content=\"pt_BR\" \/>\n<meta property=\"og:type\" content=\"article\" \/>\n<meta property=\"og:title\" content=\"Incendio en la refiner\u00eda \u00d1ico L\u00f3pez en La Habana\" \/>\n<meta property=\"og:description\" content=\"Un incendio en la refiner\u00eda \u00d1ico L\u00f3pez de La Habana levant\u00f3 una densa columna de humo sobre la ciudad, aunque fue controlado sin v\u00edctimas\" \/>\n<meta property=\"og:url\" content=\"https:\/\/brasender.com.br\/noticias\/incendio-refineria-nico-lopez-habana-crisis-energetica\/\" \/>\n<meta property=\"og:site_name\" content=\"Brasender Noticias\" \/>\n<meta property=\"article:publisher\" content=\"https:\/\/www.facebook.com\/profile.php?id=61562137653202\" \/>\n<meta property=\"article:published_time\" content=\"2026-02-14T11:42:04+00:00\" \/>\n<meta name=\"author\" content=\"Jessica Puig Hern\u00e1ndez\" \/>\n<meta name=\"twitter:card\" content=\"summary_large_image\" \/>\n<meta name=\"twitter:label1\" content=\"Escrito por\" \/>\n\t<meta name=\"twitter:data1\" content=\"Jessica Puig Hern\u00e1ndez\" \/>\n\t<meta name=\"twitter:label2\" content=\"Est. tempo de leitura\" \/>\n\t<meta name=\"twitter:data2\" content=\"2 minutos\" \/>\n<script type=\"application\/ld+json\" class=\"yoast-schema-graph\">{\"@context\":\"https:\\\/\\\/schema.org\",\"@graph\":[{\"@type\":\"Article\",\"@id\":\"https:\\\/\\\/brasender.com.br\\\/noticias\\\/incendio-refineria-nico-lopez-habana-crisis-energetica\\\/#article\",\"isPartOf\":{\"@id\":\"https:\\\/\\\/brasender.com.br\\\/noticias\\\/incendio-refineria-nico-lopez-habana-crisis-energetica\\\/\"},\"author\":{\"name\":\"Jessica Puig Hern\u00e1ndez\",\"@id\":\"https:\\\/\\\/brasender.com.br\\\/noticias\\\/#\\\/schema\\\/person\\\/dc36d7097eff7621e50aacab7e3931a8\"},\"headline\":\"Incendio en la refiner\u00eda \u00d1ico L\u00f3pez de La Habana en medio de la crisis energ\u00e9tica\",\"datePublished\":\"2026-02-14T11:42:04+00:00\",\"mainEntityOfPage\":{\"@id\":\"https:\\\/\\\/brasender.com.br\\\/noticias\\\/incendio-refineria-nico-lopez-habana-crisis-energetica\\\/\"},\"wordCount\":245,\"commentCount\":0,\"publisher\":{\"@id\":\"https:\\\/\\\/brasender.com.br\\\/noticias\\\/#organization\"},\"image\":{\"@id\":\"https:\\\/\\\/brasender.com.br\\\/noticias\\\/incendio-refineria-nico-lopez-habana-crisis-energetica\\\/#primaryimage\"},\"thumbnailUrl\":\"https:\\\/\\\/brasender.com.br\\\/noticias\\\/wp-content\\\/uploads\\\/2026\\\/02\\\/65TAM5S275CGBIEVCPZJZSS6E4-1.avif\",\"keywords\":[\"crisis energetica\",\"habana\",\"incendio\"],\"articleSection\":[\"Blog\",\"Noticias\"],\"inLanguage\":\"pt-BR\",\"potentialAction\":[{\"@type\":\"CommentAction\",\"name\":\"Comment\",\"target\":[\"https:\\\/\\\/brasender.com.br\\\/noticias\\\/incendio-refineria-nico-lopez-habana-crisis-energetica\\\/#respond\"]}]},{\"@type\":\"WebPage\",\"@id\":\"https:\\\/\\\/brasender.com.br\\\/noticias\\\/incendio-refineria-nico-lopez-habana-crisis-energetica\\\/\",\"url\":\"https:\\\/\\\/brasender.com.br\\\/noticias\\\/incendio-refineria-nico-lopez-habana-crisis-energetica\\\/\",\"name\":\"Incendio en la refiner\u00eda \u00d1ico L\u00f3pez en La Habana\",\"isPartOf\":{\"@id\":\"https:\\\/\\\/brasender.com.br\\\/noticias\\\/#website\"},\"primaryImageOfPage\":{\"@id\":\"https:\\\/\\\/brasender.com.br\\\/noticias\\\/incendio-refineria-nico-lopez-habana-crisis-energetica\\\/#primaryimage\"},\"image\":{\"@id\":\"https:\\\/\\\/brasender.com.br\\\/noticias\\\/incendio-refineria-nico-lopez-habana-crisis-energetica\\\/#primaryimage\"},\"thumbnailUrl\":\"https:\\\/\\\/brasender.com.br\\\/noticias\\\/wp-content\\\/uploads\\\/2026\\\/02\\\/65TAM5S275CGBIEVCPZJZSS6E4-1.avif\",\"datePublished\":\"2026-02-14T11:42:04+00:00\",\"description\":\"Un incendio en la refiner\u00eda \u00d1ico L\u00f3pez de La Habana levant\u00f3 una densa columna de humo sobre la ciudad, aunque fue controlado sin v\u00edctimas\",\"breadcrumb\":{\"@id\":\"https:\\\/\\\/brasender.com.br\\\/noticias\\\/incendio-refineria-nico-lopez-habana-crisis-energetica\\\/#breadcrumb\"},\"inLanguage\":\"pt-BR\",\"potentialAction\":[{\"@type\":\"ReadAction\",\"target\":[\"https:\\\/\\\/brasender.com.br\\\/noticias\\\/incendio-refineria-nico-lopez-habana-crisis-energetica\\\/\"]}]},{\"@type\":\"ImageObject\",\"inLanguage\":\"pt-BR\",\"@id\":\"https:\\\/\\\/brasender.com.br\\\/noticias\\\/incendio-refineria-nico-lopez-habana-crisis-energetica\\\/#primaryimage\",\"url\":\"https:\\\/\\\/brasender.com.br\\\/noticias\\\/wp-content\\\/uploads\\\/2026\\\/02\\\/65TAM5S275CGBIEVCPZJZSS6E4-1.avif\",\"contentUrl\":\"https:\\\/\\\/brasender.com.br\\\/noticias\\\/wp-content\\\/uploads\\\/2026\\\/02\\\/65TAM5S275CGBIEVCPZJZSS6E4-1.avif\",\"width\":1036,\"height\":666},{\"@type\":\"BreadcrumbList\",\"@id\":\"https:\\\/\\\/brasender.com.br\\\/noticias\\\/incendio-refineria-nico-lopez-habana-crisis-energetica\\\/#breadcrumb\",\"itemListElement\":[{\"@type\":\"ListItem\",\"position\":1,\"name\":\"In\u00edcio\",\"item\":\"https:\\\/\\\/brasender.com.br\\\/noticias\\\/\"},{\"@type\":\"ListItem\",\"position\":2,\"name\":\"Incendio en la refiner\u00eda \u00d1ico L\u00f3pez de La Habana en medio de la crisis energ\u00e9tica\"}]},{\"@type\":\"WebSite\",\"@id\":\"https:\\\/\\\/brasender.com.br\\\/noticias\\\/#website\",\"url\":\"https:\\\/\\\/brasender.com.br\\\/noticias\\\/\",\"name\":\"Brasender Noticias\",\"description\":\"Portal de Noticias Brasender\",\"publisher\":{\"@id\":\"https:\\\/\\\/brasender.com.br\\\/noticias\\\/#organization\"},\"potentialAction\":[{\"@type\":\"SearchAction\",\"target\":{\"@type\":\"EntryPoint\",\"urlTemplate\":\"https:\\\/\\\/brasender.com.br\\\/noticias\\\/?s={search_term_string}\"},\"query-input\":{\"@type\":\"PropertyValueSpecification\",\"valueRequired\":true,\"valueName\":\"search_term_string\"}}],\"inLanguage\":\"pt-BR\"},{\"@type\":\"Organization\",\"@id\":\"https:\\\/\\\/brasender.com.br\\\/noticias\\\/#organization\",\"name\":\"Brasender Noticias\",\"url\":\"https:\\\/\\\/brasender.com.br\\\/noticias\\\/\",\"logo\":{\"@type\":\"ImageObject\",\"inLanguage\":\"pt-BR\",\"@id\":\"https:\\\/\\\/brasender.com.br\\\/noticias\\\/#\\\/schema\\\/logo\\\/image\\\/\",\"url\":\"https:\\\/\\\/brasender.com.br\\\/noticias\\\/wp-content\\\/uploads\\\/2022\\\/03\\\/Brasender-Noticias.png\",\"contentUrl\":\"https:\\\/\\\/brasender.com.br\\\/noticias\\\/wp-content\\\/uploads\\\/2022\\\/03\\\/Brasender-Noticias.png\",\"width\":2048,\"height\":500,\"caption\":\"Brasender Noticias\"},\"image\":{\"@id\":\"https:\\\/\\\/brasender.com.br\\\/noticias\\\/#\\\/schema\\\/logo\\\/image\\\/\"},\"sameAs\":[\"https:\\\/\\\/www.facebook.com\\\/profile.php?id=61562137653202\",\"https:\\\/\\\/www.instagram.com\\\/brasender\\\/\"]},{\"@type\":\"Person\",\"@id\":\"https:\\\/\\\/brasender.com.br\\\/noticias\\\/#\\\/schema\\\/person\\\/dc36d7097eff7621e50aacab7e3931a8\",\"name\":\"Jessica Puig Hern\u00e1ndez\",\"image\":{\"@type\":\"ImageObject\",\"inLanguage\":\"pt-BR\",\"@id\":\"https:\\\/\\\/secure.gravatar.com\\\/avatar\\\/8e405255b6ec071038c9c5bbf6c9b2a95a011c4b1f8fe00bf515f9f1426314e8?s=96&d=mm&r=g\",\"url\":\"https:\\\/\\\/secure.gravatar.com\\\/avatar\\\/8e405255b6ec071038c9c5bbf6c9b2a95a011c4b1f8fe00bf515f9f1426314e8?s=96&d=mm&r=g\",\"contentUrl\":\"https:\\\/\\\/secure.gravatar.com\\\/avatar\\\/8e405255b6ec071038c9c5bbf6c9b2a95a011c4b1f8fe00bf515f9f1426314e8?s=96&d=mm&r=g\",\"caption\":\"Jessica Puig Hern\u00e1ndez\"},\"url\":\"https:\\\/\\\/brasender.com.br\\\/noticias\\\/author\\\/jessica-puig\\\/\"}]}<\/script>\n<!-- \/ Yoast SEO plugin. -->","yoast_head_json":{"title":"Incendio en la refiner\u00eda \u00d1ico L\u00f3pez en La Habana","description":"Un incendio en la refiner\u00eda \u00d1ico L\u00f3pez de La Habana levant\u00f3 una densa columna de humo sobre la ciudad, aunque fue controlado sin v\u00edctimas","robots":{"index":"index","follow":"follow","max-snippet":"max-snippet:-1","max-image-preview":"max-image-preview:large","max-video-preview":"max-video-preview:-1"},"canonical":"https:\/\/brasender.com.br\/noticias\/incendio-refineria-nico-lopez-habana-crisis-energetica\/","og_locale":"pt_BR","og_type":"article","og_title":"Incendio en la refiner\u00eda \u00d1ico L\u00f3pez en La Habana","og_description":"Un incendio en la refiner\u00eda \u00d1ico L\u00f3pez de La Habana levant\u00f3 una densa columna de humo sobre la ciudad, aunque fue controlado sin v\u00edctimas","og_url":"https:\/\/brasender.com.br\/noticias\/incendio-refineria-nico-lopez-habana-crisis-energetica\/","og_site_name":"Brasender Noticias","article_publisher":"https:\/\/www.facebook.com\/profile.php?id=61562137653202","article_published_time":"2026-02-14T11:42:04+00:00","author":"Jessica Puig Hern\u00e1ndez","twitter_card":"summary_large_image","twitter_misc":{"Escrito por":"Jessica Puig Hern\u00e1ndez","Est. tempo de leitura":"2 minutos"},"schema":{"@context":"https:\/\/schema.org","@graph":[{"@type":"Article","@id":"https:\/\/brasender.com.br\/noticias\/incendio-refineria-nico-lopez-habana-crisis-energetica\/#article","isPartOf":{"@id":"https:\/\/brasender.com.br\/noticias\/incendio-refineria-nico-lopez-habana-crisis-energetica\/"},"author":{"name":"Jessica Puig Hern\u00e1ndez","@id":"https:\/\/brasender.com.br\/noticias\/#\/schema\/person\/dc36d7097eff7621e50aacab7e3931a8"},"headline":"Incendio en la refiner\u00eda \u00d1ico L\u00f3pez de La Habana en medio de la crisis energ\u00e9tica","datePublished":"2026-02-14T11:42:04+00:00","mainEntityOfPage":{"@id":"https:\/\/brasender.com.br\/noticias\/incendio-refineria-nico-lopez-habana-crisis-energetica\/"},"wordCount":245,"commentCount":0,"publisher":{"@id":"https:\/\/brasender.com.br\/noticias\/#organization"},"image":{"@id":"https:\/\/brasender.com.br\/noticias\/incendio-refineria-nico-lopez-habana-crisis-energetica\/#primaryimage"},"thumbnailUrl":"https:\/\/brasender.com.br\/noticias\/wp-content\/uploads\/2026\/02\/65TAM5S275CGBIEVCPZJZSS6E4-1.avif","keywords":["crisis energetica","habana","incendio"],"articleSection":["Blog","Noticias"],"inLanguage":"pt-BR","potentialAction":[{"@type":"CommentAction","name":"Comment","target":["https:\/\/brasender.com.br\/noticias\/incendio-refineria-nico-lopez-habana-crisis-energetica\/#respond"]}]},{"@type":"WebPage","@id":"https:\/\/brasender.com.br\/noticias\/incendio-refineria-nico-lopez-habana-crisis-energetica\/","url":"https:\/\/brasender.com.br\/noticias\/incendio-refineria-nico-lopez-habana-crisis-energetica\/","name":"Incendio en la refiner\u00eda \u00d1ico L\u00f3pez en La Habana","isPartOf":{"@id":"https:\/\/brasender.com.br\/noticias\/#website"},"primaryImageOfPage":{"@id":"https:\/\/brasender.com.br\/noticias\/incendio-refineria-nico-lopez-habana-crisis-energetica\/#primaryimage"},"image":{"@id":"https:\/\/brasender.com.br\/noticias\/incendio-refineria-nico-lopez-habana-crisis-energetica\/#primaryimage"},"thumbnailUrl":"https:\/\/brasender.com.br\/noticias\/wp-content\/uploads\/2026\/02\/65TAM5S275CGBIEVCPZJZSS6E4-1.avif","datePublished":"2026-02-14T11:42:04+00:00","description":"Un incendio en la refiner\u00eda \u00d1ico L\u00f3pez de La Habana levant\u00f3 una densa columna de humo sobre la ciudad, aunque fue controlado sin v\u00edctimas","breadcrumb":{"@id":"https:\/\/brasender.com.br\/noticias\/incendio-refineria-nico-lopez-habana-crisis-energetica\/#breadcrumb"},"inLanguage":"pt-BR","potentialAction":[{"@type":"ReadAction","target":["https:\/\/brasender.com.br\/noticias\/incendio-refineria-nico-lopez-habana-crisis-energetica\/"]}]},{"@type":"ImageObject","inLanguage":"pt-BR","@id":"https:\/\/brasender.com.br\/noticias\/incendio-refineria-nico-lopez-habana-crisis-energetica\/#primaryimage","url":"https:\/\/brasender.com.br\/noticias\/wp-content\/uploads\/2026\/02\/65TAM5S275CGBIEVCPZJZSS6E4-1.avif","contentUrl":"https:\/\/brasender.com.br\/noticias\/wp-content\/uploads\/2026\/02\/65TAM5S275CGBIEVCPZJZSS6E4-1.avif","width":1036,"height":666},{"@type":"BreadcrumbList","@id":"https:\/\/brasender.com.br\/noticias\/incendio-refineria-nico-lopez-habana-crisis-energetica\/#breadcrumb","itemListElement":[{"@type":"ListItem","position":1,"name":"In\u00edcio","item":"https:\/\/brasender.com.br\/noticias\/"},{"@type":"ListItem","position":2,"name":"Incendio en la refiner\u00eda \u00d1ico L\u00f3pez de La Habana en medio de la crisis energ\u00e9tica"}]},{"@type":"WebSite","@id":"https:\/\/brasender.com.br\/noticias\/#website","url":"https:\/\/brasender.com.br\/noticias\/","name":"Brasender Noticias","description":"Portal de Noticias Brasender","publisher":{"@id":"https:\/\/brasender.com.br\/noticias\/#organization"},"potentialAction":[{"@type":"SearchAction","target":{"@type":"EntryPoint","urlTemplate":"https:\/\/brasender.com.br\/noticias\/?s={search_term_string}"},"query-input":{"@type":"PropertyValueSpecification","valueRequired":true,"valueName":"search_term_string"}}],"inLanguage":"pt-BR"},{"@type":"Organization","@id":"https:\/\/brasender.com.br\/noticias\/#organization","name":"Brasender Noticias","url":"https:\/\/brasender.com.br\/noticias\/","logo":{"@type":"ImageObject","inLanguage":"pt-BR","@id":"https:\/\/brasender.com.br\/noticias\/#\/schema\/logo\/image\/","url":"https:\/\/brasender.com.br\/noticias\/wp-content\/uploads\/2022\/03\/Brasender-Noticias.png","contentUrl":"https:\/\/brasender.com.br\/noticias\/wp-content\/uploads\/2022\/03\/Brasender-Noticias.png","width":2048,"height":500,"caption":"Brasender Noticias"},"image":{"@id":"https:\/\/brasender.com.br\/noticias\/#\/schema\/logo\/image\/"},"sameAs":["https:\/\/www.facebook.com\/profile.php?id=61562137653202","https:\/\/www.instagram.com\/brasender\/"]},{"@type":"Person","@id":"https:\/\/brasender.com.br\/noticias\/#\/schema\/person\/dc36d7097eff7621e50aacab7e3931a8","name":"Jessica Puig Hern\u00e1ndez","image":{"@type":"ImageObject","inLanguage":"pt-BR","@id":"https:\/\/secure.gravatar.com\/avatar\/8e405255b6ec071038c9c5bbf6c9b2a95a011c4b1f8fe00bf515f9f1426314e8?s=96&d=mm&r=g","url":"https:\/\/secure.gravatar.com\/avatar\/8e405255b6ec071038c9c5bbf6c9b2a95a011c4b1f8fe00bf515f9f1426314e8?s=96&d=mm&r=g","contentUrl":"https:\/\/secure.gravatar.com\/avatar\/8e405255b6ec071038c9c5bbf6c9b2a95a011c4b1f8fe00bf515f9f1426314e8?s=96&d=mm&r=g","caption":"Jessica Puig Hern\u00e1ndez"},"url":"https:\/\/brasender.com.br\/noticias\/author\/jessica-puig\/"}]}},"_links":{"self":[{"href":"https:\/\/brasender.com.br\/noticias\/wp-json\/wp\/v2\/posts\/3933","targetHints":{"allow":["GET"]}}],"collection":[{"href":"https:\/\/brasender.com.br\/noticias\/wp-json\/wp\/v2\/posts"}],"about":[{"href":"https:\/\/brasender.com.br\/noticias\/wp-json\/wp\/v2\/types\/post"}],"author":[{"embeddable":true,"href":"https:\/\/brasender.com.br\/noticias\/wp-json\/wp\/v2\/users\/4"}],"replies":[{"embeddable":true,"href":"https:\/\/brasender.com.br\/noticias\/wp-json\/wp\/v2\/comments?post=3933"}],"version-history":[{"count":1,"href":"https:\/\/brasender.com.br\/noticias\/wp-json\/wp\/v2\/posts\/3933\/revisions"}],"predecessor-version":[{"id":3934,"href":"https:\/\/brasender.com.br\/noticias\/wp-json\/wp\/v2\/posts\/3933\/revisions\/3934"}],"wp:featuredmedia":[{"embeddable":true,"href":"https:\/\/brasender.com.br\/noticias\/wp-json\/wp\/v2\/media\/3935"}],"wp:attachment":[{"href":"https:\/\/brasender.com.br\/noticias\/wp-json\/wp\/v2\/media?parent=3933"}],"wp:term":[{"taxonomy":"category","embeddable":true,"href":"https:\/\/brasender.com.br\/noticias\/wp-json\/wp\/v2\/categories?post=3933"},{"taxonomy":"post_tag","embeddable":true,"href":"https:\/\/brasender.com.br\/noticias\/wp-json\/wp\/v2\/tags?post=3933"}],"curies":[{"name":"wp","href":"https:\/\/api.w.org\/{rel}","templated":true}]}}