{"id":3885,"date":"2026-02-02T21:11:31","date_gmt":"2026-02-03T00:11:31","guid":{"rendered":"https:\/\/brasender.com.br\/noticias\/?p=3885"},"modified":"2026-02-02T21:11:31","modified_gmt":"2026-02-03T00:11:31","slug":"bad-bunny-hace-historia-gana-album-del-ano-en-los-grammy-con-un-disco-en-espanol-y-lanza-mensaje-contra-ice","status":"publish","type":"post","link":"https:\/\/brasender.com.br\/noticias\/bad-bunny-hace-historia-gana-album-del-ano-en-los-grammy-con-un-disco-en-espanol-y-lanza-mensaje-contra-ice\/","title":{"rendered":"Bad Bunny hace historia: gana \u00c1lbum del A\u00f1o en los Grammy con un disco en espa\u00f1ol y lanza mensaje contra ICE"},"content":{"rendered":"\n<div style=\"height:2px\" aria-hidden=\"true\" class=\"wp-block-spacer\"><\/div>\n\n\n\n<p class=\"has-medium-font-size wp-block-paragraph\">El <strong>cantante puertorrique\u00f1o Bad Bunny<\/strong> hizo historia en la <strong>68\u00aa edici\u00f3n de los Premios Grammy<\/strong> al ganar el galard\u00f3n de <strong>\u00c1lbum del A\u00f1o<\/strong> por su producci\u00f3n <em>DeB\u00cd TiRAR M\u00e1S FOToS<\/em>, convirti\u00e9ndose en <strong>el primer \u00e1lbum completamente en espa\u00f1ol<\/strong> en recibir este reconocimiento en la ceremonia principal de la m\u00fasica. La entrega se realiz\u00f3 el <strong>1 de febrero de 2026<\/strong> en Los \u00c1ngeles, Estados Unidos.<\/p>\n\n\n\n<div style=\"height:2px\" aria-hidden=\"true\" class=\"wp-block-spacer\"><\/div>\n\n\n\n<p class=\"has-medium-font-size wp-block-paragraph\">El triunfo de Bad Bunny marc\u00f3 un momento significativo para la m\u00fasica en espa\u00f1ol a nivel global, ya que <em>DeB\u00cd TiRAR M\u00e1S FOToS<\/em> recibi\u00f3 el trofeo m\u00e1s codiciado de la noche, adem\u00e1s de otros premios en categor\u00edas importantes, lo que consolid\u00f3 al artista como una de las figuras m\u00e1s influyentes de la escena musical contempor\u00e1nea.<\/p>\n\n\n\n<div style=\"height:2px\" aria-hidden=\"true\" class=\"wp-block-spacer\"><\/div>\n\n\n\n<p class=\"has-medium-font-size wp-block-paragraph\">Durante su <strong>discurso de aceptaci\u00f3n<\/strong>, Bad Bunny sorprendi\u00f3 al p\u00fablico al dirigir un mensaje pol\u00edtico al Servicio de Inmigraci\u00f3n y Control de Aduanas de Estados Unidos (<em>ICE<\/em>), en el que afirm\u00f3: <strong>\u201cAntes de dar gracias a Dios, voy a decir: fuera ICE. No somos salvajes, no somos animales, no somos extranjeros. Somos humanos y somos estadounidenses\u201d<\/strong> \u2014 palabras que fueron recibidas con una ovaci\u00f3n del p\u00fablico.<\/p>\n\n\n\n<div style=\"height:2px\" aria-hidden=\"true\" class=\"wp-block-spacer\"><\/div>\n\n\n\n<p class=\"has-medium-font-size wp-block-paragraph\">Adem\u00e1s, el artista dedic\u00f3 su premio a \u201c<strong>todas las personas que tuvieron que dejar su tierra natal para seguir sus sue\u00f1os<\/strong>\u201d, extendiendo el significado de su victoria m\u00e1s all\u00e1 de un logro musical hacia un mensaje de solidaridad con migrantes y comunidades latinas en todo el mundo.<\/p>\n\n\n\n<div style=\"height:2px\" aria-hidden=\"true\" class=\"wp-block-spacer\"><\/div>\n\n\n\n<p class=\"has-medium-font-size wp-block-paragraph\">Esa noche tambi\u00e9n se evidenci\u00f3 una tendencia en los discursos de varios artistas que aprovecharon el escenario de los Grammy para criticar pol\u00edticas migratorias y expresar solidaridad con quienes atraviesan procesos de inmigraci\u00f3n y enfrentan desaf\u00edos en el extranjero.<\/p>\n\n\n\n<div style=\"height:2px\" aria-hidden=\"true\" class=\"wp-block-spacer\"><\/div>\n\n\n\n<p class=\"has-medium-font-size wp-block-paragraph\">El logro de Bad Bunny fue destacado por cr\u00edticos y medios internacionales no solo por <strong>el valor art\u00edstico del \u00e1lbum<\/strong>, sino por su impacto cultural y social al posicionar un proyecto en espa\u00f1ol en la categor\u00eda dominante de la m\u00fasica, rompiendo barreras hist\u00f3ricas en la industria musical.<\/p>\n","protected":false},"excerpt":{"rendered":"<p>El cantante puertorrique\u00f1o Bad Bunny hizo historia en la 68\u00aa edici\u00f3n de los Premios Grammy al ganar el galard\u00f3n de \u00c1lbum del A\u00f1o por su producci\u00f3n DeB\u00cd TiRAR M\u00e1S FOToS, convirti\u00e9ndose en el primer \u00e1lbum completamente en espa\u00f1ol en recibir este reconocimiento en la ceremonia principal de la m\u00fasica. La entrega se realiz\u00f3 el 1 [&hellip;]<\/p>\n","protected":false},"author":4,"featured_media":3887,"comment_status":"open","ping_status":"open","sticky":false,"template":"","format":"standard","meta":{"_crdt_document":"","footnotes":""},"categories":[68],"tags":[158,157,159],"class_list":["post-3885","post","type-post","status-publish","format-standard","has-post-thumbnail","hentry","category-farandula","tag-album-del-ano","tag-badbunny","tag-grammy"],"yoast_head":"<!-- This site is optimized with the Yoast SEO plugin v27.4 - https:\/\/yoast.com\/product\/yoast-seo-wordpress\/ -->\n<title>Bad Bunny gana \u00c1lbum del A\u00f1o y critica al Servicio de ICE<\/title>\n<meta name=\"description\" content=\"Bad Bunny hace historia ganando \u00c1lbum del A\u00f1o en los Grammy con un disco en espa\u00f1ol y lanza fuerte mensaje contra el ICE.\" \/>\n<meta name=\"robots\" content=\"index, follow, max-snippet:-1, max-image-preview:large, max-video-preview:-1\" \/>\n<link rel=\"canonical\" href=\"https:\/\/brasender.com.br\/noticias\/bad-bunny-hace-historia-gana-album-del-ano-en-los-grammy-con-un-disco-en-espanol-y-lanza-mensaje-contra-ice\/\" \/>\n<meta property=\"og:locale\" content=\"pt_BR\" \/>\n<meta property=\"og:type\" content=\"article\" \/>\n<meta property=\"og:title\" content=\"Bad Bunny gana \u00c1lbum del A\u00f1o y critica al Servicio de ICE\" \/>\n<meta property=\"og:description\" content=\"Bad Bunny hace historia ganando \u00c1lbum del A\u00f1o en los Grammy con un disco en espa\u00f1ol y lanza fuerte mensaje contra el ICE.\" \/>\n<meta property=\"og:url\" content=\"https:\/\/brasender.com.br\/noticias\/bad-bunny-hace-historia-gana-album-del-ano-en-los-grammy-con-un-disco-en-espanol-y-lanza-mensaje-contra-ice\/\" \/>\n<meta property=\"og:site_name\" content=\"Brasender Noticias\" \/>\n<meta property=\"article:publisher\" content=\"https:\/\/www.facebook.com\/profile.php?id=61562137653202\" \/>\n<meta property=\"article:published_time\" content=\"2026-02-03T00:11:31+00:00\" \/>\n<meta property=\"og:image\" content=\"https:\/\/brasender.com.br\/noticias\/wp-content\/uploads\/2026\/02\/bad-bunny-grammy-2026.webp\" \/>\n\t<meta property=\"og:image:width\" content=\"1241\" \/>\n\t<meta property=\"og:image:height\" content=\"698\" \/>\n\t<meta property=\"og:image:type\" content=\"image\/webp\" \/>\n<meta name=\"author\" content=\"Jessica Puig Hern\u00e1ndez\" \/>\n<meta name=\"twitter:card\" content=\"summary_large_image\" \/>\n<meta name=\"twitter:label1\" content=\"Escrito por\" \/>\n\t<meta name=\"twitter:data1\" content=\"Jessica Puig Hern\u00e1ndez\" \/>\n\t<meta name=\"twitter:label2\" content=\"Est. tempo de leitura\" \/>\n\t<meta name=\"twitter:data2\" content=\"2 minutos\" \/>\n<script type=\"application\/ld+json\" class=\"yoast-schema-graph\">{\"@context\":\"https:\\\/\\\/schema.org\",\"@graph\":[{\"@type\":\"Article\",\"@id\":\"https:\\\/\\\/brasender.com.br\\\/noticias\\\/bad-bunny-hace-historia-gana-album-del-ano-en-los-grammy-con-un-disco-en-espanol-y-lanza-mensaje-contra-ice\\\/#article\",\"isPartOf\":{\"@id\":\"https:\\\/\\\/brasender.com.br\\\/noticias\\\/bad-bunny-hace-historia-gana-album-del-ano-en-los-grammy-con-un-disco-en-espanol-y-lanza-mensaje-contra-ice\\\/\"},\"author\":{\"name\":\"Jessica Puig Hern\u00e1ndez\",\"@id\":\"https:\\\/\\\/brasender.com.br\\\/noticias\\\/#\\\/schema\\\/person\\\/dc36d7097eff7621e50aacab7e3931a8\"},\"headline\":\"Bad Bunny hace historia: gana \u00c1lbum del A\u00f1o en los Grammy con un disco en espa\u00f1ol y lanza mensaje contra ICE\",\"datePublished\":\"2026-02-03T00:11:31+00:00\",\"mainEntityOfPage\":{\"@id\":\"https:\\\/\\\/brasender.com.br\\\/noticias\\\/bad-bunny-hace-historia-gana-album-del-ano-en-los-grammy-con-un-disco-en-espanol-y-lanza-mensaje-contra-ice\\\/\"},\"wordCount\":373,\"commentCount\":0,\"publisher\":{\"@id\":\"https:\\\/\\\/brasender.com.br\\\/noticias\\\/#organization\"},\"image\":{\"@id\":\"https:\\\/\\\/brasender.com.br\\\/noticias\\\/bad-bunny-hace-historia-gana-album-del-ano-en-los-grammy-con-un-disco-en-espanol-y-lanza-mensaje-contra-ice\\\/#primaryimage\"},\"thumbnailUrl\":\"https:\\\/\\\/brasender.com.br\\\/noticias\\\/wp-content\\\/uploads\\\/2026\\\/02\\\/bad-bunny-grammy-2026.webp\",\"keywords\":[\"album del a\u00f1o\",\"badbunny\",\"grammy\"],\"articleSection\":[\"Far\u00e1ndula\"],\"inLanguage\":\"pt-BR\",\"potentialAction\":[{\"@type\":\"CommentAction\",\"name\":\"Comment\",\"target\":[\"https:\\\/\\\/brasender.com.br\\\/noticias\\\/bad-bunny-hace-historia-gana-album-del-ano-en-los-grammy-con-un-disco-en-espanol-y-lanza-mensaje-contra-ice\\\/#respond\"]}]},{\"@type\":\"WebPage\",\"@id\":\"https:\\\/\\\/brasender.com.br\\\/noticias\\\/bad-bunny-hace-historia-gana-album-del-ano-en-los-grammy-con-un-disco-en-espanol-y-lanza-mensaje-contra-ice\\\/\",\"url\":\"https:\\\/\\\/brasender.com.br\\\/noticias\\\/bad-bunny-hace-historia-gana-album-del-ano-en-los-grammy-con-un-disco-en-espanol-y-lanza-mensaje-contra-ice\\\/\",\"name\":\"Bad Bunny gana \u00c1lbum del A\u00f1o y critica al Servicio de ICE\",\"isPartOf\":{\"@id\":\"https:\\\/\\\/brasender.com.br\\\/noticias\\\/#website\"},\"primaryImageOfPage\":{\"@id\":\"https:\\\/\\\/brasender.com.br\\\/noticias\\\/bad-bunny-hace-historia-gana-album-del-ano-en-los-grammy-con-un-disco-en-espanol-y-lanza-mensaje-contra-ice\\\/#primaryimage\"},\"image\":{\"@id\":\"https:\\\/\\\/brasender.com.br\\\/noticias\\\/bad-bunny-hace-historia-gana-album-del-ano-en-los-grammy-con-un-disco-en-espanol-y-lanza-mensaje-contra-ice\\\/#primaryimage\"},\"thumbnailUrl\":\"https:\\\/\\\/brasender.com.br\\\/noticias\\\/wp-content\\\/uploads\\\/2026\\\/02\\\/bad-bunny-grammy-2026.webp\",\"datePublished\":\"2026-02-03T00:11:31+00:00\",\"description\":\"Bad Bunny hace historia ganando \u00c1lbum del A\u00f1o en los Grammy con un disco en espa\u00f1ol y lanza fuerte mensaje contra el ICE.\",\"breadcrumb\":{\"@id\":\"https:\\\/\\\/brasender.com.br\\\/noticias\\\/bad-bunny-hace-historia-gana-album-del-ano-en-los-grammy-con-un-disco-en-espanol-y-lanza-mensaje-contra-ice\\\/#breadcrumb\"},\"inLanguage\":\"pt-BR\",\"potentialAction\":[{\"@type\":\"ReadAction\",\"target\":[\"https:\\\/\\\/brasender.com.br\\\/noticias\\\/bad-bunny-hace-historia-gana-album-del-ano-en-los-grammy-con-un-disco-en-espanol-y-lanza-mensaje-contra-ice\\\/\"]}]},{\"@type\":\"ImageObject\",\"inLanguage\":\"pt-BR\",\"@id\":\"https:\\\/\\\/brasender.com.br\\\/noticias\\\/bad-bunny-hace-historia-gana-album-del-ano-en-los-grammy-con-un-disco-en-espanol-y-lanza-mensaje-contra-ice\\\/#primaryimage\",\"url\":\"https:\\\/\\\/brasender.com.br\\\/noticias\\\/wp-content\\\/uploads\\\/2026\\\/02\\\/bad-bunny-grammy-2026.webp\",\"contentUrl\":\"https:\\\/\\\/brasender.com.br\\\/noticias\\\/wp-content\\\/uploads\\\/2026\\\/02\\\/bad-bunny-grammy-2026.webp\",\"width\":1241,\"height\":698},{\"@type\":\"BreadcrumbList\",\"@id\":\"https:\\\/\\\/brasender.com.br\\\/noticias\\\/bad-bunny-hace-historia-gana-album-del-ano-en-los-grammy-con-un-disco-en-espanol-y-lanza-mensaje-contra-ice\\\/#breadcrumb\",\"itemListElement\":[{\"@type\":\"ListItem\",\"position\":1,\"name\":\"In\u00edcio\",\"item\":\"https:\\\/\\\/brasender.com.br\\\/noticias\\\/\"},{\"@type\":\"ListItem\",\"position\":2,\"name\":\"Bad Bunny hace historia: gana \u00c1lbum del A\u00f1o en los Grammy con un disco en espa\u00f1ol y lanza mensaje contra ICE\"}]},{\"@type\":\"WebSite\",\"@id\":\"https:\\\/\\\/brasender.com.br\\\/noticias\\\/#website\",\"url\":\"https:\\\/\\\/brasender.com.br\\\/noticias\\\/\",\"name\":\"Brasender Noticias\",\"description\":\"Portal de Noticias Brasender\",\"publisher\":{\"@id\":\"https:\\\/\\\/brasender.com.br\\\/noticias\\\/#organization\"},\"potentialAction\":[{\"@type\":\"SearchAction\",\"target\":{\"@type\":\"EntryPoint\",\"urlTemplate\":\"https:\\\/\\\/brasender.com.br\\\/noticias\\\/?s={search_term_string}\"},\"query-input\":{\"@type\":\"PropertyValueSpecification\",\"valueRequired\":true,\"valueName\":\"search_term_string\"}}],\"inLanguage\":\"pt-BR\"},{\"@type\":\"Organization\",\"@id\":\"https:\\\/\\\/brasender.com.br\\\/noticias\\\/#organization\",\"name\":\"Brasender Noticias\",\"url\":\"https:\\\/\\\/brasender.com.br\\\/noticias\\\/\",\"logo\":{\"@type\":\"ImageObject\",\"inLanguage\":\"pt-BR\",\"@id\":\"https:\\\/\\\/brasender.com.br\\\/noticias\\\/#\\\/schema\\\/logo\\\/image\\\/\",\"url\":\"https:\\\/\\\/brasender.com.br\\\/noticias\\\/wp-content\\\/uploads\\\/2022\\\/03\\\/Brasender-Noticias.png\",\"contentUrl\":\"https:\\\/\\\/brasender.com.br\\\/noticias\\\/wp-content\\\/uploads\\\/2022\\\/03\\\/Brasender-Noticias.png\",\"width\":2048,\"height\":500,\"caption\":\"Brasender Noticias\"},\"image\":{\"@id\":\"https:\\\/\\\/brasender.com.br\\\/noticias\\\/#\\\/schema\\\/logo\\\/image\\\/\"},\"sameAs\":[\"https:\\\/\\\/www.facebook.com\\\/profile.php?id=61562137653202\",\"https:\\\/\\\/www.instagram.com\\\/brasender\\\/\"]},{\"@type\":\"Person\",\"@id\":\"https:\\\/\\\/brasender.com.br\\\/noticias\\\/#\\\/schema\\\/person\\\/dc36d7097eff7621e50aacab7e3931a8\",\"name\":\"Jessica Puig Hern\u00e1ndez\",\"image\":{\"@type\":\"ImageObject\",\"inLanguage\":\"pt-BR\",\"@id\":\"https:\\\/\\\/secure.gravatar.com\\\/avatar\\\/8e405255b6ec071038c9c5bbf6c9b2a95a011c4b1f8fe00bf515f9f1426314e8?s=96&d=mm&r=g\",\"url\":\"https:\\\/\\\/secure.gravatar.com\\\/avatar\\\/8e405255b6ec071038c9c5bbf6c9b2a95a011c4b1f8fe00bf515f9f1426314e8?s=96&d=mm&r=g\",\"contentUrl\":\"https:\\\/\\\/secure.gravatar.com\\\/avatar\\\/8e405255b6ec071038c9c5bbf6c9b2a95a011c4b1f8fe00bf515f9f1426314e8?s=96&d=mm&r=g\",\"caption\":\"Jessica Puig Hern\u00e1ndez\"},\"url\":\"https:\\\/\\\/brasender.com.br\\\/noticias\\\/author\\\/jessica-puig\\\/\"}]}<\/script>\n<!-- \/ Yoast SEO plugin. -->","yoast_head_json":{"title":"Bad Bunny gana \u00c1lbum del A\u00f1o y critica al Servicio de ICE","description":"Bad Bunny hace historia ganando \u00c1lbum del A\u00f1o en los Grammy con un disco en espa\u00f1ol y lanza fuerte mensaje contra el ICE.","robots":{"index":"index","follow":"follow","max-snippet":"max-snippet:-1","max-image-preview":"max-image-preview:large","max-video-preview":"max-video-preview:-1"},"canonical":"https:\/\/brasender.com.br\/noticias\/bad-bunny-hace-historia-gana-album-del-ano-en-los-grammy-con-un-disco-en-espanol-y-lanza-mensaje-contra-ice\/","og_locale":"pt_BR","og_type":"article","og_title":"Bad Bunny gana \u00c1lbum del A\u00f1o y critica al Servicio de ICE","og_description":"Bad Bunny hace historia ganando \u00c1lbum del A\u00f1o en los Grammy con un disco en espa\u00f1ol y lanza fuerte mensaje contra el ICE.","og_url":"https:\/\/brasender.com.br\/noticias\/bad-bunny-hace-historia-gana-album-del-ano-en-los-grammy-con-un-disco-en-espanol-y-lanza-mensaje-contra-ice\/","og_site_name":"Brasender Noticias","article_publisher":"https:\/\/www.facebook.com\/profile.php?id=61562137653202","article_published_time":"2026-02-03T00:11:31+00:00","og_image":[{"width":1241,"height":698,"url":"https:\/\/brasender.com.br\/noticias\/wp-content\/uploads\/2026\/02\/bad-bunny-grammy-2026.webp","type":"image\/webp"}],"author":"Jessica Puig Hern\u00e1ndez","twitter_card":"summary_large_image","twitter_misc":{"Escrito por":"Jessica Puig Hern\u00e1ndez","Est. tempo de leitura":"2 minutos"},"schema":{"@context":"https:\/\/schema.org","@graph":[{"@type":"Article","@id":"https:\/\/brasender.com.br\/noticias\/bad-bunny-hace-historia-gana-album-del-ano-en-los-grammy-con-un-disco-en-espanol-y-lanza-mensaje-contra-ice\/#article","isPartOf":{"@id":"https:\/\/brasender.com.br\/noticias\/bad-bunny-hace-historia-gana-album-del-ano-en-los-grammy-con-un-disco-en-espanol-y-lanza-mensaje-contra-ice\/"},"author":{"name":"Jessica Puig Hern\u00e1ndez","@id":"https:\/\/brasender.com.br\/noticias\/#\/schema\/person\/dc36d7097eff7621e50aacab7e3931a8"},"headline":"Bad Bunny hace historia: gana \u00c1lbum del A\u00f1o en los Grammy con un disco en espa\u00f1ol y lanza mensaje contra ICE","datePublished":"2026-02-03T00:11:31+00:00","mainEntityOfPage":{"@id":"https:\/\/brasender.com.br\/noticias\/bad-bunny-hace-historia-gana-album-del-ano-en-los-grammy-con-un-disco-en-espanol-y-lanza-mensaje-contra-ice\/"},"wordCount":373,"commentCount":0,"publisher":{"@id":"https:\/\/brasender.com.br\/noticias\/#organization"},"image":{"@id":"https:\/\/brasender.com.br\/noticias\/bad-bunny-hace-historia-gana-album-del-ano-en-los-grammy-con-un-disco-en-espanol-y-lanza-mensaje-contra-ice\/#primaryimage"},"thumbnailUrl":"https:\/\/brasender.com.br\/noticias\/wp-content\/uploads\/2026\/02\/bad-bunny-grammy-2026.webp","keywords":["album del a\u00f1o","badbunny","grammy"],"articleSection":["Far\u00e1ndula"],"inLanguage":"pt-BR","potentialAction":[{"@type":"CommentAction","name":"Comment","target":["https:\/\/brasender.com.br\/noticias\/bad-bunny-hace-historia-gana-album-del-ano-en-los-grammy-con-un-disco-en-espanol-y-lanza-mensaje-contra-ice\/#respond"]}]},{"@type":"WebPage","@id":"https:\/\/brasender.com.br\/noticias\/bad-bunny-hace-historia-gana-album-del-ano-en-los-grammy-con-un-disco-en-espanol-y-lanza-mensaje-contra-ice\/","url":"https:\/\/brasender.com.br\/noticias\/bad-bunny-hace-historia-gana-album-del-ano-en-los-grammy-con-un-disco-en-espanol-y-lanza-mensaje-contra-ice\/","name":"Bad Bunny gana \u00c1lbum del A\u00f1o y critica al Servicio de ICE","isPartOf":{"@id":"https:\/\/brasender.com.br\/noticias\/#website"},"primaryImageOfPage":{"@id":"https:\/\/brasender.com.br\/noticias\/bad-bunny-hace-historia-gana-album-del-ano-en-los-grammy-con-un-disco-en-espanol-y-lanza-mensaje-contra-ice\/#primaryimage"},"image":{"@id":"https:\/\/brasender.com.br\/noticias\/bad-bunny-hace-historia-gana-album-del-ano-en-los-grammy-con-un-disco-en-espanol-y-lanza-mensaje-contra-ice\/#primaryimage"},"thumbnailUrl":"https:\/\/brasender.com.br\/noticias\/wp-content\/uploads\/2026\/02\/bad-bunny-grammy-2026.webp","datePublished":"2026-02-03T00:11:31+00:00","description":"Bad Bunny hace historia ganando \u00c1lbum del A\u00f1o en los Grammy con un disco en espa\u00f1ol y lanza fuerte mensaje contra el ICE.","breadcrumb":{"@id":"https:\/\/brasender.com.br\/noticias\/bad-bunny-hace-historia-gana-album-del-ano-en-los-grammy-con-un-disco-en-espanol-y-lanza-mensaje-contra-ice\/#breadcrumb"},"inLanguage":"pt-BR","potentialAction":[{"@type":"ReadAction","target":["https:\/\/brasender.com.br\/noticias\/bad-bunny-hace-historia-gana-album-del-ano-en-los-grammy-con-un-disco-en-espanol-y-lanza-mensaje-contra-ice\/"]}]},{"@type":"ImageObject","inLanguage":"pt-BR","@id":"https:\/\/brasender.com.br\/noticias\/bad-bunny-hace-historia-gana-album-del-ano-en-los-grammy-con-un-disco-en-espanol-y-lanza-mensaje-contra-ice\/#primaryimage","url":"https:\/\/brasender.com.br\/noticias\/wp-content\/uploads\/2026\/02\/bad-bunny-grammy-2026.webp","contentUrl":"https:\/\/brasender.com.br\/noticias\/wp-content\/uploads\/2026\/02\/bad-bunny-grammy-2026.webp","width":1241,"height":698},{"@type":"BreadcrumbList","@id":"https:\/\/brasender.com.br\/noticias\/bad-bunny-hace-historia-gana-album-del-ano-en-los-grammy-con-un-disco-en-espanol-y-lanza-mensaje-contra-ice\/#breadcrumb","itemListElement":[{"@type":"ListItem","position":1,"name":"In\u00edcio","item":"https:\/\/brasender.com.br\/noticias\/"},{"@type":"ListItem","position":2,"name":"Bad Bunny hace historia: gana \u00c1lbum del A\u00f1o en los Grammy con un disco en espa\u00f1ol y lanza mensaje contra ICE"}]},{"@type":"WebSite","@id":"https:\/\/brasender.com.br\/noticias\/#website","url":"https:\/\/brasender.com.br\/noticias\/","name":"Brasender Noticias","description":"Portal de Noticias Brasender","publisher":{"@id":"https:\/\/brasender.com.br\/noticias\/#organization"},"potentialAction":[{"@type":"SearchAction","target":{"@type":"EntryPoint","urlTemplate":"https:\/\/brasender.com.br\/noticias\/?s={search_term_string}"},"query-input":{"@type":"PropertyValueSpecification","valueRequired":true,"valueName":"search_term_string"}}],"inLanguage":"pt-BR"},{"@type":"Organization","@id":"https:\/\/brasender.com.br\/noticias\/#organization","name":"Brasender Noticias","url":"https:\/\/brasender.com.br\/noticias\/","logo":{"@type":"ImageObject","inLanguage":"pt-BR","@id":"https:\/\/brasender.com.br\/noticias\/#\/schema\/logo\/image\/","url":"https:\/\/brasender.com.br\/noticias\/wp-content\/uploads\/2022\/03\/Brasender-Noticias.png","contentUrl":"https:\/\/brasender.com.br\/noticias\/wp-content\/uploads\/2022\/03\/Brasender-Noticias.png","width":2048,"height":500,"caption":"Brasender Noticias"},"image":{"@id":"https:\/\/brasender.com.br\/noticias\/#\/schema\/logo\/image\/"},"sameAs":["https:\/\/www.facebook.com\/profile.php?id=61562137653202","https:\/\/www.instagram.com\/brasender\/"]},{"@type":"Person","@id":"https:\/\/brasender.com.br\/noticias\/#\/schema\/person\/dc36d7097eff7621e50aacab7e3931a8","name":"Jessica Puig Hern\u00e1ndez","image":{"@type":"ImageObject","inLanguage":"pt-BR","@id":"https:\/\/secure.gravatar.com\/avatar\/8e405255b6ec071038c9c5bbf6c9b2a95a011c4b1f8fe00bf515f9f1426314e8?s=96&d=mm&r=g","url":"https:\/\/secure.gravatar.com\/avatar\/8e405255b6ec071038c9c5bbf6c9b2a95a011c4b1f8fe00bf515f9f1426314e8?s=96&d=mm&r=g","contentUrl":"https:\/\/secure.gravatar.com\/avatar\/8e405255b6ec071038c9c5bbf6c9b2a95a011c4b1f8fe00bf515f9f1426314e8?s=96&d=mm&r=g","caption":"Jessica Puig Hern\u00e1ndez"},"url":"https:\/\/brasender.com.br\/noticias\/author\/jessica-puig\/"}]}},"_links":{"self":[{"href":"https:\/\/brasender.com.br\/noticias\/wp-json\/wp\/v2\/posts\/3885","targetHints":{"allow":["GET"]}}],"collection":[{"href":"https:\/\/brasender.com.br\/noticias\/wp-json\/wp\/v2\/posts"}],"about":[{"href":"https:\/\/brasender.com.br\/noticias\/wp-json\/wp\/v2\/types\/post"}],"author":[{"embeddable":true,"href":"https:\/\/brasender.com.br\/noticias\/wp-json\/wp\/v2\/users\/4"}],"replies":[{"embeddable":true,"href":"https:\/\/brasender.com.br\/noticias\/wp-json\/wp\/v2\/comments?post=3885"}],"version-history":[{"count":1,"href":"https:\/\/brasender.com.br\/noticias\/wp-json\/wp\/v2\/posts\/3885\/revisions"}],"predecessor-version":[{"id":3886,"href":"https:\/\/brasender.com.br\/noticias\/wp-json\/wp\/v2\/posts\/3885\/revisions\/3886"}],"wp:featuredmedia":[{"embeddable":true,"href":"https:\/\/brasender.com.br\/noticias\/wp-json\/wp\/v2\/media\/3887"}],"wp:attachment":[{"href":"https:\/\/brasender.com.br\/noticias\/wp-json\/wp\/v2\/media?parent=3885"}],"wp:term":[{"taxonomy":"category","embeddable":true,"href":"https:\/\/brasender.com.br\/noticias\/wp-json\/wp\/v2\/categories?post=3885"},{"taxonomy":"post_tag","embeddable":true,"href":"https:\/\/brasender.com.br\/noticias\/wp-json\/wp\/v2\/tags?post=3885"}],"curies":[{"name":"wp","href":"https:\/\/api.w.org\/{rel}","templated":true}]}}