{"id":3817,"date":"2026-01-23T16:33:44","date_gmt":"2026-01-23T19:33:44","guid":{"rendered":"https:\/\/brasender.com.br\/noticias\/?p=3817"},"modified":"2026-01-23T16:33:45","modified_gmt":"2026-01-23T19:33:45","slug":"reguetonero-cubano-el-chulo-detenido-ice-estados-unidos","status":"publish","type":"post","link":"https:\/\/brasender.com.br\/noticias\/reguetonero-cubano-el-chulo-detenido-ice-estados-unidos\/","title":{"rendered":"Reguetonero cubano El Chulo fue detenido por el ICE en Estados Unidos"},"content":{"rendered":"\n<div style=\"height:2px\" aria-hidden=\"true\" class=\"wp-block-spacer\"><\/div>\n\n\n\n<p class=\"has-medium-font-size wp-block-paragraph\">El <strong>reguetonero cubano Abel D\u00edaz Rodr\u00edguez<\/strong>, conocido art\u00edsticamente como <strong>El Chulo<\/strong>, fue <strong>detenido el 22 de enero de 2026<\/strong> por agentes del <strong>Servicio de Inmigraci\u00f3n y Control de Aduanas de Estados Unidos (ICE)<\/strong>, en un operativo relacionado con una <strong>orden de deportaci\u00f3n pendiente<\/strong> desde hace varios a\u00f1os.<\/p>\n\n\n\n<div style=\"height:2px\" aria-hidden=\"true\" class=\"wp-block-spacer\"><\/div>\n\n\n\n<p class=\"has-medium-font-size wp-block-paragraph\">La noticia se difundi\u00f3 r\u00e1pidamente en redes sociales despu\u00e9s de que usuarios compartieran capturas de pantalla del <strong>sitio oficial del ICE<\/strong> donde figuraba el nombre del artista como detenido, informaci\u00f3n que luego fue confirmada por periodistas especializados en migraci\u00f3n.<\/p>\n\n\n\n<div style=\"height:2px\" aria-hidden=\"true\" class=\"wp-block-spacer\"><\/div>\n\n\n\n<p class=\"has-medium-font-size wp-block-paragraph\">Hasta el momento, <strong>no se han dado a conocer detalles oficiales<\/strong> sobre las circunstancias exactas del arresto ni sobre el lugar de detenci\u00f3n de El Chulo, aunque fuentes cercanas afirman que la orden de deportaci\u00f3n se remonta a un incidente ocurrido anteriormente y al que el cantante no se present\u00f3 a una cita migratoria este a\u00f1o.<\/p>\n\n\n\n<div style=\"height:2px\" aria-hidden=\"true\" class=\"wp-block-spacer\"><\/div>\n\n\n\n<p class=\"has-medium-font-size wp-block-paragraph\">La pareja de El Chulo, <strong>Mar\u00eda Karla Castro<\/strong>, rompi\u00f3 el silencio tras la detenci\u00f3n y public\u00f3 un mensaje en su cuenta de <strong>Instagram<\/strong>, en el que agradeci\u00f3 las muestras de apoyo recibidas por familiares y seguidores, y lanz\u00f3 una advertencia para otros inmigrantes que se encuentran en una situaci\u00f3n migratoria irregular.<\/p>\n\n\n\n<div style=\"height:2px\" aria-hidden=\"true\" class=\"wp-block-spacer\"><\/div>\n\n\n\n<p class=\"has-medium-font-size wp-block-paragraph\">\u201cManejen con cuidado y no salgan de casa innecesariamente. Esto le puede pasar a cualquiera. Bendiciones\u201d, escribi\u00f3 Mar\u00eda Karla, quien tambi\u00e9n es madre del hijo menor de la pareja, Justin, nacido en junio de 2025.<\/p>\n\n\n\n<div style=\"height:2px\" aria-hidden=\"true\" class=\"wp-block-spacer\"><\/div>\n\n\n\n<p class=\"has-medium-font-size wp-block-paragraph\">El mensaje de su pareja ha resonado entre la comunidad migrante, donde la preocupaci\u00f3n por posibles <strong>operativos de inmigraci\u00f3n<\/strong> ha aumentado en los \u00faltimos meses.<\/p>\n\n\n\n<div style=\"height:2px\" aria-hidden=\"true\" class=\"wp-block-spacer\"><\/div>\n\n\n\n<p class=\"has-medium-font-size wp-block-paragraph\">El caso de El Chulo se suma a otros episodios en los que artistas cubanos radicados en Estados Unidos han enfrentado problemas con las autoridades migratorias, lo que ha generado debate entre seguidores y observadores sobre las implicaciones legales y personales de este tipo de detenciones.<\/p>\n\n\n\n<p class=\"wp-block-paragraph\"><\/p>\n","protected":false},"excerpt":{"rendered":"<p>El reguetonero cubano Abel D\u00edaz Rodr\u00edguez, conocido art\u00edsticamente como El Chulo, fue detenido el 22 de enero de 2026 por agentes del Servicio de Inmigraci\u00f3n y Control de Aduanas de Estados Unidos (ICE), en un operativo relacionado con una orden de deportaci\u00f3n pendiente desde hace varios a\u00f1os. La noticia se difundi\u00f3 r\u00e1pidamente en redes sociales [&hellip;]<\/p>\n","protected":false},"author":4,"featured_media":3818,"comment_status":"open","ping_status":"open","sticky":false,"template":"","format":"standard","meta":{"_crdt_document":"","footnotes":""},"categories":[68],"tags":[129,133,132],"class_list":["post-3817","post","type-post","status-publish","format-standard","has-post-thumbnail","hentry","category-farandula","tag-cantante-cubano","tag-el-chulo","tag-ice"],"yoast_head":"<!-- This site is optimized with the Yoast SEO plugin v27.4 - https:\/\/yoast.com\/product\/yoast-seo-wordpress\/ -->\n<title>Reguetonero cubano El Chulo es arrestado por el ICE.<\/title>\n<meta name=\"description\" content=\"El Chulo, reguetonero cubano, fue aprehendido por agentes del ICE por una orden de deportaci\u00f3n vigente. Su pareja se pronunci\u00f3 en Instagram.\" \/>\n<meta name=\"robots\" content=\"index, follow, max-snippet:-1, max-image-preview:large, max-video-preview:-1\" \/>\n<link rel=\"canonical\" href=\"https:\/\/brasender.com.br\/noticias\/reguetonero-cubano-el-chulo-detenido-ice-estados-unidos\/\" \/>\n<meta property=\"og:locale\" content=\"pt_BR\" \/>\n<meta property=\"og:type\" content=\"article\" \/>\n<meta property=\"og:title\" content=\"Reguetonero cubano El Chulo es arrestado por el ICE.\" \/>\n<meta property=\"og:description\" content=\"El Chulo, reguetonero cubano, fue aprehendido por agentes del ICE por una orden de deportaci\u00f3n vigente. Su pareja se pronunci\u00f3 en Instagram.\" \/>\n<meta property=\"og:url\" content=\"https:\/\/brasender.com.br\/noticias\/reguetonero-cubano-el-chulo-detenido-ice-estados-unidos\/\" \/>\n<meta property=\"og:site_name\" content=\"Brasender Noticias\" \/>\n<meta property=\"article:publisher\" content=\"https:\/\/www.facebook.com\/profile.php?id=61562137653202\" \/>\n<meta property=\"article:published_time\" content=\"2026-01-23T19:33:44+00:00\" \/>\n<meta property=\"article:modified_time\" content=\"2026-01-23T19:33:45+00:00\" \/>\n<meta property=\"og:image\" content=\"https:\/\/brasender.com.br\/noticias\/wp-content\/uploads\/2026\/01\/el-chulo-2024-05-16-346ddaa4-15ba-4ea7-8897-d2090d30cf95.jpg\" \/>\n\t<meta property=\"og:image:width\" content=\"1440\" \/>\n\t<meta property=\"og:image:height\" content=\"810\" \/>\n\t<meta property=\"og:image:type\" content=\"image\/jpeg\" \/>\n<meta name=\"author\" content=\"Jessica Puig Hern\u00e1ndez\" \/>\n<meta name=\"twitter:card\" content=\"summary_large_image\" \/>\n<meta name=\"twitter:label1\" content=\"Escrito por\" \/>\n\t<meta name=\"twitter:data1\" content=\"Jessica Puig Hern\u00e1ndez\" \/>\n\t<meta name=\"twitter:label2\" content=\"Est. tempo de leitura\" \/>\n\t<meta name=\"twitter:data2\" content=\"2 minutos\" \/>\n<script type=\"application\/ld+json\" class=\"yoast-schema-graph\">{\"@context\":\"https:\\\/\\\/schema.org\",\"@graph\":[{\"@type\":\"Article\",\"@id\":\"https:\\\/\\\/brasender.com.br\\\/noticias\\\/reguetonero-cubano-el-chulo-detenido-ice-estados-unidos\\\/#article\",\"isPartOf\":{\"@id\":\"https:\\\/\\\/brasender.com.br\\\/noticias\\\/reguetonero-cubano-el-chulo-detenido-ice-estados-unidos\\\/\"},\"author\":{\"name\":\"Jessica Puig Hern\u00e1ndez\",\"@id\":\"https:\\\/\\\/brasender.com.br\\\/noticias\\\/#\\\/schema\\\/person\\\/dc36d7097eff7621e50aacab7e3931a8\"},\"headline\":\"Reguetonero cubano El Chulo fue detenido por el ICE en Estados Unidos\",\"datePublished\":\"2026-01-23T19:33:44+00:00\",\"dateModified\":\"2026-01-23T19:33:45+00:00\",\"mainEntityOfPage\":{\"@id\":\"https:\\\/\\\/brasender.com.br\\\/noticias\\\/reguetonero-cubano-el-chulo-detenido-ice-estados-unidos\\\/\"},\"wordCount\":328,\"commentCount\":0,\"publisher\":{\"@id\":\"https:\\\/\\\/brasender.com.br\\\/noticias\\\/#organization\"},\"image\":{\"@id\":\"https:\\\/\\\/brasender.com.br\\\/noticias\\\/reguetonero-cubano-el-chulo-detenido-ice-estados-unidos\\\/#primaryimage\"},\"thumbnailUrl\":\"https:\\\/\\\/brasender.com.br\\\/noticias\\\/wp-content\\\/uploads\\\/2026\\\/01\\\/el-chulo-2024-05-16-346ddaa4-15ba-4ea7-8897-d2090d30cf95.jpg\",\"keywords\":[\"cantante cubano\",\"el chulo\",\"ice\"],\"articleSection\":[\"Far\u00e1ndula\"],\"inLanguage\":\"pt-BR\",\"potentialAction\":[{\"@type\":\"CommentAction\",\"name\":\"Comment\",\"target\":[\"https:\\\/\\\/brasender.com.br\\\/noticias\\\/reguetonero-cubano-el-chulo-detenido-ice-estados-unidos\\\/#respond\"]}]},{\"@type\":\"WebPage\",\"@id\":\"https:\\\/\\\/brasender.com.br\\\/noticias\\\/reguetonero-cubano-el-chulo-detenido-ice-estados-unidos\\\/\",\"url\":\"https:\\\/\\\/brasender.com.br\\\/noticias\\\/reguetonero-cubano-el-chulo-detenido-ice-estados-unidos\\\/\",\"name\":\"Reguetonero cubano El Chulo es arrestado por el ICE.\",\"isPartOf\":{\"@id\":\"https:\\\/\\\/brasender.com.br\\\/noticias\\\/#website\"},\"primaryImageOfPage\":{\"@id\":\"https:\\\/\\\/brasender.com.br\\\/noticias\\\/reguetonero-cubano-el-chulo-detenido-ice-estados-unidos\\\/#primaryimage\"},\"image\":{\"@id\":\"https:\\\/\\\/brasender.com.br\\\/noticias\\\/reguetonero-cubano-el-chulo-detenido-ice-estados-unidos\\\/#primaryimage\"},\"thumbnailUrl\":\"https:\\\/\\\/brasender.com.br\\\/noticias\\\/wp-content\\\/uploads\\\/2026\\\/01\\\/el-chulo-2024-05-16-346ddaa4-15ba-4ea7-8897-d2090d30cf95.jpg\",\"datePublished\":\"2026-01-23T19:33:44+00:00\",\"dateModified\":\"2026-01-23T19:33:45+00:00\",\"description\":\"El Chulo, reguetonero cubano, fue aprehendido por agentes del ICE por una orden de deportaci\u00f3n vigente. Su pareja se pronunci\u00f3 en Instagram.\",\"breadcrumb\":{\"@id\":\"https:\\\/\\\/brasender.com.br\\\/noticias\\\/reguetonero-cubano-el-chulo-detenido-ice-estados-unidos\\\/#breadcrumb\"},\"inLanguage\":\"pt-BR\",\"potentialAction\":[{\"@type\":\"ReadAction\",\"target\":[\"https:\\\/\\\/brasender.com.br\\\/noticias\\\/reguetonero-cubano-el-chulo-detenido-ice-estados-unidos\\\/\"]}]},{\"@type\":\"ImageObject\",\"inLanguage\":\"pt-BR\",\"@id\":\"https:\\\/\\\/brasender.com.br\\\/noticias\\\/reguetonero-cubano-el-chulo-detenido-ice-estados-unidos\\\/#primaryimage\",\"url\":\"https:\\\/\\\/brasender.com.br\\\/noticias\\\/wp-content\\\/uploads\\\/2026\\\/01\\\/el-chulo-2024-05-16-346ddaa4-15ba-4ea7-8897-d2090d30cf95.jpg\",\"contentUrl\":\"https:\\\/\\\/brasender.com.br\\\/noticias\\\/wp-content\\\/uploads\\\/2026\\\/01\\\/el-chulo-2024-05-16-346ddaa4-15ba-4ea7-8897-d2090d30cf95.jpg\",\"width\":1440,\"height\":810},{\"@type\":\"BreadcrumbList\",\"@id\":\"https:\\\/\\\/brasender.com.br\\\/noticias\\\/reguetonero-cubano-el-chulo-detenido-ice-estados-unidos\\\/#breadcrumb\",\"itemListElement\":[{\"@type\":\"ListItem\",\"position\":1,\"name\":\"In\u00edcio\",\"item\":\"https:\\\/\\\/brasender.com.br\\\/noticias\\\/\"},{\"@type\":\"ListItem\",\"position\":2,\"name\":\"Reguetonero cubano El Chulo fue detenido por el ICE en Estados Unidos\"}]},{\"@type\":\"WebSite\",\"@id\":\"https:\\\/\\\/brasender.com.br\\\/noticias\\\/#website\",\"url\":\"https:\\\/\\\/brasender.com.br\\\/noticias\\\/\",\"name\":\"Brasender Noticias\",\"description\":\"Portal de Noticias Brasender\",\"publisher\":{\"@id\":\"https:\\\/\\\/brasender.com.br\\\/noticias\\\/#organization\"},\"potentialAction\":[{\"@type\":\"SearchAction\",\"target\":{\"@type\":\"EntryPoint\",\"urlTemplate\":\"https:\\\/\\\/brasender.com.br\\\/noticias\\\/?s={search_term_string}\"},\"query-input\":{\"@type\":\"PropertyValueSpecification\",\"valueRequired\":true,\"valueName\":\"search_term_string\"}}],\"inLanguage\":\"pt-BR\"},{\"@type\":\"Organization\",\"@id\":\"https:\\\/\\\/brasender.com.br\\\/noticias\\\/#organization\",\"name\":\"Brasender Noticias\",\"url\":\"https:\\\/\\\/brasender.com.br\\\/noticias\\\/\",\"logo\":{\"@type\":\"ImageObject\",\"inLanguage\":\"pt-BR\",\"@id\":\"https:\\\/\\\/brasender.com.br\\\/noticias\\\/#\\\/schema\\\/logo\\\/image\\\/\",\"url\":\"https:\\\/\\\/brasender.com.br\\\/noticias\\\/wp-content\\\/uploads\\\/2022\\\/03\\\/Brasender-Noticias.png\",\"contentUrl\":\"https:\\\/\\\/brasender.com.br\\\/noticias\\\/wp-content\\\/uploads\\\/2022\\\/03\\\/Brasender-Noticias.png\",\"width\":2048,\"height\":500,\"caption\":\"Brasender Noticias\"},\"image\":{\"@id\":\"https:\\\/\\\/brasender.com.br\\\/noticias\\\/#\\\/schema\\\/logo\\\/image\\\/\"},\"sameAs\":[\"https:\\\/\\\/www.facebook.com\\\/profile.php?id=61562137653202\",\"https:\\\/\\\/www.instagram.com\\\/brasender\\\/\"]},{\"@type\":\"Person\",\"@id\":\"https:\\\/\\\/brasender.com.br\\\/noticias\\\/#\\\/schema\\\/person\\\/dc36d7097eff7621e50aacab7e3931a8\",\"name\":\"Jessica Puig Hern\u00e1ndez\",\"image\":{\"@type\":\"ImageObject\",\"inLanguage\":\"pt-BR\",\"@id\":\"https:\\\/\\\/secure.gravatar.com\\\/avatar\\\/8e405255b6ec071038c9c5bbf6c9b2a95a011c4b1f8fe00bf515f9f1426314e8?s=96&d=mm&r=g\",\"url\":\"https:\\\/\\\/secure.gravatar.com\\\/avatar\\\/8e405255b6ec071038c9c5bbf6c9b2a95a011c4b1f8fe00bf515f9f1426314e8?s=96&d=mm&r=g\",\"contentUrl\":\"https:\\\/\\\/secure.gravatar.com\\\/avatar\\\/8e405255b6ec071038c9c5bbf6c9b2a95a011c4b1f8fe00bf515f9f1426314e8?s=96&d=mm&r=g\",\"caption\":\"Jessica Puig Hern\u00e1ndez\"},\"url\":\"https:\\\/\\\/brasender.com.br\\\/noticias\\\/author\\\/jessica-puig\\\/\"}]}<\/script>\n<!-- \/ Yoast SEO plugin. -->","yoast_head_json":{"title":"Reguetonero cubano El Chulo es arrestado por el ICE.","description":"El Chulo, reguetonero cubano, fue aprehendido por agentes del ICE por una orden de deportaci\u00f3n vigente. Su pareja se pronunci\u00f3 en Instagram.","robots":{"index":"index","follow":"follow","max-snippet":"max-snippet:-1","max-image-preview":"max-image-preview:large","max-video-preview":"max-video-preview:-1"},"canonical":"https:\/\/brasender.com.br\/noticias\/reguetonero-cubano-el-chulo-detenido-ice-estados-unidos\/","og_locale":"pt_BR","og_type":"article","og_title":"Reguetonero cubano El Chulo es arrestado por el ICE.","og_description":"El Chulo, reguetonero cubano, fue aprehendido por agentes del ICE por una orden de deportaci\u00f3n vigente. Su pareja se pronunci\u00f3 en Instagram.","og_url":"https:\/\/brasender.com.br\/noticias\/reguetonero-cubano-el-chulo-detenido-ice-estados-unidos\/","og_site_name":"Brasender Noticias","article_publisher":"https:\/\/www.facebook.com\/profile.php?id=61562137653202","article_published_time":"2026-01-23T19:33:44+00:00","article_modified_time":"2026-01-23T19:33:45+00:00","og_image":[{"width":1440,"height":810,"url":"https:\/\/brasender.com.br\/noticias\/wp-content\/uploads\/2026\/01\/el-chulo-2024-05-16-346ddaa4-15ba-4ea7-8897-d2090d30cf95.jpg","type":"image\/jpeg"}],"author":"Jessica Puig Hern\u00e1ndez","twitter_card":"summary_large_image","twitter_misc":{"Escrito por":"Jessica Puig Hern\u00e1ndez","Est. tempo de leitura":"2 minutos"},"schema":{"@context":"https:\/\/schema.org","@graph":[{"@type":"Article","@id":"https:\/\/brasender.com.br\/noticias\/reguetonero-cubano-el-chulo-detenido-ice-estados-unidos\/#article","isPartOf":{"@id":"https:\/\/brasender.com.br\/noticias\/reguetonero-cubano-el-chulo-detenido-ice-estados-unidos\/"},"author":{"name":"Jessica Puig Hern\u00e1ndez","@id":"https:\/\/brasender.com.br\/noticias\/#\/schema\/person\/dc36d7097eff7621e50aacab7e3931a8"},"headline":"Reguetonero cubano El Chulo fue detenido por el ICE en Estados Unidos","datePublished":"2026-01-23T19:33:44+00:00","dateModified":"2026-01-23T19:33:45+00:00","mainEntityOfPage":{"@id":"https:\/\/brasender.com.br\/noticias\/reguetonero-cubano-el-chulo-detenido-ice-estados-unidos\/"},"wordCount":328,"commentCount":0,"publisher":{"@id":"https:\/\/brasender.com.br\/noticias\/#organization"},"image":{"@id":"https:\/\/brasender.com.br\/noticias\/reguetonero-cubano-el-chulo-detenido-ice-estados-unidos\/#primaryimage"},"thumbnailUrl":"https:\/\/brasender.com.br\/noticias\/wp-content\/uploads\/2026\/01\/el-chulo-2024-05-16-346ddaa4-15ba-4ea7-8897-d2090d30cf95.jpg","keywords":["cantante cubano","el chulo","ice"],"articleSection":["Far\u00e1ndula"],"inLanguage":"pt-BR","potentialAction":[{"@type":"CommentAction","name":"Comment","target":["https:\/\/brasender.com.br\/noticias\/reguetonero-cubano-el-chulo-detenido-ice-estados-unidos\/#respond"]}]},{"@type":"WebPage","@id":"https:\/\/brasender.com.br\/noticias\/reguetonero-cubano-el-chulo-detenido-ice-estados-unidos\/","url":"https:\/\/brasender.com.br\/noticias\/reguetonero-cubano-el-chulo-detenido-ice-estados-unidos\/","name":"Reguetonero cubano El Chulo es arrestado por el ICE.","isPartOf":{"@id":"https:\/\/brasender.com.br\/noticias\/#website"},"primaryImageOfPage":{"@id":"https:\/\/brasender.com.br\/noticias\/reguetonero-cubano-el-chulo-detenido-ice-estados-unidos\/#primaryimage"},"image":{"@id":"https:\/\/brasender.com.br\/noticias\/reguetonero-cubano-el-chulo-detenido-ice-estados-unidos\/#primaryimage"},"thumbnailUrl":"https:\/\/brasender.com.br\/noticias\/wp-content\/uploads\/2026\/01\/el-chulo-2024-05-16-346ddaa4-15ba-4ea7-8897-d2090d30cf95.jpg","datePublished":"2026-01-23T19:33:44+00:00","dateModified":"2026-01-23T19:33:45+00:00","description":"El Chulo, reguetonero cubano, fue aprehendido por agentes del ICE por una orden de deportaci\u00f3n vigente. Su pareja se pronunci\u00f3 en Instagram.","breadcrumb":{"@id":"https:\/\/brasender.com.br\/noticias\/reguetonero-cubano-el-chulo-detenido-ice-estados-unidos\/#breadcrumb"},"inLanguage":"pt-BR","potentialAction":[{"@type":"ReadAction","target":["https:\/\/brasender.com.br\/noticias\/reguetonero-cubano-el-chulo-detenido-ice-estados-unidos\/"]}]},{"@type":"ImageObject","inLanguage":"pt-BR","@id":"https:\/\/brasender.com.br\/noticias\/reguetonero-cubano-el-chulo-detenido-ice-estados-unidos\/#primaryimage","url":"https:\/\/brasender.com.br\/noticias\/wp-content\/uploads\/2026\/01\/el-chulo-2024-05-16-346ddaa4-15ba-4ea7-8897-d2090d30cf95.jpg","contentUrl":"https:\/\/brasender.com.br\/noticias\/wp-content\/uploads\/2026\/01\/el-chulo-2024-05-16-346ddaa4-15ba-4ea7-8897-d2090d30cf95.jpg","width":1440,"height":810},{"@type":"BreadcrumbList","@id":"https:\/\/brasender.com.br\/noticias\/reguetonero-cubano-el-chulo-detenido-ice-estados-unidos\/#breadcrumb","itemListElement":[{"@type":"ListItem","position":1,"name":"In\u00edcio","item":"https:\/\/brasender.com.br\/noticias\/"},{"@type":"ListItem","position":2,"name":"Reguetonero cubano El Chulo fue detenido por el ICE en Estados Unidos"}]},{"@type":"WebSite","@id":"https:\/\/brasender.com.br\/noticias\/#website","url":"https:\/\/brasender.com.br\/noticias\/","name":"Brasender Noticias","description":"Portal de Noticias Brasender","publisher":{"@id":"https:\/\/brasender.com.br\/noticias\/#organization"},"potentialAction":[{"@type":"SearchAction","target":{"@type":"EntryPoint","urlTemplate":"https:\/\/brasender.com.br\/noticias\/?s={search_term_string}"},"query-input":{"@type":"PropertyValueSpecification","valueRequired":true,"valueName":"search_term_string"}}],"inLanguage":"pt-BR"},{"@type":"Organization","@id":"https:\/\/brasender.com.br\/noticias\/#organization","name":"Brasender Noticias","url":"https:\/\/brasender.com.br\/noticias\/","logo":{"@type":"ImageObject","inLanguage":"pt-BR","@id":"https:\/\/brasender.com.br\/noticias\/#\/schema\/logo\/image\/","url":"https:\/\/brasender.com.br\/noticias\/wp-content\/uploads\/2022\/03\/Brasender-Noticias.png","contentUrl":"https:\/\/brasender.com.br\/noticias\/wp-content\/uploads\/2022\/03\/Brasender-Noticias.png","width":2048,"height":500,"caption":"Brasender Noticias"},"image":{"@id":"https:\/\/brasender.com.br\/noticias\/#\/schema\/logo\/image\/"},"sameAs":["https:\/\/www.facebook.com\/profile.php?id=61562137653202","https:\/\/www.instagram.com\/brasender\/"]},{"@type":"Person","@id":"https:\/\/brasender.com.br\/noticias\/#\/schema\/person\/dc36d7097eff7621e50aacab7e3931a8","name":"Jessica Puig Hern\u00e1ndez","image":{"@type":"ImageObject","inLanguage":"pt-BR","@id":"https:\/\/secure.gravatar.com\/avatar\/8e405255b6ec071038c9c5bbf6c9b2a95a011c4b1f8fe00bf515f9f1426314e8?s=96&d=mm&r=g","url":"https:\/\/secure.gravatar.com\/avatar\/8e405255b6ec071038c9c5bbf6c9b2a95a011c4b1f8fe00bf515f9f1426314e8?s=96&d=mm&r=g","contentUrl":"https:\/\/secure.gravatar.com\/avatar\/8e405255b6ec071038c9c5bbf6c9b2a95a011c4b1f8fe00bf515f9f1426314e8?s=96&d=mm&r=g","caption":"Jessica Puig Hern\u00e1ndez"},"url":"https:\/\/brasender.com.br\/noticias\/author\/jessica-puig\/"}]}},"_links":{"self":[{"href":"https:\/\/brasender.com.br\/noticias\/wp-json\/wp\/v2\/posts\/3817","targetHints":{"allow":["GET"]}}],"collection":[{"href":"https:\/\/brasender.com.br\/noticias\/wp-json\/wp\/v2\/posts"}],"about":[{"href":"https:\/\/brasender.com.br\/noticias\/wp-json\/wp\/v2\/types\/post"}],"author":[{"embeddable":true,"href":"https:\/\/brasender.com.br\/noticias\/wp-json\/wp\/v2\/users\/4"}],"replies":[{"embeddable":true,"href":"https:\/\/brasender.com.br\/noticias\/wp-json\/wp\/v2\/comments?post=3817"}],"version-history":[{"count":1,"href":"https:\/\/brasender.com.br\/noticias\/wp-json\/wp\/v2\/posts\/3817\/revisions"}],"predecessor-version":[{"id":3819,"href":"https:\/\/brasender.com.br\/noticias\/wp-json\/wp\/v2\/posts\/3817\/revisions\/3819"}],"wp:featuredmedia":[{"embeddable":true,"href":"https:\/\/brasender.com.br\/noticias\/wp-json\/wp\/v2\/media\/3818"}],"wp:attachment":[{"href":"https:\/\/brasender.com.br\/noticias\/wp-json\/wp\/v2\/media?parent=3817"}],"wp:term":[{"taxonomy":"category","embeddable":true,"href":"https:\/\/brasender.com.br\/noticias\/wp-json\/wp\/v2\/categories?post=3817"},{"taxonomy":"post_tag","embeddable":true,"href":"https:\/\/brasender.com.br\/noticias\/wp-json\/wp\/v2\/tags?post=3817"}],"curies":[{"name":"wp","href":"https:\/\/api.w.org\/{rel}","templated":true}]}}