{"id":3813,"date":"2026-01-22T17:45:59","date_gmt":"2026-01-22T20:45:59","guid":{"rendered":"https:\/\/brasender.com.br\/noticias\/?p=3813"},"modified":"2026-01-22T17:45:59","modified_gmt":"2026-01-22T20:45:59","slug":"fallece-cantante-cubano-alfredito-rodriguez-74","status":"publish","type":"post","link":"https:\/\/brasender.com.br\/noticias\/fallece-cantante-cubano-alfredito-rodriguez-74\/","title":{"rendered":"Fallece el cantante cubano Alfredito Rodr\u00edguez a los 74 a\u00f1os"},"content":{"rendered":"\n<div style=\"height:2px\" aria-hidden=\"true\" class=\"wp-block-spacer\"><\/div>\n\n\n\n<div style=\"height:2px\" aria-hidden=\"true\" class=\"wp-block-spacer\"><\/div>\n\n\n\n<p class=\"has-medium-font-size wp-block-paragraph\">El querido <strong>cantante cubano Alfredito Rodr\u00edguez<\/strong>, conocido por su nombre art\u00edstico y su extensa trayectoria musical, <strong>falleci\u00f3 a los 74 a\u00f1os<\/strong> en la ciudad de Coral Gables, Florida, Estados Unidos. La noticia fue confirmada por su familia mediante un comunicado publicado en redes sociales, donde expresaron su profundo dolor por la p\u00e9rdida de uno de los artistas m\u00e1s emblem\u00e1ticos de la m\u00fasica cubana contempor\u00e1nea.<\/p>\n\n\n\n<div style=\"height:2px\" aria-hidden=\"true\" class=\"wp-block-spacer\"><\/div>\n\n\n\n<p class=\"has-medium-font-size wp-block-paragraph\">Alfredito Rodr\u00edguez, cuyo nombre real era <strong>Alfredo Rodr\u00edguez<\/strong>, dej\u00f3 una huella significativa en la historia musical de Cuba y en el coraz\u00f3n de varias generaciones de seguidores. Durante su carrera, destac\u00f3 tanto por su <strong>talento vocal<\/strong> como por su capacidad para conectar con el p\u00fablico a trav\u00e9s de canciones que se convirtieron en parte del repertorio popular de la isla.<\/p>\n\n\n\n<div style=\"height:2px\" aria-hidden=\"true\" class=\"wp-block-spacer\"><\/div>\n\n\n\n<p class=\"has-medium-font-size wp-block-paragraph\">Seg\u00fan el comunicado familiar, el artista \u201c<strong>deja un legado inmenso y una huella imborrable<\/strong> en la vida de quienes lo admiraron y amaron\u201d, palabras que fueron ampliamente compartidas por seguidores y colegas en redes sociales tras conocerse la noticia de su muerte.<\/p>\n\n\n\n\n\n\n\n<div style=\"height:2px\" aria-hidden=\"true\" class=\"wp-block-spacer\"><\/div>\n\n\n\n<p class=\"has-medium-font-size wp-block-paragraph\">Su hijo, el tambi\u00e9n m\u00fasico <strong>Alfredo Rodr\u00edguez Jr.<\/strong>, comparti\u00f3 un emotivo mensaje de despedida donde destac\u00f3 la fidelidad de su padre a su m\u00fasica, a su p\u00fablico, a sus principios y a sus ra\u00edces culturales. \u201cVuela alto, pap\u00e1\u2026 siempre estar\u00e1s conmigo en cada nota que toque\u201d, escribi\u00f3 el joven artista, subrayando el impacto que su padre tuvo tanto en lo personal como en lo profesional.<\/p>\n\n\n\n<div style=\"height:2px\" aria-hidden=\"true\" class=\"wp-block-spacer\"><\/div>\n\n\n\n<p class=\"has-medium-font-size wp-block-paragraph\">La carrera de Alfredito Rodr\u00edguez fue extensa y diversa. Comenz\u00f3 en la televisi\u00f3n cubana en la d\u00e9cada de 1960 y r\u00e1pidamente se consolid\u00f3 como uno de los cantantes populares m\u00e1s reconocidos de Cuba, con \u00e9xitos que abarcaron g\u00e9neros desde la m\u00fasica popular cubana hasta baladas y otros estilos. Su legado art\u00edstico fue celebrado tanto en Cuba como en la comunidad cubana residente en el extranjero.<\/p>\n\n\n\n<div style=\"height:2px\" aria-hidden=\"true\" class=\"wp-block-spacer\"><\/div>\n\n\n\n<p class=\"has-medium-font-size wp-block-paragraph\">La partida de Rodr\u00edguez ha generado una ola de condolencias en redes sociales y medios de comunicaci\u00f3n, donde seguidores, colegas y figuras del \u00e1mbito cultural han expresado su respeto y agradecimiento por la contribuci\u00f3n del cantante a la m\u00fasica y la cultura cubana.<\/p>\n\n\n\n<div style=\"height:2px\" aria-hidden=\"true\" class=\"wp-block-spacer\"><\/div>\n\n\n\n<p class=\"has-medium-font-size wp-block-paragraph\">El fallecimiento de Alfredito Rodr\u00edguez representa una p\u00e9rdida significativa para el panorama musical cubano, mientras su trayectoria art\u00edstica y su legado contin\u00faan siendo recordados y valorados por quienes disfrutaron de su obra a lo largo de varias d\u00e9cadas.<\/p>\n\n\n\n<div style=\"height:2px\" aria-hidden=\"true\" class=\"wp-block-spacer\"><\/div>\n\n\n\n<div style=\"height:2px\" aria-hidden=\"true\" class=\"wp-block-spacer\"><\/div>\n\n\n\n<div style=\"height:2px\" aria-hidden=\"true\" class=\"wp-block-spacer\"><\/div>\n","protected":false},"excerpt":{"rendered":"<p>El querido cantante cubano Alfredito Rodr\u00edguez, conocido por su nombre art\u00edstico y su extensa trayectoria musical, falleci\u00f3 a los 74 a\u00f1os en la ciudad de Coral Gables, Florida, Estados Unidos. La noticia fue confirmada por su familia mediante un comunicado publicado en redes sociales, donde expresaron su profundo dolor por la p\u00e9rdida de uno de [&hellip;]<\/p>\n","protected":false},"author":4,"featured_media":3814,"comment_status":"open","ping_status":"open","sticky":false,"template":"","format":"standard","meta":{"_crdt_document":"","footnotes":""},"categories":[68],"tags":[131,129,130],"class_list":["post-3813","post","type-post","status-publish","format-standard","has-post-thumbnail","hentry","category-farandula","tag-alfredito-rodriguez","tag-cantante-cubano","tag-fallecimieto"],"yoast_head":"<!-- This site is optimized with the Yoast SEO plugin v27.4 - https:\/\/yoast.com\/product\/yoast-seo-wordpress\/ -->\n<title>Fallece el cantante cubano Alfredito Rodr\u00edguez a los 74 a\u00f1os<\/title>\n<meta name=\"description\" content=\"Con profundo dolor, los seres queridos del reconocido artista cubano Alfredito Rodr\u00edguez informaron su muerte a los 74 a\u00f1os en Miami.\" \/>\n<meta name=\"robots\" content=\"index, follow, max-snippet:-1, max-image-preview:large, max-video-preview:-1\" \/>\n<link rel=\"canonical\" href=\"https:\/\/brasender.com.br\/noticias\/fallece-cantante-cubano-alfredito-rodriguez-74\/\" \/>\n<meta property=\"og:locale\" content=\"pt_BR\" \/>\n<meta property=\"og:type\" content=\"article\" \/>\n<meta property=\"og:title\" content=\"Fallece el cantante cubano Alfredito Rodr\u00edguez a los 74 a\u00f1os\" \/>\n<meta property=\"og:description\" content=\"Con profundo dolor, los seres queridos del reconocido artista cubano Alfredito Rodr\u00edguez informaron su muerte a los 74 a\u00f1os en Miami.\" \/>\n<meta property=\"og:url\" content=\"https:\/\/brasender.com.br\/noticias\/fallece-cantante-cubano-alfredito-rodriguez-74\/\" \/>\n<meta property=\"og:site_name\" content=\"Brasender Noticias\" \/>\n<meta property=\"article:publisher\" content=\"https:\/\/www.facebook.com\/profile.php?id=61562137653202\" \/>\n<meta property=\"article:published_time\" content=\"2026-01-22T20:45:59+00:00\" \/>\n<meta property=\"og:image\" content=\"https:\/\/brasender.com.br\/noticias\/wp-content\/uploads\/2026\/01\/Fallece-Alfredito-Rodriguez-popular-cantante-y-compositor-cubano.webp\" \/>\n\t<meta property=\"og:image:width\" content=\"1000\" \/>\n\t<meta property=\"og:image:height\" content=\"562\" \/>\n\t<meta property=\"og:image:type\" content=\"image\/webp\" \/>\n<meta name=\"author\" content=\"Jessica Puig Hern\u00e1ndez\" \/>\n<meta name=\"twitter:card\" content=\"summary_large_image\" \/>\n<meta name=\"twitter:label1\" content=\"Escrito por\" \/>\n\t<meta name=\"twitter:data1\" content=\"Jessica Puig Hern\u00e1ndez\" \/>\n\t<meta name=\"twitter:label2\" content=\"Est. tempo de leitura\" \/>\n\t<meta name=\"twitter:data2\" content=\"3 minutos\" \/>\n<script type=\"application\/ld+json\" class=\"yoast-schema-graph\">{\"@context\":\"https:\\\/\\\/schema.org\",\"@graph\":[{\"@type\":\"Article\",\"@id\":\"https:\\\/\\\/brasender.com.br\\\/noticias\\\/fallece-cantante-cubano-alfredito-rodriguez-74\\\/#article\",\"isPartOf\":{\"@id\":\"https:\\\/\\\/brasender.com.br\\\/noticias\\\/fallece-cantante-cubano-alfredito-rodriguez-74\\\/\"},\"author\":{\"name\":\"Jessica Puig Hern\u00e1ndez\",\"@id\":\"https:\\\/\\\/brasender.com.br\\\/noticias\\\/#\\\/schema\\\/person\\\/dc36d7097eff7621e50aacab7e3931a8\"},\"headline\":\"Fallece el cantante cubano Alfredito Rodr\u00edguez a los 74 a\u00f1os\",\"datePublished\":\"2026-01-22T20:45:59+00:00\",\"mainEntityOfPage\":{\"@id\":\"https:\\\/\\\/brasender.com.br\\\/noticias\\\/fallece-cantante-cubano-alfredito-rodriguez-74\\\/\"},\"wordCount\":424,\"commentCount\":0,\"publisher\":{\"@id\":\"https:\\\/\\\/brasender.com.br\\\/noticias\\\/#organization\"},\"image\":{\"@id\":\"https:\\\/\\\/brasender.com.br\\\/noticias\\\/fallece-cantante-cubano-alfredito-rodriguez-74\\\/#primaryimage\"},\"thumbnailUrl\":\"https:\\\/\\\/brasender.com.br\\\/noticias\\\/wp-content\\\/uploads\\\/2026\\\/01\\\/Fallece-Alfredito-Rodriguez-popular-cantante-y-compositor-cubano.webp\",\"keywords\":[\"alfredito rodriguez\",\"cantante cubano\",\"fallecimieto\"],\"articleSection\":[\"Far\u00e1ndula\"],\"inLanguage\":\"pt-BR\",\"potentialAction\":[{\"@type\":\"CommentAction\",\"name\":\"Comment\",\"target\":[\"https:\\\/\\\/brasender.com.br\\\/noticias\\\/fallece-cantante-cubano-alfredito-rodriguez-74\\\/#respond\"]}]},{\"@type\":\"WebPage\",\"@id\":\"https:\\\/\\\/brasender.com.br\\\/noticias\\\/fallece-cantante-cubano-alfredito-rodriguez-74\\\/\",\"url\":\"https:\\\/\\\/brasender.com.br\\\/noticias\\\/fallece-cantante-cubano-alfredito-rodriguez-74\\\/\",\"name\":\"Fallece el cantante cubano Alfredito Rodr\u00edguez a los 74 a\u00f1os\",\"isPartOf\":{\"@id\":\"https:\\\/\\\/brasender.com.br\\\/noticias\\\/#website\"},\"primaryImageOfPage\":{\"@id\":\"https:\\\/\\\/brasender.com.br\\\/noticias\\\/fallece-cantante-cubano-alfredito-rodriguez-74\\\/#primaryimage\"},\"image\":{\"@id\":\"https:\\\/\\\/brasender.com.br\\\/noticias\\\/fallece-cantante-cubano-alfredito-rodriguez-74\\\/#primaryimage\"},\"thumbnailUrl\":\"https:\\\/\\\/brasender.com.br\\\/noticias\\\/wp-content\\\/uploads\\\/2026\\\/01\\\/Fallece-Alfredito-Rodriguez-popular-cantante-y-compositor-cubano.webp\",\"datePublished\":\"2026-01-22T20:45:59+00:00\",\"description\":\"Con profundo dolor, los seres queridos del reconocido artista cubano Alfredito Rodr\u00edguez informaron su muerte a los 74 a\u00f1os en Miami.\",\"breadcrumb\":{\"@id\":\"https:\\\/\\\/brasender.com.br\\\/noticias\\\/fallece-cantante-cubano-alfredito-rodriguez-74\\\/#breadcrumb\"},\"inLanguage\":\"pt-BR\",\"potentialAction\":[{\"@type\":\"ReadAction\",\"target\":[\"https:\\\/\\\/brasender.com.br\\\/noticias\\\/fallece-cantante-cubano-alfredito-rodriguez-74\\\/\"]}]},{\"@type\":\"ImageObject\",\"inLanguage\":\"pt-BR\",\"@id\":\"https:\\\/\\\/brasender.com.br\\\/noticias\\\/fallece-cantante-cubano-alfredito-rodriguez-74\\\/#primaryimage\",\"url\":\"https:\\\/\\\/brasender.com.br\\\/noticias\\\/wp-content\\\/uploads\\\/2026\\\/01\\\/Fallece-Alfredito-Rodriguez-popular-cantante-y-compositor-cubano.webp\",\"contentUrl\":\"https:\\\/\\\/brasender.com.br\\\/noticias\\\/wp-content\\\/uploads\\\/2026\\\/01\\\/Fallece-Alfredito-Rodriguez-popular-cantante-y-compositor-cubano.webp\",\"width\":1000,\"height\":562},{\"@type\":\"BreadcrumbList\",\"@id\":\"https:\\\/\\\/brasender.com.br\\\/noticias\\\/fallece-cantante-cubano-alfredito-rodriguez-74\\\/#breadcrumb\",\"itemListElement\":[{\"@type\":\"ListItem\",\"position\":1,\"name\":\"In\u00edcio\",\"item\":\"https:\\\/\\\/brasender.com.br\\\/noticias\\\/\"},{\"@type\":\"ListItem\",\"position\":2,\"name\":\"Fallece el cantante cubano Alfredito Rodr\u00edguez a los 74 a\u00f1os\"}]},{\"@type\":\"WebSite\",\"@id\":\"https:\\\/\\\/brasender.com.br\\\/noticias\\\/#website\",\"url\":\"https:\\\/\\\/brasender.com.br\\\/noticias\\\/\",\"name\":\"Brasender Noticias\",\"description\":\"Portal de Noticias Brasender\",\"publisher\":{\"@id\":\"https:\\\/\\\/brasender.com.br\\\/noticias\\\/#organization\"},\"potentialAction\":[{\"@type\":\"SearchAction\",\"target\":{\"@type\":\"EntryPoint\",\"urlTemplate\":\"https:\\\/\\\/brasender.com.br\\\/noticias\\\/?s={search_term_string}\"},\"query-input\":{\"@type\":\"PropertyValueSpecification\",\"valueRequired\":true,\"valueName\":\"search_term_string\"}}],\"inLanguage\":\"pt-BR\"},{\"@type\":\"Organization\",\"@id\":\"https:\\\/\\\/brasender.com.br\\\/noticias\\\/#organization\",\"name\":\"Brasender Noticias\",\"url\":\"https:\\\/\\\/brasender.com.br\\\/noticias\\\/\",\"logo\":{\"@type\":\"ImageObject\",\"inLanguage\":\"pt-BR\",\"@id\":\"https:\\\/\\\/brasender.com.br\\\/noticias\\\/#\\\/schema\\\/logo\\\/image\\\/\",\"url\":\"https:\\\/\\\/brasender.com.br\\\/noticias\\\/wp-content\\\/uploads\\\/2022\\\/03\\\/Brasender-Noticias.png\",\"contentUrl\":\"https:\\\/\\\/brasender.com.br\\\/noticias\\\/wp-content\\\/uploads\\\/2022\\\/03\\\/Brasender-Noticias.png\",\"width\":2048,\"height\":500,\"caption\":\"Brasender Noticias\"},\"image\":{\"@id\":\"https:\\\/\\\/brasender.com.br\\\/noticias\\\/#\\\/schema\\\/logo\\\/image\\\/\"},\"sameAs\":[\"https:\\\/\\\/www.facebook.com\\\/profile.php?id=61562137653202\",\"https:\\\/\\\/www.instagram.com\\\/brasender\\\/\"]},{\"@type\":\"Person\",\"@id\":\"https:\\\/\\\/brasender.com.br\\\/noticias\\\/#\\\/schema\\\/person\\\/dc36d7097eff7621e50aacab7e3931a8\",\"name\":\"Jessica Puig Hern\u00e1ndez\",\"image\":{\"@type\":\"ImageObject\",\"inLanguage\":\"pt-BR\",\"@id\":\"https:\\\/\\\/secure.gravatar.com\\\/avatar\\\/8e405255b6ec071038c9c5bbf6c9b2a95a011c4b1f8fe00bf515f9f1426314e8?s=96&d=mm&r=g\",\"url\":\"https:\\\/\\\/secure.gravatar.com\\\/avatar\\\/8e405255b6ec071038c9c5bbf6c9b2a95a011c4b1f8fe00bf515f9f1426314e8?s=96&d=mm&r=g\",\"contentUrl\":\"https:\\\/\\\/secure.gravatar.com\\\/avatar\\\/8e405255b6ec071038c9c5bbf6c9b2a95a011c4b1f8fe00bf515f9f1426314e8?s=96&d=mm&r=g\",\"caption\":\"Jessica Puig Hern\u00e1ndez\"},\"url\":\"https:\\\/\\\/brasender.com.br\\\/noticias\\\/author\\\/jessica-puig\\\/\"}]}<\/script>\n<!-- \/ Yoast SEO plugin. -->","yoast_head_json":{"title":"Fallece el cantante cubano Alfredito Rodr\u00edguez a los 74 a\u00f1os","description":"Con profundo dolor, los seres queridos del reconocido artista cubano Alfredito Rodr\u00edguez informaron su muerte a los 74 a\u00f1os en Miami.","robots":{"index":"index","follow":"follow","max-snippet":"max-snippet:-1","max-image-preview":"max-image-preview:large","max-video-preview":"max-video-preview:-1"},"canonical":"https:\/\/brasender.com.br\/noticias\/fallece-cantante-cubano-alfredito-rodriguez-74\/","og_locale":"pt_BR","og_type":"article","og_title":"Fallece el cantante cubano Alfredito Rodr\u00edguez a los 74 a\u00f1os","og_description":"Con profundo dolor, los seres queridos del reconocido artista cubano Alfredito Rodr\u00edguez informaron su muerte a los 74 a\u00f1os en Miami.","og_url":"https:\/\/brasender.com.br\/noticias\/fallece-cantante-cubano-alfredito-rodriguez-74\/","og_site_name":"Brasender Noticias","article_publisher":"https:\/\/www.facebook.com\/profile.php?id=61562137653202","article_published_time":"2026-01-22T20:45:59+00:00","og_image":[{"width":1000,"height":562,"url":"https:\/\/brasender.com.br\/noticias\/wp-content\/uploads\/2026\/01\/Fallece-Alfredito-Rodriguez-popular-cantante-y-compositor-cubano.webp","type":"image\/webp"}],"author":"Jessica Puig Hern\u00e1ndez","twitter_card":"summary_large_image","twitter_misc":{"Escrito por":"Jessica Puig Hern\u00e1ndez","Est. tempo de leitura":"3 minutos"},"schema":{"@context":"https:\/\/schema.org","@graph":[{"@type":"Article","@id":"https:\/\/brasender.com.br\/noticias\/fallece-cantante-cubano-alfredito-rodriguez-74\/#article","isPartOf":{"@id":"https:\/\/brasender.com.br\/noticias\/fallece-cantante-cubano-alfredito-rodriguez-74\/"},"author":{"name":"Jessica Puig Hern\u00e1ndez","@id":"https:\/\/brasender.com.br\/noticias\/#\/schema\/person\/dc36d7097eff7621e50aacab7e3931a8"},"headline":"Fallece el cantante cubano Alfredito Rodr\u00edguez a los 74 a\u00f1os","datePublished":"2026-01-22T20:45:59+00:00","mainEntityOfPage":{"@id":"https:\/\/brasender.com.br\/noticias\/fallece-cantante-cubano-alfredito-rodriguez-74\/"},"wordCount":424,"commentCount":0,"publisher":{"@id":"https:\/\/brasender.com.br\/noticias\/#organization"},"image":{"@id":"https:\/\/brasender.com.br\/noticias\/fallece-cantante-cubano-alfredito-rodriguez-74\/#primaryimage"},"thumbnailUrl":"https:\/\/brasender.com.br\/noticias\/wp-content\/uploads\/2026\/01\/Fallece-Alfredito-Rodriguez-popular-cantante-y-compositor-cubano.webp","keywords":["alfredito rodriguez","cantante cubano","fallecimieto"],"articleSection":["Far\u00e1ndula"],"inLanguage":"pt-BR","potentialAction":[{"@type":"CommentAction","name":"Comment","target":["https:\/\/brasender.com.br\/noticias\/fallece-cantante-cubano-alfredito-rodriguez-74\/#respond"]}]},{"@type":"WebPage","@id":"https:\/\/brasender.com.br\/noticias\/fallece-cantante-cubano-alfredito-rodriguez-74\/","url":"https:\/\/brasender.com.br\/noticias\/fallece-cantante-cubano-alfredito-rodriguez-74\/","name":"Fallece el cantante cubano Alfredito Rodr\u00edguez a los 74 a\u00f1os","isPartOf":{"@id":"https:\/\/brasender.com.br\/noticias\/#website"},"primaryImageOfPage":{"@id":"https:\/\/brasender.com.br\/noticias\/fallece-cantante-cubano-alfredito-rodriguez-74\/#primaryimage"},"image":{"@id":"https:\/\/brasender.com.br\/noticias\/fallece-cantante-cubano-alfredito-rodriguez-74\/#primaryimage"},"thumbnailUrl":"https:\/\/brasender.com.br\/noticias\/wp-content\/uploads\/2026\/01\/Fallece-Alfredito-Rodriguez-popular-cantante-y-compositor-cubano.webp","datePublished":"2026-01-22T20:45:59+00:00","description":"Con profundo dolor, los seres queridos del reconocido artista cubano Alfredito Rodr\u00edguez informaron su muerte a los 74 a\u00f1os en Miami.","breadcrumb":{"@id":"https:\/\/brasender.com.br\/noticias\/fallece-cantante-cubano-alfredito-rodriguez-74\/#breadcrumb"},"inLanguage":"pt-BR","potentialAction":[{"@type":"ReadAction","target":["https:\/\/brasender.com.br\/noticias\/fallece-cantante-cubano-alfredito-rodriguez-74\/"]}]},{"@type":"ImageObject","inLanguage":"pt-BR","@id":"https:\/\/brasender.com.br\/noticias\/fallece-cantante-cubano-alfredito-rodriguez-74\/#primaryimage","url":"https:\/\/brasender.com.br\/noticias\/wp-content\/uploads\/2026\/01\/Fallece-Alfredito-Rodriguez-popular-cantante-y-compositor-cubano.webp","contentUrl":"https:\/\/brasender.com.br\/noticias\/wp-content\/uploads\/2026\/01\/Fallece-Alfredito-Rodriguez-popular-cantante-y-compositor-cubano.webp","width":1000,"height":562},{"@type":"BreadcrumbList","@id":"https:\/\/brasender.com.br\/noticias\/fallece-cantante-cubano-alfredito-rodriguez-74\/#breadcrumb","itemListElement":[{"@type":"ListItem","position":1,"name":"In\u00edcio","item":"https:\/\/brasender.com.br\/noticias\/"},{"@type":"ListItem","position":2,"name":"Fallece el cantante cubano Alfredito Rodr\u00edguez a los 74 a\u00f1os"}]},{"@type":"WebSite","@id":"https:\/\/brasender.com.br\/noticias\/#website","url":"https:\/\/brasender.com.br\/noticias\/","name":"Brasender Noticias","description":"Portal de Noticias Brasender","publisher":{"@id":"https:\/\/brasender.com.br\/noticias\/#organization"},"potentialAction":[{"@type":"SearchAction","target":{"@type":"EntryPoint","urlTemplate":"https:\/\/brasender.com.br\/noticias\/?s={search_term_string}"},"query-input":{"@type":"PropertyValueSpecification","valueRequired":true,"valueName":"search_term_string"}}],"inLanguage":"pt-BR"},{"@type":"Organization","@id":"https:\/\/brasender.com.br\/noticias\/#organization","name":"Brasender Noticias","url":"https:\/\/brasender.com.br\/noticias\/","logo":{"@type":"ImageObject","inLanguage":"pt-BR","@id":"https:\/\/brasender.com.br\/noticias\/#\/schema\/logo\/image\/","url":"https:\/\/brasender.com.br\/noticias\/wp-content\/uploads\/2022\/03\/Brasender-Noticias.png","contentUrl":"https:\/\/brasender.com.br\/noticias\/wp-content\/uploads\/2022\/03\/Brasender-Noticias.png","width":2048,"height":500,"caption":"Brasender Noticias"},"image":{"@id":"https:\/\/brasender.com.br\/noticias\/#\/schema\/logo\/image\/"},"sameAs":["https:\/\/www.facebook.com\/profile.php?id=61562137653202","https:\/\/www.instagram.com\/brasender\/"]},{"@type":"Person","@id":"https:\/\/brasender.com.br\/noticias\/#\/schema\/person\/dc36d7097eff7621e50aacab7e3931a8","name":"Jessica Puig Hern\u00e1ndez","image":{"@type":"ImageObject","inLanguage":"pt-BR","@id":"https:\/\/secure.gravatar.com\/avatar\/8e405255b6ec071038c9c5bbf6c9b2a95a011c4b1f8fe00bf515f9f1426314e8?s=96&d=mm&r=g","url":"https:\/\/secure.gravatar.com\/avatar\/8e405255b6ec071038c9c5bbf6c9b2a95a011c4b1f8fe00bf515f9f1426314e8?s=96&d=mm&r=g","contentUrl":"https:\/\/secure.gravatar.com\/avatar\/8e405255b6ec071038c9c5bbf6c9b2a95a011c4b1f8fe00bf515f9f1426314e8?s=96&d=mm&r=g","caption":"Jessica Puig Hern\u00e1ndez"},"url":"https:\/\/brasender.com.br\/noticias\/author\/jessica-puig\/"}]}},"_links":{"self":[{"href":"https:\/\/brasender.com.br\/noticias\/wp-json\/wp\/v2\/posts\/3813","targetHints":{"allow":["GET"]}}],"collection":[{"href":"https:\/\/brasender.com.br\/noticias\/wp-json\/wp\/v2\/posts"}],"about":[{"href":"https:\/\/brasender.com.br\/noticias\/wp-json\/wp\/v2\/types\/post"}],"author":[{"embeddable":true,"href":"https:\/\/brasender.com.br\/noticias\/wp-json\/wp\/v2\/users\/4"}],"replies":[{"embeddable":true,"href":"https:\/\/brasender.com.br\/noticias\/wp-json\/wp\/v2\/comments?post=3813"}],"version-history":[{"count":2,"href":"https:\/\/brasender.com.br\/noticias\/wp-json\/wp\/v2\/posts\/3813\/revisions"}],"predecessor-version":[{"id":3816,"href":"https:\/\/brasender.com.br\/noticias\/wp-json\/wp\/v2\/posts\/3813\/revisions\/3816"}],"wp:featuredmedia":[{"embeddable":true,"href":"https:\/\/brasender.com.br\/noticias\/wp-json\/wp\/v2\/media\/3814"}],"wp:attachment":[{"href":"https:\/\/brasender.com.br\/noticias\/wp-json\/wp\/v2\/media?parent=3813"}],"wp:term":[{"taxonomy":"category","embeddable":true,"href":"https:\/\/brasender.com.br\/noticias\/wp-json\/wp\/v2\/categories?post=3813"},{"taxonomy":"post_tag","embeddable":true,"href":"https:\/\/brasender.com.br\/noticias\/wp-json\/wp\/v2\/tags?post=3813"}],"curies":[{"name":"wp","href":"https:\/\/api.w.org\/{rel}","templated":true}]}}