{"id":3774,"date":"2026-01-18T22:44:11","date_gmt":"2026-01-19T01:44:11","guid":{"rendered":"https:\/\/brasender.com.br\/noticias\/?p=3774"},"modified":"2026-01-18T22:44:11","modified_gmt":"2026-01-19T01:44:11","slug":"fallece-musico-cubano-jose-luis-reyes-accidente-villa-clara","status":"publish","type":"post","link":"https:\/\/brasender.com.br\/noticias\/fallece-musico-cubano-jose-luis-reyes-accidente-villa-clara\/","title":{"rendered":"Fallece joven m\u00fasico cubano Jos\u00e9 Luis Reyes en accidente masivo en Villa Clara"},"content":{"rendered":"\n<div style=\"height:2px\" aria-hidden=\"true\" class=\"wp-block-spacer\"><\/div>\n\n\n\n<p class=\"has-medium-font-size wp-block-paragraph\">El <strong>joven m\u00fasico cubano Jos\u00e9 Luis Reyes<\/strong> falleci\u00f3 como consecuencia de un <strong>accidente masivo<\/strong> ocurrido en la provincia de <strong>Villa Clara<\/strong>, seg\u00fan informaron medios de prensa cubanos. El hecho ha generado conmoci\u00f3n entre familiares, amigos y miembros de la comunidad art\u00edstica de la isla.<\/p>\n\n\n\n<div style=\"height:2px\" aria-hidden=\"true\" class=\"wp-block-spacer\"><\/div>\n\n\n\n<p class=\"has-medium-font-size wp-block-paragraph\">De acuerdo con la informaci\u00f3n divulgada, el accidente involucr\u00f3 a varios veh\u00edculos y dej\u00f3 <strong>m\u00faltiples personas heridas<\/strong>, adem\u00e1s de la lamentable p\u00e9rdida de vidas humanas. Jos\u00e9 Luis Reyes se encontraba entre las v\u00edctimas fatales del suceso, cuyas circunstancias exactas contin\u00faan bajo investigaci\u00f3n por parte de las autoridades competentes.<\/p>\n\n\n\n<div style=\"height:2px\" aria-hidden=\"true\" class=\"wp-block-spacer\"><\/div>\n\n\n\n<p class=\"has-medium-font-size wp-block-paragraph\">Jos\u00e9 Luis Reyes era reconocido por su <strong>talento musical<\/strong> y su participaci\u00f3n en proyectos culturales locales. Su fallecimiento ha provocado numerosas muestras de <strong>dolor y condolencias<\/strong> en redes sociales, donde colegas y conocidos han destacado su calidad humana y su aporte a la m\u00fasica cubana.<\/p>\n\n\n\n<div style=\"height:2px\" aria-hidden=\"true\" class=\"wp-block-spacer\"><\/div>\n\n\n\n<p class=\"has-medium-font-size wp-block-paragraph\">Hasta el momento, las autoridades no han ofrecido detalles adicionales sobre las <strong>causas espec\u00edficas del accidente<\/strong>, ni sobre la evoluci\u00f3n del estado de salud de las personas que resultaron lesionadas. Se espera que en las pr\u00f3ximas horas se emita un informe oficial con m\u00e1s informaci\u00f3n sobre lo ocurrido.<\/p>\n\n\n\n<div style=\"height:2px\" aria-hidden=\"true\" class=\"wp-block-spacer\"><\/div>\n\n\n\n<p class=\"has-medium-font-size wp-block-paragraph\">El tr\u00e1gico suceso pone nuevamente en el centro de atenci\u00f3n la <strong>seguridad vial en Cuba<\/strong>, un tema que preocupa a la poblaci\u00f3n debido al aumento de accidentes de tr\u00e1nsito registrados en diferentes provincias del pa\u00eds en los \u00faltimos a\u00f1os.<\/p>\n\n\n\n<div style=\"height:2px\" aria-hidden=\"true\" class=\"wp-block-spacer\"><\/div>\n\n\n\n<p class=\"has-medium-font-size wp-block-paragraph\">La noticia ha tenido un fuerte impacto entre cubanos dentro y fuera de la isla, incluidos aquellos que residen en el extranjero, quienes siguen de cerca los acontecimientos y expresan su solidaridad con los familiares de las v\u00edctimas. <strong>Hasta el momento, no se han dado a conocer nuevos detalles oficiales<\/strong>, por lo que se permanece a la espera de <strong>informaciones actualizadas<\/strong> por parte de las autoridades.<\/p>\n","protected":false},"excerpt":{"rendered":"<p>El joven m\u00fasico cubano Jos\u00e9 Luis Reyes falleci\u00f3 como consecuencia de un accidente masivo ocurrido en la provincia de Villa Clara, seg\u00fan informaron medios de prensa cubanos. El hecho ha generado conmoci\u00f3n entre familiares, amigos y miembros de la comunidad art\u00edstica de la isla. De acuerdo con la informaci\u00f3n divulgada, el accidente involucr\u00f3 a varios [&hellip;]<\/p>\n","protected":false},"author":4,"featured_media":3776,"comment_status":"open","ping_status":"open","sticky":false,"template":"","format":"standard","meta":{"_crdt_document":"","footnotes":""},"categories":[68],"tags":[121,120,119],"class_list":["post-3774","post","type-post","status-publish","format-standard","has-post-thumbnail","hentry","category-farandula","tag-accidente","tag-cubano","tag-musico"],"yoast_head":"<!-- This site is optimized with the Yoast SEO plugin v27.4 - https:\/\/yoast.com\/product\/yoast-seo-wordpress\/ -->\n<title>Muere el joven m\u00fasico cubano en accidente masivo en Villa Clara.<\/title>\n<meta name=\"description\" content=\"El joven m\u00fasico cubano Jos\u00e9 Luis Reyes falleci\u00f3 tras un accidente ocurrido en la provincia de Villa Clara, seg\u00fan informaron medios locales.\" \/>\n<meta name=\"robots\" content=\"index, follow, max-snippet:-1, max-image-preview:large, max-video-preview:-1\" \/>\n<link rel=\"canonical\" href=\"https:\/\/brasender.com.br\/noticias\/fallece-musico-cubano-jose-luis-reyes-accidente-villa-clara\/\" \/>\n<meta property=\"og:locale\" content=\"pt_BR\" \/>\n<meta property=\"og:type\" content=\"article\" \/>\n<meta property=\"og:title\" content=\"Muere el joven m\u00fasico cubano en accidente masivo en Villa Clara.\" \/>\n<meta property=\"og:description\" content=\"El joven m\u00fasico cubano Jos\u00e9 Luis Reyes falleci\u00f3 tras un accidente ocurrido en la provincia de Villa Clara, seg\u00fan informaron medios locales.\" \/>\n<meta property=\"og:url\" content=\"https:\/\/brasender.com.br\/noticias\/fallece-musico-cubano-jose-luis-reyes-accidente-villa-clara\/\" \/>\n<meta property=\"og:site_name\" content=\"Brasender Noticias\" \/>\n<meta property=\"article:publisher\" content=\"https:\/\/www.facebook.com\/profile.php?id=61562137653202\" \/>\n<meta property=\"article:published_time\" content=\"2026-01-19T01:44:11+00:00\" \/>\n<meta property=\"og:image\" content=\"https:\/\/brasender.com.br\/noticias\/wp-content\/uploads\/2026\/01\/muere-musico-cubano-en-accidente-de-transito-692x420-1.webp\" \/>\n\t<meta property=\"og:image:width\" content=\"692\" \/>\n\t<meta property=\"og:image:height\" content=\"420\" \/>\n\t<meta property=\"og:image:type\" content=\"image\/webp\" \/>\n<meta name=\"author\" content=\"Jessica Puig Hern\u00e1ndez\" \/>\n<meta name=\"twitter:card\" content=\"summary_large_image\" \/>\n<meta name=\"twitter:label1\" content=\"Escrito por\" \/>\n\t<meta name=\"twitter:data1\" content=\"Jessica Puig Hern\u00e1ndez\" \/>\n\t<meta name=\"twitter:label2\" content=\"Est. tempo de leitura\" \/>\n\t<meta name=\"twitter:data2\" content=\"2 minutos\" \/>\n<script type=\"application\/ld+json\" class=\"yoast-schema-graph\">{\"@context\":\"https:\\\/\\\/schema.org\",\"@graph\":[{\"@type\":\"Article\",\"@id\":\"https:\\\/\\\/brasender.com.br\\\/noticias\\\/fallece-musico-cubano-jose-luis-reyes-accidente-villa-clara\\\/#article\",\"isPartOf\":{\"@id\":\"https:\\\/\\\/brasender.com.br\\\/noticias\\\/fallece-musico-cubano-jose-luis-reyes-accidente-villa-clara\\\/\"},\"author\":{\"name\":\"Jessica Puig Hern\u00e1ndez\",\"@id\":\"https:\\\/\\\/brasender.com.br\\\/noticias\\\/#\\\/schema\\\/person\\\/dc36d7097eff7621e50aacab7e3931a8\"},\"headline\":\"Fallece joven m\u00fasico cubano Jos\u00e9 Luis Reyes en accidente masivo en Villa Clara\",\"datePublished\":\"2026-01-19T01:44:11+00:00\",\"mainEntityOfPage\":{\"@id\":\"https:\\\/\\\/brasender.com.br\\\/noticias\\\/fallece-musico-cubano-jose-luis-reyes-accidente-villa-clara\\\/\"},\"wordCount\":330,\"commentCount\":0,\"publisher\":{\"@id\":\"https:\\\/\\\/brasender.com.br\\\/noticias\\\/#organization\"},\"image\":{\"@id\":\"https:\\\/\\\/brasender.com.br\\\/noticias\\\/fallece-musico-cubano-jose-luis-reyes-accidente-villa-clara\\\/#primaryimage\"},\"thumbnailUrl\":\"https:\\\/\\\/brasender.com.br\\\/noticias\\\/wp-content\\\/uploads\\\/2026\\\/01\\\/muere-musico-cubano-en-accidente-de-transito-692x420-1.webp\",\"keywords\":[\"accidente\",\"cubano\",\"musico\"],\"articleSection\":[\"Far\u00e1ndula\"],\"inLanguage\":\"pt-BR\",\"potentialAction\":[{\"@type\":\"CommentAction\",\"name\":\"Comment\",\"target\":[\"https:\\\/\\\/brasender.com.br\\\/noticias\\\/fallece-musico-cubano-jose-luis-reyes-accidente-villa-clara\\\/#respond\"]}]},{\"@type\":\"WebPage\",\"@id\":\"https:\\\/\\\/brasender.com.br\\\/noticias\\\/fallece-musico-cubano-jose-luis-reyes-accidente-villa-clara\\\/\",\"url\":\"https:\\\/\\\/brasender.com.br\\\/noticias\\\/fallece-musico-cubano-jose-luis-reyes-accidente-villa-clara\\\/\",\"name\":\"Muere el joven m\u00fasico cubano en accidente masivo en Villa Clara.\",\"isPartOf\":{\"@id\":\"https:\\\/\\\/brasender.com.br\\\/noticias\\\/#website\"},\"primaryImageOfPage\":{\"@id\":\"https:\\\/\\\/brasender.com.br\\\/noticias\\\/fallece-musico-cubano-jose-luis-reyes-accidente-villa-clara\\\/#primaryimage\"},\"image\":{\"@id\":\"https:\\\/\\\/brasender.com.br\\\/noticias\\\/fallece-musico-cubano-jose-luis-reyes-accidente-villa-clara\\\/#primaryimage\"},\"thumbnailUrl\":\"https:\\\/\\\/brasender.com.br\\\/noticias\\\/wp-content\\\/uploads\\\/2026\\\/01\\\/muere-musico-cubano-en-accidente-de-transito-692x420-1.webp\",\"datePublished\":\"2026-01-19T01:44:11+00:00\",\"description\":\"El joven m\u00fasico cubano Jos\u00e9 Luis Reyes falleci\u00f3 tras un accidente ocurrido en la provincia de Villa Clara, seg\u00fan informaron medios locales.\",\"breadcrumb\":{\"@id\":\"https:\\\/\\\/brasender.com.br\\\/noticias\\\/fallece-musico-cubano-jose-luis-reyes-accidente-villa-clara\\\/#breadcrumb\"},\"inLanguage\":\"pt-BR\",\"potentialAction\":[{\"@type\":\"ReadAction\",\"target\":[\"https:\\\/\\\/brasender.com.br\\\/noticias\\\/fallece-musico-cubano-jose-luis-reyes-accidente-villa-clara\\\/\"]}]},{\"@type\":\"ImageObject\",\"inLanguage\":\"pt-BR\",\"@id\":\"https:\\\/\\\/brasender.com.br\\\/noticias\\\/fallece-musico-cubano-jose-luis-reyes-accidente-villa-clara\\\/#primaryimage\",\"url\":\"https:\\\/\\\/brasender.com.br\\\/noticias\\\/wp-content\\\/uploads\\\/2026\\\/01\\\/muere-musico-cubano-en-accidente-de-transito-692x420-1.webp\",\"contentUrl\":\"https:\\\/\\\/brasender.com.br\\\/noticias\\\/wp-content\\\/uploads\\\/2026\\\/01\\\/muere-musico-cubano-en-accidente-de-transito-692x420-1.webp\",\"width\":692,\"height\":420},{\"@type\":\"BreadcrumbList\",\"@id\":\"https:\\\/\\\/brasender.com.br\\\/noticias\\\/fallece-musico-cubano-jose-luis-reyes-accidente-villa-clara\\\/#breadcrumb\",\"itemListElement\":[{\"@type\":\"ListItem\",\"position\":1,\"name\":\"In\u00edcio\",\"item\":\"https:\\\/\\\/brasender.com.br\\\/noticias\\\/\"},{\"@type\":\"ListItem\",\"position\":2,\"name\":\"Fallece joven m\u00fasico cubano Jos\u00e9 Luis Reyes en accidente masivo en Villa Clara\"}]},{\"@type\":\"WebSite\",\"@id\":\"https:\\\/\\\/brasender.com.br\\\/noticias\\\/#website\",\"url\":\"https:\\\/\\\/brasender.com.br\\\/noticias\\\/\",\"name\":\"Brasender Noticias\",\"description\":\"Portal de Noticias Brasender\",\"publisher\":{\"@id\":\"https:\\\/\\\/brasender.com.br\\\/noticias\\\/#organization\"},\"potentialAction\":[{\"@type\":\"SearchAction\",\"target\":{\"@type\":\"EntryPoint\",\"urlTemplate\":\"https:\\\/\\\/brasender.com.br\\\/noticias\\\/?s={search_term_string}\"},\"query-input\":{\"@type\":\"PropertyValueSpecification\",\"valueRequired\":true,\"valueName\":\"search_term_string\"}}],\"inLanguage\":\"pt-BR\"},{\"@type\":\"Organization\",\"@id\":\"https:\\\/\\\/brasender.com.br\\\/noticias\\\/#organization\",\"name\":\"Brasender Noticias\",\"url\":\"https:\\\/\\\/brasender.com.br\\\/noticias\\\/\",\"logo\":{\"@type\":\"ImageObject\",\"inLanguage\":\"pt-BR\",\"@id\":\"https:\\\/\\\/brasender.com.br\\\/noticias\\\/#\\\/schema\\\/logo\\\/image\\\/\",\"url\":\"https:\\\/\\\/brasender.com.br\\\/noticias\\\/wp-content\\\/uploads\\\/2022\\\/03\\\/Brasender-Noticias.png\",\"contentUrl\":\"https:\\\/\\\/brasender.com.br\\\/noticias\\\/wp-content\\\/uploads\\\/2022\\\/03\\\/Brasender-Noticias.png\",\"width\":2048,\"height\":500,\"caption\":\"Brasender Noticias\"},\"image\":{\"@id\":\"https:\\\/\\\/brasender.com.br\\\/noticias\\\/#\\\/schema\\\/logo\\\/image\\\/\"},\"sameAs\":[\"https:\\\/\\\/www.facebook.com\\\/profile.php?id=61562137653202\",\"https:\\\/\\\/www.instagram.com\\\/brasender\\\/\"]},{\"@type\":\"Person\",\"@id\":\"https:\\\/\\\/brasender.com.br\\\/noticias\\\/#\\\/schema\\\/person\\\/dc36d7097eff7621e50aacab7e3931a8\",\"name\":\"Jessica Puig Hern\u00e1ndez\",\"image\":{\"@type\":\"ImageObject\",\"inLanguage\":\"pt-BR\",\"@id\":\"https:\\\/\\\/secure.gravatar.com\\\/avatar\\\/8e405255b6ec071038c9c5bbf6c9b2a95a011c4b1f8fe00bf515f9f1426314e8?s=96&d=mm&r=g\",\"url\":\"https:\\\/\\\/secure.gravatar.com\\\/avatar\\\/8e405255b6ec071038c9c5bbf6c9b2a95a011c4b1f8fe00bf515f9f1426314e8?s=96&d=mm&r=g\",\"contentUrl\":\"https:\\\/\\\/secure.gravatar.com\\\/avatar\\\/8e405255b6ec071038c9c5bbf6c9b2a95a011c4b1f8fe00bf515f9f1426314e8?s=96&d=mm&r=g\",\"caption\":\"Jessica Puig Hern\u00e1ndez\"},\"url\":\"https:\\\/\\\/brasender.com.br\\\/noticias\\\/author\\\/jessica-puig\\\/\"}]}<\/script>\n<!-- \/ Yoast SEO plugin. -->","yoast_head_json":{"title":"Muere el joven m\u00fasico cubano en accidente masivo en Villa Clara.","description":"El joven m\u00fasico cubano Jos\u00e9 Luis Reyes falleci\u00f3 tras un accidente ocurrido en la provincia de Villa Clara, seg\u00fan informaron medios locales.","robots":{"index":"index","follow":"follow","max-snippet":"max-snippet:-1","max-image-preview":"max-image-preview:large","max-video-preview":"max-video-preview:-1"},"canonical":"https:\/\/brasender.com.br\/noticias\/fallece-musico-cubano-jose-luis-reyes-accidente-villa-clara\/","og_locale":"pt_BR","og_type":"article","og_title":"Muere el joven m\u00fasico cubano en accidente masivo en Villa Clara.","og_description":"El joven m\u00fasico cubano Jos\u00e9 Luis Reyes falleci\u00f3 tras un accidente ocurrido en la provincia de Villa Clara, seg\u00fan informaron medios locales.","og_url":"https:\/\/brasender.com.br\/noticias\/fallece-musico-cubano-jose-luis-reyes-accidente-villa-clara\/","og_site_name":"Brasender Noticias","article_publisher":"https:\/\/www.facebook.com\/profile.php?id=61562137653202","article_published_time":"2026-01-19T01:44:11+00:00","og_image":[{"width":692,"height":420,"url":"https:\/\/brasender.com.br\/noticias\/wp-content\/uploads\/2026\/01\/muere-musico-cubano-en-accidente-de-transito-692x420-1.webp","type":"image\/webp"}],"author":"Jessica Puig Hern\u00e1ndez","twitter_card":"summary_large_image","twitter_misc":{"Escrito por":"Jessica Puig Hern\u00e1ndez","Est. tempo de leitura":"2 minutos"},"schema":{"@context":"https:\/\/schema.org","@graph":[{"@type":"Article","@id":"https:\/\/brasender.com.br\/noticias\/fallece-musico-cubano-jose-luis-reyes-accidente-villa-clara\/#article","isPartOf":{"@id":"https:\/\/brasender.com.br\/noticias\/fallece-musico-cubano-jose-luis-reyes-accidente-villa-clara\/"},"author":{"name":"Jessica Puig Hern\u00e1ndez","@id":"https:\/\/brasender.com.br\/noticias\/#\/schema\/person\/dc36d7097eff7621e50aacab7e3931a8"},"headline":"Fallece joven m\u00fasico cubano Jos\u00e9 Luis Reyes en accidente masivo en Villa Clara","datePublished":"2026-01-19T01:44:11+00:00","mainEntityOfPage":{"@id":"https:\/\/brasender.com.br\/noticias\/fallece-musico-cubano-jose-luis-reyes-accidente-villa-clara\/"},"wordCount":330,"commentCount":0,"publisher":{"@id":"https:\/\/brasender.com.br\/noticias\/#organization"},"image":{"@id":"https:\/\/brasender.com.br\/noticias\/fallece-musico-cubano-jose-luis-reyes-accidente-villa-clara\/#primaryimage"},"thumbnailUrl":"https:\/\/brasender.com.br\/noticias\/wp-content\/uploads\/2026\/01\/muere-musico-cubano-en-accidente-de-transito-692x420-1.webp","keywords":["accidente","cubano","musico"],"articleSection":["Far\u00e1ndula"],"inLanguage":"pt-BR","potentialAction":[{"@type":"CommentAction","name":"Comment","target":["https:\/\/brasender.com.br\/noticias\/fallece-musico-cubano-jose-luis-reyes-accidente-villa-clara\/#respond"]}]},{"@type":"WebPage","@id":"https:\/\/brasender.com.br\/noticias\/fallece-musico-cubano-jose-luis-reyes-accidente-villa-clara\/","url":"https:\/\/brasender.com.br\/noticias\/fallece-musico-cubano-jose-luis-reyes-accidente-villa-clara\/","name":"Muere el joven m\u00fasico cubano en accidente masivo en Villa Clara.","isPartOf":{"@id":"https:\/\/brasender.com.br\/noticias\/#website"},"primaryImageOfPage":{"@id":"https:\/\/brasender.com.br\/noticias\/fallece-musico-cubano-jose-luis-reyes-accidente-villa-clara\/#primaryimage"},"image":{"@id":"https:\/\/brasender.com.br\/noticias\/fallece-musico-cubano-jose-luis-reyes-accidente-villa-clara\/#primaryimage"},"thumbnailUrl":"https:\/\/brasender.com.br\/noticias\/wp-content\/uploads\/2026\/01\/muere-musico-cubano-en-accidente-de-transito-692x420-1.webp","datePublished":"2026-01-19T01:44:11+00:00","description":"El joven m\u00fasico cubano Jos\u00e9 Luis Reyes falleci\u00f3 tras un accidente ocurrido en la provincia de Villa Clara, seg\u00fan informaron medios locales.","breadcrumb":{"@id":"https:\/\/brasender.com.br\/noticias\/fallece-musico-cubano-jose-luis-reyes-accidente-villa-clara\/#breadcrumb"},"inLanguage":"pt-BR","potentialAction":[{"@type":"ReadAction","target":["https:\/\/brasender.com.br\/noticias\/fallece-musico-cubano-jose-luis-reyes-accidente-villa-clara\/"]}]},{"@type":"ImageObject","inLanguage":"pt-BR","@id":"https:\/\/brasender.com.br\/noticias\/fallece-musico-cubano-jose-luis-reyes-accidente-villa-clara\/#primaryimage","url":"https:\/\/brasender.com.br\/noticias\/wp-content\/uploads\/2026\/01\/muere-musico-cubano-en-accidente-de-transito-692x420-1.webp","contentUrl":"https:\/\/brasender.com.br\/noticias\/wp-content\/uploads\/2026\/01\/muere-musico-cubano-en-accidente-de-transito-692x420-1.webp","width":692,"height":420},{"@type":"BreadcrumbList","@id":"https:\/\/brasender.com.br\/noticias\/fallece-musico-cubano-jose-luis-reyes-accidente-villa-clara\/#breadcrumb","itemListElement":[{"@type":"ListItem","position":1,"name":"In\u00edcio","item":"https:\/\/brasender.com.br\/noticias\/"},{"@type":"ListItem","position":2,"name":"Fallece joven m\u00fasico cubano Jos\u00e9 Luis Reyes en accidente masivo en Villa Clara"}]},{"@type":"WebSite","@id":"https:\/\/brasender.com.br\/noticias\/#website","url":"https:\/\/brasender.com.br\/noticias\/","name":"Brasender Noticias","description":"Portal de Noticias Brasender","publisher":{"@id":"https:\/\/brasender.com.br\/noticias\/#organization"},"potentialAction":[{"@type":"SearchAction","target":{"@type":"EntryPoint","urlTemplate":"https:\/\/brasender.com.br\/noticias\/?s={search_term_string}"},"query-input":{"@type":"PropertyValueSpecification","valueRequired":true,"valueName":"search_term_string"}}],"inLanguage":"pt-BR"},{"@type":"Organization","@id":"https:\/\/brasender.com.br\/noticias\/#organization","name":"Brasender Noticias","url":"https:\/\/brasender.com.br\/noticias\/","logo":{"@type":"ImageObject","inLanguage":"pt-BR","@id":"https:\/\/brasender.com.br\/noticias\/#\/schema\/logo\/image\/","url":"https:\/\/brasender.com.br\/noticias\/wp-content\/uploads\/2022\/03\/Brasender-Noticias.png","contentUrl":"https:\/\/brasender.com.br\/noticias\/wp-content\/uploads\/2022\/03\/Brasender-Noticias.png","width":2048,"height":500,"caption":"Brasender Noticias"},"image":{"@id":"https:\/\/brasender.com.br\/noticias\/#\/schema\/logo\/image\/"},"sameAs":["https:\/\/www.facebook.com\/profile.php?id=61562137653202","https:\/\/www.instagram.com\/brasender\/"]},{"@type":"Person","@id":"https:\/\/brasender.com.br\/noticias\/#\/schema\/person\/dc36d7097eff7621e50aacab7e3931a8","name":"Jessica Puig Hern\u00e1ndez","image":{"@type":"ImageObject","inLanguage":"pt-BR","@id":"https:\/\/secure.gravatar.com\/avatar\/8e405255b6ec071038c9c5bbf6c9b2a95a011c4b1f8fe00bf515f9f1426314e8?s=96&d=mm&r=g","url":"https:\/\/secure.gravatar.com\/avatar\/8e405255b6ec071038c9c5bbf6c9b2a95a011c4b1f8fe00bf515f9f1426314e8?s=96&d=mm&r=g","contentUrl":"https:\/\/secure.gravatar.com\/avatar\/8e405255b6ec071038c9c5bbf6c9b2a95a011c4b1f8fe00bf515f9f1426314e8?s=96&d=mm&r=g","caption":"Jessica Puig Hern\u00e1ndez"},"url":"https:\/\/brasender.com.br\/noticias\/author\/jessica-puig\/"}]}},"_links":{"self":[{"href":"https:\/\/brasender.com.br\/noticias\/wp-json\/wp\/v2\/posts\/3774","targetHints":{"allow":["GET"]}}],"collection":[{"href":"https:\/\/brasender.com.br\/noticias\/wp-json\/wp\/v2\/posts"}],"about":[{"href":"https:\/\/brasender.com.br\/noticias\/wp-json\/wp\/v2\/types\/post"}],"author":[{"embeddable":true,"href":"https:\/\/brasender.com.br\/noticias\/wp-json\/wp\/v2\/users\/4"}],"replies":[{"embeddable":true,"href":"https:\/\/brasender.com.br\/noticias\/wp-json\/wp\/v2\/comments?post=3774"}],"version-history":[{"count":1,"href":"https:\/\/brasender.com.br\/noticias\/wp-json\/wp\/v2\/posts\/3774\/revisions"}],"predecessor-version":[{"id":3775,"href":"https:\/\/brasender.com.br\/noticias\/wp-json\/wp\/v2\/posts\/3774\/revisions\/3775"}],"wp:featuredmedia":[{"embeddable":true,"href":"https:\/\/brasender.com.br\/noticias\/wp-json\/wp\/v2\/media\/3776"}],"wp:attachment":[{"href":"https:\/\/brasender.com.br\/noticias\/wp-json\/wp\/v2\/media?parent=3774"}],"wp:term":[{"taxonomy":"category","embeddable":true,"href":"https:\/\/brasender.com.br\/noticias\/wp-json\/wp\/v2\/categories?post=3774"},{"taxonomy":"post_tag","embeddable":true,"href":"https:\/\/brasender.com.br\/noticias\/wp-json\/wp\/v2\/tags?post=3774"}],"curies":[{"name":"wp","href":"https:\/\/api.w.org\/{rel}","templated":true}]}}