{"id":3770,"date":"2026-01-17T17:54:51","date_gmt":"2026-01-17T20:54:51","guid":{"rendered":"https:\/\/brasender.com.br\/noticias\/?p=3770"},"modified":"2026-01-17T17:54:51","modified_gmt":"2026-01-17T20:54:51","slug":"policia-federal-de-brasil-detiene-a-extranjero-por-uso-de-documento-con-sello-falso-en-roraima","status":"publish","type":"post","link":"https:\/\/brasender.com.br\/noticias\/policia-federal-de-brasil-detiene-a-extranjero-por-uso-de-documento-con-sello-falso-en-roraima\/","title":{"rendered":"Polic\u00eda Federal de Brasil detiene a extranjero por uso de documento con sello falso en Roraima"},"content":{"rendered":"\n<div style=\"height:2px\" aria-hidden=\"true\" class=\"wp-block-spacer\"><\/div>\n\n\n\n<p class=\"has-medium-font-size wp-block-paragraph\">La <strong>Polic\u00eda Federal de Brasil (PF)<\/strong> arrest\u00f3 a un ciudadano extranjero en el estado de <strong>Roraima<\/strong>, al norte del pa\u00eds, por el uso de un documento que conten\u00eda un <strong>sello migratorio falso<\/strong>, seg\u00fan inform\u00f3 oficialmente el organismo. El hecho ocurri\u00f3 durante una acci\u00f3n de <strong>control y fiscalizaci\u00f3n migratoria<\/strong> realizada por las autoridades brasile\u00f1as.<\/p>\n\n\n\n<div style=\"height:2px\" aria-hidden=\"true\" class=\"wp-block-spacer\"><\/div>\n\n\n\n<p class=\"has-medium-font-size wp-block-paragraph\">De acuerdo con la informaci\u00f3n divulgada, el extranjero present\u00f3 un documento que aparentaba contar con un <strong>sello oficial de entrada o permanencia en Brasil<\/strong>, el cual, tras ser analizado por los agentes, fue identificado como falso. Este tipo de irregularidad constituye un <strong>delito seg\u00fan la legislaci\u00f3n brasile\u00f1a<\/strong>, ya que implica la falsificaci\u00f3n o el uso indebido de documentos p\u00fablicos.<\/p>\n\n\n\n<div style=\"height:2px\" aria-hidden=\"true\" class=\"wp-block-spacer\"><\/div>\n\n\n\n<p class=\"has-medium-font-size wp-block-paragraph\">Tras la verificaci\u00f3n, la Polic\u00eda Federal procedi\u00f3 a la <strong>detenci\u00f3n inmediata del individuo<\/strong>, quien fue conducido a una sede policial para los tr\u00e1mites correspondientes. El caso fue puesto a disposici\u00f3n de la <strong>Justicia<\/strong>, que ser\u00e1 la encargada de determinar las sanciones aplicables conforme a la ley.<\/p>\n\n\n\n<div style=\"height:2px\" aria-hidden=\"true\" class=\"wp-block-spacer\"><\/div>\n\n\n\n<p class=\"has-medium-font-size wp-block-paragraph\">Las autoridades aclararon que, <strong>hasta el momento, no se ha divulgado la identidad ni la nacionalidad del extranjero detenido<\/strong>, y que se est\u00e1 a la espera de <strong>nuevas informaciones oficiales<\/strong> a medida que avance la investigaci\u00f3n.<\/p>\n\n\n\n<div style=\"height:2px\" aria-hidden=\"true\" class=\"wp-block-spacer\"><\/div>\n\n\n\n<p class=\"has-medium-font-size wp-block-paragraph\">Asimismo, recordaron que el uso de <strong>documentos falsificados o con sellos migratorios irregulares<\/strong> es una infracci\u00f3n grave en Brasil y puede acarrear consecuencias penales, adem\u00e1s de procesos administrativos migratorios como multas, cancelaci\u00f3n del estatus migratorio o deportaci\u00f3n, dependiendo de cada situaci\u00f3n.<\/p>\n\n\n\n<div style=\"height:2px\" aria-hidden=\"true\" class=\"wp-block-spacer\"><\/div>\n\n\n\n<p class=\"has-medium-font-size wp-block-paragraph\">La Polic\u00eda Federal reiter\u00f3 la importancia de que los ciudadanos extranjeros que residan o transiten por Brasil mantengan su <strong>documentaci\u00f3n migratoria en regla<\/strong> y realicen sus tr\u00e1mites \u00fanicamente a trav\u00e9s de <strong>canales oficiales<\/strong>. Este tipo de controles forma parte de las acciones permanentes del Estado brasile\u00f1o para garantizar el cumplimiento de la normativa migratoria y la seguridad documental.<\/p>\n\n\n\n<div style=\"height:2px\" aria-hidden=\"true\" class=\"wp-block-spacer\"><\/div>\n\n\n\n<p class=\"has-medium-font-size wp-block-paragraph\">La noticia resulta de inter\u00e9s para la <strong>comunidad extranjera en Brasil<\/strong>, incluidos cubanos residentes o en tr\u00e1nsito, quienes deben mantenerse informados sobre las <strong>leyes migratorias brasile\u00f1as<\/strong> y los requisitos legales para evitar situaciones similares.<\/p>\n\n\n\n<p class=\"has-medium-font-size wp-block-paragraph\">Fuente:<\/p>\n\n\n<a class=\"wp-block-read-more\" href=\"https:\/\/brasender.com.br\/noticias\/policia-federal-de-brasil-detiene-a-extranjero-por-uso-de-documento-con-sello-falso-en-roraima\/\" target=\"_self\">https:\/\/www.gov.br\/pf\/pt-br\/assuntos\/noticias\/2026\/01\/pf-prende-estrangeiro-por-uso-de-documento-com-carimbo-falso-em-roraima<span class=\"screen-reader-text\">: Polic\u00eda Federal de Brasil detiene a extranjero por uso de documento con sello falso en Roraima<\/span><\/a>\n\n\n<p class=\"wp-block-paragraph\"><\/p>\n","protected":false},"excerpt":{"rendered":"<p>La Polic\u00eda Federal de Brasil (PF) arrest\u00f3 a un ciudadano extranjero en el estado de Roraima, al norte del pa\u00eds, por el uso de un documento que conten\u00eda un sello migratorio falso, seg\u00fan inform\u00f3 oficialmente el organismo. El hecho ocurri\u00f3 durante una acci\u00f3n de control y fiscalizaci\u00f3n migratoria realizada por las autoridades brasile\u00f1as. De acuerdo [&hellip;]<\/p>\n","protected":false},"author":4,"featured_media":3772,"comment_status":"open","ping_status":"open","sticky":false,"template":"","format":"standard","meta":{"_crdt_document":"","footnotes":""},"categories":[66],"tags":[117,118],"class_list":["post-3770","post","type-post","status-publish","format-standard","has-post-thumbnail","hentry","category-migracion","tag-migracion","tag-policia-federal"],"yoast_head":"<!-- This site is optimized with the Yoast SEO plugin v27.4 - https:\/\/yoast.com\/product\/yoast-seo-wordpress\/ -->\n<title>Extranjero es arrestado por presentar documento migratorio falso.<\/title>\n<meta name=\"description\" content=\"Autoridades de la Polic\u00eda Federal de Brasil detuvieron a un extranjero tras constatar la falsificaci\u00f3n de un sello migratorio en su documento\" \/>\n<meta name=\"robots\" content=\"index, follow, max-snippet:-1, max-image-preview:large, max-video-preview:-1\" \/>\n<link rel=\"canonical\" href=\"https:\/\/brasender.com.br\/noticias\/policia-federal-de-brasil-detiene-a-extranjero-por-uso-de-documento-con-sello-falso-en-roraima\/\" \/>\n<meta property=\"og:locale\" content=\"pt_BR\" \/>\n<meta property=\"og:type\" content=\"article\" \/>\n<meta property=\"og:title\" content=\"Extranjero es arrestado por presentar documento migratorio falso.\" \/>\n<meta property=\"og:description\" content=\"Autoridades de la Polic\u00eda Federal de Brasil detuvieron a un extranjero tras constatar la falsificaci\u00f3n de un sello migratorio en su documento\" \/>\n<meta property=\"og:url\" content=\"https:\/\/brasender.com.br\/noticias\/policia-federal-de-brasil-detiene-a-extranjero-por-uso-de-documento-con-sello-falso-en-roraima\/\" \/>\n<meta property=\"og:site_name\" content=\"Brasender Noticias\" \/>\n<meta property=\"article:publisher\" content=\"https:\/\/www.facebook.com\/profile.php?id=61562137653202\" \/>\n<meta property=\"article:published_time\" content=\"2026-01-17T20:54:51+00:00\" \/>\n<meta property=\"og:image\" content=\"https:\/\/brasender.com.br\/noticias\/wp-content\/uploads\/2026\/01\/aa645492-1535-43bd-ba7f-d2ae4226c947.jpeg\" \/>\n\t<meta property=\"og:image:width\" content=\"768\" \/>\n\t<meta property=\"og:image:height\" content=\"576\" \/>\n\t<meta property=\"og:image:type\" content=\"image\/jpeg\" \/>\n<meta name=\"author\" content=\"Jessica Puig Hern\u00e1ndez\" \/>\n<meta name=\"twitter:card\" content=\"summary_large_image\" \/>\n<meta name=\"twitter:label1\" content=\"Escrito por\" \/>\n\t<meta name=\"twitter:data1\" content=\"Jessica Puig Hern\u00e1ndez\" \/>\n\t<meta name=\"twitter:label2\" content=\"Est. tempo de leitura\" \/>\n\t<meta name=\"twitter:data2\" content=\"3 minutos\" \/>\n<script type=\"application\/ld+json\" class=\"yoast-schema-graph\">{\"@context\":\"https:\\\/\\\/schema.org\",\"@graph\":[{\"@type\":\"Article\",\"@id\":\"https:\\\/\\\/brasender.com.br\\\/noticias\\\/policia-federal-de-brasil-detiene-a-extranjero-por-uso-de-documento-con-sello-falso-en-roraima\\\/#article\",\"isPartOf\":{\"@id\":\"https:\\\/\\\/brasender.com.br\\\/noticias\\\/policia-federal-de-brasil-detiene-a-extranjero-por-uso-de-documento-con-sello-falso-en-roraima\\\/\"},\"author\":{\"name\":\"Jessica Puig Hern\u00e1ndez\",\"@id\":\"https:\\\/\\\/brasender.com.br\\\/noticias\\\/#\\\/schema\\\/person\\\/dc36d7097eff7621e50aacab7e3931a8\"},\"headline\":\"Polic\u00eda Federal de Brasil detiene a extranjero por uso de documento con sello falso en Roraima\",\"datePublished\":\"2026-01-17T20:54:51+00:00\",\"mainEntityOfPage\":{\"@id\":\"https:\\\/\\\/brasender.com.br\\\/noticias\\\/policia-federal-de-brasil-detiene-a-extranjero-por-uso-de-documento-con-sello-falso-en-roraima\\\/\"},\"wordCount\":377,\"commentCount\":0,\"publisher\":{\"@id\":\"https:\\\/\\\/brasender.com.br\\\/noticias\\\/#organization\"},\"image\":{\"@id\":\"https:\\\/\\\/brasender.com.br\\\/noticias\\\/policia-federal-de-brasil-detiene-a-extranjero-por-uso-de-documento-con-sello-falso-en-roraima\\\/#primaryimage\"},\"thumbnailUrl\":\"https:\\\/\\\/brasender.com.br\\\/noticias\\\/wp-content\\\/uploads\\\/2026\\\/01\\\/aa645492-1535-43bd-ba7f-d2ae4226c947.jpeg\",\"keywords\":[\"migracion\",\"policia federal\"],\"articleSection\":[\"Migraci\u00f3n\"],\"inLanguage\":\"pt-BR\",\"potentialAction\":[{\"@type\":\"CommentAction\",\"name\":\"Comment\",\"target\":[\"https:\\\/\\\/brasender.com.br\\\/noticias\\\/policia-federal-de-brasil-detiene-a-extranjero-por-uso-de-documento-con-sello-falso-en-roraima\\\/#respond\"]}]},{\"@type\":\"WebPage\",\"@id\":\"https:\\\/\\\/brasender.com.br\\\/noticias\\\/policia-federal-de-brasil-detiene-a-extranjero-por-uso-de-documento-con-sello-falso-en-roraima\\\/\",\"url\":\"https:\\\/\\\/brasender.com.br\\\/noticias\\\/policia-federal-de-brasil-detiene-a-extranjero-por-uso-de-documento-con-sello-falso-en-roraima\\\/\",\"name\":\"Extranjero es arrestado por presentar documento migratorio falso.\",\"isPartOf\":{\"@id\":\"https:\\\/\\\/brasender.com.br\\\/noticias\\\/#website\"},\"primaryImageOfPage\":{\"@id\":\"https:\\\/\\\/brasender.com.br\\\/noticias\\\/policia-federal-de-brasil-detiene-a-extranjero-por-uso-de-documento-con-sello-falso-en-roraima\\\/#primaryimage\"},\"image\":{\"@id\":\"https:\\\/\\\/brasender.com.br\\\/noticias\\\/policia-federal-de-brasil-detiene-a-extranjero-por-uso-de-documento-con-sello-falso-en-roraima\\\/#primaryimage\"},\"thumbnailUrl\":\"https:\\\/\\\/brasender.com.br\\\/noticias\\\/wp-content\\\/uploads\\\/2026\\\/01\\\/aa645492-1535-43bd-ba7f-d2ae4226c947.jpeg\",\"datePublished\":\"2026-01-17T20:54:51+00:00\",\"description\":\"Autoridades de la Polic\u00eda Federal de Brasil detuvieron a un extranjero tras constatar la falsificaci\u00f3n de un sello migratorio en su documento\",\"breadcrumb\":{\"@id\":\"https:\\\/\\\/brasender.com.br\\\/noticias\\\/policia-federal-de-brasil-detiene-a-extranjero-por-uso-de-documento-con-sello-falso-en-roraima\\\/#breadcrumb\"},\"inLanguage\":\"pt-BR\",\"potentialAction\":[{\"@type\":\"ReadAction\",\"target\":[\"https:\\\/\\\/brasender.com.br\\\/noticias\\\/policia-federal-de-brasil-detiene-a-extranjero-por-uso-de-documento-con-sello-falso-en-roraima\\\/\"]}]},{\"@type\":\"ImageObject\",\"inLanguage\":\"pt-BR\",\"@id\":\"https:\\\/\\\/brasender.com.br\\\/noticias\\\/policia-federal-de-brasil-detiene-a-extranjero-por-uso-de-documento-con-sello-falso-en-roraima\\\/#primaryimage\",\"url\":\"https:\\\/\\\/brasender.com.br\\\/noticias\\\/wp-content\\\/uploads\\\/2026\\\/01\\\/aa645492-1535-43bd-ba7f-d2ae4226c947.jpeg\",\"contentUrl\":\"https:\\\/\\\/brasender.com.br\\\/noticias\\\/wp-content\\\/uploads\\\/2026\\\/01\\\/aa645492-1535-43bd-ba7f-d2ae4226c947.jpeg\",\"width\":768,\"height\":576},{\"@type\":\"BreadcrumbList\",\"@id\":\"https:\\\/\\\/brasender.com.br\\\/noticias\\\/policia-federal-de-brasil-detiene-a-extranjero-por-uso-de-documento-con-sello-falso-en-roraima\\\/#breadcrumb\",\"itemListElement\":[{\"@type\":\"ListItem\",\"position\":1,\"name\":\"In\u00edcio\",\"item\":\"https:\\\/\\\/brasender.com.br\\\/noticias\\\/\"},{\"@type\":\"ListItem\",\"position\":2,\"name\":\"Polic\u00eda Federal de Brasil detiene a extranjero por uso de documento con sello falso en Roraima\"}]},{\"@type\":\"WebSite\",\"@id\":\"https:\\\/\\\/brasender.com.br\\\/noticias\\\/#website\",\"url\":\"https:\\\/\\\/brasender.com.br\\\/noticias\\\/\",\"name\":\"Brasender Noticias\",\"description\":\"Portal de Noticias Brasender\",\"publisher\":{\"@id\":\"https:\\\/\\\/brasender.com.br\\\/noticias\\\/#organization\"},\"potentialAction\":[{\"@type\":\"SearchAction\",\"target\":{\"@type\":\"EntryPoint\",\"urlTemplate\":\"https:\\\/\\\/brasender.com.br\\\/noticias\\\/?s={search_term_string}\"},\"query-input\":{\"@type\":\"PropertyValueSpecification\",\"valueRequired\":true,\"valueName\":\"search_term_string\"}}],\"inLanguage\":\"pt-BR\"},{\"@type\":\"Organization\",\"@id\":\"https:\\\/\\\/brasender.com.br\\\/noticias\\\/#organization\",\"name\":\"Brasender Noticias\",\"url\":\"https:\\\/\\\/brasender.com.br\\\/noticias\\\/\",\"logo\":{\"@type\":\"ImageObject\",\"inLanguage\":\"pt-BR\",\"@id\":\"https:\\\/\\\/brasender.com.br\\\/noticias\\\/#\\\/schema\\\/logo\\\/image\\\/\",\"url\":\"https:\\\/\\\/brasender.com.br\\\/noticias\\\/wp-content\\\/uploads\\\/2022\\\/03\\\/Brasender-Noticias.png\",\"contentUrl\":\"https:\\\/\\\/brasender.com.br\\\/noticias\\\/wp-content\\\/uploads\\\/2022\\\/03\\\/Brasender-Noticias.png\",\"width\":2048,\"height\":500,\"caption\":\"Brasender Noticias\"},\"image\":{\"@id\":\"https:\\\/\\\/brasender.com.br\\\/noticias\\\/#\\\/schema\\\/logo\\\/image\\\/\"},\"sameAs\":[\"https:\\\/\\\/www.facebook.com\\\/profile.php?id=61562137653202\",\"https:\\\/\\\/www.instagram.com\\\/brasender\\\/\"]},{\"@type\":\"Person\",\"@id\":\"https:\\\/\\\/brasender.com.br\\\/noticias\\\/#\\\/schema\\\/person\\\/dc36d7097eff7621e50aacab7e3931a8\",\"name\":\"Jessica Puig Hern\u00e1ndez\",\"image\":{\"@type\":\"ImageObject\",\"inLanguage\":\"pt-BR\",\"@id\":\"https:\\\/\\\/secure.gravatar.com\\\/avatar\\\/8e405255b6ec071038c9c5bbf6c9b2a95a011c4b1f8fe00bf515f9f1426314e8?s=96&d=mm&r=g\",\"url\":\"https:\\\/\\\/secure.gravatar.com\\\/avatar\\\/8e405255b6ec071038c9c5bbf6c9b2a95a011c4b1f8fe00bf515f9f1426314e8?s=96&d=mm&r=g\",\"contentUrl\":\"https:\\\/\\\/secure.gravatar.com\\\/avatar\\\/8e405255b6ec071038c9c5bbf6c9b2a95a011c4b1f8fe00bf515f9f1426314e8?s=96&d=mm&r=g\",\"caption\":\"Jessica Puig Hern\u00e1ndez\"},\"url\":\"https:\\\/\\\/brasender.com.br\\\/noticias\\\/author\\\/jessica-puig\\\/\"}]}<\/script>\n<!-- \/ Yoast SEO plugin. -->","yoast_head_json":{"title":"Extranjero es arrestado por presentar documento migratorio falso.","description":"Autoridades de la Polic\u00eda Federal de Brasil detuvieron a un extranjero tras constatar la falsificaci\u00f3n de un sello migratorio en su documento","robots":{"index":"index","follow":"follow","max-snippet":"max-snippet:-1","max-image-preview":"max-image-preview:large","max-video-preview":"max-video-preview:-1"},"canonical":"https:\/\/brasender.com.br\/noticias\/policia-federal-de-brasil-detiene-a-extranjero-por-uso-de-documento-con-sello-falso-en-roraima\/","og_locale":"pt_BR","og_type":"article","og_title":"Extranjero es arrestado por presentar documento migratorio falso.","og_description":"Autoridades de la Polic\u00eda Federal de Brasil detuvieron a un extranjero tras constatar la falsificaci\u00f3n de un sello migratorio en su documento","og_url":"https:\/\/brasender.com.br\/noticias\/policia-federal-de-brasil-detiene-a-extranjero-por-uso-de-documento-con-sello-falso-en-roraima\/","og_site_name":"Brasender Noticias","article_publisher":"https:\/\/www.facebook.com\/profile.php?id=61562137653202","article_published_time":"2026-01-17T20:54:51+00:00","og_image":[{"width":768,"height":576,"url":"https:\/\/brasender.com.br\/noticias\/wp-content\/uploads\/2026\/01\/aa645492-1535-43bd-ba7f-d2ae4226c947.jpeg","type":"image\/jpeg"}],"author":"Jessica Puig Hern\u00e1ndez","twitter_card":"summary_large_image","twitter_misc":{"Escrito por":"Jessica Puig Hern\u00e1ndez","Est. tempo de leitura":"3 minutos"},"schema":{"@context":"https:\/\/schema.org","@graph":[{"@type":"Article","@id":"https:\/\/brasender.com.br\/noticias\/policia-federal-de-brasil-detiene-a-extranjero-por-uso-de-documento-con-sello-falso-en-roraima\/#article","isPartOf":{"@id":"https:\/\/brasender.com.br\/noticias\/policia-federal-de-brasil-detiene-a-extranjero-por-uso-de-documento-con-sello-falso-en-roraima\/"},"author":{"name":"Jessica Puig Hern\u00e1ndez","@id":"https:\/\/brasender.com.br\/noticias\/#\/schema\/person\/dc36d7097eff7621e50aacab7e3931a8"},"headline":"Polic\u00eda Federal de Brasil detiene a extranjero por uso de documento con sello falso en Roraima","datePublished":"2026-01-17T20:54:51+00:00","mainEntityOfPage":{"@id":"https:\/\/brasender.com.br\/noticias\/policia-federal-de-brasil-detiene-a-extranjero-por-uso-de-documento-con-sello-falso-en-roraima\/"},"wordCount":377,"commentCount":0,"publisher":{"@id":"https:\/\/brasender.com.br\/noticias\/#organization"},"image":{"@id":"https:\/\/brasender.com.br\/noticias\/policia-federal-de-brasil-detiene-a-extranjero-por-uso-de-documento-con-sello-falso-en-roraima\/#primaryimage"},"thumbnailUrl":"https:\/\/brasender.com.br\/noticias\/wp-content\/uploads\/2026\/01\/aa645492-1535-43bd-ba7f-d2ae4226c947.jpeg","keywords":["migracion","policia federal"],"articleSection":["Migraci\u00f3n"],"inLanguage":"pt-BR","potentialAction":[{"@type":"CommentAction","name":"Comment","target":["https:\/\/brasender.com.br\/noticias\/policia-federal-de-brasil-detiene-a-extranjero-por-uso-de-documento-con-sello-falso-en-roraima\/#respond"]}]},{"@type":"WebPage","@id":"https:\/\/brasender.com.br\/noticias\/policia-federal-de-brasil-detiene-a-extranjero-por-uso-de-documento-con-sello-falso-en-roraima\/","url":"https:\/\/brasender.com.br\/noticias\/policia-federal-de-brasil-detiene-a-extranjero-por-uso-de-documento-con-sello-falso-en-roraima\/","name":"Extranjero es arrestado por presentar documento migratorio falso.","isPartOf":{"@id":"https:\/\/brasender.com.br\/noticias\/#website"},"primaryImageOfPage":{"@id":"https:\/\/brasender.com.br\/noticias\/policia-federal-de-brasil-detiene-a-extranjero-por-uso-de-documento-con-sello-falso-en-roraima\/#primaryimage"},"image":{"@id":"https:\/\/brasender.com.br\/noticias\/policia-federal-de-brasil-detiene-a-extranjero-por-uso-de-documento-con-sello-falso-en-roraima\/#primaryimage"},"thumbnailUrl":"https:\/\/brasender.com.br\/noticias\/wp-content\/uploads\/2026\/01\/aa645492-1535-43bd-ba7f-d2ae4226c947.jpeg","datePublished":"2026-01-17T20:54:51+00:00","description":"Autoridades de la Polic\u00eda Federal de Brasil detuvieron a un extranjero tras constatar la falsificaci\u00f3n de un sello migratorio en su documento","breadcrumb":{"@id":"https:\/\/brasender.com.br\/noticias\/policia-federal-de-brasil-detiene-a-extranjero-por-uso-de-documento-con-sello-falso-en-roraima\/#breadcrumb"},"inLanguage":"pt-BR","potentialAction":[{"@type":"ReadAction","target":["https:\/\/brasender.com.br\/noticias\/policia-federal-de-brasil-detiene-a-extranjero-por-uso-de-documento-con-sello-falso-en-roraima\/"]}]},{"@type":"ImageObject","inLanguage":"pt-BR","@id":"https:\/\/brasender.com.br\/noticias\/policia-federal-de-brasil-detiene-a-extranjero-por-uso-de-documento-con-sello-falso-en-roraima\/#primaryimage","url":"https:\/\/brasender.com.br\/noticias\/wp-content\/uploads\/2026\/01\/aa645492-1535-43bd-ba7f-d2ae4226c947.jpeg","contentUrl":"https:\/\/brasender.com.br\/noticias\/wp-content\/uploads\/2026\/01\/aa645492-1535-43bd-ba7f-d2ae4226c947.jpeg","width":768,"height":576},{"@type":"BreadcrumbList","@id":"https:\/\/brasender.com.br\/noticias\/policia-federal-de-brasil-detiene-a-extranjero-por-uso-de-documento-con-sello-falso-en-roraima\/#breadcrumb","itemListElement":[{"@type":"ListItem","position":1,"name":"In\u00edcio","item":"https:\/\/brasender.com.br\/noticias\/"},{"@type":"ListItem","position":2,"name":"Polic\u00eda Federal de Brasil detiene a extranjero por uso de documento con sello falso en Roraima"}]},{"@type":"WebSite","@id":"https:\/\/brasender.com.br\/noticias\/#website","url":"https:\/\/brasender.com.br\/noticias\/","name":"Brasender Noticias","description":"Portal de Noticias Brasender","publisher":{"@id":"https:\/\/brasender.com.br\/noticias\/#organization"},"potentialAction":[{"@type":"SearchAction","target":{"@type":"EntryPoint","urlTemplate":"https:\/\/brasender.com.br\/noticias\/?s={search_term_string}"},"query-input":{"@type":"PropertyValueSpecification","valueRequired":true,"valueName":"search_term_string"}}],"inLanguage":"pt-BR"},{"@type":"Organization","@id":"https:\/\/brasender.com.br\/noticias\/#organization","name":"Brasender Noticias","url":"https:\/\/brasender.com.br\/noticias\/","logo":{"@type":"ImageObject","inLanguage":"pt-BR","@id":"https:\/\/brasender.com.br\/noticias\/#\/schema\/logo\/image\/","url":"https:\/\/brasender.com.br\/noticias\/wp-content\/uploads\/2022\/03\/Brasender-Noticias.png","contentUrl":"https:\/\/brasender.com.br\/noticias\/wp-content\/uploads\/2022\/03\/Brasender-Noticias.png","width":2048,"height":500,"caption":"Brasender Noticias"},"image":{"@id":"https:\/\/brasender.com.br\/noticias\/#\/schema\/logo\/image\/"},"sameAs":["https:\/\/www.facebook.com\/profile.php?id=61562137653202","https:\/\/www.instagram.com\/brasender\/"]},{"@type":"Person","@id":"https:\/\/brasender.com.br\/noticias\/#\/schema\/person\/dc36d7097eff7621e50aacab7e3931a8","name":"Jessica Puig Hern\u00e1ndez","image":{"@type":"ImageObject","inLanguage":"pt-BR","@id":"https:\/\/secure.gravatar.com\/avatar\/8e405255b6ec071038c9c5bbf6c9b2a95a011c4b1f8fe00bf515f9f1426314e8?s=96&d=mm&r=g","url":"https:\/\/secure.gravatar.com\/avatar\/8e405255b6ec071038c9c5bbf6c9b2a95a011c4b1f8fe00bf515f9f1426314e8?s=96&d=mm&r=g","contentUrl":"https:\/\/secure.gravatar.com\/avatar\/8e405255b6ec071038c9c5bbf6c9b2a95a011c4b1f8fe00bf515f9f1426314e8?s=96&d=mm&r=g","caption":"Jessica Puig Hern\u00e1ndez"},"url":"https:\/\/brasender.com.br\/noticias\/author\/jessica-puig\/"}]}},"_links":{"self":[{"href":"https:\/\/brasender.com.br\/noticias\/wp-json\/wp\/v2\/posts\/3770","targetHints":{"allow":["GET"]}}],"collection":[{"href":"https:\/\/brasender.com.br\/noticias\/wp-json\/wp\/v2\/posts"}],"about":[{"href":"https:\/\/brasender.com.br\/noticias\/wp-json\/wp\/v2\/types\/post"}],"author":[{"embeddable":true,"href":"https:\/\/brasender.com.br\/noticias\/wp-json\/wp\/v2\/users\/4"}],"replies":[{"embeddable":true,"href":"https:\/\/brasender.com.br\/noticias\/wp-json\/wp\/v2\/comments?post=3770"}],"version-history":[{"count":2,"href":"https:\/\/brasender.com.br\/noticias\/wp-json\/wp\/v2\/posts\/3770\/revisions"}],"predecessor-version":[{"id":3773,"href":"https:\/\/brasender.com.br\/noticias\/wp-json\/wp\/v2\/posts\/3770\/revisions\/3773"}],"wp:featuredmedia":[{"embeddable":true,"href":"https:\/\/brasender.com.br\/noticias\/wp-json\/wp\/v2\/media\/3772"}],"wp:attachment":[{"href":"https:\/\/brasender.com.br\/noticias\/wp-json\/wp\/v2\/media?parent=3770"}],"wp:term":[{"taxonomy":"category","embeddable":true,"href":"https:\/\/brasender.com.br\/noticias\/wp-json\/wp\/v2\/categories?post=3770"},{"taxonomy":"post_tag","embeddable":true,"href":"https:\/\/brasender.com.br\/noticias\/wp-json\/wp\/v2\/tags?post=3770"}],"curies":[{"name":"wp","href":"https:\/\/api.w.org\/{rel}","templated":true}]}}