{"id":3759,"date":"2026-01-16T16:53:42","date_gmt":"2026-01-16T19:53:42","guid":{"rendered":"https:\/\/brasender.com.br\/noticias\/?p=3759"},"modified":"2026-01-16T17:00:22","modified_gmt":"2026-01-16T20:00:22","slug":"estados-unidos-suspende-visados-inmigrantes-cuba","status":"publish","type":"post","link":"https:\/\/brasender.com.br\/noticias\/estados-unidos-suspende-visados-inmigrantes-cuba\/","title":{"rendered":"Estados Unidos suspende visados de inmigrantes para Cuba y m\u00e1s de 70 pa\u00edses"},"content":{"rendered":"\n<div style=\"height:2px\" aria-hidden=\"true\" class=\"wp-block-spacer\"><\/div>\n\n\n\n<p class=\"has-medium-font-size wp-block-paragraph\">Estados Unidos anunci\u00f3 la <strong>suspensi\u00f3n del otorgamiento de visados de inmigrantes<\/strong> para ciudadanos de Cuba y de m\u00e1s de 70 pa\u00edses. La medida forma parte de una nueva pol\u00edtica migratoria impulsada por el gobierno estadounidense, orientada a reforzar los controles de seguridad y revisar los procesos de admisi\u00f3n de extranjeros al pa\u00eds.<\/p>\n\n\n\n<blockquote class=\"instagram-media\" data-instgrm-captioned data-instgrm-permalink=\"https:\/\/www.instagram.com\/p\/DTf-7kKjzkB\/?utm_source=ig_embed&amp;utm_campaign=loading\" data-instgrm-version=\"14\" style=\" background:#FFF; border:0; border-radius:3px; box-shadow:0 0 1px 0 rgba(0,0,0,0.5),0 1px 10px 0 rgba(0,0,0,0.15); margin: 1px; max-width:540px; min-width:326px; padding:0; width:99.375%; width:-webkit-calc(100% - 2px); width:calc(100% - 2px);\"><div style=\"padding:16px;\"> <a href=\"https:\/\/www.instagram.com\/p\/DTf-7kKjzkB\/?utm_source=ig_embed&amp;utm_campaign=loading\" style=\" background:#FFFFFF; line-height:0; padding:0 0; text-align:center; text-decoration:none; width:100%;\" target=\"_blank\"> <div style=\" display: flex; flex-direction: row; align-items: center;\"> <div style=\"background-color: #F4F4F4; border-radius: 50%; flex-grow: 0; height: 40px; margin-right: 14px; width: 40px;\"><\/div> <div style=\"display: flex; flex-direction: column; flex-grow: 1; justify-content: center;\"> <div style=\" background-color: #F4F4F4; border-radius: 4px; flex-grow: 0; height: 14px; margin-bottom: 6px; width: 100px;\"><\/div> <div style=\" background-color: #F4F4F4; border-radius: 4px; flex-grow: 0; height: 14px; width: 60px;\"><\/div><\/div><\/div><div style=\"padding: 19% 0;\"><\/div> <div style=\"display:block; height:50px; margin:0 auto 12px; width:50px;\"><svg width=\"50px\" height=\"50px\" viewBox=\"0 0 60 60\" version=\"1.1\" xmlns=\"https:\/\/www.w3.org\/2000\/svg\" xmlns:xlink=\"https:\/\/www.w3.org\/1999\/xlink\"><g stroke=\"none\" stroke-width=\"1\" fill=\"none\" fill-rule=\"evenodd\"><g transform=\"translate(-511.000000, -20.000000)\" fill=\"#000000\"><g><path d=\"M556.869,30.41 C554.814,30.41 553.148,32.076 553.148,34.131 C553.148,36.186 554.814,37.852 556.869,37.852 C558.924,37.852 560.59,36.186 560.59,34.131 C560.59,32.076 558.924,30.41 556.869,30.41 M541,60.657 C535.114,60.657 530.342,55.887 530.342,50 C530.342,44.114 535.114,39.342 541,39.342 C546.887,39.342 551.658,44.114 551.658,50 C551.658,55.887 546.887,60.657 541,60.657 M541,33.886 C532.1,33.886 524.886,41.1 524.886,50 C524.886,58.899 532.1,66.113 541,66.113 C549.9,66.113 557.115,58.899 557.115,50 C557.115,41.1 549.9,33.886 541,33.886 M565.378,62.101 C565.244,65.022 564.756,66.606 564.346,67.663 C563.803,69.06 563.154,70.057 562.106,71.106 C561.058,72.155 560.06,72.803 558.662,73.347 C557.607,73.757 556.021,74.244 553.102,74.378 C549.944,74.521 548.997,74.552 541,74.552 C533.003,74.552 532.056,74.521 528.898,74.378 C525.979,74.244 524.393,73.757 523.338,73.347 C521.94,72.803 520.942,72.155 519.894,71.106 C518.846,70.057 518.197,69.06 517.654,67.663 C517.244,66.606 516.755,65.022 516.623,62.101 C516.479,58.943 516.448,57.996 516.448,50 C516.448,42.003 516.479,41.056 516.623,37.899 C516.755,34.978 517.244,33.391 517.654,32.338 C518.197,30.938 518.846,29.942 519.894,28.894 C520.942,27.846 521.94,27.196 523.338,26.654 C524.393,26.244 525.979,25.756 528.898,25.623 C532.057,25.479 533.004,25.448 541,25.448 C548.997,25.448 549.943,25.479 553.102,25.623 C556.021,25.756 557.607,26.244 558.662,26.654 C560.06,27.196 561.058,27.846 562.106,28.894 C563.154,29.942 563.803,30.938 564.346,32.338 C564.756,33.391 565.244,34.978 565.378,37.899 C565.522,41.056 565.552,42.003 565.552,50 C565.552,57.996 565.522,58.943 565.378,62.101 M570.82,37.631 C570.674,34.438 570.167,32.258 569.425,30.349 C568.659,28.377 567.633,26.702 565.965,25.035 C564.297,23.368 562.623,22.342 560.652,21.575 C558.743,20.834 556.562,20.326 553.369,20.18 C550.169,20.033 549.148,20 541,20 C532.853,20 531.831,20.033 528.631,20.18 C525.438,20.326 523.257,20.834 521.349,21.575 C519.376,22.342 517.703,23.368 516.035,25.035 C514.368,26.702 513.342,28.377 512.574,30.349 C511.834,32.258 511.326,34.438 511.181,37.631 C511.035,40.831 511,41.851 511,50 C511,58.147 511.035,59.17 511.181,62.369 C511.326,65.562 511.834,67.743 512.574,69.651 C513.342,71.625 514.368,73.296 516.035,74.965 C517.703,76.634 519.376,77.658 521.349,78.425 C523.257,79.167 525.438,79.673 528.631,79.82 C531.831,79.965 532.853,80.001 541,80.001 C549.148,80.001 550.169,79.965 553.369,79.82 C556.562,79.673 558.743,79.167 560.652,78.425 C562.623,77.658 564.297,76.634 565.965,74.965 C567.633,73.296 568.659,71.625 569.425,69.651 C570.167,67.743 570.674,65.562 570.82,62.369 C570.966,59.17 571,58.147 571,50 C571,41.851 570.966,40.831 570.82,37.631\"><\/path><\/g><\/g><\/g><\/svg><\/div><div style=\"padding-top: 8px;\"> <div style=\" color:#3897f0; font-family:Arial,sans-serif; font-size:14px; font-style:normal; font-weight:550; line-height:18px;\">Ver esta publicaci\u00f3n en Instagram<\/div><\/div><div style=\"padding: 12.5% 0;\"><\/div> <div style=\"display: flex; flex-direction: row; margin-bottom: 14px; align-items: center;\"><div> <div style=\"background-color: #F4F4F4; border-radius: 50%; height: 12.5px; width: 12.5px; transform: translateX(0px) translateY(7px);\"><\/div> <div style=\"background-color: #F4F4F4; height: 12.5px; transform: rotate(-45deg) translateX(3px) translateY(1px); width: 12.5px; flex-grow: 0; margin-right: 14px; margin-left: 2px;\"><\/div> <div style=\"background-color: #F4F4F4; border-radius: 50%; height: 12.5px; width: 12.5px; transform: translateX(9px) translateY(-18px);\"><\/div><\/div><div style=\"margin-left: 8px;\"> <div style=\" background-color: #F4F4F4; border-radius: 50%; flex-grow: 0; height: 20px; width: 20px;\"><\/div> <div style=\" width: 0; height: 0; border-top: 2px solid transparent; border-left: 6px solid #f4f4f4; border-bottom: 2px solid transparent; transform: translateX(16px) translateY(-4px) rotate(30deg)\"><\/div><\/div><div style=\"margin-left: auto;\"> <div style=\" width: 0px; border-top: 8px solid #F4F4F4; border-right: 8px solid transparent; transform: translateY(16px);\"><\/div> <div style=\" background-color: #F4F4F4; flex-grow: 0; height: 12px; width: 16px; transform: translateY(-4px);\"><\/div> <div style=\" width: 0; height: 0; border-top: 8px solid #F4F4F4; border-left: 8px solid transparent; transform: translateY(-4px) translateX(8px);\"><\/div><\/div><\/div> <div style=\"display: flex; flex-direction: column; flex-grow: 1; justify-content: center; margin-bottom: 24px;\"> <div style=\" background-color: #F4F4F4; border-radius: 4px; flex-grow: 0; height: 14px; margin-bottom: 6px; width: 224px;\"><\/div> <div style=\" background-color: #F4F4F4; border-radius: 4px; flex-grow: 0; height: 14px; width: 144px;\"><\/div><\/div><\/a><p style=\" color:#c9c8cd; font-family:Arial,sans-serif; font-size:14px; line-height:17px; margin-bottom:0; margin-top:8px; overflow:hidden; padding:8px 0 7px; text-align:center; text-overflow:ellipsis; white-space:nowrap;\"><a href=\"https:\/\/www.instagram.com\/p\/DTf-7kKjzkB\/?utm_source=ig_embed&amp;utm_campaign=loading\" style=\" color:#c9c8cd; font-family:Arial,sans-serif; font-size:14px; font-style:normal; font-weight:normal; line-height:17px; text-decoration:none;\" target=\"_blank\">Una publicaci\u00f3n compartida por Mario J. Pent\u00f3n (@mariojpenton)<\/a><\/p><\/div><\/blockquote>\n<script async src=\"\/\/www.instagram.com\/embed.js\"><\/script>\n\n\n\n<div style=\"height:2px\" aria-hidden=\"true\" class=\"wp-block-spacer\"><\/div>\n\n\n\n<p class=\"has-medium-font-size wp-block-paragraph\">De acuerdo con la informaci\u00f3n publicada, esta decisi\u00f3n afecta directamente a <strong>visados de car\u00e1cter inmigrante<\/strong>, lo que implica un impacto significativo para miles de personas que se encontraban en proceso de reunificaci\u00f3n familiar o con tr\u00e1mites avanzados para establecerse legalmente en Estados Unidos. Cuba se encuentra incluida dentro del grupo de pa\u00edses se\u00f1alados por las autoridades estadounidenses bajo esta nueva disposici\u00f3n.<\/p>\n\n\n\n<div style=\"height:2px\" aria-hidden=\"true\" class=\"wp-block-spacer\"><\/div>\n\n\n\n<p class=\"has-medium-font-size wp-block-paragraph\">Las autoridades de Estados Unidos justificaron la medida alegando <strong>razones de seguridad nacional y revisi\u00f3n de los sistemas migratorios<\/strong> de los pa\u00edses afectados. Seg\u00fan el reporte, el gobierno estadounidense considera que algunos de estos pa\u00edses no cumplen con los est\u00e1ndares requeridos en materia de verificaci\u00f3n de identidad, intercambio de informaci\u00f3n o control de antecedentes, lo que motiv\u00f3 la suspensi\u00f3n temporal de los visados.<\/p>\n\n\n\n<p class=\"has-medium-font-size wp-block-paragraph\">Para la comunidad cubana, tanto dentro de la isla como en el exterior, esta noticia genera <strong>incertidumbre y preocupaci\u00f3n<\/strong>, especialmente entre quienes manten\u00edan procesos migratorios activos. Muchos cubanos dependen de estos visados para reunirse con familiares en Estados Unidos o buscar nuevas oportunidades fuera del pa\u00eds, por lo que la suspensi\u00f3n representa un obst\u00e1culo importante.<\/p>\n\n\n\n<div style=\"height:2px\" aria-hidden=\"true\" class=\"wp-block-spacer\"><\/div>\n\n\n\n<p class=\"has-medium-font-size wp-block-paragraph\">Hasta el momento, no se ha especificado <strong>cu\u00e1nto tiempo permanecer\u00e1 vigente esta suspensi\u00f3n<\/strong>, ni si existir\u00e1n excepciones para determinados casos humanitarios. Tampoco se han ofrecido detalles sobre posibles alternativas o mecanismos de revisi\u00f3n individual para los solicitantes afectados.<\/p>\n\n\n\n<div style=\"height:2px\" aria-hidden=\"true\" class=\"wp-block-spacer\"><\/div>\n\n\n\n<p class=\"has-medium-font-size wp-block-paragraph\">La medida se suma a otras restricciones migratorias implementadas por Estados Unidos en los \u00faltimos a\u00f1os y refleja un <strong>endurecimiento de las pol\u00edticas de inmigraci\u00f3n<\/strong>, especialmente hacia pa\u00edses considerados de alto riesgo bajo los criterios del gobierno estadounidense. Cubanos residentes en Brasil, Estados Unidos y la isla permanecen atentos a cualquier actualizaci\u00f3n oficial que pueda modificar o revertir esta decisi\u00f3n.<\/p>\n\n\n\n<div style=\"height:2px\" aria-hidden=\"true\" class=\"wp-block-spacer\"><\/div>\n\n\n\n<p class=\"has-medium-font-size wp-block-paragraph\">Por ahora, se recomienda a las personas con tr\u00e1mites migratorios en curso mantenerse informadas a trav\u00e9s de <strong>canales oficiales y medios confiables<\/strong>, ya que cualquier cambio en esta pol\u00edtica podr\u00eda impactar directamente los procesos de visado y reunificaci\u00f3n familiar.<\/p>\n","protected":false},"excerpt":{"rendered":"<p>Estados Unidos anunci\u00f3 la suspensi\u00f3n del otorgamiento de visados de inmigrantes para ciudadanos de Cuba y de m\u00e1s de 70 pa\u00edses. La medida forma parte de una nueva pol\u00edtica migratoria impulsada por el gobierno estadounidense, orientada a reforzar los controles de seguridad y revisar los procesos de admisi\u00f3n de extranjeros al pa\u00eds. Ver esta publicaci\u00f3n [&hellip;]<\/p>\n","protected":false},"author":4,"featured_media":3761,"comment_status":"open","ping_status":"open","sticky":false,"template":"","format":"standard","meta":{"_crdt_document":"","footnotes":""},"categories":[66],"tags":[49,116,114,51,113],"class_list":["post-3759","post","type-post","status-publish","format-standard","has-post-thumbnail","hentry","category-migracion","tag-cuba","tag-estados-unidos","tag-inmigracion","tag-tramites","tag-visado"],"yoast_head":"<!-- This site is optimized with the Yoast SEO plugin v27.4 - https:\/\/yoast.com\/product\/yoast-seo-wordpress\/ -->\n<title>EE.UU anuncia suspenci\u00f3n de visado a Cuba y m\u00e1s de 70 pa\u00edses<\/title>\n<meta name=\"description\" content=\"Estados Unidos anunci\u00f3 la suspensi\u00f3n de visados de inmigrantes para ciudadanos de Cuba y m\u00e1s de 70 pa\u00edses, como parte de nuevas medidas\" \/>\n<meta name=\"robots\" content=\"index, follow, max-snippet:-1, max-image-preview:large, max-video-preview:-1\" \/>\n<link rel=\"canonical\" href=\"https:\/\/brasender.com.br\/noticias\/estados-unidos-suspende-visados-inmigrantes-cuba\/\" \/>\n<meta property=\"og:locale\" content=\"pt_BR\" \/>\n<meta property=\"og:type\" content=\"article\" \/>\n<meta property=\"og:title\" content=\"EE.UU anuncia suspenci\u00f3n de visado a Cuba y m\u00e1s de 70 pa\u00edses\" \/>\n<meta property=\"og:description\" content=\"Estados Unidos anunci\u00f3 la suspensi\u00f3n de visados de inmigrantes para ciudadanos de Cuba y m\u00e1s de 70 pa\u00edses, como parte de nuevas medidas\" \/>\n<meta property=\"og:url\" content=\"https:\/\/brasender.com.br\/noticias\/estados-unidos-suspende-visados-inmigrantes-cuba\/\" \/>\n<meta property=\"og:site_name\" content=\"Brasender Noticias\" \/>\n<meta property=\"article:publisher\" content=\"https:\/\/www.facebook.com\/profile.php?id=61562137653202\" \/>\n<meta property=\"article:published_time\" content=\"2026-01-16T19:53:42+00:00\" \/>\n<meta property=\"article:modified_time\" content=\"2026-01-16T20:00:22+00:00\" \/>\n<meta property=\"og:image\" content=\"https:\/\/brasender.com.br\/noticias\/wp-content\/uploads\/2026\/01\/istockphoto-842140846-612x612-1.jpg\" \/>\n\t<meta property=\"og:image:width\" content=\"612\" \/>\n\t<meta property=\"og:image:height\" content=\"344\" \/>\n\t<meta property=\"og:image:type\" content=\"image\/jpeg\" \/>\n<meta name=\"author\" content=\"Jessica Puig Hern\u00e1ndez\" \/>\n<meta name=\"twitter:card\" content=\"summary_large_image\" \/>\n<meta name=\"twitter:label1\" content=\"Escrito por\" \/>\n\t<meta name=\"twitter:data1\" content=\"Jessica Puig Hern\u00e1ndez\" \/>\n\t<meta name=\"twitter:label2\" content=\"Est. tempo de leitura\" \/>\n\t<meta name=\"twitter:data2\" content=\"3 minutos\" \/>\n<script type=\"application\/ld+json\" class=\"yoast-schema-graph\">{\"@context\":\"https:\\\/\\\/schema.org\",\"@graph\":[{\"@type\":\"Article\",\"@id\":\"https:\\\/\\\/brasender.com.br\\\/noticias\\\/estados-unidos-suspende-visados-inmigrantes-cuba\\\/#article\",\"isPartOf\":{\"@id\":\"https:\\\/\\\/brasender.com.br\\\/noticias\\\/estados-unidos-suspende-visados-inmigrantes-cuba\\\/\"},\"author\":{\"name\":\"Jessica Puig Hern\u00e1ndez\",\"@id\":\"https:\\\/\\\/brasender.com.br\\\/noticias\\\/#\\\/schema\\\/person\\\/dc36d7097eff7621e50aacab7e3931a8\"},\"headline\":\"Estados Unidos suspende visados de inmigrantes para Cuba y m\u00e1s de 70 pa\u00edses\",\"datePublished\":\"2026-01-16T19:53:42+00:00\",\"dateModified\":\"2026-01-16T20:00:22+00:00\",\"mainEntityOfPage\":{\"@id\":\"https:\\\/\\\/brasender.com.br\\\/noticias\\\/estados-unidos-suspende-visados-inmigrantes-cuba\\\/\"},\"wordCount\":439,\"commentCount\":0,\"publisher\":{\"@id\":\"https:\\\/\\\/brasender.com.br\\\/noticias\\\/#organization\"},\"image\":{\"@id\":\"https:\\\/\\\/brasender.com.br\\\/noticias\\\/estados-unidos-suspende-visados-inmigrantes-cuba\\\/#primaryimage\"},\"thumbnailUrl\":\"https:\\\/\\\/brasender.com.br\\\/noticias\\\/wp-content\\\/uploads\\\/2026\\\/01\\\/istockphoto-842140846-612x612-1.jpg\",\"keywords\":[\"Cuba\",\"estados unidos\",\"inmigracion\",\"Tramites\",\"visado\"],\"articleSection\":[\"Migraci\u00f3n\"],\"inLanguage\":\"pt-BR\",\"potentialAction\":[{\"@type\":\"CommentAction\",\"name\":\"Comment\",\"target\":[\"https:\\\/\\\/brasender.com.br\\\/noticias\\\/estados-unidos-suspende-visados-inmigrantes-cuba\\\/#respond\"]}]},{\"@type\":\"WebPage\",\"@id\":\"https:\\\/\\\/brasender.com.br\\\/noticias\\\/estados-unidos-suspende-visados-inmigrantes-cuba\\\/\",\"url\":\"https:\\\/\\\/brasender.com.br\\\/noticias\\\/estados-unidos-suspende-visados-inmigrantes-cuba\\\/\",\"name\":\"EE.UU anuncia suspenci\u00f3n de visado a Cuba y m\u00e1s de 70 pa\u00edses\",\"isPartOf\":{\"@id\":\"https:\\\/\\\/brasender.com.br\\\/noticias\\\/#website\"},\"primaryImageOfPage\":{\"@id\":\"https:\\\/\\\/brasender.com.br\\\/noticias\\\/estados-unidos-suspende-visados-inmigrantes-cuba\\\/#primaryimage\"},\"image\":{\"@id\":\"https:\\\/\\\/brasender.com.br\\\/noticias\\\/estados-unidos-suspende-visados-inmigrantes-cuba\\\/#primaryimage\"},\"thumbnailUrl\":\"https:\\\/\\\/brasender.com.br\\\/noticias\\\/wp-content\\\/uploads\\\/2026\\\/01\\\/istockphoto-842140846-612x612-1.jpg\",\"datePublished\":\"2026-01-16T19:53:42+00:00\",\"dateModified\":\"2026-01-16T20:00:22+00:00\",\"description\":\"Estados Unidos anunci\u00f3 la suspensi\u00f3n de visados de inmigrantes para ciudadanos de Cuba y m\u00e1s de 70 pa\u00edses, como parte de nuevas medidas\",\"breadcrumb\":{\"@id\":\"https:\\\/\\\/brasender.com.br\\\/noticias\\\/estados-unidos-suspende-visados-inmigrantes-cuba\\\/#breadcrumb\"},\"inLanguage\":\"pt-BR\",\"potentialAction\":[{\"@type\":\"ReadAction\",\"target\":[\"https:\\\/\\\/brasender.com.br\\\/noticias\\\/estados-unidos-suspende-visados-inmigrantes-cuba\\\/\"]}]},{\"@type\":\"ImageObject\",\"inLanguage\":\"pt-BR\",\"@id\":\"https:\\\/\\\/brasender.com.br\\\/noticias\\\/estados-unidos-suspende-visados-inmigrantes-cuba\\\/#primaryimage\",\"url\":\"https:\\\/\\\/brasender.com.br\\\/noticias\\\/wp-content\\\/uploads\\\/2026\\\/01\\\/istockphoto-842140846-612x612-1.jpg\",\"contentUrl\":\"https:\\\/\\\/brasender.com.br\\\/noticias\\\/wp-content\\\/uploads\\\/2026\\\/01\\\/istockphoto-842140846-612x612-1.jpg\",\"width\":612,\"height\":344,\"caption\":\"Commercial airplane landing behind waving flag\"},{\"@type\":\"BreadcrumbList\",\"@id\":\"https:\\\/\\\/brasender.com.br\\\/noticias\\\/estados-unidos-suspende-visados-inmigrantes-cuba\\\/#breadcrumb\",\"itemListElement\":[{\"@type\":\"ListItem\",\"position\":1,\"name\":\"In\u00edcio\",\"item\":\"https:\\\/\\\/brasender.com.br\\\/noticias\\\/\"},{\"@type\":\"ListItem\",\"position\":2,\"name\":\"Estados Unidos suspende visados de inmigrantes para Cuba y m\u00e1s de 70 pa\u00edses\"}]},{\"@type\":\"WebSite\",\"@id\":\"https:\\\/\\\/brasender.com.br\\\/noticias\\\/#website\",\"url\":\"https:\\\/\\\/brasender.com.br\\\/noticias\\\/\",\"name\":\"Brasender Noticias\",\"description\":\"Portal de Noticias Brasender\",\"publisher\":{\"@id\":\"https:\\\/\\\/brasender.com.br\\\/noticias\\\/#organization\"},\"potentialAction\":[{\"@type\":\"SearchAction\",\"target\":{\"@type\":\"EntryPoint\",\"urlTemplate\":\"https:\\\/\\\/brasender.com.br\\\/noticias\\\/?s={search_term_string}\"},\"query-input\":{\"@type\":\"PropertyValueSpecification\",\"valueRequired\":true,\"valueName\":\"search_term_string\"}}],\"inLanguage\":\"pt-BR\"},{\"@type\":\"Organization\",\"@id\":\"https:\\\/\\\/brasender.com.br\\\/noticias\\\/#organization\",\"name\":\"Brasender Noticias\",\"url\":\"https:\\\/\\\/brasender.com.br\\\/noticias\\\/\",\"logo\":{\"@type\":\"ImageObject\",\"inLanguage\":\"pt-BR\",\"@id\":\"https:\\\/\\\/brasender.com.br\\\/noticias\\\/#\\\/schema\\\/logo\\\/image\\\/\",\"url\":\"https:\\\/\\\/brasender.com.br\\\/noticias\\\/wp-content\\\/uploads\\\/2022\\\/03\\\/Brasender-Noticias.png\",\"contentUrl\":\"https:\\\/\\\/brasender.com.br\\\/noticias\\\/wp-content\\\/uploads\\\/2022\\\/03\\\/Brasender-Noticias.png\",\"width\":2048,\"height\":500,\"caption\":\"Brasender Noticias\"},\"image\":{\"@id\":\"https:\\\/\\\/brasender.com.br\\\/noticias\\\/#\\\/schema\\\/logo\\\/image\\\/\"},\"sameAs\":[\"https:\\\/\\\/www.facebook.com\\\/profile.php?id=61562137653202\",\"https:\\\/\\\/www.instagram.com\\\/brasender\\\/\"]},{\"@type\":\"Person\",\"@id\":\"https:\\\/\\\/brasender.com.br\\\/noticias\\\/#\\\/schema\\\/person\\\/dc36d7097eff7621e50aacab7e3931a8\",\"name\":\"Jessica Puig Hern\u00e1ndez\",\"image\":{\"@type\":\"ImageObject\",\"inLanguage\":\"pt-BR\",\"@id\":\"https:\\\/\\\/secure.gravatar.com\\\/avatar\\\/8e405255b6ec071038c9c5bbf6c9b2a95a011c4b1f8fe00bf515f9f1426314e8?s=96&d=mm&r=g\",\"url\":\"https:\\\/\\\/secure.gravatar.com\\\/avatar\\\/8e405255b6ec071038c9c5bbf6c9b2a95a011c4b1f8fe00bf515f9f1426314e8?s=96&d=mm&r=g\",\"contentUrl\":\"https:\\\/\\\/secure.gravatar.com\\\/avatar\\\/8e405255b6ec071038c9c5bbf6c9b2a95a011c4b1f8fe00bf515f9f1426314e8?s=96&d=mm&r=g\",\"caption\":\"Jessica Puig Hern\u00e1ndez\"},\"url\":\"https:\\\/\\\/brasender.com.br\\\/noticias\\\/author\\\/jessica-puig\\\/\"}]}<\/script>\n<!-- \/ Yoast SEO plugin. -->","yoast_head_json":{"title":"EE.UU anuncia suspenci\u00f3n de visado a Cuba y m\u00e1s de 70 pa\u00edses","description":"Estados Unidos anunci\u00f3 la suspensi\u00f3n de visados de inmigrantes para ciudadanos de Cuba y m\u00e1s de 70 pa\u00edses, como parte de nuevas medidas","robots":{"index":"index","follow":"follow","max-snippet":"max-snippet:-1","max-image-preview":"max-image-preview:large","max-video-preview":"max-video-preview:-1"},"canonical":"https:\/\/brasender.com.br\/noticias\/estados-unidos-suspende-visados-inmigrantes-cuba\/","og_locale":"pt_BR","og_type":"article","og_title":"EE.UU anuncia suspenci\u00f3n de visado a Cuba y m\u00e1s de 70 pa\u00edses","og_description":"Estados Unidos anunci\u00f3 la suspensi\u00f3n de visados de inmigrantes para ciudadanos de Cuba y m\u00e1s de 70 pa\u00edses, como parte de nuevas medidas","og_url":"https:\/\/brasender.com.br\/noticias\/estados-unidos-suspende-visados-inmigrantes-cuba\/","og_site_name":"Brasender Noticias","article_publisher":"https:\/\/www.facebook.com\/profile.php?id=61562137653202","article_published_time":"2026-01-16T19:53:42+00:00","article_modified_time":"2026-01-16T20:00:22+00:00","og_image":[{"width":612,"height":344,"url":"https:\/\/brasender.com.br\/noticias\/wp-content\/uploads\/2026\/01\/istockphoto-842140846-612x612-1.jpg","type":"image\/jpeg"}],"author":"Jessica Puig Hern\u00e1ndez","twitter_card":"summary_large_image","twitter_misc":{"Escrito por":"Jessica Puig Hern\u00e1ndez","Est. tempo de leitura":"3 minutos"},"schema":{"@context":"https:\/\/schema.org","@graph":[{"@type":"Article","@id":"https:\/\/brasender.com.br\/noticias\/estados-unidos-suspende-visados-inmigrantes-cuba\/#article","isPartOf":{"@id":"https:\/\/brasender.com.br\/noticias\/estados-unidos-suspende-visados-inmigrantes-cuba\/"},"author":{"name":"Jessica Puig Hern\u00e1ndez","@id":"https:\/\/brasender.com.br\/noticias\/#\/schema\/person\/dc36d7097eff7621e50aacab7e3931a8"},"headline":"Estados Unidos suspende visados de inmigrantes para Cuba y m\u00e1s de 70 pa\u00edses","datePublished":"2026-01-16T19:53:42+00:00","dateModified":"2026-01-16T20:00:22+00:00","mainEntityOfPage":{"@id":"https:\/\/brasender.com.br\/noticias\/estados-unidos-suspende-visados-inmigrantes-cuba\/"},"wordCount":439,"commentCount":0,"publisher":{"@id":"https:\/\/brasender.com.br\/noticias\/#organization"},"image":{"@id":"https:\/\/brasender.com.br\/noticias\/estados-unidos-suspende-visados-inmigrantes-cuba\/#primaryimage"},"thumbnailUrl":"https:\/\/brasender.com.br\/noticias\/wp-content\/uploads\/2026\/01\/istockphoto-842140846-612x612-1.jpg","keywords":["Cuba","estados unidos","inmigracion","Tramites","visado"],"articleSection":["Migraci\u00f3n"],"inLanguage":"pt-BR","potentialAction":[{"@type":"CommentAction","name":"Comment","target":["https:\/\/brasender.com.br\/noticias\/estados-unidos-suspende-visados-inmigrantes-cuba\/#respond"]}]},{"@type":"WebPage","@id":"https:\/\/brasender.com.br\/noticias\/estados-unidos-suspende-visados-inmigrantes-cuba\/","url":"https:\/\/brasender.com.br\/noticias\/estados-unidos-suspende-visados-inmigrantes-cuba\/","name":"EE.UU anuncia suspenci\u00f3n de visado a Cuba y m\u00e1s de 70 pa\u00edses","isPartOf":{"@id":"https:\/\/brasender.com.br\/noticias\/#website"},"primaryImageOfPage":{"@id":"https:\/\/brasender.com.br\/noticias\/estados-unidos-suspende-visados-inmigrantes-cuba\/#primaryimage"},"image":{"@id":"https:\/\/brasender.com.br\/noticias\/estados-unidos-suspende-visados-inmigrantes-cuba\/#primaryimage"},"thumbnailUrl":"https:\/\/brasender.com.br\/noticias\/wp-content\/uploads\/2026\/01\/istockphoto-842140846-612x612-1.jpg","datePublished":"2026-01-16T19:53:42+00:00","dateModified":"2026-01-16T20:00:22+00:00","description":"Estados Unidos anunci\u00f3 la suspensi\u00f3n de visados de inmigrantes para ciudadanos de Cuba y m\u00e1s de 70 pa\u00edses, como parte de nuevas medidas","breadcrumb":{"@id":"https:\/\/brasender.com.br\/noticias\/estados-unidos-suspende-visados-inmigrantes-cuba\/#breadcrumb"},"inLanguage":"pt-BR","potentialAction":[{"@type":"ReadAction","target":["https:\/\/brasender.com.br\/noticias\/estados-unidos-suspende-visados-inmigrantes-cuba\/"]}]},{"@type":"ImageObject","inLanguage":"pt-BR","@id":"https:\/\/brasender.com.br\/noticias\/estados-unidos-suspende-visados-inmigrantes-cuba\/#primaryimage","url":"https:\/\/brasender.com.br\/noticias\/wp-content\/uploads\/2026\/01\/istockphoto-842140846-612x612-1.jpg","contentUrl":"https:\/\/brasender.com.br\/noticias\/wp-content\/uploads\/2026\/01\/istockphoto-842140846-612x612-1.jpg","width":612,"height":344,"caption":"Commercial airplane landing behind waving flag"},{"@type":"BreadcrumbList","@id":"https:\/\/brasender.com.br\/noticias\/estados-unidos-suspende-visados-inmigrantes-cuba\/#breadcrumb","itemListElement":[{"@type":"ListItem","position":1,"name":"In\u00edcio","item":"https:\/\/brasender.com.br\/noticias\/"},{"@type":"ListItem","position":2,"name":"Estados Unidos suspende visados de inmigrantes para Cuba y m\u00e1s de 70 pa\u00edses"}]},{"@type":"WebSite","@id":"https:\/\/brasender.com.br\/noticias\/#website","url":"https:\/\/brasender.com.br\/noticias\/","name":"Brasender Noticias","description":"Portal de Noticias Brasender","publisher":{"@id":"https:\/\/brasender.com.br\/noticias\/#organization"},"potentialAction":[{"@type":"SearchAction","target":{"@type":"EntryPoint","urlTemplate":"https:\/\/brasender.com.br\/noticias\/?s={search_term_string}"},"query-input":{"@type":"PropertyValueSpecification","valueRequired":true,"valueName":"search_term_string"}}],"inLanguage":"pt-BR"},{"@type":"Organization","@id":"https:\/\/brasender.com.br\/noticias\/#organization","name":"Brasender Noticias","url":"https:\/\/brasender.com.br\/noticias\/","logo":{"@type":"ImageObject","inLanguage":"pt-BR","@id":"https:\/\/brasender.com.br\/noticias\/#\/schema\/logo\/image\/","url":"https:\/\/brasender.com.br\/noticias\/wp-content\/uploads\/2022\/03\/Brasender-Noticias.png","contentUrl":"https:\/\/brasender.com.br\/noticias\/wp-content\/uploads\/2022\/03\/Brasender-Noticias.png","width":2048,"height":500,"caption":"Brasender Noticias"},"image":{"@id":"https:\/\/brasender.com.br\/noticias\/#\/schema\/logo\/image\/"},"sameAs":["https:\/\/www.facebook.com\/profile.php?id=61562137653202","https:\/\/www.instagram.com\/brasender\/"]},{"@type":"Person","@id":"https:\/\/brasender.com.br\/noticias\/#\/schema\/person\/dc36d7097eff7621e50aacab7e3931a8","name":"Jessica Puig Hern\u00e1ndez","image":{"@type":"ImageObject","inLanguage":"pt-BR","@id":"https:\/\/secure.gravatar.com\/avatar\/8e405255b6ec071038c9c5bbf6c9b2a95a011c4b1f8fe00bf515f9f1426314e8?s=96&d=mm&r=g","url":"https:\/\/secure.gravatar.com\/avatar\/8e405255b6ec071038c9c5bbf6c9b2a95a011c4b1f8fe00bf515f9f1426314e8?s=96&d=mm&r=g","contentUrl":"https:\/\/secure.gravatar.com\/avatar\/8e405255b6ec071038c9c5bbf6c9b2a95a011c4b1f8fe00bf515f9f1426314e8?s=96&d=mm&r=g","caption":"Jessica Puig Hern\u00e1ndez"},"url":"https:\/\/brasender.com.br\/noticias\/author\/jessica-puig\/"}]}},"_links":{"self":[{"href":"https:\/\/brasender.com.br\/noticias\/wp-json\/wp\/v2\/posts\/3759","targetHints":{"allow":["GET"]}}],"collection":[{"href":"https:\/\/brasender.com.br\/noticias\/wp-json\/wp\/v2\/posts"}],"about":[{"href":"https:\/\/brasender.com.br\/noticias\/wp-json\/wp\/v2\/types\/post"}],"author":[{"embeddable":true,"href":"https:\/\/brasender.com.br\/noticias\/wp-json\/wp\/v2\/users\/4"}],"replies":[{"embeddable":true,"href":"https:\/\/brasender.com.br\/noticias\/wp-json\/wp\/v2\/comments?post=3759"}],"version-history":[{"count":4,"href":"https:\/\/brasender.com.br\/noticias\/wp-json\/wp\/v2\/posts\/3759\/revisions"}],"predecessor-version":[{"id":3769,"href":"https:\/\/brasender.com.br\/noticias\/wp-json\/wp\/v2\/posts\/3759\/revisions\/3769"}],"wp:featuredmedia":[{"embeddable":true,"href":"https:\/\/brasender.com.br\/noticias\/wp-json\/wp\/v2\/media\/3761"}],"wp:attachment":[{"href":"https:\/\/brasender.com.br\/noticias\/wp-json\/wp\/v2\/media?parent=3759"}],"wp:term":[{"taxonomy":"category","embeddable":true,"href":"https:\/\/brasender.com.br\/noticias\/wp-json\/wp\/v2\/categories?post=3759"},{"taxonomy":"post_tag","embeddable":true,"href":"https:\/\/brasender.com.br\/noticias\/wp-json\/wp\/v2\/tags?post=3759"}],"curies":[{"name":"wp","href":"https:\/\/api.w.org\/{rel}","templated":true}]}}