{"id":3713,"date":"2026-01-14T22:31:32","date_gmt":"2026-01-15T01:31:32","guid":{"rendered":"https:\/\/brasender.com.br\/noticias\/?p=3713"},"modified":"2026-01-15T19:22:48","modified_gmt":"2026-01-15T22:22:48","slug":"brigadas-medicas-cubanas-regreso-venezuela","status":"publish","type":"post","link":"https:\/\/brasender.com.br\/noticias\/brigadas-medicas-cubanas-regreso-venezuela\/","title":{"rendered":"Brigadas m\u00e9dicas cubanas podr\u00edan regresar a Cuba desde Venezuela"},"content":{"rendered":"\n<div style=\"height:2px\" aria-hidden=\"true\" class=\"wp-block-spacer\"><\/div>\n\n\n\n<p class=\"wp-block-paragraph\">La reciente captura del presidente Nicol\u00e1s Maduro por fuerzas estadounidenses, junto con la muerte de 32 militares cubanos durante esa operaci\u00f3n, ha desatado incertidumbre sobre la suerte de las <strong>brigadas m\u00e9dicas cubanas<\/strong> en Venezuela. Seg\u00fan medios independientes, estas circunstancias han provocado rumores de un <strong>posible regreso anticipado de las brigadas m\u00e9dicas cubanas<\/strong> a la Isla. La administraci\u00f3n de Donald Trump, adem\u00e1s, exigi\u00f3 a la presidencia interina de Venezuela cortar lazos pol\u00edticos y econ\u00f3micos con China, Rusia, Ir\u00e1n y Cuba como condici\u00f3n para reactivar su petr\u00f3leo con EE.UU.. Estos anuncios han incrementado la tensi\u00f3n en un escenario ya sensible.<\/p>\n\n\n\n<div style=\"height:2px\" aria-hidden=\"true\" class=\"wp-block-spacer\"><\/div>\n\n\n\n<p class=\"wp-block-paragraph\">La noticia toca directamente a la larga historia de cooperaci\u00f3n m\u00e9dica entre Cuba y Venezuela. Desde 2003, la <strong>Misi\u00f3n Barrio Adentro<\/strong> ha desplegado decenas de miles de profesionales cubanos de la salud en ese pa\u00eds. En la actualidad, se estima que <strong>entre 10,000 y 25,000 cubanos<\/strong> trabajan en Venezuela en cargos m\u00e9dicos, t\u00e9cnicos y educativos. Estos datos provienen de estudios independientes citados por la prensa: reflejan el gran tama\u00f1o de la misi\u00f3n cubana en Venezuela. Entre esos cooperantes hay actualmente versiones que se han vuelto virales entre el personal: por ejemplo, una doctora entrevistada por Cuba Noticias 360 afirm\u00f3 que \u201cya los m\u00e9dicos regresar\u00e1n\u201d y circula el rumor de que \u201cse acabaron las misiones\u201d.<\/p>\n\n\n\n<iframe src=\"https:\/\/www.facebook.com\/plugins\/post.php?href=https%3A%2F%2Fwww.facebook.com%2FMarioJPenton%2Fposts%2Fpfbid0a29shaieRge5J3udgi2stSoj2UYWhBspTPXtj1gdvdo1femdbiUJMREcjVYyoZEjl&#038;show_text=true&#038;width=500\" width=\"500\" height=\"634\" style=\"border:none;overflow:hidden\" scrolling=\"no\" frameborder=\"0\" allowfullscreen=\"true\" allow=\"autoplay; clipboard-write; encrypted-media; picture-in-picture; web-share\"><\/iframe>\n\n\n\n<div style=\"height:2px\" aria-hidden=\"true\" class=\"wp-block-spacer\"><\/div>\n\n\n\n<ul class=\"wp-block-list\">\n<li>Desde 2003, la misi\u00f3n Barrio Adentro envi\u00f3 decenas de miles de m\u00e9dicos y enfermeros cubanos a Venezuela, brindando atenci\u00f3n gratuita en zonas vulnerables.<\/li>\n\n\n\n<li class=\"has-medium-font-size\">Estudios independientes calculan que entre 10,000 y 25,000 cubanos permanecen hoy en Venezuela en roles relacionados con salud y educaci\u00f3n.<\/li>\n\n\n\n<li class=\"has-medium-font-size\">Diversos testimonios recogen que entre los cooperantes circula la noticia de un regreso anticipado y que \u201cya los m\u00e9dicos regresar\u00e1n\u201d.<\/li>\n<\/ul>\n\n\n\n<div style=\"height:4px\" aria-hidden=\"true\" class=\"wp-block-spacer\"><\/div>\n\n\n\n<div style=\"height:16px\" aria-hidden=\"true\" class=\"wp-block-spacer\"><\/div>\n\n\n\n<p class=\"has-medium-font-size wp-block-paragraph\">Medios independientes como 14ymedio han publicado relatos de m\u00e9dicos cubanos en Venezuela que describen un ambiente de <strong>confusi\u00f3n e incertidumbre<\/strong>. Estos testimonios coinciden con lo reportado por Cuba Noticias 360: los cooperantes est\u00e1n \u201cacuartelados\u201d y a la espera de instrucciones. Una joven doctora que ya concluy\u00f3 su contrato relat\u00f3: <em>\u201cEstamos acuartelados, no podemos movernos\u2026 No estamos trabajando, solo esperando que nos digan el d\u00eda y la hora para irnos. Todo es muy confuso, nadie sabe qu\u00e9 va a pasar\u201d<\/em>. Seg\u00fan esas fuentes an\u00f3nimas, se habr\u00eda dado la orden interna de \u201csacar a todo el personal lo antes posible\u201d de Venezuela, pero el ritmo de esa evacuaci\u00f3n est\u00e1 limitado por la disponibilidad de vuelos: \u201cCubana pr\u00e1cticamente no tiene aviones, y eso est\u00e1 retrasando todo\u201d. En otras palabras, aunque se habla de un retorno inminente, los cubanos en Venezuela permanecen a la espera y sin certezas claras.<\/p>\n\n\n\n<div style=\"height:2px\" aria-hidden=\"true\" class=\"wp-block-spacer\"><\/div>\n\n\n\n<p class=\"has-medium-font-size wp-block-paragraph\">Frente a estos rumores, las autoridades cubanas han tratado de brindar garant\u00edas. El Ministerio de Salud P\u00fablica de Cuba inform\u00f3 que el flujo de retorno de los cooperantes se est\u00e1 normalizando tras los atrasos log\u00edsticos de 2025, aprovechando la reanudaci\u00f3n de vuelos internacionales. Por su parte, el propio ministro Jos\u00e9 \u00c1ngel Portal asegur\u00f3 en redes sociales que los colaboradores cubanos en Venezuela est\u00e1n \u201cprotegidos\u201d tras la intervenci\u00f3n extranjera, enfatizando que se encuentran a salvo. Sin embargo, estas declaraciones oficiales coinciden con la confirmaci\u00f3n de que las brigadas m\u00e9dicas cubanas en Venezuela siguen en incertidumbre. Por ejemplo, se report\u00f3 que el gobierno venezolano impidi\u00f3 recientemente el aterrizaje de un vuelo de Cubana de Aviaci\u00f3n que regresaba a Cuba, sin aclarar la situaci\u00f3n de los m\u00e9dicos cubanos en el pa\u00eds. De ese modo, los familiares en Cuba y la comunidad internacional permanecen preocupados por el destino de estas misiones saitarias y a la espera de noticias m\u00e1s claras.<\/p>\n\n\n\n<figure class=\"wp-block-image size-large\"><a href=\"https:\/\/remesa.brasender.com.br\/servicios-moviles\/\"><img fetchpriority=\"high\" decoding=\"async\" width=\"1024\" height=\"537\" src=\"https:\/\/brasender.com.br\/noticias\/wp-content\/uploads\/2026\/01\/min-1024x537.png\" alt=\"\" class=\"wp-image-3726\" srcset=\"https:\/\/brasender.com.br\/noticias\/wp-content\/uploads\/2026\/01\/min-1024x537.png 1024w, https:\/\/brasender.com.br\/noticias\/wp-content\/uploads\/2026\/01\/min-300x157.png 300w, https:\/\/brasender.com.br\/noticias\/wp-content\/uploads\/2026\/01\/min-768x402.png 768w, https:\/\/brasender.com.br\/noticias\/wp-content\/uploads\/2026\/01\/min.png 1080w\" sizes=\"(max-width: 1024px) 100vw, 1024px\" \/><\/a><\/figure>\n\n\n\n<div style=\"height:2px\" aria-hidden=\"true\" class=\"wp-block-spacer\"><\/div>\n\n\n\n<p class=\"has-medium-font-size wp-block-paragraph\">Esta noticia capta especialmente la atenci\u00f3n de <strong>cubanos residentes en Brasil<\/strong> y, en general, de la di\u00e1spora cubana. Cuba y Brasil han tenido una amplia cooperaci\u00f3n en salud; por ejemplo, el programa \u201cM\u00e1s M\u00e9dicos\u201d (2013-2018) llev\u00f3 a miles de m\u00e9dicos cubanos a Brasil bajo acuerdos gubernamentales. Aunque ese programa concluy\u00f3 en 2018, su memoria refuerza en los cubanos en Brasil el inter\u00e9s por las pol\u00edticas de misi\u00f3n internacional de Cuba. De manera similar, los cubanos en Estados Unidos y en la Isla observan los eventos en Venezuela ligados a las misiones m\u00e9dicas como indicadores de cambios en la pol\u00edtica exterior de Cuba. En todos los casos, el posible retiro anticipado de los m\u00e9dicos cubanos de Venezuela es visto como un hecho significativo: involucra tanto la seguridad de los profesionales de salud como los efectos econ\u00f3micos y sociales de una eventual interrupci\u00f3n de la cooperaci\u00f3n.<\/p>\n\n\n\n<div style=\"height:2px\" aria-hidden=\"true\" class=\"wp-block-spacer\"><\/div>\n\n\n\n<p class=\"has-medium-font-size wp-block-paragraph\">En resumen, el <strong>posible regreso anticipado de las brigadas m\u00e9dicas cubanas<\/strong> de Venezuela es un tema rodeado a\u00fan de versiones por confirmar. Los reportes de fuentes no oficiales se\u00f1alan preparativos de retorno y un clima de confusi\u00f3n entre los cooperantes, mientras que las autoridades cubanas insisten en que se est\u00e1 normalizando el regreso de los profesionales. Cubanos en Brasil, Cuba y Estados Unidos seguir\u00e1n atentos a la evoluci\u00f3n de esta noticia, dada la relevancia hist\u00f3rica de las misiones m\u00e9dicas cubanas en la regi\u00f3n.<\/p>\n\n\n\n<p class=\"wp-block-paragraph\"><\/p>\n","protected":false},"excerpt":{"rendered":"<p>La reciente captura del presidente Nicol\u00e1s Maduro por fuerzas estadounidenses, junto con la muerte de 32 militares cubanos durante esa operaci\u00f3n, ha desatado incertidumbre sobre la suerte de las brigadas m\u00e9dicas cubanas en Venezuela. Seg\u00fan medios independientes, estas circunstancias han provocado rumores de un posible regreso anticipado de las brigadas m\u00e9dicas cubanas a la Isla. [&hellip;]<\/p>\n","protected":false},"author":4,"featured_media":3717,"comment_status":"open","ping_status":"open","sticky":false,"template":"","format":"standard","meta":{"_crdt_document":"","footnotes":""},"categories":[69],"tags":[111,110,112],"class_list":["post-3713","post","type-post","status-publish","format-standard","has-post-thumbnail","hentry","category-noticias","tag-cubanos","tag-medicos-2","tag-venezuela"],"yoast_head":"<!-- This site is optimized with the Yoast SEO plugin v27.4 - https:\/\/yoast.com\/product\/yoast-seo-wordpress\/ -->\n<title>Brigadas m\u00e9dicas cubanas en Venezuela podr\u00edan regresar a Cuba.<\/title>\n<meta name=\"description\" content=\"La captura de Nicol\u00e1s Maduro en Venezuela y la presi\u00f3n de EE.UU. han generado rumores sobre un posible regreso de las brigadas m\u00e9dicas.\" \/>\n<meta name=\"robots\" content=\"index, follow, max-snippet:-1, max-image-preview:large, max-video-preview:-1\" \/>\n<link rel=\"canonical\" href=\"https:\/\/brasender.com.br\/noticias\/brigadas-medicas-cubanas-regreso-venezuela\/\" \/>\n<meta property=\"og:locale\" content=\"pt_BR\" \/>\n<meta property=\"og:type\" content=\"article\" \/>\n<meta property=\"og:title\" content=\"Brigadas m\u00e9dicas cubanas en Venezuela podr\u00edan regresar a Cuba.\" \/>\n<meta property=\"og:description\" content=\"La captura de Nicol\u00e1s Maduro en Venezuela y la presi\u00f3n de EE.UU. han generado rumores sobre un posible regreso de las brigadas m\u00e9dicas.\" \/>\n<meta property=\"og:url\" content=\"https:\/\/brasender.com.br\/noticias\/brigadas-medicas-cubanas-regreso-venezuela\/\" \/>\n<meta property=\"og:site_name\" content=\"Brasender Noticias\" \/>\n<meta property=\"article:publisher\" content=\"https:\/\/www.facebook.com\/profile.php?id=61562137653202\" \/>\n<meta property=\"article:published_time\" content=\"2026-01-15T01:31:32+00:00\" \/>\n<meta property=\"article:modified_time\" content=\"2026-01-15T22:22:48+00:00\" \/>\n<meta property=\"og:image\" content=\"https:\/\/brasender.com.br\/noticias\/wp-content\/uploads\/2026\/01\/A_20200412ALR_13_1-1068x712-1.jpg\" \/>\n\t<meta property=\"og:image:width\" content=\"1068\" \/>\n\t<meta property=\"og:image:height\" content=\"712\" \/>\n\t<meta property=\"og:image:type\" content=\"image\/jpeg\" \/>\n<meta name=\"author\" content=\"Jessica Puig Hern\u00e1ndez\" \/>\n<meta name=\"twitter:card\" content=\"summary_large_image\" \/>\n<meta name=\"twitter:label1\" content=\"Escrito por\" \/>\n\t<meta name=\"twitter:data1\" content=\"Jessica Puig Hern\u00e1ndez\" \/>\n\t<meta name=\"twitter:label2\" content=\"Est. tempo de leitura\" \/>\n\t<meta name=\"twitter:data2\" content=\"5 minutos\" \/>\n<script type=\"application\/ld+json\" class=\"yoast-schema-graph\">{\"@context\":\"https:\\\/\\\/schema.org\",\"@graph\":[{\"@type\":\"Article\",\"@id\":\"https:\\\/\\\/brasender.com.br\\\/noticias\\\/brigadas-medicas-cubanas-regreso-venezuela\\\/#article\",\"isPartOf\":{\"@id\":\"https:\\\/\\\/brasender.com.br\\\/noticias\\\/brigadas-medicas-cubanas-regreso-venezuela\\\/\"},\"author\":{\"name\":\"Jessica Puig Hern\u00e1ndez\",\"@id\":\"https:\\\/\\\/brasender.com.br\\\/noticias\\\/#\\\/schema\\\/person\\\/dc36d7097eff7621e50aacab7e3931a8\"},\"headline\":\"Brigadas m\u00e9dicas cubanas podr\u00edan regresar a Cuba desde Venezuela\",\"datePublished\":\"2026-01-15T01:31:32+00:00\",\"dateModified\":\"2026-01-15T22:22:48+00:00\",\"mainEntityOfPage\":{\"@id\":\"https:\\\/\\\/brasender.com.br\\\/noticias\\\/brigadas-medicas-cubanas-regreso-venezuela\\\/\"},\"wordCount\":879,\"commentCount\":0,\"publisher\":{\"@id\":\"https:\\\/\\\/brasender.com.br\\\/noticias\\\/#organization\"},\"image\":{\"@id\":\"https:\\\/\\\/brasender.com.br\\\/noticias\\\/brigadas-medicas-cubanas-regreso-venezuela\\\/#primaryimage\"},\"thumbnailUrl\":\"https:\\\/\\\/brasender.com.br\\\/noticias\\\/wp-content\\\/uploads\\\/2026\\\/01\\\/A_20200412ALR_13_1-1068x712-1.jpg\",\"keywords\":[\"cubanos\",\"medicos\",\"venezuela\"],\"articleSection\":[\"Noticias\"],\"inLanguage\":\"pt-BR\",\"potentialAction\":[{\"@type\":\"CommentAction\",\"name\":\"Comment\",\"target\":[\"https:\\\/\\\/brasender.com.br\\\/noticias\\\/brigadas-medicas-cubanas-regreso-venezuela\\\/#respond\"]}]},{\"@type\":\"WebPage\",\"@id\":\"https:\\\/\\\/brasender.com.br\\\/noticias\\\/brigadas-medicas-cubanas-regreso-venezuela\\\/\",\"url\":\"https:\\\/\\\/brasender.com.br\\\/noticias\\\/brigadas-medicas-cubanas-regreso-venezuela\\\/\",\"name\":\"Brigadas m\u00e9dicas cubanas en Venezuela podr\u00edan regresar a Cuba.\",\"isPartOf\":{\"@id\":\"https:\\\/\\\/brasender.com.br\\\/noticias\\\/#website\"},\"primaryImageOfPage\":{\"@id\":\"https:\\\/\\\/brasender.com.br\\\/noticias\\\/brigadas-medicas-cubanas-regreso-venezuela\\\/#primaryimage\"},\"image\":{\"@id\":\"https:\\\/\\\/brasender.com.br\\\/noticias\\\/brigadas-medicas-cubanas-regreso-venezuela\\\/#primaryimage\"},\"thumbnailUrl\":\"https:\\\/\\\/brasender.com.br\\\/noticias\\\/wp-content\\\/uploads\\\/2026\\\/01\\\/A_20200412ALR_13_1-1068x712-1.jpg\",\"datePublished\":\"2026-01-15T01:31:32+00:00\",\"dateModified\":\"2026-01-15T22:22:48+00:00\",\"description\":\"La captura de Nicol\u00e1s Maduro en Venezuela y la presi\u00f3n de EE.UU. han generado rumores sobre un posible regreso de las brigadas m\u00e9dicas.\",\"breadcrumb\":{\"@id\":\"https:\\\/\\\/brasender.com.br\\\/noticias\\\/brigadas-medicas-cubanas-regreso-venezuela\\\/#breadcrumb\"},\"inLanguage\":\"pt-BR\",\"potentialAction\":[{\"@type\":\"ReadAction\",\"target\":[\"https:\\\/\\\/brasender.com.br\\\/noticias\\\/brigadas-medicas-cubanas-regreso-venezuela\\\/\"]}]},{\"@type\":\"ImageObject\",\"inLanguage\":\"pt-BR\",\"@id\":\"https:\\\/\\\/brasender.com.br\\\/noticias\\\/brigadas-medicas-cubanas-regreso-venezuela\\\/#primaryimage\",\"url\":\"https:\\\/\\\/brasender.com.br\\\/noticias\\\/wp-content\\\/uploads\\\/2026\\\/01\\\/A_20200412ALR_13_1-1068x712-1.jpg\",\"contentUrl\":\"https:\\\/\\\/brasender.com.br\\\/noticias\\\/wp-content\\\/uploads\\\/2026\\\/01\\\/A_20200412ALR_13_1-1068x712-1.jpg\",\"width\":1068,\"height\":712},{\"@type\":\"BreadcrumbList\",\"@id\":\"https:\\\/\\\/brasender.com.br\\\/noticias\\\/brigadas-medicas-cubanas-regreso-venezuela\\\/#breadcrumb\",\"itemListElement\":[{\"@type\":\"ListItem\",\"position\":1,\"name\":\"In\u00edcio\",\"item\":\"https:\\\/\\\/brasender.com.br\\\/noticias\\\/\"},{\"@type\":\"ListItem\",\"position\":2,\"name\":\"Brigadas m\u00e9dicas cubanas podr\u00edan regresar a Cuba desde Venezuela\"}]},{\"@type\":\"WebSite\",\"@id\":\"https:\\\/\\\/brasender.com.br\\\/noticias\\\/#website\",\"url\":\"https:\\\/\\\/brasender.com.br\\\/noticias\\\/\",\"name\":\"Brasender Noticias\",\"description\":\"Portal de Noticias Brasender\",\"publisher\":{\"@id\":\"https:\\\/\\\/brasender.com.br\\\/noticias\\\/#organization\"},\"potentialAction\":[{\"@type\":\"SearchAction\",\"target\":{\"@type\":\"EntryPoint\",\"urlTemplate\":\"https:\\\/\\\/brasender.com.br\\\/noticias\\\/?s={search_term_string}\"},\"query-input\":{\"@type\":\"PropertyValueSpecification\",\"valueRequired\":true,\"valueName\":\"search_term_string\"}}],\"inLanguage\":\"pt-BR\"},{\"@type\":\"Organization\",\"@id\":\"https:\\\/\\\/brasender.com.br\\\/noticias\\\/#organization\",\"name\":\"Brasender Noticias\",\"url\":\"https:\\\/\\\/brasender.com.br\\\/noticias\\\/\",\"logo\":{\"@type\":\"ImageObject\",\"inLanguage\":\"pt-BR\",\"@id\":\"https:\\\/\\\/brasender.com.br\\\/noticias\\\/#\\\/schema\\\/logo\\\/image\\\/\",\"url\":\"https:\\\/\\\/brasender.com.br\\\/noticias\\\/wp-content\\\/uploads\\\/2022\\\/03\\\/Brasender-Noticias.png\",\"contentUrl\":\"https:\\\/\\\/brasender.com.br\\\/noticias\\\/wp-content\\\/uploads\\\/2022\\\/03\\\/Brasender-Noticias.png\",\"width\":2048,\"height\":500,\"caption\":\"Brasender Noticias\"},\"image\":{\"@id\":\"https:\\\/\\\/brasender.com.br\\\/noticias\\\/#\\\/schema\\\/logo\\\/image\\\/\"},\"sameAs\":[\"https:\\\/\\\/www.facebook.com\\\/profile.php?id=61562137653202\",\"https:\\\/\\\/www.instagram.com\\\/brasender\\\/\"]},{\"@type\":\"Person\",\"@id\":\"https:\\\/\\\/brasender.com.br\\\/noticias\\\/#\\\/schema\\\/person\\\/dc36d7097eff7621e50aacab7e3931a8\",\"name\":\"Jessica Puig Hern\u00e1ndez\",\"image\":{\"@type\":\"ImageObject\",\"inLanguage\":\"pt-BR\",\"@id\":\"https:\\\/\\\/secure.gravatar.com\\\/avatar\\\/8e405255b6ec071038c9c5bbf6c9b2a95a011c4b1f8fe00bf515f9f1426314e8?s=96&d=mm&r=g\",\"url\":\"https:\\\/\\\/secure.gravatar.com\\\/avatar\\\/8e405255b6ec071038c9c5bbf6c9b2a95a011c4b1f8fe00bf515f9f1426314e8?s=96&d=mm&r=g\",\"contentUrl\":\"https:\\\/\\\/secure.gravatar.com\\\/avatar\\\/8e405255b6ec071038c9c5bbf6c9b2a95a011c4b1f8fe00bf515f9f1426314e8?s=96&d=mm&r=g\",\"caption\":\"Jessica Puig Hern\u00e1ndez\"},\"url\":\"https:\\\/\\\/brasender.com.br\\\/noticias\\\/author\\\/jessica-puig\\\/\"}]}<\/script>\n<!-- \/ Yoast SEO plugin. -->","yoast_head_json":{"title":"Brigadas m\u00e9dicas cubanas en Venezuela podr\u00edan regresar a Cuba.","description":"La captura de Nicol\u00e1s Maduro en Venezuela y la presi\u00f3n de EE.UU. han generado rumores sobre un posible regreso de las brigadas m\u00e9dicas.","robots":{"index":"index","follow":"follow","max-snippet":"max-snippet:-1","max-image-preview":"max-image-preview:large","max-video-preview":"max-video-preview:-1"},"canonical":"https:\/\/brasender.com.br\/noticias\/brigadas-medicas-cubanas-regreso-venezuela\/","og_locale":"pt_BR","og_type":"article","og_title":"Brigadas m\u00e9dicas cubanas en Venezuela podr\u00edan regresar a Cuba.","og_description":"La captura de Nicol\u00e1s Maduro en Venezuela y la presi\u00f3n de EE.UU. han generado rumores sobre un posible regreso de las brigadas m\u00e9dicas.","og_url":"https:\/\/brasender.com.br\/noticias\/brigadas-medicas-cubanas-regreso-venezuela\/","og_site_name":"Brasender Noticias","article_publisher":"https:\/\/www.facebook.com\/profile.php?id=61562137653202","article_published_time":"2026-01-15T01:31:32+00:00","article_modified_time":"2026-01-15T22:22:48+00:00","og_image":[{"width":1068,"height":712,"url":"https:\/\/brasender.com.br\/noticias\/wp-content\/uploads\/2026\/01\/A_20200412ALR_13_1-1068x712-1.jpg","type":"image\/jpeg"}],"author":"Jessica Puig Hern\u00e1ndez","twitter_card":"summary_large_image","twitter_misc":{"Escrito por":"Jessica Puig Hern\u00e1ndez","Est. tempo de leitura":"5 minutos"},"schema":{"@context":"https:\/\/schema.org","@graph":[{"@type":"Article","@id":"https:\/\/brasender.com.br\/noticias\/brigadas-medicas-cubanas-regreso-venezuela\/#article","isPartOf":{"@id":"https:\/\/brasender.com.br\/noticias\/brigadas-medicas-cubanas-regreso-venezuela\/"},"author":{"name":"Jessica Puig Hern\u00e1ndez","@id":"https:\/\/brasender.com.br\/noticias\/#\/schema\/person\/dc36d7097eff7621e50aacab7e3931a8"},"headline":"Brigadas m\u00e9dicas cubanas podr\u00edan regresar a Cuba desde Venezuela","datePublished":"2026-01-15T01:31:32+00:00","dateModified":"2026-01-15T22:22:48+00:00","mainEntityOfPage":{"@id":"https:\/\/brasender.com.br\/noticias\/brigadas-medicas-cubanas-regreso-venezuela\/"},"wordCount":879,"commentCount":0,"publisher":{"@id":"https:\/\/brasender.com.br\/noticias\/#organization"},"image":{"@id":"https:\/\/brasender.com.br\/noticias\/brigadas-medicas-cubanas-regreso-venezuela\/#primaryimage"},"thumbnailUrl":"https:\/\/brasender.com.br\/noticias\/wp-content\/uploads\/2026\/01\/A_20200412ALR_13_1-1068x712-1.jpg","keywords":["cubanos","medicos","venezuela"],"articleSection":["Noticias"],"inLanguage":"pt-BR","potentialAction":[{"@type":"CommentAction","name":"Comment","target":["https:\/\/brasender.com.br\/noticias\/brigadas-medicas-cubanas-regreso-venezuela\/#respond"]}]},{"@type":"WebPage","@id":"https:\/\/brasender.com.br\/noticias\/brigadas-medicas-cubanas-regreso-venezuela\/","url":"https:\/\/brasender.com.br\/noticias\/brigadas-medicas-cubanas-regreso-venezuela\/","name":"Brigadas m\u00e9dicas cubanas en Venezuela podr\u00edan regresar a Cuba.","isPartOf":{"@id":"https:\/\/brasender.com.br\/noticias\/#website"},"primaryImageOfPage":{"@id":"https:\/\/brasender.com.br\/noticias\/brigadas-medicas-cubanas-regreso-venezuela\/#primaryimage"},"image":{"@id":"https:\/\/brasender.com.br\/noticias\/brigadas-medicas-cubanas-regreso-venezuela\/#primaryimage"},"thumbnailUrl":"https:\/\/brasender.com.br\/noticias\/wp-content\/uploads\/2026\/01\/A_20200412ALR_13_1-1068x712-1.jpg","datePublished":"2026-01-15T01:31:32+00:00","dateModified":"2026-01-15T22:22:48+00:00","description":"La captura de Nicol\u00e1s Maduro en Venezuela y la presi\u00f3n de EE.UU. han generado rumores sobre un posible regreso de las brigadas m\u00e9dicas.","breadcrumb":{"@id":"https:\/\/brasender.com.br\/noticias\/brigadas-medicas-cubanas-regreso-venezuela\/#breadcrumb"},"inLanguage":"pt-BR","potentialAction":[{"@type":"ReadAction","target":["https:\/\/brasender.com.br\/noticias\/brigadas-medicas-cubanas-regreso-venezuela\/"]}]},{"@type":"ImageObject","inLanguage":"pt-BR","@id":"https:\/\/brasender.com.br\/noticias\/brigadas-medicas-cubanas-regreso-venezuela\/#primaryimage","url":"https:\/\/brasender.com.br\/noticias\/wp-content\/uploads\/2026\/01\/A_20200412ALR_13_1-1068x712-1.jpg","contentUrl":"https:\/\/brasender.com.br\/noticias\/wp-content\/uploads\/2026\/01\/A_20200412ALR_13_1-1068x712-1.jpg","width":1068,"height":712},{"@type":"BreadcrumbList","@id":"https:\/\/brasender.com.br\/noticias\/brigadas-medicas-cubanas-regreso-venezuela\/#breadcrumb","itemListElement":[{"@type":"ListItem","position":1,"name":"In\u00edcio","item":"https:\/\/brasender.com.br\/noticias\/"},{"@type":"ListItem","position":2,"name":"Brigadas m\u00e9dicas cubanas podr\u00edan regresar a Cuba desde Venezuela"}]},{"@type":"WebSite","@id":"https:\/\/brasender.com.br\/noticias\/#website","url":"https:\/\/brasender.com.br\/noticias\/","name":"Brasender Noticias","description":"Portal de Noticias Brasender","publisher":{"@id":"https:\/\/brasender.com.br\/noticias\/#organization"},"potentialAction":[{"@type":"SearchAction","target":{"@type":"EntryPoint","urlTemplate":"https:\/\/brasender.com.br\/noticias\/?s={search_term_string}"},"query-input":{"@type":"PropertyValueSpecification","valueRequired":true,"valueName":"search_term_string"}}],"inLanguage":"pt-BR"},{"@type":"Organization","@id":"https:\/\/brasender.com.br\/noticias\/#organization","name":"Brasender Noticias","url":"https:\/\/brasender.com.br\/noticias\/","logo":{"@type":"ImageObject","inLanguage":"pt-BR","@id":"https:\/\/brasender.com.br\/noticias\/#\/schema\/logo\/image\/","url":"https:\/\/brasender.com.br\/noticias\/wp-content\/uploads\/2022\/03\/Brasender-Noticias.png","contentUrl":"https:\/\/brasender.com.br\/noticias\/wp-content\/uploads\/2022\/03\/Brasender-Noticias.png","width":2048,"height":500,"caption":"Brasender Noticias"},"image":{"@id":"https:\/\/brasender.com.br\/noticias\/#\/schema\/logo\/image\/"},"sameAs":["https:\/\/www.facebook.com\/profile.php?id=61562137653202","https:\/\/www.instagram.com\/brasender\/"]},{"@type":"Person","@id":"https:\/\/brasender.com.br\/noticias\/#\/schema\/person\/dc36d7097eff7621e50aacab7e3931a8","name":"Jessica Puig Hern\u00e1ndez","image":{"@type":"ImageObject","inLanguage":"pt-BR","@id":"https:\/\/secure.gravatar.com\/avatar\/8e405255b6ec071038c9c5bbf6c9b2a95a011c4b1f8fe00bf515f9f1426314e8?s=96&d=mm&r=g","url":"https:\/\/secure.gravatar.com\/avatar\/8e405255b6ec071038c9c5bbf6c9b2a95a011c4b1f8fe00bf515f9f1426314e8?s=96&d=mm&r=g","contentUrl":"https:\/\/secure.gravatar.com\/avatar\/8e405255b6ec071038c9c5bbf6c9b2a95a011c4b1f8fe00bf515f9f1426314e8?s=96&d=mm&r=g","caption":"Jessica Puig Hern\u00e1ndez"},"url":"https:\/\/brasender.com.br\/noticias\/author\/jessica-puig\/"}]}},"_links":{"self":[{"href":"https:\/\/brasender.com.br\/noticias\/wp-json\/wp\/v2\/posts\/3713","targetHints":{"allow":["GET"]}}],"collection":[{"href":"https:\/\/brasender.com.br\/noticias\/wp-json\/wp\/v2\/posts"}],"about":[{"href":"https:\/\/brasender.com.br\/noticias\/wp-json\/wp\/v2\/types\/post"}],"author":[{"embeddable":true,"href":"https:\/\/brasender.com.br\/noticias\/wp-json\/wp\/v2\/users\/4"}],"replies":[{"embeddable":true,"href":"https:\/\/brasender.com.br\/noticias\/wp-json\/wp\/v2\/comments?post=3713"}],"version-history":[{"count":10,"href":"https:\/\/brasender.com.br\/noticias\/wp-json\/wp\/v2\/posts\/3713\/revisions"}],"predecessor-version":[{"id":3743,"href":"https:\/\/brasender.com.br\/noticias\/wp-json\/wp\/v2\/posts\/3713\/revisions\/3743"}],"wp:featuredmedia":[{"embeddable":true,"href":"https:\/\/brasender.com.br\/noticias\/wp-json\/wp\/v2\/media\/3717"}],"wp:attachment":[{"href":"https:\/\/brasender.com.br\/noticias\/wp-json\/wp\/v2\/media?parent=3713"}],"wp:term":[{"taxonomy":"category","embeddable":true,"href":"https:\/\/brasender.com.br\/noticias\/wp-json\/wp\/v2\/categories?post=3713"},{"taxonomy":"post_tag","embeddable":true,"href":"https:\/\/brasender.com.br\/noticias\/wp-json\/wp\/v2\/tags?post=3713"}],"curies":[{"name":"wp","href":"https:\/\/api.w.org\/{rel}","templated":true}]}}