{"id":3710,"date":"2026-01-14T18:44:48","date_gmt":"2026-01-14T21:44:48","guid":{"rendered":"https:\/\/brasender.com.br\/noticias\/?p=3710"},"modified":"2026-01-14T18:44:49","modified_gmt":"2026-01-14T21:44:49","slug":"miguelin-destino-reconciliacion-el-rancho","status":"publish","type":"post","link":"https:\/\/brasender.com.br\/noticias\/miguelin-destino-reconciliacion-el-rancho\/","title":{"rendered":"Miguel\u00edn y Destino se reconcilian en \u201cEl Rancho\u201d tras d\u00edas de pol\u00e9mica"},"content":{"rendered":"\n<div style=\"height:4px\" aria-hidden=\"true\" class=\"wp-block-spacer\"><\/div>\n\n\n\n<p class=\"has-medium-font-size wp-block-paragraph\">Miguel\u00edn y el influencer Destino Positivo pusieron fin a una semana de pol\u00e9mica y mensajes cruzados al encontrarse este lunes en <strong>El Rancho de Destino<\/strong>, el reality y proyecto audiovisual del creador dominicano. El reencuentro, registrado en videos que se viralizaron en redes, termin\u00f3 en un abrazo, un tono de humor y una disculpa p\u00fablica que sorprendi\u00f3 a sus seguidores.<\/p>\n\n\n\n<div style=\"height:2px\" aria-hidden=\"true\" class=\"wp-block-spacer\"><\/div>\n\n\n\n<p class=\"has-medium-font-size wp-block-paragraph\">La tensi\u00f3n entre ambos hab\u00eda escalado en los \u00faltimos d\u00edas a trav\u00e9s de indirectas y comentarios que mantuvieron a la comunidad digital pendiente de cada movimiento. Al verse en El Rancho, Destino rompi\u00f3 el hielo con una frase amable: \u201cT\u00fa est\u00e1s como m\u00e1s bonito, Miguel\u00edn\u201d, lo que desencaden\u00f3 risas y alivio en el ambiente. Miguel\u00edn respondi\u00f3 en tono de broma, recordando los cientos de mensajes y videos que hab\u00eda recibido en sus redes: \u201cTengo m\u00e1s de 300 mensajes en mi DM con videos tuyos mir\u00e1ndome a c\u00e1mara diciendo que soy un envidioso\u2026 y ahora me dices que me veo bonito\u201d. La reacci\u00f3n distendida dej\u00f3 claro el cambio de clima entre los creadores.<\/p>\n\n\n\n<div style=\"height:2px\" aria-hidden=\"true\" class=\"wp-block-spacer\"><\/div>\n\n\n\n<p class=\"has-medium-font-size wp-block-paragraph\">Destino aprovech\u00f3 el momento para ofrecer una disculpa p\u00fablica y explicar lo que, seg\u00fan \u00e9l, hab\u00eda generado el choque: el agotamiento y la presi\u00f3n del trabajo. \u201cHe perdido como 15 libras, llevo dos meses sin dormir\u2026 este proyecto es agotador\u201d, dijo, reconociendo que el estr\u00e9s influy\u00f3 en sus palabras y pidiendo comprensi\u00f3n. Miguel\u00edn, entre risas, le replic\u00f3 con la frase que se volvi\u00f3 titular en varios portales: \u201cY la cogiste conmigo\u201d. La escena finaliz\u00f3 con contenido grabado en conjunto y un ambiente mucho m\u00e1s distendido entre el elenco del reality.<\/p>\n\n\n\n<div style=\"height:2px\" aria-hidden=\"true\" class=\"wp-block-spacer\"><\/div>\n\n\n\n<p class=\"has-medium-font-size wp-block-paragraph\">El encuentro no fue solo un gesto privado: ambos creadores aprovecharon la reuni\u00f3n para generar material para sus plataformas. Compartieron momentos con concursantes del reality y grabaron contenido colaborativo, lo que indica que la controversia \u2014aunque intensa en redes\u2014 puede transformarse en oportunidad creativa y en nuevas piezas de entretenimiento para sus audiencias. Varios videos y publicaciones muestran el intercambio de bromas, la cercan\u00eda entre los equipos y la reconciliaci\u00f3n p\u00fablica que muchos seguidores celebraron.<\/p>\n\n\n\n<div style=\"height:2px\" aria-hidden=\"true\" class=\"wp-block-spacer\"><\/div>\n\n\n\n<p class=\"has-medium-font-size wp-block-paragraph\">La resoluci\u00f3n del conflicto entre Miguel\u00edn y Destino confirma una din\u00e1mica habitual en el ecosistema de creadores: las pol\u00e9micas generan visibilidad r\u00e1pida, pero tambi\u00e9n pueden cerrarse con gestos p\u00fablicos que reparan la relaci\u00f3n y permiten la continuidad de proyectos conjuntos. Para los seguidores del reality y de ambos influencers, el abrazo en El Rancho fue la se\u00f1al de que la pelea qued\u00f3 atr\u00e1s \u2014al menos por ahora\u2014 y que el contenido seguir\u00e1 siendo el centro de la conversaci\u00f3n.<\/p>\n","protected":false},"excerpt":{"rendered":"<p>Miguel\u00edn y el influencer Destino Positivo pusieron fin a una semana de pol\u00e9mica y mensajes cruzados al encontrarse este lunes en El Rancho de Destino, el reality y proyecto audiovisual del creador dominicano. El reencuentro, registrado en videos que se viralizaron en redes, termin\u00f3 en un abrazo, un tono de humor y una disculpa p\u00fablica [&hellip;]<\/p>\n","protected":false},"author":3,"featured_media":3711,"comment_status":"open","ping_status":"open","sticky":false,"template":"","format":"standard","meta":{"_crdt_document":"","footnotes":""},"categories":[68],"tags":[106,107,105,108],"class_list":["post-3710","post","type-post","status-publish","format-standard","has-post-thumbnail","hentry","category-farandula","tag-de-la-vida","tag-el-rancho-de-destino","tag-miguelin","tag-polemica"],"yoast_head":"<!-- This site is optimized with the Yoast SEO plugin v27.4 - https:\/\/yoast.com\/product\/yoast-seo-wordpress\/ -->\n<title>Miguel\u00edn y Destino se reconcilian en El Rancho tras una pol\u00e9mica<\/title>\n<meta name=\"description\" content=\"Tras una semana de indirectas y tensiones en redes, Miguelin y Destino se encontraron en El Rancho, se abrazaron y ofrecieron disculpas\" \/>\n<meta name=\"robots\" content=\"index, follow, max-snippet:-1, max-image-preview:large, max-video-preview:-1\" \/>\n<link rel=\"canonical\" href=\"https:\/\/brasender.com.br\/noticias\/miguelin-destino-reconciliacion-el-rancho\/\" \/>\n<meta property=\"og:locale\" content=\"pt_BR\" \/>\n<meta property=\"og:type\" content=\"article\" \/>\n<meta property=\"og:title\" content=\"Miguel\u00edn y Destino se reconcilian en El Rancho tras una pol\u00e9mica\" \/>\n<meta property=\"og:description\" content=\"Tras una semana de indirectas y tensiones en redes, Miguelin y Destino se encontraron en El Rancho, se abrazaron y ofrecieron disculpas\" \/>\n<meta property=\"og:url\" content=\"https:\/\/brasender.com.br\/noticias\/miguelin-destino-reconciliacion-el-rancho\/\" \/>\n<meta property=\"og:site_name\" content=\"Brasender Noticias\" \/>\n<meta property=\"article:publisher\" content=\"https:\/\/www.facebook.com\/profile.php?id=61562137653202\" \/>\n<meta property=\"article:published_time\" content=\"2026-01-14T21:44:48+00:00\" \/>\n<meta property=\"article:modified_time\" content=\"2026-01-14T21:44:49+00:00\" \/>\n<meta property=\"og:image\" content=\"https:\/\/brasender.com.br\/noticias\/wp-content\/uploads\/2026\/01\/Diseno-sin-titulo-1.png\" \/>\n\t<meta property=\"og:image:width\" content=\"1280\" \/>\n\t<meta property=\"og:image:height\" content=\"720\" \/>\n\t<meta property=\"og:image:type\" content=\"image\/png\" \/>\n<meta name=\"author\" content=\"Marketing\" \/>\n<meta name=\"twitter:card\" content=\"summary_large_image\" \/>\n<meta name=\"twitter:label1\" content=\"Escrito por\" \/>\n\t<meta name=\"twitter:data1\" content=\"Marketing\" \/>\n\t<meta name=\"twitter:label2\" content=\"Est. tempo de leitura\" \/>\n\t<meta name=\"twitter:data2\" content=\"3 minutos\" \/>\n<script type=\"application\/ld+json\" class=\"yoast-schema-graph\">{\"@context\":\"https:\\\/\\\/schema.org\",\"@graph\":[{\"@type\":\"Article\",\"@id\":\"https:\\\/\\\/brasender.com.br\\\/noticias\\\/miguelin-destino-reconciliacion-el-rancho\\\/#article\",\"isPartOf\":{\"@id\":\"https:\\\/\\\/brasender.com.br\\\/noticias\\\/miguelin-destino-reconciliacion-el-rancho\\\/\"},\"author\":{\"name\":\"Marketing\",\"@id\":\"https:\\\/\\\/brasender.com.br\\\/noticias\\\/#\\\/schema\\\/person\\\/f769905c2c651f9246c6401905eeec94\"},\"headline\":\"Miguel\u00edn y Destino se reconcilian en \u201cEl Rancho\u201d tras d\u00edas de pol\u00e9mica\",\"datePublished\":\"2026-01-14T21:44:48+00:00\",\"dateModified\":\"2026-01-14T21:44:49+00:00\",\"mainEntityOfPage\":{\"@id\":\"https:\\\/\\\/brasender.com.br\\\/noticias\\\/miguelin-destino-reconciliacion-el-rancho\\\/\"},\"wordCount\":467,\"commentCount\":0,\"publisher\":{\"@id\":\"https:\\\/\\\/brasender.com.br\\\/noticias\\\/#organization\"},\"image\":{\"@id\":\"https:\\\/\\\/brasender.com.br\\\/noticias\\\/miguelin-destino-reconciliacion-el-rancho\\\/#primaryimage\"},\"thumbnailUrl\":\"https:\\\/\\\/brasender.com.br\\\/noticias\\\/wp-content\\\/uploads\\\/2026\\\/01\\\/Diseno-sin-titulo-1.png\",\"keywords\":[\"De la Vida\",\"El Rancho de Destino\",\"Miguelin\",\"Pol\u00e9mica\"],\"articleSection\":[\"Far\u00e1ndula\"],\"inLanguage\":\"pt-BR\",\"potentialAction\":[{\"@type\":\"CommentAction\",\"name\":\"Comment\",\"target\":[\"https:\\\/\\\/brasender.com.br\\\/noticias\\\/miguelin-destino-reconciliacion-el-rancho\\\/#respond\"]}]},{\"@type\":\"WebPage\",\"@id\":\"https:\\\/\\\/brasender.com.br\\\/noticias\\\/miguelin-destino-reconciliacion-el-rancho\\\/\",\"url\":\"https:\\\/\\\/brasender.com.br\\\/noticias\\\/miguelin-destino-reconciliacion-el-rancho\\\/\",\"name\":\"Miguel\u00edn y Destino se reconcilian en El Rancho tras una pol\u00e9mica\",\"isPartOf\":{\"@id\":\"https:\\\/\\\/brasender.com.br\\\/noticias\\\/#website\"},\"primaryImageOfPage\":{\"@id\":\"https:\\\/\\\/brasender.com.br\\\/noticias\\\/miguelin-destino-reconciliacion-el-rancho\\\/#primaryimage\"},\"image\":{\"@id\":\"https:\\\/\\\/brasender.com.br\\\/noticias\\\/miguelin-destino-reconciliacion-el-rancho\\\/#primaryimage\"},\"thumbnailUrl\":\"https:\\\/\\\/brasender.com.br\\\/noticias\\\/wp-content\\\/uploads\\\/2026\\\/01\\\/Diseno-sin-titulo-1.png\",\"datePublished\":\"2026-01-14T21:44:48+00:00\",\"dateModified\":\"2026-01-14T21:44:49+00:00\",\"description\":\"Tras una semana de indirectas y tensiones en redes, Miguelin y Destino se encontraron en El Rancho, se abrazaron y ofrecieron disculpas\",\"breadcrumb\":{\"@id\":\"https:\\\/\\\/brasender.com.br\\\/noticias\\\/miguelin-destino-reconciliacion-el-rancho\\\/#breadcrumb\"},\"inLanguage\":\"pt-BR\",\"potentialAction\":[{\"@type\":\"ReadAction\",\"target\":[\"https:\\\/\\\/brasender.com.br\\\/noticias\\\/miguelin-destino-reconciliacion-el-rancho\\\/\"]}]},{\"@type\":\"ImageObject\",\"inLanguage\":\"pt-BR\",\"@id\":\"https:\\\/\\\/brasender.com.br\\\/noticias\\\/miguelin-destino-reconciliacion-el-rancho\\\/#primaryimage\",\"url\":\"https:\\\/\\\/brasender.com.br\\\/noticias\\\/wp-content\\\/uploads\\\/2026\\\/01\\\/Diseno-sin-titulo-1.png\",\"contentUrl\":\"https:\\\/\\\/brasender.com.br\\\/noticias\\\/wp-content\\\/uploads\\\/2026\\\/01\\\/Diseno-sin-titulo-1.png\",\"width\":1280,\"height\":720},{\"@type\":\"BreadcrumbList\",\"@id\":\"https:\\\/\\\/brasender.com.br\\\/noticias\\\/miguelin-destino-reconciliacion-el-rancho\\\/#breadcrumb\",\"itemListElement\":[{\"@type\":\"ListItem\",\"position\":1,\"name\":\"In\u00edcio\",\"item\":\"https:\\\/\\\/brasender.com.br\\\/noticias\\\/\"},{\"@type\":\"ListItem\",\"position\":2,\"name\":\"Miguel\u00edn y Destino se reconcilian en \u201cEl Rancho\u201d tras d\u00edas de pol\u00e9mica\"}]},{\"@type\":\"WebSite\",\"@id\":\"https:\\\/\\\/brasender.com.br\\\/noticias\\\/#website\",\"url\":\"https:\\\/\\\/brasender.com.br\\\/noticias\\\/\",\"name\":\"Brasender Noticias\",\"description\":\"Portal de Noticias Brasender\",\"publisher\":{\"@id\":\"https:\\\/\\\/brasender.com.br\\\/noticias\\\/#organization\"},\"potentialAction\":[{\"@type\":\"SearchAction\",\"target\":{\"@type\":\"EntryPoint\",\"urlTemplate\":\"https:\\\/\\\/brasender.com.br\\\/noticias\\\/?s={search_term_string}\"},\"query-input\":{\"@type\":\"PropertyValueSpecification\",\"valueRequired\":true,\"valueName\":\"search_term_string\"}}],\"inLanguage\":\"pt-BR\"},{\"@type\":\"Organization\",\"@id\":\"https:\\\/\\\/brasender.com.br\\\/noticias\\\/#organization\",\"name\":\"Brasender Noticias\",\"url\":\"https:\\\/\\\/brasender.com.br\\\/noticias\\\/\",\"logo\":{\"@type\":\"ImageObject\",\"inLanguage\":\"pt-BR\",\"@id\":\"https:\\\/\\\/brasender.com.br\\\/noticias\\\/#\\\/schema\\\/logo\\\/image\\\/\",\"url\":\"https:\\\/\\\/brasender.com.br\\\/noticias\\\/wp-content\\\/uploads\\\/2022\\\/03\\\/Brasender-Noticias.png\",\"contentUrl\":\"https:\\\/\\\/brasender.com.br\\\/noticias\\\/wp-content\\\/uploads\\\/2022\\\/03\\\/Brasender-Noticias.png\",\"width\":2048,\"height\":500,\"caption\":\"Brasender Noticias\"},\"image\":{\"@id\":\"https:\\\/\\\/brasender.com.br\\\/noticias\\\/#\\\/schema\\\/logo\\\/image\\\/\"},\"sameAs\":[\"https:\\\/\\\/www.facebook.com\\\/profile.php?id=61562137653202\",\"https:\\\/\\\/www.instagram.com\\\/brasender\\\/\"]},{\"@type\":\"Person\",\"@id\":\"https:\\\/\\\/brasender.com.br\\\/noticias\\\/#\\\/schema\\\/person\\\/f769905c2c651f9246c6401905eeec94\",\"name\":\"Marketing\",\"image\":{\"@type\":\"ImageObject\",\"inLanguage\":\"pt-BR\",\"@id\":\"https:\\\/\\\/secure.gravatar.com\\\/avatar\\\/1cdda1381de1227de947687528b9b02b620abe9971ec7bd882129f50b959dd16?s=96&d=mm&r=g\",\"url\":\"https:\\\/\\\/secure.gravatar.com\\\/avatar\\\/1cdda1381de1227de947687528b9b02b620abe9971ec7bd882129f50b959dd16?s=96&d=mm&r=g\",\"contentUrl\":\"https:\\\/\\\/secure.gravatar.com\\\/avatar\\\/1cdda1381de1227de947687528b9b02b620abe9971ec7bd882129f50b959dd16?s=96&d=mm&r=g\",\"caption\":\"Marketing\"},\"url\":\"https:\\\/\\\/brasender.com.br\\\/noticias\\\/author\\\/marketing\\\/\"}]}<\/script>\n<!-- \/ Yoast SEO plugin. -->","yoast_head_json":{"title":"Miguel\u00edn y Destino se reconcilian en El Rancho tras una pol\u00e9mica","description":"Tras una semana de indirectas y tensiones en redes, Miguelin y Destino se encontraron en El Rancho, se abrazaron y ofrecieron disculpas","robots":{"index":"index","follow":"follow","max-snippet":"max-snippet:-1","max-image-preview":"max-image-preview:large","max-video-preview":"max-video-preview:-1"},"canonical":"https:\/\/brasender.com.br\/noticias\/miguelin-destino-reconciliacion-el-rancho\/","og_locale":"pt_BR","og_type":"article","og_title":"Miguel\u00edn y Destino se reconcilian en El Rancho tras una pol\u00e9mica","og_description":"Tras una semana de indirectas y tensiones en redes, Miguelin y Destino se encontraron en El Rancho, se abrazaron y ofrecieron disculpas","og_url":"https:\/\/brasender.com.br\/noticias\/miguelin-destino-reconciliacion-el-rancho\/","og_site_name":"Brasender Noticias","article_publisher":"https:\/\/www.facebook.com\/profile.php?id=61562137653202","article_published_time":"2026-01-14T21:44:48+00:00","article_modified_time":"2026-01-14T21:44:49+00:00","og_image":[{"width":1280,"height":720,"url":"https:\/\/brasender.com.br\/noticias\/wp-content\/uploads\/2026\/01\/Diseno-sin-titulo-1.png","type":"image\/png"}],"author":"Marketing","twitter_card":"summary_large_image","twitter_misc":{"Escrito por":"Marketing","Est. tempo de leitura":"3 minutos"},"schema":{"@context":"https:\/\/schema.org","@graph":[{"@type":"Article","@id":"https:\/\/brasender.com.br\/noticias\/miguelin-destino-reconciliacion-el-rancho\/#article","isPartOf":{"@id":"https:\/\/brasender.com.br\/noticias\/miguelin-destino-reconciliacion-el-rancho\/"},"author":{"name":"Marketing","@id":"https:\/\/brasender.com.br\/noticias\/#\/schema\/person\/f769905c2c651f9246c6401905eeec94"},"headline":"Miguel\u00edn y Destino se reconcilian en \u201cEl Rancho\u201d tras d\u00edas de pol\u00e9mica","datePublished":"2026-01-14T21:44:48+00:00","dateModified":"2026-01-14T21:44:49+00:00","mainEntityOfPage":{"@id":"https:\/\/brasender.com.br\/noticias\/miguelin-destino-reconciliacion-el-rancho\/"},"wordCount":467,"commentCount":0,"publisher":{"@id":"https:\/\/brasender.com.br\/noticias\/#organization"},"image":{"@id":"https:\/\/brasender.com.br\/noticias\/miguelin-destino-reconciliacion-el-rancho\/#primaryimage"},"thumbnailUrl":"https:\/\/brasender.com.br\/noticias\/wp-content\/uploads\/2026\/01\/Diseno-sin-titulo-1.png","keywords":["De la Vida","El Rancho de Destino","Miguelin","Pol\u00e9mica"],"articleSection":["Far\u00e1ndula"],"inLanguage":"pt-BR","potentialAction":[{"@type":"CommentAction","name":"Comment","target":["https:\/\/brasender.com.br\/noticias\/miguelin-destino-reconciliacion-el-rancho\/#respond"]}]},{"@type":"WebPage","@id":"https:\/\/brasender.com.br\/noticias\/miguelin-destino-reconciliacion-el-rancho\/","url":"https:\/\/brasender.com.br\/noticias\/miguelin-destino-reconciliacion-el-rancho\/","name":"Miguel\u00edn y Destino se reconcilian en El Rancho tras una pol\u00e9mica","isPartOf":{"@id":"https:\/\/brasender.com.br\/noticias\/#website"},"primaryImageOfPage":{"@id":"https:\/\/brasender.com.br\/noticias\/miguelin-destino-reconciliacion-el-rancho\/#primaryimage"},"image":{"@id":"https:\/\/brasender.com.br\/noticias\/miguelin-destino-reconciliacion-el-rancho\/#primaryimage"},"thumbnailUrl":"https:\/\/brasender.com.br\/noticias\/wp-content\/uploads\/2026\/01\/Diseno-sin-titulo-1.png","datePublished":"2026-01-14T21:44:48+00:00","dateModified":"2026-01-14T21:44:49+00:00","description":"Tras una semana de indirectas y tensiones en redes, Miguelin y Destino se encontraron en El Rancho, se abrazaron y ofrecieron disculpas","breadcrumb":{"@id":"https:\/\/brasender.com.br\/noticias\/miguelin-destino-reconciliacion-el-rancho\/#breadcrumb"},"inLanguage":"pt-BR","potentialAction":[{"@type":"ReadAction","target":["https:\/\/brasender.com.br\/noticias\/miguelin-destino-reconciliacion-el-rancho\/"]}]},{"@type":"ImageObject","inLanguage":"pt-BR","@id":"https:\/\/brasender.com.br\/noticias\/miguelin-destino-reconciliacion-el-rancho\/#primaryimage","url":"https:\/\/brasender.com.br\/noticias\/wp-content\/uploads\/2026\/01\/Diseno-sin-titulo-1.png","contentUrl":"https:\/\/brasender.com.br\/noticias\/wp-content\/uploads\/2026\/01\/Diseno-sin-titulo-1.png","width":1280,"height":720},{"@type":"BreadcrumbList","@id":"https:\/\/brasender.com.br\/noticias\/miguelin-destino-reconciliacion-el-rancho\/#breadcrumb","itemListElement":[{"@type":"ListItem","position":1,"name":"In\u00edcio","item":"https:\/\/brasender.com.br\/noticias\/"},{"@type":"ListItem","position":2,"name":"Miguel\u00edn y Destino se reconcilian en \u201cEl Rancho\u201d tras d\u00edas de pol\u00e9mica"}]},{"@type":"WebSite","@id":"https:\/\/brasender.com.br\/noticias\/#website","url":"https:\/\/brasender.com.br\/noticias\/","name":"Brasender Noticias","description":"Portal de Noticias Brasender","publisher":{"@id":"https:\/\/brasender.com.br\/noticias\/#organization"},"potentialAction":[{"@type":"SearchAction","target":{"@type":"EntryPoint","urlTemplate":"https:\/\/brasender.com.br\/noticias\/?s={search_term_string}"},"query-input":{"@type":"PropertyValueSpecification","valueRequired":true,"valueName":"search_term_string"}}],"inLanguage":"pt-BR"},{"@type":"Organization","@id":"https:\/\/brasender.com.br\/noticias\/#organization","name":"Brasender Noticias","url":"https:\/\/brasender.com.br\/noticias\/","logo":{"@type":"ImageObject","inLanguage":"pt-BR","@id":"https:\/\/brasender.com.br\/noticias\/#\/schema\/logo\/image\/","url":"https:\/\/brasender.com.br\/noticias\/wp-content\/uploads\/2022\/03\/Brasender-Noticias.png","contentUrl":"https:\/\/brasender.com.br\/noticias\/wp-content\/uploads\/2022\/03\/Brasender-Noticias.png","width":2048,"height":500,"caption":"Brasender Noticias"},"image":{"@id":"https:\/\/brasender.com.br\/noticias\/#\/schema\/logo\/image\/"},"sameAs":["https:\/\/www.facebook.com\/profile.php?id=61562137653202","https:\/\/www.instagram.com\/brasender\/"]},{"@type":"Person","@id":"https:\/\/brasender.com.br\/noticias\/#\/schema\/person\/f769905c2c651f9246c6401905eeec94","name":"Marketing","image":{"@type":"ImageObject","inLanguage":"pt-BR","@id":"https:\/\/secure.gravatar.com\/avatar\/1cdda1381de1227de947687528b9b02b620abe9971ec7bd882129f50b959dd16?s=96&d=mm&r=g","url":"https:\/\/secure.gravatar.com\/avatar\/1cdda1381de1227de947687528b9b02b620abe9971ec7bd882129f50b959dd16?s=96&d=mm&r=g","contentUrl":"https:\/\/secure.gravatar.com\/avatar\/1cdda1381de1227de947687528b9b02b620abe9971ec7bd882129f50b959dd16?s=96&d=mm&r=g","caption":"Marketing"},"url":"https:\/\/brasender.com.br\/noticias\/author\/marketing\/"}]}},"_links":{"self":[{"href":"https:\/\/brasender.com.br\/noticias\/wp-json\/wp\/v2\/posts\/3710","targetHints":{"allow":["GET"]}}],"collection":[{"href":"https:\/\/brasender.com.br\/noticias\/wp-json\/wp\/v2\/posts"}],"about":[{"href":"https:\/\/brasender.com.br\/noticias\/wp-json\/wp\/v2\/types\/post"}],"author":[{"embeddable":true,"href":"https:\/\/brasender.com.br\/noticias\/wp-json\/wp\/v2\/users\/3"}],"replies":[{"embeddable":true,"href":"https:\/\/brasender.com.br\/noticias\/wp-json\/wp\/v2\/comments?post=3710"}],"version-history":[{"count":1,"href":"https:\/\/brasender.com.br\/noticias\/wp-json\/wp\/v2\/posts\/3710\/revisions"}],"predecessor-version":[{"id":3712,"href":"https:\/\/brasender.com.br\/noticias\/wp-json\/wp\/v2\/posts\/3710\/revisions\/3712"}],"wp:featuredmedia":[{"embeddable":true,"href":"https:\/\/brasender.com.br\/noticias\/wp-json\/wp\/v2\/media\/3711"}],"wp:attachment":[{"href":"https:\/\/brasender.com.br\/noticias\/wp-json\/wp\/v2\/media?parent=3710"}],"wp:term":[{"taxonomy":"category","embeddable":true,"href":"https:\/\/brasender.com.br\/noticias\/wp-json\/wp\/v2\/categories?post=3710"},{"taxonomy":"post_tag","embeddable":true,"href":"https:\/\/brasender.com.br\/noticias\/wp-json\/wp\/v2\/tags?post=3710"}],"curies":[{"name":"wp","href":"https:\/\/api.w.org\/{rel}","templated":true}]}}