{"id":3679,"date":"2025-11-24T15:54:26","date_gmt":"2025-11-24T18:54:26","guid":{"rendered":"https:\/\/brasender.com.br\/noticias\/?p=3679"},"modified":"2025-11-24T15:54:26","modified_gmt":"2025-11-24T18:54:26","slug":"bpc-loas-extranjeros-brasil","status":"publish","type":"post","link":"https:\/\/brasender.com.br\/noticias\/bpc-loas-extranjeros-brasil\/","title":{"rendered":"BPC\/LOAS: Beneficio econ\u00f3mico para personas mayores y discapacitados en Brasil"},"content":{"rendered":"\n<div style=\"height:8px\" aria-hidden=\"true\" class=\"wp-block-spacer\"><\/div>\n\n\n\n<p class=\"has-medium-font-size wp-block-paragraph\">El <strong>BPC\/LOAS (Beneficio de Prestaci\u00f3n Continuada)<\/strong> es un apoyo econ\u00f3mico garantizado por la Constituci\u00f3n brasile\u00f1a. Otorga el equivalente a un salario m\u00ednimo mensual a personas mayores de 65 a\u00f1os o con discapacidad grave e incapacitante. No es una jubilaci\u00f3n ni requiere aportes previos al INSS: simplemente es un beneficio asistencial. El BPC no paga aguinaldo ni deja pensi\u00f3n por fallecimiento. Para ser elegible, la renta mensual familiar <em>per c\u00e1pita<\/em> debe ser muy baja (igual o menor a 1\/4 del salario m\u00ednimo), y en el caso de discapacidad se requiere una evaluaci\u00f3n m\u00e9dica y social por el INSS. Es obligatorio inscribirse en el <strong>Cadastro \u00danico<\/strong> antes de solicitar el beneficio.<\/p>\n\n\n\n<div style=\"height:8px\" aria-hidden=\"true\" class=\"wp-block-spacer\"><\/div>\n\n\n\n<h2 class=\"wp-block-heading\">\u00bfQui\u00e9nes tienen derecho al BPC\/LOAS?<\/h2>\n\n\n\n<div style=\"height:4px\" aria-hidden=\"true\" class=\"wp-block-spacer\"><\/div>\n\n\n\n<p class=\"has-medium-font-size wp-block-paragraph\">Originalmente, el BPC\/LOAS estaba reservado a ciudadanos brasile\u00f1os (natos o naturalizados) y a nacionales portugueses con residencia fija en Brasil. Deb\u00edan cumplir adem\u00e1s con los criterios de edad o discapacidad y bajos ingresos descritos. Sin embargo, tras el <strong>acuerdo de agosto de 2025<\/strong> entre el gobierno, el INSS y otros organismos, se ampli\u00f3 el acceso a este beneficio. Ahora los migrantes residentes en Brasil en situaci\u00f3n regular \u2013incluidos refugiados y solicitantes de asilo\u2013 pueden solicitar el BPC usando sus documentos migratorios v\u00e1lidos. En la pr\u00e1ctica, esto significa que <strong>los cubanos que residan legalmente en Brasil<\/strong> y re\u00fanan los requisitos de edad\/discapacidad e ingresos bajos tambi\u00e9n pueden acceder al beneficio.<\/p>\n\n\n\n<div style=\"height:2px\" aria-hidden=\"true\" class=\"wp-block-spacer\"><\/div>\n\n\n\n<p class=\"has-medium-font-size wp-block-paragraph\">El nuevo acuerdo oficializa que la <strong>Carteira de Registro Nacional Migrat\u00f3rio (CRNM)<\/strong> y el <strong>Documento Provis\u00f3rio de Registro Nacional Migrat\u00f3rio (DPRNM)<\/strong> son aceptados como comprobante de identidad al solicitar el BPC. De este modo, los inmigrantes regulares \u2013con su RNM o DPRNM en formato f\u00edsico o digital\u2013 pueden presentar estos documentos en el INSS para demostrar su identidad. El acuerdo tambi\u00e9n implica que este documento migratorio <em>no exime<\/em> el cumplimiento de los dem\u00e1s requisitos legales del BPC, como la residencia en Brasil y el l\u00edmite de ingresos. En resumen, si un cubano vive en Brasil con <strong>residencia legal y RNM<\/strong>, puede solicitar el BPC\/LOAS en igualdad de condiciones con un brasile\u00f1o.<\/p>\n\n\n\n<div style=\"height:4px\" aria-hidden=\"true\" class=\"wp-block-spacer\"><\/div>\n\n\n\n<h2 class=\"wp-block-heading\">Requisitos y documentos necesarios<\/h2>\n\n\n\n<div style=\"height:4px\" aria-hidden=\"true\" class=\"wp-block-spacer\"><\/div>\n\n\n\n<p class=\"has-medium-font-size wp-block-paragraph\">Para solicitar el BPC\/LOAS como extranjero en Brasil, se deben cumplir los siguientes puntos:<\/p>\n\n\n\n<div style=\"height:2px\" aria-hidden=\"true\" class=\"wp-block-spacer\"><\/div>\n\n\n\n<ul class=\"wp-block-list\">\n<li class=\"has-medium-font-size\"><strong>Edad o discapacidad<\/strong>: Tener 65 a\u00f1os o m\u00e1s, o ser una persona con discapacidad de larga duraci\u00f3n (al menos 2 a\u00f1os) que impida la plena participaci\u00f3n social. En caso de discapacidad, se debe aportar certificado m\u00e9dico.<\/li>\n<\/ul>\n\n\n\n<div style=\"height:2px\" aria-hidden=\"true\" class=\"wp-block-spacer\"><\/div>\n\n\n\n<ul class=\"wp-block-list\">\n<li class=\"has-medium-font-size\"><strong>Bajos ingresos familiares<\/strong>: Demostrar que la renta <strong>per c\u00e1pita<\/strong> del grupo familiar es \u2264 1\/4 del salario m\u00ednimo. Esto se comprueba presentando documentos como hojas de sueldo, declaraciones, etc.<\/li>\n<\/ul>\n\n\n\n<div style=\"height:2px\" aria-hidden=\"true\" class=\"wp-block-spacer\"><\/div>\n\n\n\n<ul class=\"wp-block-list\">\n<li class=\"has-medium-font-size\"><strong>Residencia legal en Brasil<\/strong>: Contar con situaci\u00f3n migratoria regular. Para extranjeros se requiere la <strong>CRNM (c\u00e9dula de identificaci\u00f3n migratoria)<\/strong> o el <strong>DPRNM (registro provisional)<\/strong>, ya que ahora son aceptados como documento de identidad. Si no se tiene registro biom\u00e9trico nacional, basta con estos documentos migratorios.<\/li>\n<\/ul>\n\n\n\n<div style=\"height:2px\" aria-hidden=\"true\" class=\"wp-block-spacer\"><\/div>\n\n\n\n<ul class=\"wp-block-list\">\n<li class=\"has-medium-font-size\"><strong>Cadastro \u00danico<\/strong>: Es obligatorio inscribirse en el registro social del gobierno (Cad\u00danico) antes de la solicitud. Debe registrarse el solicitante y todos los miembros de su familia.<\/li>\n<\/ul>\n\n\n\n<div style=\"height:2px\" aria-hidden=\"true\" class=\"wp-block-spacer\"><\/div>\n\n\n\n<ul class=\"wp-block-list\">\n<li class=\"has-medium-font-size\"><strong>Documentos personales<\/strong>: Presentar copia simple de la c\u00e9dula de identidad, CPF, comprobante de domicilio, y en caso de ser representante legal, los documentos del representante. Si es cubano refugiado o asilado, se debe presentar adem\u00e1s certificaciones o resoluciones migratorias pertinentes.<\/li>\n<\/ul>\n\n\n\n<div style=\"height:4px\" aria-hidden=\"true\" class=\"wp-block-spacer\"><\/div>\n\n\n\n<h2 class=\"wp-block-heading\">\u00bfC\u00f3mo y d\u00f3nde solicitar el BPC\/LOAS?<br><\/h2>\n\n\n\n<div style=\"height:4px\" aria-hidden=\"true\" class=\"wp-block-spacer\"><\/div>\n\n\n\n<p class=\"has-medium-font-size wp-block-paragraph\">La solicitud del BPC\/LOAS se realiza ante el <strong>INSS<\/strong> (Instituto Nacional del Seguro Social). Hay varias v\u00edas para hacerlo. En la p\u00e1gina web o la aplicaci\u00f3n m\u00f3vil del INSS se puede requerir el beneficio en l\u00ednea. All\u00ed se ingresa informaci\u00f3n personal y se adjuntan copias digitales de los documentos.<\/p>\n\n\n\n<div style=\"height:2px\" aria-hidden=\"true\" class=\"wp-block-spacer\"><\/div>\n\n\n\n<p class=\"has-medium-font-size wp-block-paragraph\">Antes de solicitar, verifique estar inscrito en el Cad\u00danico. En los centros de referencia (CRAS) pueden orientar el registro y confirmar documentos. Al requerir el BPC, no se necesita presentar documentos originales: bastan copias simples con foto. El INSS puede requerir originales m\u00e1s adelante si lo considera necesario. Para extranjeros, es clave llevar la <strong>CRNM\/DPRNM<\/strong> y un pasaporte u otro documento de identidad. Todos los miembros de la familia deben tambi\u00e9n estar en el Cad\u00danico y tener CPF activo.<\/p>\n","protected":false},"excerpt":{"rendered":"<p>El BPC\/LOAS (Beneficio de Prestaci\u00f3n Continuada) es un apoyo econ\u00f3mico garantizado por la Constituci\u00f3n brasile\u00f1a. Otorga el equivalente a un salario m\u00ednimo mensual a personas mayores de 65 a\u00f1os o con discapacidad grave e incapacitante. No es una jubilaci\u00f3n ni requiere aportes previos al INSS: simplemente es un beneficio asistencial. El BPC no paga aguinaldo [&hellip;]<\/p>\n","protected":false},"author":3,"featured_media":3680,"comment_status":"open","ping_status":"open","sticky":false,"template":"","format":"standard","meta":{"_crdt_document":"","footnotes":""},"categories":[65],"tags":[99,51],"class_list":["post-3679","post","type-post","status-publish","format-standard","has-post-thumbnail","hentry","category-tramites","tag-bpc-loas","tag-tramites"],"yoast_head":"<!-- This site is optimized with the Yoast SEO plugin v27.4 - https:\/\/yoast.com\/product\/yoast-seo-wordpress\/ -->\n<title>BPC LOAS para extranjeros en Brasil: qu\u00e9 es y c\u00f3mo solicitar<\/title>\n<meta name=\"description\" content=\"Descubre qu\u00e9 es el BPC\/LOAS, qui\u00e9nes pueden recibirlo y c\u00f3mo los extranjeros en Brasil pueden acceder a este beneficio social.\" \/>\n<meta name=\"robots\" content=\"index, follow, max-snippet:-1, max-image-preview:large, max-video-preview:-1\" \/>\n<link rel=\"canonical\" href=\"https:\/\/brasender.com.br\/noticias\/bpc-loas-extranjeros-brasil\/\" \/>\n<meta property=\"og:locale\" content=\"pt_BR\" \/>\n<meta property=\"og:type\" content=\"article\" \/>\n<meta property=\"og:title\" content=\"BPC LOAS para extranjeros en Brasil: qu\u00e9 es y c\u00f3mo solicitar\" \/>\n<meta property=\"og:description\" content=\"Descubre qu\u00e9 es el BPC\/LOAS, qui\u00e9nes pueden recibirlo y c\u00f3mo los extranjeros en Brasil pueden acceder a este beneficio social.\" \/>\n<meta property=\"og:url\" content=\"https:\/\/brasender.com.br\/noticias\/bpc-loas-extranjeros-brasil\/\" \/>\n<meta property=\"og:site_name\" content=\"Brasender Noticias\" \/>\n<meta property=\"article:publisher\" content=\"https:\/\/www.facebook.com\/profile.php?id=61562137653202\" \/>\n<meta property=\"article:published_time\" content=\"2025-11-24T18:54:26+00:00\" \/>\n<meta property=\"og:image\" content=\"https:\/\/brasender.com.br\/noticias\/wp-content\/uploads\/2025\/11\/quem-tem-direito-ao-bpc-loas-2025-img-02.jpg\" \/>\n\t<meta property=\"og:image:width\" content=\"1000\" \/>\n\t<meta property=\"og:image:height\" content=\"500\" \/>\n\t<meta property=\"og:image:type\" content=\"image\/jpeg\" \/>\n<meta name=\"author\" content=\"Marketing\" \/>\n<meta name=\"twitter:card\" content=\"summary_large_image\" \/>\n<meta name=\"twitter:label1\" content=\"Escrito por\" \/>\n\t<meta name=\"twitter:data1\" content=\"Marketing\" \/>\n\t<meta name=\"twitter:label2\" content=\"Est. tempo de leitura\" \/>\n\t<meta name=\"twitter:data2\" content=\"4 minutos\" \/>\n<script type=\"application\/ld+json\" class=\"yoast-schema-graph\">{\"@context\":\"https:\\\/\\\/schema.org\",\"@graph\":[{\"@type\":\"Article\",\"@id\":\"https:\\\/\\\/brasender.com.br\\\/noticias\\\/bpc-loas-extranjeros-brasil\\\/#article\",\"isPartOf\":{\"@id\":\"https:\\\/\\\/brasender.com.br\\\/noticias\\\/bpc-loas-extranjeros-brasil\\\/\"},\"author\":{\"name\":\"Marketing\",\"@id\":\"https:\\\/\\\/brasender.com.br\\\/noticias\\\/#\\\/schema\\\/person\\\/f769905c2c651f9246c6401905eeec94\"},\"headline\":\"BPC\\\/LOAS: Beneficio econ\u00f3mico para personas mayores y discapacitados en Brasil\",\"datePublished\":\"2025-11-24T18:54:26+00:00\",\"mainEntityOfPage\":{\"@id\":\"https:\\\/\\\/brasender.com.br\\\/noticias\\\/bpc-loas-extranjeros-brasil\\\/\"},\"wordCount\":733,\"commentCount\":0,\"publisher\":{\"@id\":\"https:\\\/\\\/brasender.com.br\\\/noticias\\\/#organization\"},\"image\":{\"@id\":\"https:\\\/\\\/brasender.com.br\\\/noticias\\\/bpc-loas-extranjeros-brasil\\\/#primaryimage\"},\"thumbnailUrl\":\"https:\\\/\\\/brasender.com.br\\\/noticias\\\/wp-content\\\/uploads\\\/2025\\\/11\\\/quem-tem-direito-ao-bpc-loas-2025-img-02.jpg\",\"keywords\":[\"bpc loas\",\"Tramites\"],\"articleSection\":[\"Tr\u00e1mites\"],\"inLanguage\":\"pt-BR\",\"potentialAction\":[{\"@type\":\"CommentAction\",\"name\":\"Comment\",\"target\":[\"https:\\\/\\\/brasender.com.br\\\/noticias\\\/bpc-loas-extranjeros-brasil\\\/#respond\"]}]},{\"@type\":\"WebPage\",\"@id\":\"https:\\\/\\\/brasender.com.br\\\/noticias\\\/bpc-loas-extranjeros-brasil\\\/\",\"url\":\"https:\\\/\\\/brasender.com.br\\\/noticias\\\/bpc-loas-extranjeros-brasil\\\/\",\"name\":\"BPC LOAS para extranjeros en Brasil: qu\u00e9 es y c\u00f3mo solicitar\",\"isPartOf\":{\"@id\":\"https:\\\/\\\/brasender.com.br\\\/noticias\\\/#website\"},\"primaryImageOfPage\":{\"@id\":\"https:\\\/\\\/brasender.com.br\\\/noticias\\\/bpc-loas-extranjeros-brasil\\\/#primaryimage\"},\"image\":{\"@id\":\"https:\\\/\\\/brasender.com.br\\\/noticias\\\/bpc-loas-extranjeros-brasil\\\/#primaryimage\"},\"thumbnailUrl\":\"https:\\\/\\\/brasender.com.br\\\/noticias\\\/wp-content\\\/uploads\\\/2025\\\/11\\\/quem-tem-direito-ao-bpc-loas-2025-img-02.jpg\",\"datePublished\":\"2025-11-24T18:54:26+00:00\",\"description\":\"Descubre qu\u00e9 es el BPC\\\/LOAS, qui\u00e9nes pueden recibirlo y c\u00f3mo los extranjeros en Brasil pueden acceder a este beneficio social.\",\"breadcrumb\":{\"@id\":\"https:\\\/\\\/brasender.com.br\\\/noticias\\\/bpc-loas-extranjeros-brasil\\\/#breadcrumb\"},\"inLanguage\":\"pt-BR\",\"potentialAction\":[{\"@type\":\"ReadAction\",\"target\":[\"https:\\\/\\\/brasender.com.br\\\/noticias\\\/bpc-loas-extranjeros-brasil\\\/\"]}]},{\"@type\":\"ImageObject\",\"inLanguage\":\"pt-BR\",\"@id\":\"https:\\\/\\\/brasender.com.br\\\/noticias\\\/bpc-loas-extranjeros-brasil\\\/#primaryimage\",\"url\":\"https:\\\/\\\/brasender.com.br\\\/noticias\\\/wp-content\\\/uploads\\\/2025\\\/11\\\/quem-tem-direito-ao-bpc-loas-2025-img-02.jpg\",\"contentUrl\":\"https:\\\/\\\/brasender.com.br\\\/noticias\\\/wp-content\\\/uploads\\\/2025\\\/11\\\/quem-tem-direito-ao-bpc-loas-2025-img-02.jpg\",\"width\":1000,\"height\":500},{\"@type\":\"BreadcrumbList\",\"@id\":\"https:\\\/\\\/brasender.com.br\\\/noticias\\\/bpc-loas-extranjeros-brasil\\\/#breadcrumb\",\"itemListElement\":[{\"@type\":\"ListItem\",\"position\":1,\"name\":\"In\u00edcio\",\"item\":\"https:\\\/\\\/brasender.com.br\\\/noticias\\\/\"},{\"@type\":\"ListItem\",\"position\":2,\"name\":\"BPC\\\/LOAS: Beneficio econ\u00f3mico para personas mayores y discapacitados en Brasil\"}]},{\"@type\":\"WebSite\",\"@id\":\"https:\\\/\\\/brasender.com.br\\\/noticias\\\/#website\",\"url\":\"https:\\\/\\\/brasender.com.br\\\/noticias\\\/\",\"name\":\"Brasender Noticias\",\"description\":\"Portal de Noticias Brasender\",\"publisher\":{\"@id\":\"https:\\\/\\\/brasender.com.br\\\/noticias\\\/#organization\"},\"potentialAction\":[{\"@type\":\"SearchAction\",\"target\":{\"@type\":\"EntryPoint\",\"urlTemplate\":\"https:\\\/\\\/brasender.com.br\\\/noticias\\\/?s={search_term_string}\"},\"query-input\":{\"@type\":\"PropertyValueSpecification\",\"valueRequired\":true,\"valueName\":\"search_term_string\"}}],\"inLanguage\":\"pt-BR\"},{\"@type\":\"Organization\",\"@id\":\"https:\\\/\\\/brasender.com.br\\\/noticias\\\/#organization\",\"name\":\"Brasender Noticias\",\"url\":\"https:\\\/\\\/brasender.com.br\\\/noticias\\\/\",\"logo\":{\"@type\":\"ImageObject\",\"inLanguage\":\"pt-BR\",\"@id\":\"https:\\\/\\\/brasender.com.br\\\/noticias\\\/#\\\/schema\\\/logo\\\/image\\\/\",\"url\":\"https:\\\/\\\/brasender.com.br\\\/noticias\\\/wp-content\\\/uploads\\\/2022\\\/03\\\/Brasender-Noticias.png\",\"contentUrl\":\"https:\\\/\\\/brasender.com.br\\\/noticias\\\/wp-content\\\/uploads\\\/2022\\\/03\\\/Brasender-Noticias.png\",\"width\":2048,\"height\":500,\"caption\":\"Brasender Noticias\"},\"image\":{\"@id\":\"https:\\\/\\\/brasender.com.br\\\/noticias\\\/#\\\/schema\\\/logo\\\/image\\\/\"},\"sameAs\":[\"https:\\\/\\\/www.facebook.com\\\/profile.php?id=61562137653202\",\"https:\\\/\\\/www.instagram.com\\\/brasender\\\/\"]},{\"@type\":\"Person\",\"@id\":\"https:\\\/\\\/brasender.com.br\\\/noticias\\\/#\\\/schema\\\/person\\\/f769905c2c651f9246c6401905eeec94\",\"name\":\"Marketing\",\"image\":{\"@type\":\"ImageObject\",\"inLanguage\":\"pt-BR\",\"@id\":\"https:\\\/\\\/secure.gravatar.com\\\/avatar\\\/1cdda1381de1227de947687528b9b02b620abe9971ec7bd882129f50b959dd16?s=96&d=mm&r=g\",\"url\":\"https:\\\/\\\/secure.gravatar.com\\\/avatar\\\/1cdda1381de1227de947687528b9b02b620abe9971ec7bd882129f50b959dd16?s=96&d=mm&r=g\",\"contentUrl\":\"https:\\\/\\\/secure.gravatar.com\\\/avatar\\\/1cdda1381de1227de947687528b9b02b620abe9971ec7bd882129f50b959dd16?s=96&d=mm&r=g\",\"caption\":\"Marketing\"},\"url\":\"https:\\\/\\\/brasender.com.br\\\/noticias\\\/author\\\/marketing\\\/\"}]}<\/script>\n<!-- \/ Yoast SEO plugin. -->","yoast_head_json":{"title":"BPC LOAS para extranjeros en Brasil: qu\u00e9 es y c\u00f3mo solicitar","description":"Descubre qu\u00e9 es el BPC\/LOAS, qui\u00e9nes pueden recibirlo y c\u00f3mo los extranjeros en Brasil pueden acceder a este beneficio social.","robots":{"index":"index","follow":"follow","max-snippet":"max-snippet:-1","max-image-preview":"max-image-preview:large","max-video-preview":"max-video-preview:-1"},"canonical":"https:\/\/brasender.com.br\/noticias\/bpc-loas-extranjeros-brasil\/","og_locale":"pt_BR","og_type":"article","og_title":"BPC LOAS para extranjeros en Brasil: qu\u00e9 es y c\u00f3mo solicitar","og_description":"Descubre qu\u00e9 es el BPC\/LOAS, qui\u00e9nes pueden recibirlo y c\u00f3mo los extranjeros en Brasil pueden acceder a este beneficio social.","og_url":"https:\/\/brasender.com.br\/noticias\/bpc-loas-extranjeros-brasil\/","og_site_name":"Brasender Noticias","article_publisher":"https:\/\/www.facebook.com\/profile.php?id=61562137653202","article_published_time":"2025-11-24T18:54:26+00:00","og_image":[{"width":1000,"height":500,"url":"https:\/\/brasender.com.br\/noticias\/wp-content\/uploads\/2025\/11\/quem-tem-direito-ao-bpc-loas-2025-img-02.jpg","type":"image\/jpeg"}],"author":"Marketing","twitter_card":"summary_large_image","twitter_misc":{"Escrito por":"Marketing","Est. tempo de leitura":"4 minutos"},"schema":{"@context":"https:\/\/schema.org","@graph":[{"@type":"Article","@id":"https:\/\/brasender.com.br\/noticias\/bpc-loas-extranjeros-brasil\/#article","isPartOf":{"@id":"https:\/\/brasender.com.br\/noticias\/bpc-loas-extranjeros-brasil\/"},"author":{"name":"Marketing","@id":"https:\/\/brasender.com.br\/noticias\/#\/schema\/person\/f769905c2c651f9246c6401905eeec94"},"headline":"BPC\/LOAS: Beneficio econ\u00f3mico para personas mayores y discapacitados en Brasil","datePublished":"2025-11-24T18:54:26+00:00","mainEntityOfPage":{"@id":"https:\/\/brasender.com.br\/noticias\/bpc-loas-extranjeros-brasil\/"},"wordCount":733,"commentCount":0,"publisher":{"@id":"https:\/\/brasender.com.br\/noticias\/#organization"},"image":{"@id":"https:\/\/brasender.com.br\/noticias\/bpc-loas-extranjeros-brasil\/#primaryimage"},"thumbnailUrl":"https:\/\/brasender.com.br\/noticias\/wp-content\/uploads\/2025\/11\/quem-tem-direito-ao-bpc-loas-2025-img-02.jpg","keywords":["bpc loas","Tramites"],"articleSection":["Tr\u00e1mites"],"inLanguage":"pt-BR","potentialAction":[{"@type":"CommentAction","name":"Comment","target":["https:\/\/brasender.com.br\/noticias\/bpc-loas-extranjeros-brasil\/#respond"]}]},{"@type":"WebPage","@id":"https:\/\/brasender.com.br\/noticias\/bpc-loas-extranjeros-brasil\/","url":"https:\/\/brasender.com.br\/noticias\/bpc-loas-extranjeros-brasil\/","name":"BPC LOAS para extranjeros en Brasil: qu\u00e9 es y c\u00f3mo solicitar","isPartOf":{"@id":"https:\/\/brasender.com.br\/noticias\/#website"},"primaryImageOfPage":{"@id":"https:\/\/brasender.com.br\/noticias\/bpc-loas-extranjeros-brasil\/#primaryimage"},"image":{"@id":"https:\/\/brasender.com.br\/noticias\/bpc-loas-extranjeros-brasil\/#primaryimage"},"thumbnailUrl":"https:\/\/brasender.com.br\/noticias\/wp-content\/uploads\/2025\/11\/quem-tem-direito-ao-bpc-loas-2025-img-02.jpg","datePublished":"2025-11-24T18:54:26+00:00","description":"Descubre qu\u00e9 es el BPC\/LOAS, qui\u00e9nes pueden recibirlo y c\u00f3mo los extranjeros en Brasil pueden acceder a este beneficio social.","breadcrumb":{"@id":"https:\/\/brasender.com.br\/noticias\/bpc-loas-extranjeros-brasil\/#breadcrumb"},"inLanguage":"pt-BR","potentialAction":[{"@type":"ReadAction","target":["https:\/\/brasender.com.br\/noticias\/bpc-loas-extranjeros-brasil\/"]}]},{"@type":"ImageObject","inLanguage":"pt-BR","@id":"https:\/\/brasender.com.br\/noticias\/bpc-loas-extranjeros-brasil\/#primaryimage","url":"https:\/\/brasender.com.br\/noticias\/wp-content\/uploads\/2025\/11\/quem-tem-direito-ao-bpc-loas-2025-img-02.jpg","contentUrl":"https:\/\/brasender.com.br\/noticias\/wp-content\/uploads\/2025\/11\/quem-tem-direito-ao-bpc-loas-2025-img-02.jpg","width":1000,"height":500},{"@type":"BreadcrumbList","@id":"https:\/\/brasender.com.br\/noticias\/bpc-loas-extranjeros-brasil\/#breadcrumb","itemListElement":[{"@type":"ListItem","position":1,"name":"In\u00edcio","item":"https:\/\/brasender.com.br\/noticias\/"},{"@type":"ListItem","position":2,"name":"BPC\/LOAS: Beneficio econ\u00f3mico para personas mayores y discapacitados en Brasil"}]},{"@type":"WebSite","@id":"https:\/\/brasender.com.br\/noticias\/#website","url":"https:\/\/brasender.com.br\/noticias\/","name":"Brasender Noticias","description":"Portal de Noticias Brasender","publisher":{"@id":"https:\/\/brasender.com.br\/noticias\/#organization"},"potentialAction":[{"@type":"SearchAction","target":{"@type":"EntryPoint","urlTemplate":"https:\/\/brasender.com.br\/noticias\/?s={search_term_string}"},"query-input":{"@type":"PropertyValueSpecification","valueRequired":true,"valueName":"search_term_string"}}],"inLanguage":"pt-BR"},{"@type":"Organization","@id":"https:\/\/brasender.com.br\/noticias\/#organization","name":"Brasender Noticias","url":"https:\/\/brasender.com.br\/noticias\/","logo":{"@type":"ImageObject","inLanguage":"pt-BR","@id":"https:\/\/brasender.com.br\/noticias\/#\/schema\/logo\/image\/","url":"https:\/\/brasender.com.br\/noticias\/wp-content\/uploads\/2022\/03\/Brasender-Noticias.png","contentUrl":"https:\/\/brasender.com.br\/noticias\/wp-content\/uploads\/2022\/03\/Brasender-Noticias.png","width":2048,"height":500,"caption":"Brasender Noticias"},"image":{"@id":"https:\/\/brasender.com.br\/noticias\/#\/schema\/logo\/image\/"},"sameAs":["https:\/\/www.facebook.com\/profile.php?id=61562137653202","https:\/\/www.instagram.com\/brasender\/"]},{"@type":"Person","@id":"https:\/\/brasender.com.br\/noticias\/#\/schema\/person\/f769905c2c651f9246c6401905eeec94","name":"Marketing","image":{"@type":"ImageObject","inLanguage":"pt-BR","@id":"https:\/\/secure.gravatar.com\/avatar\/1cdda1381de1227de947687528b9b02b620abe9971ec7bd882129f50b959dd16?s=96&d=mm&r=g","url":"https:\/\/secure.gravatar.com\/avatar\/1cdda1381de1227de947687528b9b02b620abe9971ec7bd882129f50b959dd16?s=96&d=mm&r=g","contentUrl":"https:\/\/secure.gravatar.com\/avatar\/1cdda1381de1227de947687528b9b02b620abe9971ec7bd882129f50b959dd16?s=96&d=mm&r=g","caption":"Marketing"},"url":"https:\/\/brasender.com.br\/noticias\/author\/marketing\/"}]}},"_links":{"self":[{"href":"https:\/\/brasender.com.br\/noticias\/wp-json\/wp\/v2\/posts\/3679","targetHints":{"allow":["GET"]}}],"collection":[{"href":"https:\/\/brasender.com.br\/noticias\/wp-json\/wp\/v2\/posts"}],"about":[{"href":"https:\/\/brasender.com.br\/noticias\/wp-json\/wp\/v2\/types\/post"}],"author":[{"embeddable":true,"href":"https:\/\/brasender.com.br\/noticias\/wp-json\/wp\/v2\/users\/3"}],"replies":[{"embeddable":true,"href":"https:\/\/brasender.com.br\/noticias\/wp-json\/wp\/v2\/comments?post=3679"}],"version-history":[{"count":1,"href":"https:\/\/brasender.com.br\/noticias\/wp-json\/wp\/v2\/posts\/3679\/revisions"}],"predecessor-version":[{"id":3681,"href":"https:\/\/brasender.com.br\/noticias\/wp-json\/wp\/v2\/posts\/3679\/revisions\/3681"}],"wp:featuredmedia":[{"embeddable":true,"href":"https:\/\/brasender.com.br\/noticias\/wp-json\/wp\/v2\/media\/3680"}],"wp:attachment":[{"href":"https:\/\/brasender.com.br\/noticias\/wp-json\/wp\/v2\/media?parent=3679"}],"wp:term":[{"taxonomy":"category","embeddable":true,"href":"https:\/\/brasender.com.br\/noticias\/wp-json\/wp\/v2\/categories?post=3679"},{"taxonomy":"post_tag","embeddable":true,"href":"https:\/\/brasender.com.br\/noticias\/wp-json\/wp\/v2\/tags?post=3679"}],"curies":[{"name":"wp","href":"https:\/\/api.w.org\/{rel}","templated":true}]}}