{"id":3593,"date":"2025-08-10T20:44:29","date_gmt":"2025-08-10T23:44:29","guid":{"rendered":"https:\/\/brasender.com.br\/noticias\/?p=3593"},"modified":"2025-08-10T20:44:29","modified_gmt":"2025-08-10T23:44:29","slug":"cubanos-superan-a-venezolanos-en-solicitudes-de-refugio-en-brasil-este-2025","status":"publish","type":"post","link":"https:\/\/brasender.com.br\/noticias\/cubanos-superan-a-venezolanos-en-solicitudes-de-refugio-en-brasil-este-2025\/","title":{"rendered":"Cubanos superan a venezolanos en solicitudes de refugio en Brasil este 2025"},"content":{"rendered":"\n<p class=\"has-medium-font-size wp-block-paragraph\">Por primera vez en una d\u00e9cada, el perfil de las solicitudes de refugio en Brasil cambi\u00f3: entre enero y marzo de 2025 los pedidos de refugio hechos por cubanos superaron a los de venezolanos, con 9.467 solicitudes de cubanos frente a 5.794 de venezolanos en ese trimestre.<\/p>\n\n\n\n<p class=\"has-medium-font-size wp-block-paragraph\">Este dato no es un detalle menor: refleja una tendencia migratoria reciente y acelerada que ya se detecta desde 2022 y que, en 2024, mostr\u00f3 un crecimiento muy marcado en las solicitudes de los ciudadanos cubanos.<\/p>\n\n\n\n<h2 class=\"wp-block-heading\">\u00bfQu\u00e9 est\u00e1 impulsando este aumento de solicitudes?<\/h2>\n\n\n\n<p class=\"has-medium-font-size wp-block-paragraph\">Las razones detr\u00e1s del aumento son m\u00faltiples y combinadas, comenzando por las condiciones internas en Cuba: apagones frecuentes, escasez de alimentos y medicinas, problemas en el suministro y una situaci\u00f3n econ\u00f3mica que dificulta la vida cotidiana empujan a muchas familias a buscar alternativas fuera de la isla. Estos factores son mencionados por periodistas y organizaciones que siguen la din\u00e1mica migratoria desde y hacia Cuba.<\/p>\n\n\n\n<p class=\"has-medium-font-size wp-block-paragraph\">El endurecimiento de ciertas pol\u00edticas migratorias en Estados Unidos y otros factores geopol\u00edticos han llevado a migrantes cubanos a buscar rutas alternativas en el hemisferio sur. Informes recientes y art\u00edculos de prensa se\u00f1alan que, tras restricciones m\u00e1s duras en la v\u00eda norteamericana, Brasil y ciudades como Curitiba han captado a un gran n\u00famero de nuevos llegados.<\/p>\n\n\n\n<p class=\"has-medium-font-size wp-block-paragraph\">Adem\u00e1s de ser una v\u00eda de entrada, Brasil y centros urbanos como Curitiba, S\u00e3o Paulo o el sur del pa\u00eds, ofrecen oportunidades laborales, redes comunitarias y ciertos programas locales que facilitan la inserci\u00f3n, lo que convierte al pa\u00eds en una opci\u00f3n atractiva para quienes buscan rehacer su vida.<\/p>\n\n\n\n<h2 class=\"wp-block-heading\">\u00bfD\u00f3nde se concentra el fen\u00f3meno dentro de Brasil?<\/h2>\n\n\n\n<p class=\"has-medium-font-size wp-block-paragraph\">Roraima sigue siendo una de las principales puertas de entrada y concentraciones de solicitudes: datos estatales muestran que Roraima recibi\u00f3 un volumen alto de peticiones, con cifras locales en las que los venezolanos a\u00fan aparecen en mayor n\u00famero dentro del estado, aunque la tendencia nacional ya muestra el liderazgo cubano en solicitudes totales.<\/p>\n\n\n\n<p class=\"has-medium-font-size wp-block-paragraph\">Por otra parte, centros urbanos del sur y sureste como Paran\u00e1, Santa Catarina y S\u00e3o Paulo, registraron un aumento de contrataciones y llegada de cubanos en los primeros meses de 2025, lo que refleja tanto movimientos internos de redistribuci\u00f3n como b\u00fasqueda de empleo formal. Informes locales tambi\u00e9n muestran que municipios como Curitiba han visto una fuerte llegada de cubanos y han implementado acciones para facilitar la inserci\u00f3n laboral.<\/p>\n\n\n\n<h2 class=\"wp-block-heading\"><strong>\u00bfQu\u00e9 implicaciones tiene este cambio para la comunidad cubana?<\/strong><\/h2>\n\n\n\n<ul class=\"wp-block-list\">\n<li class=\"has-medium-font-size\">Mayor demanda de servicios de asesor\u00eda migratoria: con m\u00e1s solicitudes de refugio crece la necesidad de orientaci\u00f3n legal, traducciones, legalizaciones y apoyo en los tr\u00e1mites ante la Polic\u00eda Federal y la Receita Federal.<\/li>\n\n\n\n<li class=\"has-medium-font-size\">Necesidad de redes de apoyo locales: integraci\u00f3n a mercados laborales, acceso a vivienda y salud son retos que exigen coordinaci\u00f3n entre ONG, autoridades municipales y empresas que contratan mano de obra.<\/li>\n\n\n\n<li class=\"has-medium-font-size\">Oportunidades para familias que quieren regularizar documentaci\u00f3n: muchos llegan con la intenci\u00f3n de regularizar su situaci\u00f3n y comenzar a trabajar legalmente, lo que demanda servicios espec\u00edficos (CPF, Carteira de Trabalho Digital, residencia).<\/li>\n<\/ul>\n\n\n\n<ol class=\"wp-block-list\"><\/ol>\n\n\n\n<h2 class=\"wp-block-heading\"><strong>Recomendaciones pr\u00e1cticas (si eres cubano y est\u00e1s en Brasil o piensas venir)<\/strong><\/h2>\n\n\n\n<p class=\"has-medium-font-size wp-block-paragraph\">Busca<strong> asesor\u00eda especializada:<\/strong> un tr\u00e1mite mal hecho puede retrasar o complicar un caso de refugio o residencia. Acude a organizaciones y despachos con experiencia en migraci\u00f3n.<\/p>\n\n\n\n<p class=\"has-medium-font-size wp-block-paragraph\"><strong>Recolecta y legaliza documentos <\/strong>desde el origen cuando sea posible: tener documentos apostillados\/traducidos y legalizados agiliza procesos.<\/p>\n\n\n\n<p class=\"has-medium-font-size wp-block-paragraph\"><strong>Inf\u00f3rmate sobre tus derechos:<\/strong> atenci\u00f3n m\u00e9dica b\u00e1sica, matr\u00edcula escolar para menores y algunos derechos laborales suelen estar garantizados a\u00fan en fases iniciales de la solicitud.<\/p>\n\n\n\n<p class=\"has-medium-font-size wp-block-paragraph\">Conecta con la<strong> comunidad cubana local:<\/strong> las redes informales ayudan en b\u00fasqueda de empleo y en compartir informaci\u00f3n \u00fatil para la adaptaci\u00f3n.<\/p>\n\n\n\n<p class=\"wp-block-paragraph\"><\/p>\n\n\n\n<hr class=\"wp-block-separator has-alpha-channel-opacity\" style=\"margin-top:55;margin-bottom:0\"\/>\n\n\n\n<h2 class=\"wp-block-heading\">\u00bfC\u00f3mo puede ayudarte <a href=\"http:\/\/www.brasender.com.br\">Brasender<\/a>?<\/h2>\n\n\n\n<p class=\"has-medium-font-size wp-block-paragraph\">En Brasender entendemos las urgencias y la complejidad de estos procesos. Si necesitas apoyo para:<\/p>\n\n\n\n<ul class=\"wp-block-list\">\n<li class=\"has-medium-font-size\">Asesor\u00eda migratoria y orientaci\u00f3n para solicitudes de refugio<\/li>\n\n\n\n<li class=\"has-medium-font-size\">Obtenci\u00f3n de CPF y regularizaci\u00f3n ante la Receita Federal<\/li>\n\n\n\n<li class=\"has-medium-font-size\">Legalizaci\u00f3n y env\u00edo de documentos (MINREX, Consulado de Brasil en Cuba)<\/li>\n\n\n\n<li class=\"has-medium-font-size\">Reservas de pasaje y hotel para quienes vienen a consultar o iniciar tr\u00e1mites<\/li>\n<\/ul>\n\n\n\n<p class=\"has-medium-font-size wp-block-paragraph\">Estamos disponibles para ayudarte paso a paso y conectar con servicios confiables en Brasil y Cuba.<\/p>\n\n\n\n<p class=\"has-medium-font-size wp-block-paragraph\">\ud83d\udcf2 <strong>Escr\u00edbenos por WhatsApp y nuestro equipo te gu\u00eda ahora:<\/strong><\/p>\n\n\n\n<div class=\"wp-block-buttons is-layout-flex wp-block-buttons-is-layout-flex\">\n<div class=\"wp-block-button\"><a class=\"wp-block-button__link has-white-color has-text-color has-background has-link-color wp-element-button\" href=\"https:\/\/wa.me\/5549991005728?text=Hola%2C%20vengo%20del%20Blog%20y%20quiero%20saber%20sobre%20sus%20servicios\" style=\"background-color:#d0142c\"><strong>Contactar con Brasender<\/strong><\/a><\/div>\n<\/div>\n\n\n\n<p class=\"has-medium-font-size wp-block-paragraph\">El hecho de que en 2025 los cubanos hayan superado por primera vez a los venezolanos en solicitudes de refugio en Brasil es un hito que refleja cambios profundos: crisis internas en la isla, movimientos geopol\u00edticos y nuevas rutas migratorias. Para la comunidad cubana esto abre retos, y tambi\u00e9n oportunidades, en materia de integraci\u00f3n, empleo y regularizaci\u00f3n. Informarse, planear y contar con apoyo profesional marca la diferencia.<\/p>\n","protected":false},"excerpt":{"rendered":"<p>Por primera vez en una d\u00e9cada, el perfil de las solicitudes de refugio en Brasil cambi\u00f3: entre enero y marzo de 2025 los pedidos de refugio hechos por cubanos superaron a los de venezolanos, con 9.467 solicitudes de cubanos frente a 5.794 de venezolanos en ese trimestre. Este dato no es un detalle menor: refleja [&hellip;]<\/p>\n","protected":false},"author":3,"featured_media":3595,"comment_status":"open","ping_status":"open","sticky":false,"template":"","format":"standard","meta":{"_crdt_document":"","footnotes":""},"categories":[66],"tags":[79,77,76,78],"class_list":["post-3593","post","type-post","status-publish","format-standard","has-post-thumbnail","hentry","category-migracion","tag-migracion-en-brasil","tag-refugiados","tag-refugio-en-brasil","tag-tramites-2"],"yoast_head":"<!-- This site is optimized with the Yoast SEO plugin v27.4 - https:\/\/yoast.com\/product\/yoast-seo-wordpress\/ -->\n<title>Cubanos superan a venezolanos en solicitudes de refugio en Brasil<\/title>\n<meta name=\"description\" content=\"Aumento de solicitudes de refugio de cubanos en Brasil (2025). Cifras, causas y ayuda con tr\u00e1mites por Brasender.\" \/>\n<meta name=\"robots\" content=\"index, follow, max-snippet:-1, max-image-preview:large, max-video-preview:-1\" \/>\n<link rel=\"canonical\" href=\"https:\/\/brasender.com.br\/noticias\/cubanos-superan-a-venezolanos-en-solicitudes-de-refugio-en-brasil-este-2025\/\" \/>\n<meta property=\"og:locale\" content=\"pt_BR\" \/>\n<meta property=\"og:type\" content=\"article\" \/>\n<meta property=\"og:title\" content=\"Cubanos superan a venezolanos en solicitudes de refugio en Brasil\" \/>\n<meta property=\"og:description\" content=\"Aumento de solicitudes de refugio de cubanos en Brasil (2025). Cifras, causas y ayuda con tr\u00e1mites por Brasender.\" \/>\n<meta property=\"og:url\" content=\"https:\/\/brasender.com.br\/noticias\/cubanos-superan-a-venezolanos-en-solicitudes-de-refugio-en-brasil-este-2025\/\" \/>\n<meta property=\"og:site_name\" content=\"Brasender Noticias\" \/>\n<meta property=\"article:publisher\" content=\"https:\/\/www.facebook.com\/profile.php?id=61562137653202\" \/>\n<meta property=\"article:published_time\" content=\"2025-08-10T23:44:29+00:00\" \/>\n<meta property=\"og:image\" content=\"https:\/\/brasender.com.br\/noticias\/wp-content\/uploads\/2025\/08\/221495-estender-500-palavras-como-funciona-a-regularizacao-de-refugiados-no-brasil-1.jpg\" \/>\n\t<meta property=\"og:image:width\" content=\"1000\" \/>\n\t<meta property=\"og:image:height\" content=\"666\" \/>\n\t<meta property=\"og:image:type\" content=\"image\/jpeg\" \/>\n<meta name=\"author\" content=\"Marketing\" \/>\n<meta name=\"twitter:card\" content=\"summary_large_image\" \/>\n<meta name=\"twitter:label1\" content=\"Escrito por\" \/>\n\t<meta name=\"twitter:data1\" content=\"Marketing\" \/>\n\t<meta name=\"twitter:label2\" content=\"Est. tempo de leitura\" \/>\n\t<meta name=\"twitter:data2\" content=\"5 minutos\" \/>\n<script type=\"application\/ld+json\" class=\"yoast-schema-graph\">{\"@context\":\"https:\\\/\\\/schema.org\",\"@graph\":[{\"@type\":\"Article\",\"@id\":\"https:\\\/\\\/brasender.com.br\\\/noticias\\\/cubanos-superan-a-venezolanos-en-solicitudes-de-refugio-en-brasil-este-2025\\\/#article\",\"isPartOf\":{\"@id\":\"https:\\\/\\\/brasender.com.br\\\/noticias\\\/cubanos-superan-a-venezolanos-en-solicitudes-de-refugio-en-brasil-este-2025\\\/\"},\"author\":{\"name\":\"Marketing\",\"@id\":\"https:\\\/\\\/brasender.com.br\\\/noticias\\\/#\\\/schema\\\/person\\\/f769905c2c651f9246c6401905eeec94\"},\"headline\":\"Cubanos superan a venezolanos en solicitudes de refugio en Brasil este 2025\",\"datePublished\":\"2025-08-10T23:44:29+00:00\",\"mainEntityOfPage\":{\"@id\":\"https:\\\/\\\/brasender.com.br\\\/noticias\\\/cubanos-superan-a-venezolanos-en-solicitudes-de-refugio-en-brasil-este-2025\\\/\"},\"wordCount\":822,\"commentCount\":0,\"publisher\":{\"@id\":\"https:\\\/\\\/brasender.com.br\\\/noticias\\\/#organization\"},\"image\":{\"@id\":\"https:\\\/\\\/brasender.com.br\\\/noticias\\\/cubanos-superan-a-venezolanos-en-solicitudes-de-refugio-en-brasil-este-2025\\\/#primaryimage\"},\"thumbnailUrl\":\"https:\\\/\\\/brasender.com.br\\\/noticias\\\/wp-content\\\/uploads\\\/2025\\\/08\\\/221495-estender-500-palavras-como-funciona-a-regularizacao-de-refugiados-no-brasil-1.jpg\",\"keywords\":[\"migraci\u00f3n en brasil\",\"refugiados\",\"refugio en brasil\",\"tr\u00e1mites\"],\"articleSection\":[\"Migraci\u00f3n\"],\"inLanguage\":\"pt-BR\",\"potentialAction\":[{\"@type\":\"CommentAction\",\"name\":\"Comment\",\"target\":[\"https:\\\/\\\/brasender.com.br\\\/noticias\\\/cubanos-superan-a-venezolanos-en-solicitudes-de-refugio-en-brasil-este-2025\\\/#respond\"]}]},{\"@type\":\"WebPage\",\"@id\":\"https:\\\/\\\/brasender.com.br\\\/noticias\\\/cubanos-superan-a-venezolanos-en-solicitudes-de-refugio-en-brasil-este-2025\\\/\",\"url\":\"https:\\\/\\\/brasender.com.br\\\/noticias\\\/cubanos-superan-a-venezolanos-en-solicitudes-de-refugio-en-brasil-este-2025\\\/\",\"name\":\"Cubanos superan a venezolanos en solicitudes de refugio en Brasil\",\"isPartOf\":{\"@id\":\"https:\\\/\\\/brasender.com.br\\\/noticias\\\/#website\"},\"primaryImageOfPage\":{\"@id\":\"https:\\\/\\\/brasender.com.br\\\/noticias\\\/cubanos-superan-a-venezolanos-en-solicitudes-de-refugio-en-brasil-este-2025\\\/#primaryimage\"},\"image\":{\"@id\":\"https:\\\/\\\/brasender.com.br\\\/noticias\\\/cubanos-superan-a-venezolanos-en-solicitudes-de-refugio-en-brasil-este-2025\\\/#primaryimage\"},\"thumbnailUrl\":\"https:\\\/\\\/brasender.com.br\\\/noticias\\\/wp-content\\\/uploads\\\/2025\\\/08\\\/221495-estender-500-palavras-como-funciona-a-regularizacao-de-refugiados-no-brasil-1.jpg\",\"datePublished\":\"2025-08-10T23:44:29+00:00\",\"description\":\"Aumento de solicitudes de refugio de cubanos en Brasil (2025). Cifras, causas y ayuda con tr\u00e1mites por Brasender.\",\"breadcrumb\":{\"@id\":\"https:\\\/\\\/brasender.com.br\\\/noticias\\\/cubanos-superan-a-venezolanos-en-solicitudes-de-refugio-en-brasil-este-2025\\\/#breadcrumb\"},\"inLanguage\":\"pt-BR\",\"potentialAction\":[{\"@type\":\"ReadAction\",\"target\":[\"https:\\\/\\\/brasender.com.br\\\/noticias\\\/cubanos-superan-a-venezolanos-en-solicitudes-de-refugio-en-brasil-este-2025\\\/\"]}]},{\"@type\":\"ImageObject\",\"inLanguage\":\"pt-BR\",\"@id\":\"https:\\\/\\\/brasender.com.br\\\/noticias\\\/cubanos-superan-a-venezolanos-en-solicitudes-de-refugio-en-brasil-este-2025\\\/#primaryimage\",\"url\":\"https:\\\/\\\/brasender.com.br\\\/noticias\\\/wp-content\\\/uploads\\\/2025\\\/08\\\/221495-estender-500-palavras-como-funciona-a-regularizacao-de-refugiados-no-brasil-1.jpg\",\"contentUrl\":\"https:\\\/\\\/brasender.com.br\\\/noticias\\\/wp-content\\\/uploads\\\/2025\\\/08\\\/221495-estender-500-palavras-como-funciona-a-regularizacao-de-refugiados-no-brasil-1.jpg\",\"width\":1000,\"height\":666,\"caption\":\"refugiados cubanos en brasil\"},{\"@type\":\"BreadcrumbList\",\"@id\":\"https:\\\/\\\/brasender.com.br\\\/noticias\\\/cubanos-superan-a-venezolanos-en-solicitudes-de-refugio-en-brasil-este-2025\\\/#breadcrumb\",\"itemListElement\":[{\"@type\":\"ListItem\",\"position\":1,\"name\":\"In\u00edcio\",\"item\":\"https:\\\/\\\/brasender.com.br\\\/noticias\\\/\"},{\"@type\":\"ListItem\",\"position\":2,\"name\":\"Cubanos superan a venezolanos en solicitudes de refugio en Brasil este 2025\"}]},{\"@type\":\"WebSite\",\"@id\":\"https:\\\/\\\/brasender.com.br\\\/noticias\\\/#website\",\"url\":\"https:\\\/\\\/brasender.com.br\\\/noticias\\\/\",\"name\":\"Brasender Noticias\",\"description\":\"Portal de Noticias Brasender\",\"publisher\":{\"@id\":\"https:\\\/\\\/brasender.com.br\\\/noticias\\\/#organization\"},\"potentialAction\":[{\"@type\":\"SearchAction\",\"target\":{\"@type\":\"EntryPoint\",\"urlTemplate\":\"https:\\\/\\\/brasender.com.br\\\/noticias\\\/?s={search_term_string}\"},\"query-input\":{\"@type\":\"PropertyValueSpecification\",\"valueRequired\":true,\"valueName\":\"search_term_string\"}}],\"inLanguage\":\"pt-BR\"},{\"@type\":\"Organization\",\"@id\":\"https:\\\/\\\/brasender.com.br\\\/noticias\\\/#organization\",\"name\":\"Brasender Noticias\",\"url\":\"https:\\\/\\\/brasender.com.br\\\/noticias\\\/\",\"logo\":{\"@type\":\"ImageObject\",\"inLanguage\":\"pt-BR\",\"@id\":\"https:\\\/\\\/brasender.com.br\\\/noticias\\\/#\\\/schema\\\/logo\\\/image\\\/\",\"url\":\"https:\\\/\\\/brasender.com.br\\\/noticias\\\/wp-content\\\/uploads\\\/2022\\\/03\\\/Brasender-Noticias.png\",\"contentUrl\":\"https:\\\/\\\/brasender.com.br\\\/noticias\\\/wp-content\\\/uploads\\\/2022\\\/03\\\/Brasender-Noticias.png\",\"width\":2048,\"height\":500,\"caption\":\"Brasender Noticias\"},\"image\":{\"@id\":\"https:\\\/\\\/brasender.com.br\\\/noticias\\\/#\\\/schema\\\/logo\\\/image\\\/\"},\"sameAs\":[\"https:\\\/\\\/www.facebook.com\\\/profile.php?id=61562137653202\",\"https:\\\/\\\/www.instagram.com\\\/brasender\\\/\"]},{\"@type\":\"Person\",\"@id\":\"https:\\\/\\\/brasender.com.br\\\/noticias\\\/#\\\/schema\\\/person\\\/f769905c2c651f9246c6401905eeec94\",\"name\":\"Marketing\",\"image\":{\"@type\":\"ImageObject\",\"inLanguage\":\"pt-BR\",\"@id\":\"https:\\\/\\\/secure.gravatar.com\\\/avatar\\\/1cdda1381de1227de947687528b9b02b620abe9971ec7bd882129f50b959dd16?s=96&d=mm&r=g\",\"url\":\"https:\\\/\\\/secure.gravatar.com\\\/avatar\\\/1cdda1381de1227de947687528b9b02b620abe9971ec7bd882129f50b959dd16?s=96&d=mm&r=g\",\"contentUrl\":\"https:\\\/\\\/secure.gravatar.com\\\/avatar\\\/1cdda1381de1227de947687528b9b02b620abe9971ec7bd882129f50b959dd16?s=96&d=mm&r=g\",\"caption\":\"Marketing\"},\"url\":\"https:\\\/\\\/brasender.com.br\\\/noticias\\\/author\\\/marketing\\\/\"}]}<\/script>\n<!-- \/ Yoast SEO plugin. -->","yoast_head_json":{"title":"Cubanos superan a venezolanos en solicitudes de refugio en Brasil","description":"Aumento de solicitudes de refugio de cubanos en Brasil (2025). Cifras, causas y ayuda con tr\u00e1mites por Brasender.","robots":{"index":"index","follow":"follow","max-snippet":"max-snippet:-1","max-image-preview":"max-image-preview:large","max-video-preview":"max-video-preview:-1"},"canonical":"https:\/\/brasender.com.br\/noticias\/cubanos-superan-a-venezolanos-en-solicitudes-de-refugio-en-brasil-este-2025\/","og_locale":"pt_BR","og_type":"article","og_title":"Cubanos superan a venezolanos en solicitudes de refugio en Brasil","og_description":"Aumento de solicitudes de refugio de cubanos en Brasil (2025). Cifras, causas y ayuda con tr\u00e1mites por Brasender.","og_url":"https:\/\/brasender.com.br\/noticias\/cubanos-superan-a-venezolanos-en-solicitudes-de-refugio-en-brasil-este-2025\/","og_site_name":"Brasender Noticias","article_publisher":"https:\/\/www.facebook.com\/profile.php?id=61562137653202","article_published_time":"2025-08-10T23:44:29+00:00","og_image":[{"width":1000,"height":666,"url":"https:\/\/brasender.com.br\/noticias\/wp-content\/uploads\/2025\/08\/221495-estender-500-palavras-como-funciona-a-regularizacao-de-refugiados-no-brasil-1.jpg","type":"image\/jpeg"}],"author":"Marketing","twitter_card":"summary_large_image","twitter_misc":{"Escrito por":"Marketing","Est. tempo de leitura":"5 minutos"},"schema":{"@context":"https:\/\/schema.org","@graph":[{"@type":"Article","@id":"https:\/\/brasender.com.br\/noticias\/cubanos-superan-a-venezolanos-en-solicitudes-de-refugio-en-brasil-este-2025\/#article","isPartOf":{"@id":"https:\/\/brasender.com.br\/noticias\/cubanos-superan-a-venezolanos-en-solicitudes-de-refugio-en-brasil-este-2025\/"},"author":{"name":"Marketing","@id":"https:\/\/brasender.com.br\/noticias\/#\/schema\/person\/f769905c2c651f9246c6401905eeec94"},"headline":"Cubanos superan a venezolanos en solicitudes de refugio en Brasil este 2025","datePublished":"2025-08-10T23:44:29+00:00","mainEntityOfPage":{"@id":"https:\/\/brasender.com.br\/noticias\/cubanos-superan-a-venezolanos-en-solicitudes-de-refugio-en-brasil-este-2025\/"},"wordCount":822,"commentCount":0,"publisher":{"@id":"https:\/\/brasender.com.br\/noticias\/#organization"},"image":{"@id":"https:\/\/brasender.com.br\/noticias\/cubanos-superan-a-venezolanos-en-solicitudes-de-refugio-en-brasil-este-2025\/#primaryimage"},"thumbnailUrl":"https:\/\/brasender.com.br\/noticias\/wp-content\/uploads\/2025\/08\/221495-estender-500-palavras-como-funciona-a-regularizacao-de-refugiados-no-brasil-1.jpg","keywords":["migraci\u00f3n en brasil","refugiados","refugio en brasil","tr\u00e1mites"],"articleSection":["Migraci\u00f3n"],"inLanguage":"pt-BR","potentialAction":[{"@type":"CommentAction","name":"Comment","target":["https:\/\/brasender.com.br\/noticias\/cubanos-superan-a-venezolanos-en-solicitudes-de-refugio-en-brasil-este-2025\/#respond"]}]},{"@type":"WebPage","@id":"https:\/\/brasender.com.br\/noticias\/cubanos-superan-a-venezolanos-en-solicitudes-de-refugio-en-brasil-este-2025\/","url":"https:\/\/brasender.com.br\/noticias\/cubanos-superan-a-venezolanos-en-solicitudes-de-refugio-en-brasil-este-2025\/","name":"Cubanos superan a venezolanos en solicitudes de refugio en Brasil","isPartOf":{"@id":"https:\/\/brasender.com.br\/noticias\/#website"},"primaryImageOfPage":{"@id":"https:\/\/brasender.com.br\/noticias\/cubanos-superan-a-venezolanos-en-solicitudes-de-refugio-en-brasil-este-2025\/#primaryimage"},"image":{"@id":"https:\/\/brasender.com.br\/noticias\/cubanos-superan-a-venezolanos-en-solicitudes-de-refugio-en-brasil-este-2025\/#primaryimage"},"thumbnailUrl":"https:\/\/brasender.com.br\/noticias\/wp-content\/uploads\/2025\/08\/221495-estender-500-palavras-como-funciona-a-regularizacao-de-refugiados-no-brasil-1.jpg","datePublished":"2025-08-10T23:44:29+00:00","description":"Aumento de solicitudes de refugio de cubanos en Brasil (2025). Cifras, causas y ayuda con tr\u00e1mites por Brasender.","breadcrumb":{"@id":"https:\/\/brasender.com.br\/noticias\/cubanos-superan-a-venezolanos-en-solicitudes-de-refugio-en-brasil-este-2025\/#breadcrumb"},"inLanguage":"pt-BR","potentialAction":[{"@type":"ReadAction","target":["https:\/\/brasender.com.br\/noticias\/cubanos-superan-a-venezolanos-en-solicitudes-de-refugio-en-brasil-este-2025\/"]}]},{"@type":"ImageObject","inLanguage":"pt-BR","@id":"https:\/\/brasender.com.br\/noticias\/cubanos-superan-a-venezolanos-en-solicitudes-de-refugio-en-brasil-este-2025\/#primaryimage","url":"https:\/\/brasender.com.br\/noticias\/wp-content\/uploads\/2025\/08\/221495-estender-500-palavras-como-funciona-a-regularizacao-de-refugiados-no-brasil-1.jpg","contentUrl":"https:\/\/brasender.com.br\/noticias\/wp-content\/uploads\/2025\/08\/221495-estender-500-palavras-como-funciona-a-regularizacao-de-refugiados-no-brasil-1.jpg","width":1000,"height":666,"caption":"refugiados cubanos en brasil"},{"@type":"BreadcrumbList","@id":"https:\/\/brasender.com.br\/noticias\/cubanos-superan-a-venezolanos-en-solicitudes-de-refugio-en-brasil-este-2025\/#breadcrumb","itemListElement":[{"@type":"ListItem","position":1,"name":"In\u00edcio","item":"https:\/\/brasender.com.br\/noticias\/"},{"@type":"ListItem","position":2,"name":"Cubanos superan a venezolanos en solicitudes de refugio en Brasil este 2025"}]},{"@type":"WebSite","@id":"https:\/\/brasender.com.br\/noticias\/#website","url":"https:\/\/brasender.com.br\/noticias\/","name":"Brasender Noticias","description":"Portal de Noticias Brasender","publisher":{"@id":"https:\/\/brasender.com.br\/noticias\/#organization"},"potentialAction":[{"@type":"SearchAction","target":{"@type":"EntryPoint","urlTemplate":"https:\/\/brasender.com.br\/noticias\/?s={search_term_string}"},"query-input":{"@type":"PropertyValueSpecification","valueRequired":true,"valueName":"search_term_string"}}],"inLanguage":"pt-BR"},{"@type":"Organization","@id":"https:\/\/brasender.com.br\/noticias\/#organization","name":"Brasender Noticias","url":"https:\/\/brasender.com.br\/noticias\/","logo":{"@type":"ImageObject","inLanguage":"pt-BR","@id":"https:\/\/brasender.com.br\/noticias\/#\/schema\/logo\/image\/","url":"https:\/\/brasender.com.br\/noticias\/wp-content\/uploads\/2022\/03\/Brasender-Noticias.png","contentUrl":"https:\/\/brasender.com.br\/noticias\/wp-content\/uploads\/2022\/03\/Brasender-Noticias.png","width":2048,"height":500,"caption":"Brasender Noticias"},"image":{"@id":"https:\/\/brasender.com.br\/noticias\/#\/schema\/logo\/image\/"},"sameAs":["https:\/\/www.facebook.com\/profile.php?id=61562137653202","https:\/\/www.instagram.com\/brasender\/"]},{"@type":"Person","@id":"https:\/\/brasender.com.br\/noticias\/#\/schema\/person\/f769905c2c651f9246c6401905eeec94","name":"Marketing","image":{"@type":"ImageObject","inLanguage":"pt-BR","@id":"https:\/\/secure.gravatar.com\/avatar\/1cdda1381de1227de947687528b9b02b620abe9971ec7bd882129f50b959dd16?s=96&d=mm&r=g","url":"https:\/\/secure.gravatar.com\/avatar\/1cdda1381de1227de947687528b9b02b620abe9971ec7bd882129f50b959dd16?s=96&d=mm&r=g","contentUrl":"https:\/\/secure.gravatar.com\/avatar\/1cdda1381de1227de947687528b9b02b620abe9971ec7bd882129f50b959dd16?s=96&d=mm&r=g","caption":"Marketing"},"url":"https:\/\/brasender.com.br\/noticias\/author\/marketing\/"}]}},"_links":{"self":[{"href":"https:\/\/brasender.com.br\/noticias\/wp-json\/wp\/v2\/posts\/3593","targetHints":{"allow":["GET"]}}],"collection":[{"href":"https:\/\/brasender.com.br\/noticias\/wp-json\/wp\/v2\/posts"}],"about":[{"href":"https:\/\/brasender.com.br\/noticias\/wp-json\/wp\/v2\/types\/post"}],"author":[{"embeddable":true,"href":"https:\/\/brasender.com.br\/noticias\/wp-json\/wp\/v2\/users\/3"}],"replies":[{"embeddable":true,"href":"https:\/\/brasender.com.br\/noticias\/wp-json\/wp\/v2\/comments?post=3593"}],"version-history":[{"count":1,"href":"https:\/\/brasender.com.br\/noticias\/wp-json\/wp\/v2\/posts\/3593\/revisions"}],"predecessor-version":[{"id":3596,"href":"https:\/\/brasender.com.br\/noticias\/wp-json\/wp\/v2\/posts\/3593\/revisions\/3596"}],"wp:featuredmedia":[{"embeddable":true,"href":"https:\/\/brasender.com.br\/noticias\/wp-json\/wp\/v2\/media\/3595"}],"wp:attachment":[{"href":"https:\/\/brasender.com.br\/noticias\/wp-json\/wp\/v2\/media?parent=3593"}],"wp:term":[{"taxonomy":"category","embeddable":true,"href":"https:\/\/brasender.com.br\/noticias\/wp-json\/wp\/v2\/categories?post=3593"},{"taxonomy":"post_tag","embeddable":true,"href":"https:\/\/brasender.com.br\/noticias\/wp-json\/wp\/v2\/tags?post=3593"}],"curies":[{"name":"wp","href":"https:\/\/api.w.org\/{rel}","templated":true}]}}