{"id":3214,"date":"2025-03-26T08:35:58","date_gmt":"2025-03-26T11:35:58","guid":{"rendered":"https:\/\/brasender.com.br\/noticias\/?p=3214"},"modified":"2025-08-02T21:58:33","modified_gmt":"2025-08-03T00:58:33","slug":"tragico-accidente-en-brasil-cubanos-pierden-la-vida-en-la-br-210","status":"publish","type":"post","link":"https:\/\/brasender.com.br\/noticias\/tragico-accidente-en-brasil-cubanos-pierden-la-vida-en-la-br-210\/","title":{"rendered":"Tr\u00e1gico Accidente en Brasil: Cubanos Pierden la Vida en la BR-210"},"content":{"rendered":"\n<p class=\"wp-block-paragraph\">Un tr\u00e1gico accidente de tr\u00e1nsito ocurrido en la madrugada del 25 de marzo en la carretera BR-210, en el estado de Amap\u00e1, Brasil, ha dejado un saldo de cinco personas fallecidas, incluyendo dos ni\u00f1os y un beb\u00e9. Este lamentable suceso involucra a ciudadanos cubanos que buscaban una nueva oportunidad de vida en Brasil.<\/p>\n\n\n\n<figure class=\"wp-block-image size-full\"><img fetchpriority=\"high\" decoding=\"async\" width=\"640\" height=\"426\" src=\"https:\/\/brasender.com.br\/noticias\/wp-content\/uploads\/2025\/03\/Accidente-BR-210.png\" alt=\"\" class=\"wp-image-3216\" srcset=\"https:\/\/brasender.com.br\/noticias\/wp-content\/uploads\/2025\/03\/Accidente-BR-210.png 640w, https:\/\/brasender.com.br\/noticias\/wp-content\/uploads\/2025\/03\/Accidente-BR-210-300x200.png 300w\" sizes=\"(max-width: 640px) 100vw, 640px\" \/><\/figure>\n\n\n\n<p class=\"wp-block-paragraph\">Seg\u00fan informaciones de medios locales, el accidente fue provocado por una colisi\u00f3n frontal entre dos veh\u00edculos. La magnitud del impacto caus\u00f3 la muerte inmediata de tres adultos y dos menores, mientras que otros ocupantes resultaron gravemente heridos y fueron trasladados de urgencia a hospitales de la regi\u00f3n.<\/p>\n\n\n\n<iframe width=\"560\" height=\"315\" src=\"https:\/\/www.youtube.com\/embed\/Or4cdK_izbk?si=NHwJ6L0P93v87G5W&amp;start=37\" title=\"YouTube video player\" frameborder=\"0\" allow=\"accelerometer; autoplay; clipboard-write; encrypted-media; gyroscope; picture-in-picture; web-share\" referrerpolicy=\"strict-origin-when-cross-origin\" allowfullscreen><\/iframe>\n\n\n\n<p class=\"wp-block-paragraph\">Las autoridades informaron que la v\u00eda en la que ocurri\u00f3 el accidente es una ruta frecuentemente utilizada por migrantes en situaci\u00f3n irregular que intentan ingresar al pa\u00eds. La investigaci\u00f3n preliminar sugiere que el exceso de velocidad y la falta de visi\u00f3n nocturna pudieron haber sido factores determinantes en la tragedia. Sin embargo, las causas exactas del choque a\u00fan est\u00e1n siendo analizadas por las autoridades brasile\u00f1as.<\/p>\n\n\n\n<p class=\"wp-block-paragraph\">Los heridos, entre ellos personas con lesiones graves, contin\u00faan internados en diferentes centros m\u00e9dicos, donde reciben atenci\u00f3n especializada. Mientras tanto, familiares de las v\u00edctimas y miembros de la comunidad cubana en Brasil lamentan la p\u00e9rdida de estas vidas y esperan respuestas sobre lo sucedido.<\/p>\n\n\n\n<figure class=\"wp-block-image size-full\"><img decoding=\"async\" width=\"640\" height=\"426\" src=\"https:\/\/brasender.com.br\/noticias\/wp-content\/uploads\/2025\/03\/Accidente-BR-210-2.png\" alt=\"\" class=\"wp-image-3218\" srcset=\"https:\/\/brasender.com.br\/noticias\/wp-content\/uploads\/2025\/03\/Accidente-BR-210-2.png 640w, https:\/\/brasender.com.br\/noticias\/wp-content\/uploads\/2025\/03\/Accidente-BR-210-2-300x200.png 300w\" sizes=\"(max-width: 640px) 100vw, 640px\" \/><\/figure>\n\n\n\n<p class=\"wp-block-paragraph\">Este lamentable incidente pone de manifiesto los riesgos y desaf\u00edos que enfrentan muchos migrantes al emprender traves\u00edas peligrosas en busca de una mejor calidad de vida. La comunidad cubana en Brasil ha expresado su solidaridad con los afectados y sus seres queridos en estos momentos de dolor.<\/p>\n\n\n\n<p class=\"wp-block-paragraph\">A medida que se obtengan m\u00e1s detalles sobre el accidente y el estado de los heridos, continuaremos informando sobre este triste acontecimiento que enluta a muchas familias.<\/p>\n","protected":false},"excerpt":{"rendered":"<p>Un tr\u00e1gico accidente de tr\u00e1nsito ocurrido en la madrugada del 25 de marzo en la carretera BR-210, en el estado de Amap\u00e1, Brasil, ha dejado un saldo de cinco personas fallecidas, incluyendo dos ni\u00f1os y un beb\u00e9. Este lamentable suceso involucra a ciudadanos cubanos que buscaban una nueva oportunidad de vida en Brasil. Seg\u00fan informaciones [&hellip;]<\/p>\n","protected":false},"author":2,"featured_media":3215,"comment_status":"open","ping_status":"open","sticky":false,"template":"","format":"standard","meta":{"_crdt_document":"","footnotes":""},"categories":[69],"tags":[],"class_list":["post-3214","post","type-post","status-publish","format-standard","has-post-thumbnail","hentry","category-noticias"],"yoast_head":"<!-- This site is optimized with the Yoast SEO plugin v27.4 - https:\/\/yoast.com\/product\/yoast-seo-wordpress\/ -->\n<title>Tr\u00e1gico Accidente en Brasil: Cubanos Pierden la Vida en la BR-210 - Brasender Noticias<\/title>\n<meta name=\"robots\" content=\"index, follow, max-snippet:-1, max-image-preview:large, max-video-preview:-1\" \/>\n<link rel=\"canonical\" href=\"https:\/\/brasender.com.br\/noticias\/tragico-accidente-en-brasil-cubanos-pierden-la-vida-en-la-br-210\/\" \/>\n<meta property=\"og:locale\" content=\"pt_BR\" \/>\n<meta property=\"og:type\" content=\"article\" \/>\n<meta property=\"og:title\" content=\"Tr\u00e1gico Accidente en Brasil: Cubanos Pierden la Vida en la BR-210 - Brasender Noticias\" \/>\n<meta property=\"og:description\" content=\"Un tr\u00e1gico accidente de tr\u00e1nsito ocurrido en la madrugada del 25 de marzo en la carretera BR-210, en el estado de Amap\u00e1, Brasil, ha dejado un saldo de cinco personas fallecidas, incluyendo dos ni\u00f1os y un beb\u00e9. Este lamentable suceso involucra a ciudadanos cubanos que buscaban una nueva oportunidad de vida en Brasil. Seg\u00fan informaciones [&hellip;]\" \/>\n<meta property=\"og:url\" content=\"https:\/\/brasender.com.br\/noticias\/tragico-accidente-en-brasil-cubanos-pierden-la-vida-en-la-br-210\/\" \/>\n<meta property=\"og:site_name\" content=\"Brasender Noticias\" \/>\n<meta property=\"article:publisher\" content=\"https:\/\/www.facebook.com\/profile.php?id=61562137653202\" \/>\n<meta property=\"article:published_time\" content=\"2025-03-26T11:35:58+00:00\" \/>\n<meta property=\"article:modified_time\" content=\"2025-08-03T00:58:33+00:00\" \/>\n<meta property=\"og:image\" content=\"https:\/\/brasender.com.br\/noticias\/wp-content\/uploads\/2025\/03\/PRF-BR-210.png\" \/>\n\t<meta property=\"og:image:width\" content=\"640\" \/>\n\t<meta property=\"og:image:height\" content=\"426\" \/>\n\t<meta property=\"og:image:type\" content=\"image\/png\" \/>\n<meta name=\"author\" content=\"Brasender\" \/>\n<meta name=\"twitter:card\" content=\"summary_large_image\" \/>\n<meta name=\"twitter:label1\" content=\"Escrito por\" \/>\n\t<meta name=\"twitter:data1\" content=\"Brasender\" \/>\n\t<meta name=\"twitter:label2\" content=\"Est. tempo de leitura\" \/>\n\t<meta name=\"twitter:data2\" content=\"3 minutos\" \/>\n<script type=\"application\/ld+json\" class=\"yoast-schema-graph\">{\"@context\":\"https:\\\/\\\/schema.org\",\"@graph\":[{\"@type\":\"Article\",\"@id\":\"https:\\\/\\\/brasender.com.br\\\/noticias\\\/tragico-accidente-en-brasil-cubanos-pierden-la-vida-en-la-br-210\\\/#article\",\"isPartOf\":{\"@id\":\"https:\\\/\\\/brasender.com.br\\\/noticias\\\/tragico-accidente-en-brasil-cubanos-pierden-la-vida-en-la-br-210\\\/\"},\"author\":{\"name\":\"Brasender\",\"@id\":\"https:\\\/\\\/brasender.com.br\\\/noticias\\\/#\\\/schema\\\/person\\\/8ff4bab7c83b41a03fbb5302e8977cf6\"},\"headline\":\"Tr\u00e1gico Accidente en Brasil: Cubanos Pierden la Vida en la BR-210\",\"datePublished\":\"2025-03-26T11:35:58+00:00\",\"dateModified\":\"2025-08-03T00:58:33+00:00\",\"mainEntityOfPage\":{\"@id\":\"https:\\\/\\\/brasender.com.br\\\/noticias\\\/tragico-accidente-en-brasil-cubanos-pierden-la-vida-en-la-br-210\\\/\"},\"wordCount\":317,\"commentCount\":0,\"publisher\":{\"@id\":\"https:\\\/\\\/brasender.com.br\\\/noticias\\\/#organization\"},\"image\":{\"@id\":\"https:\\\/\\\/brasender.com.br\\\/noticias\\\/tragico-accidente-en-brasil-cubanos-pierden-la-vida-en-la-br-210\\\/#primaryimage\"},\"thumbnailUrl\":\"https:\\\/\\\/brasender.com.br\\\/noticias\\\/wp-content\\\/uploads\\\/2025\\\/03\\\/PRF-BR-210.png\",\"articleSection\":[\"Noticias\"],\"inLanguage\":\"pt-BR\",\"potentialAction\":[{\"@type\":\"CommentAction\",\"name\":\"Comment\",\"target\":[\"https:\\\/\\\/brasender.com.br\\\/noticias\\\/tragico-accidente-en-brasil-cubanos-pierden-la-vida-en-la-br-210\\\/#respond\"]}]},{\"@type\":\"WebPage\",\"@id\":\"https:\\\/\\\/brasender.com.br\\\/noticias\\\/tragico-accidente-en-brasil-cubanos-pierden-la-vida-en-la-br-210\\\/\",\"url\":\"https:\\\/\\\/brasender.com.br\\\/noticias\\\/tragico-accidente-en-brasil-cubanos-pierden-la-vida-en-la-br-210\\\/\",\"name\":\"Tr\u00e1gico Accidente en Brasil: Cubanos Pierden la Vida en la BR-210 - Brasender Noticias\",\"isPartOf\":{\"@id\":\"https:\\\/\\\/brasender.com.br\\\/noticias\\\/#website\"},\"primaryImageOfPage\":{\"@id\":\"https:\\\/\\\/brasender.com.br\\\/noticias\\\/tragico-accidente-en-brasil-cubanos-pierden-la-vida-en-la-br-210\\\/#primaryimage\"},\"image\":{\"@id\":\"https:\\\/\\\/brasender.com.br\\\/noticias\\\/tragico-accidente-en-brasil-cubanos-pierden-la-vida-en-la-br-210\\\/#primaryimage\"},\"thumbnailUrl\":\"https:\\\/\\\/brasender.com.br\\\/noticias\\\/wp-content\\\/uploads\\\/2025\\\/03\\\/PRF-BR-210.png\",\"datePublished\":\"2025-03-26T11:35:58+00:00\",\"dateModified\":\"2025-08-03T00:58:33+00:00\",\"breadcrumb\":{\"@id\":\"https:\\\/\\\/brasender.com.br\\\/noticias\\\/tragico-accidente-en-brasil-cubanos-pierden-la-vida-en-la-br-210\\\/#breadcrumb\"},\"inLanguage\":\"pt-BR\",\"potentialAction\":[{\"@type\":\"ReadAction\",\"target\":[\"https:\\\/\\\/brasender.com.br\\\/noticias\\\/tragico-accidente-en-brasil-cubanos-pierden-la-vida-en-la-br-210\\\/\"]}]},{\"@type\":\"ImageObject\",\"inLanguage\":\"pt-BR\",\"@id\":\"https:\\\/\\\/brasender.com.br\\\/noticias\\\/tragico-accidente-en-brasil-cubanos-pierden-la-vida-en-la-br-210\\\/#primaryimage\",\"url\":\"https:\\\/\\\/brasender.com.br\\\/noticias\\\/wp-content\\\/uploads\\\/2025\\\/03\\\/PRF-BR-210.png\",\"contentUrl\":\"https:\\\/\\\/brasender.com.br\\\/noticias\\\/wp-content\\\/uploads\\\/2025\\\/03\\\/PRF-BR-210.png\",\"width\":640,\"height\":426,\"caption\":\"PRF BR-210\"},{\"@type\":\"BreadcrumbList\",\"@id\":\"https:\\\/\\\/brasender.com.br\\\/noticias\\\/tragico-accidente-en-brasil-cubanos-pierden-la-vida-en-la-br-210\\\/#breadcrumb\",\"itemListElement\":[{\"@type\":\"ListItem\",\"position\":1,\"name\":\"In\u00edcio\",\"item\":\"https:\\\/\\\/brasender.com.br\\\/noticias\\\/\"},{\"@type\":\"ListItem\",\"position\":2,\"name\":\"Tr\u00e1gico Accidente en Brasil: Cubanos Pierden la Vida en la BR-210\"}]},{\"@type\":\"WebSite\",\"@id\":\"https:\\\/\\\/brasender.com.br\\\/noticias\\\/#website\",\"url\":\"https:\\\/\\\/brasender.com.br\\\/noticias\\\/\",\"name\":\"Brasender Noticias\",\"description\":\"Portal de Noticias Brasender\",\"publisher\":{\"@id\":\"https:\\\/\\\/brasender.com.br\\\/noticias\\\/#organization\"},\"potentialAction\":[{\"@type\":\"SearchAction\",\"target\":{\"@type\":\"EntryPoint\",\"urlTemplate\":\"https:\\\/\\\/brasender.com.br\\\/noticias\\\/?s={search_term_string}\"},\"query-input\":{\"@type\":\"PropertyValueSpecification\",\"valueRequired\":true,\"valueName\":\"search_term_string\"}}],\"inLanguage\":\"pt-BR\"},{\"@type\":\"Organization\",\"@id\":\"https:\\\/\\\/brasender.com.br\\\/noticias\\\/#organization\",\"name\":\"Brasender Noticias\",\"url\":\"https:\\\/\\\/brasender.com.br\\\/noticias\\\/\",\"logo\":{\"@type\":\"ImageObject\",\"inLanguage\":\"pt-BR\",\"@id\":\"https:\\\/\\\/brasender.com.br\\\/noticias\\\/#\\\/schema\\\/logo\\\/image\\\/\",\"url\":\"https:\\\/\\\/brasender.com.br\\\/noticias\\\/wp-content\\\/uploads\\\/2022\\\/03\\\/Brasender-Noticias.png\",\"contentUrl\":\"https:\\\/\\\/brasender.com.br\\\/noticias\\\/wp-content\\\/uploads\\\/2022\\\/03\\\/Brasender-Noticias.png\",\"width\":2048,\"height\":500,\"caption\":\"Brasender Noticias\"},\"image\":{\"@id\":\"https:\\\/\\\/brasender.com.br\\\/noticias\\\/#\\\/schema\\\/logo\\\/image\\\/\"},\"sameAs\":[\"https:\\\/\\\/www.facebook.com\\\/profile.php?id=61562137653202\",\"https:\\\/\\\/www.instagram.com\\\/brasender\\\/\"]},{\"@type\":\"Person\",\"@id\":\"https:\\\/\\\/brasender.com.br\\\/noticias\\\/#\\\/schema\\\/person\\\/8ff4bab7c83b41a03fbb5302e8977cf6\",\"name\":\"Brasender\",\"image\":{\"@type\":\"ImageObject\",\"inLanguage\":\"pt-BR\",\"@id\":\"https:\\\/\\\/secure.gravatar.com\\\/avatar\\\/a3c3990fec24135a7178fc2a02353673b32fe012bfcc277aa1e6331e34513594?s=96&d=mm&r=g\",\"url\":\"https:\\\/\\\/secure.gravatar.com\\\/avatar\\\/a3c3990fec24135a7178fc2a02353673b32fe012bfcc277aa1e6331e34513594?s=96&d=mm&r=g\",\"contentUrl\":\"https:\\\/\\\/secure.gravatar.com\\\/avatar\\\/a3c3990fec24135a7178fc2a02353673b32fe012bfcc277aa1e6331e34513594?s=96&d=mm&r=g\",\"caption\":\"Brasender\"},\"url\":\"https:\\\/\\\/brasender.com.br\\\/noticias\\\/author\\\/brasender\\\/\"}]}<\/script>\n<!-- \/ Yoast SEO plugin. -->","yoast_head_json":{"title":"Tr\u00e1gico Accidente en Brasil: Cubanos Pierden la Vida en la BR-210 - Brasender Noticias","robots":{"index":"index","follow":"follow","max-snippet":"max-snippet:-1","max-image-preview":"max-image-preview:large","max-video-preview":"max-video-preview:-1"},"canonical":"https:\/\/brasender.com.br\/noticias\/tragico-accidente-en-brasil-cubanos-pierden-la-vida-en-la-br-210\/","og_locale":"pt_BR","og_type":"article","og_title":"Tr\u00e1gico Accidente en Brasil: Cubanos Pierden la Vida en la BR-210 - Brasender Noticias","og_description":"Un tr\u00e1gico accidente de tr\u00e1nsito ocurrido en la madrugada del 25 de marzo en la carretera BR-210, en el estado de Amap\u00e1, Brasil, ha dejado un saldo de cinco personas fallecidas, incluyendo dos ni\u00f1os y un beb\u00e9. Este lamentable suceso involucra a ciudadanos cubanos que buscaban una nueva oportunidad de vida en Brasil. Seg\u00fan informaciones [&hellip;]","og_url":"https:\/\/brasender.com.br\/noticias\/tragico-accidente-en-brasil-cubanos-pierden-la-vida-en-la-br-210\/","og_site_name":"Brasender Noticias","article_publisher":"https:\/\/www.facebook.com\/profile.php?id=61562137653202","article_published_time":"2025-03-26T11:35:58+00:00","article_modified_time":"2025-08-03T00:58:33+00:00","og_image":[{"width":640,"height":426,"url":"https:\/\/brasender.com.br\/noticias\/wp-content\/uploads\/2025\/03\/PRF-BR-210.png","type":"image\/png"}],"author":"Brasender","twitter_card":"summary_large_image","twitter_misc":{"Escrito por":"Brasender","Est. tempo de leitura":"3 minutos"},"schema":{"@context":"https:\/\/schema.org","@graph":[{"@type":"Article","@id":"https:\/\/brasender.com.br\/noticias\/tragico-accidente-en-brasil-cubanos-pierden-la-vida-en-la-br-210\/#article","isPartOf":{"@id":"https:\/\/brasender.com.br\/noticias\/tragico-accidente-en-brasil-cubanos-pierden-la-vida-en-la-br-210\/"},"author":{"name":"Brasender","@id":"https:\/\/brasender.com.br\/noticias\/#\/schema\/person\/8ff4bab7c83b41a03fbb5302e8977cf6"},"headline":"Tr\u00e1gico Accidente en Brasil: Cubanos Pierden la Vida en la BR-210","datePublished":"2025-03-26T11:35:58+00:00","dateModified":"2025-08-03T00:58:33+00:00","mainEntityOfPage":{"@id":"https:\/\/brasender.com.br\/noticias\/tragico-accidente-en-brasil-cubanos-pierden-la-vida-en-la-br-210\/"},"wordCount":317,"commentCount":0,"publisher":{"@id":"https:\/\/brasender.com.br\/noticias\/#organization"},"image":{"@id":"https:\/\/brasender.com.br\/noticias\/tragico-accidente-en-brasil-cubanos-pierden-la-vida-en-la-br-210\/#primaryimage"},"thumbnailUrl":"https:\/\/brasender.com.br\/noticias\/wp-content\/uploads\/2025\/03\/PRF-BR-210.png","articleSection":["Noticias"],"inLanguage":"pt-BR","potentialAction":[{"@type":"CommentAction","name":"Comment","target":["https:\/\/brasender.com.br\/noticias\/tragico-accidente-en-brasil-cubanos-pierden-la-vida-en-la-br-210\/#respond"]}]},{"@type":"WebPage","@id":"https:\/\/brasender.com.br\/noticias\/tragico-accidente-en-brasil-cubanos-pierden-la-vida-en-la-br-210\/","url":"https:\/\/brasender.com.br\/noticias\/tragico-accidente-en-brasil-cubanos-pierden-la-vida-en-la-br-210\/","name":"Tr\u00e1gico Accidente en Brasil: Cubanos Pierden la Vida en la BR-210 - Brasender Noticias","isPartOf":{"@id":"https:\/\/brasender.com.br\/noticias\/#website"},"primaryImageOfPage":{"@id":"https:\/\/brasender.com.br\/noticias\/tragico-accidente-en-brasil-cubanos-pierden-la-vida-en-la-br-210\/#primaryimage"},"image":{"@id":"https:\/\/brasender.com.br\/noticias\/tragico-accidente-en-brasil-cubanos-pierden-la-vida-en-la-br-210\/#primaryimage"},"thumbnailUrl":"https:\/\/brasender.com.br\/noticias\/wp-content\/uploads\/2025\/03\/PRF-BR-210.png","datePublished":"2025-03-26T11:35:58+00:00","dateModified":"2025-08-03T00:58:33+00:00","breadcrumb":{"@id":"https:\/\/brasender.com.br\/noticias\/tragico-accidente-en-brasil-cubanos-pierden-la-vida-en-la-br-210\/#breadcrumb"},"inLanguage":"pt-BR","potentialAction":[{"@type":"ReadAction","target":["https:\/\/brasender.com.br\/noticias\/tragico-accidente-en-brasil-cubanos-pierden-la-vida-en-la-br-210\/"]}]},{"@type":"ImageObject","inLanguage":"pt-BR","@id":"https:\/\/brasender.com.br\/noticias\/tragico-accidente-en-brasil-cubanos-pierden-la-vida-en-la-br-210\/#primaryimage","url":"https:\/\/brasender.com.br\/noticias\/wp-content\/uploads\/2025\/03\/PRF-BR-210.png","contentUrl":"https:\/\/brasender.com.br\/noticias\/wp-content\/uploads\/2025\/03\/PRF-BR-210.png","width":640,"height":426,"caption":"PRF BR-210"},{"@type":"BreadcrumbList","@id":"https:\/\/brasender.com.br\/noticias\/tragico-accidente-en-brasil-cubanos-pierden-la-vida-en-la-br-210\/#breadcrumb","itemListElement":[{"@type":"ListItem","position":1,"name":"In\u00edcio","item":"https:\/\/brasender.com.br\/noticias\/"},{"@type":"ListItem","position":2,"name":"Tr\u00e1gico Accidente en Brasil: Cubanos Pierden la Vida en la BR-210"}]},{"@type":"WebSite","@id":"https:\/\/brasender.com.br\/noticias\/#website","url":"https:\/\/brasender.com.br\/noticias\/","name":"Brasender Noticias","description":"Portal de Noticias Brasender","publisher":{"@id":"https:\/\/brasender.com.br\/noticias\/#organization"},"potentialAction":[{"@type":"SearchAction","target":{"@type":"EntryPoint","urlTemplate":"https:\/\/brasender.com.br\/noticias\/?s={search_term_string}"},"query-input":{"@type":"PropertyValueSpecification","valueRequired":true,"valueName":"search_term_string"}}],"inLanguage":"pt-BR"},{"@type":"Organization","@id":"https:\/\/brasender.com.br\/noticias\/#organization","name":"Brasender Noticias","url":"https:\/\/brasender.com.br\/noticias\/","logo":{"@type":"ImageObject","inLanguage":"pt-BR","@id":"https:\/\/brasender.com.br\/noticias\/#\/schema\/logo\/image\/","url":"https:\/\/brasender.com.br\/noticias\/wp-content\/uploads\/2022\/03\/Brasender-Noticias.png","contentUrl":"https:\/\/brasender.com.br\/noticias\/wp-content\/uploads\/2022\/03\/Brasender-Noticias.png","width":2048,"height":500,"caption":"Brasender Noticias"},"image":{"@id":"https:\/\/brasender.com.br\/noticias\/#\/schema\/logo\/image\/"},"sameAs":["https:\/\/www.facebook.com\/profile.php?id=61562137653202","https:\/\/www.instagram.com\/brasender\/"]},{"@type":"Person","@id":"https:\/\/brasender.com.br\/noticias\/#\/schema\/person\/8ff4bab7c83b41a03fbb5302e8977cf6","name":"Brasender","image":{"@type":"ImageObject","inLanguage":"pt-BR","@id":"https:\/\/secure.gravatar.com\/avatar\/a3c3990fec24135a7178fc2a02353673b32fe012bfcc277aa1e6331e34513594?s=96&d=mm&r=g","url":"https:\/\/secure.gravatar.com\/avatar\/a3c3990fec24135a7178fc2a02353673b32fe012bfcc277aa1e6331e34513594?s=96&d=mm&r=g","contentUrl":"https:\/\/secure.gravatar.com\/avatar\/a3c3990fec24135a7178fc2a02353673b32fe012bfcc277aa1e6331e34513594?s=96&d=mm&r=g","caption":"Brasender"},"url":"https:\/\/brasender.com.br\/noticias\/author\/brasender\/"}]}},"_links":{"self":[{"href":"https:\/\/brasender.com.br\/noticias\/wp-json\/wp\/v2\/posts\/3214","targetHints":{"allow":["GET"]}}],"collection":[{"href":"https:\/\/brasender.com.br\/noticias\/wp-json\/wp\/v2\/posts"}],"about":[{"href":"https:\/\/brasender.com.br\/noticias\/wp-json\/wp\/v2\/types\/post"}],"author":[{"embeddable":true,"href":"https:\/\/brasender.com.br\/noticias\/wp-json\/wp\/v2\/users\/2"}],"replies":[{"embeddable":true,"href":"https:\/\/brasender.com.br\/noticias\/wp-json\/wp\/v2\/comments?post=3214"}],"version-history":[{"count":2,"href":"https:\/\/brasender.com.br\/noticias\/wp-json\/wp\/v2\/posts\/3214\/revisions"}],"predecessor-version":[{"id":3219,"href":"https:\/\/brasender.com.br\/noticias\/wp-json\/wp\/v2\/posts\/3214\/revisions\/3219"}],"wp:featuredmedia":[{"embeddable":true,"href":"https:\/\/brasender.com.br\/noticias\/wp-json\/wp\/v2\/media\/3215"}],"wp:attachment":[{"href":"https:\/\/brasender.com.br\/noticias\/wp-json\/wp\/v2\/media?parent=3214"}],"wp:term":[{"taxonomy":"category","embeddable":true,"href":"https:\/\/brasender.com.br\/noticias\/wp-json\/wp\/v2\/categories?post=3214"},{"taxonomy":"post_tag","embeddable":true,"href":"https:\/\/brasender.com.br\/noticias\/wp-json\/wp\/v2\/tags?post=3214"}],"curies":[{"name":"wp","href":"https:\/\/api.w.org\/{rel}","templated":true}]}}