{"id":3167,"date":"2025-03-21T09:31:56","date_gmt":"2025-03-21T12:31:56","guid":{"rendered":"https:\/\/brasender.com.br\/noticias\/?p=3167"},"modified":"2025-08-02T22:06:26","modified_gmt":"2025-08-03T01:06:26","slug":"trump-revoca-el-parole-humanitario-un-golpe-para-miles-de-migrantes","status":"publish","type":"post","link":"https:\/\/brasender.com.br\/noticias\/trump-revoca-el-parole-humanitario-un-golpe-para-miles-de-migrantes\/","title":{"rendered":"Trump Revoca el Parole Humanitario: Un Golpe para Miles de Migrantes"},"content":{"rendered":"\n<p class=\"wp-block-paragraph\">En un giro que ha sacudido a la comunidad migrante, el presidente <strong>Donald Trump<\/strong> ha revocado el programa de parole humanitario, una medida que afectar\u00e1 a miles de personas que buscaban una oportunidad para ingresar legalmente a los <strong>Estados Unidos.<\/strong> Esta decisi\u00f3n ha generado preocupaci\u00f3n y descontento, especialmente entre aquellos que esperaban beneficiarse del programa.<\/p>\n\n\n\n<p class=\"wp-block-paragraph\">El parole humanitario hab\u00eda sido establecido como una v\u00eda legal para que ciertos migrantes pudieran entrar temporalmente a los EE. UU. por razones humanitarias urgentes o de beneficio p\u00fablico significativo. Sin embargo, a causa de esta revocaci\u00f3n, muchos migrantes que contaban con esta opci\u00f3n ven ahora su futuro en incertidumbre.<\/p>\n\n\n\n<p class=\"wp-block-paragraph\">Trump ha argumentado que esta medida es necesaria para reforzar la seguridad en la frontera y frenar el flujo de migrantes. Sin embargo, organizaciones de derechos humanos han criticado fuertemente esta decisi\u00f3n, se\u00f1alando que pone en riesgo a muchas personas vulnerables que huyen de crisis en sus pa\u00edses de origen.<\/p>\n\n\n\n<p class=\"wp-block-paragraph\">La revocaci\u00f3n del parole humanitario tambi\u00e9n genera dudas sobre el futuro de quienes ya estaban en proceso de solicitud o hab\u00edan sido aprobados recientemente. Sin embargo, a\u00fan se espera una respuesta clara de las autoridades sobre los pasos a seguir para estos casos espec\u00edficos.<\/p>\n\n\n\n<p class=\"wp-block-paragraph\">Este cambio en la pol\u00edtica migratoria ha provocado una oleada de reacciones tanto en la comunidad internacional como dentro de los propios Estados Unidos. Mientras algunos sectores apoyan la decisi\u00f3n bajo el argumento del control migratorio, otros la consideran un retroceso en materia de derechos humanos y protecci\u00f3n a los m\u00e1s vulnerables.<\/p>\n\n\n\n<p class=\"wp-block-paragraph\">A medida que la situaci\u00f3n se desarrolla, miles de migrantes y sus familias contin\u00faan esperando claridad sobre su situaci\u00f3n legal. Sin embargo, organizaciones pro-migrantes instan a quienes se vean afectados a buscar asesoramiento legal y mantenerse informados sobre posibles recursos disponibles.<\/p>\n\n\n\n<p class=\"wp-block-paragraph\">La incertidumbre en torno a esta medida deja en evidencia la fragilidad de las pol\u00edticas migratorias en los EE. UU., pero tambi\u00e9n refuerza el debate sobre la necesidad de soluciones humanitarias sostenibles para quienes buscan una vida mejor.<\/p>\n\n\n\n<p class=\"wp-block-paragraph\"><\/p>\n","protected":false},"excerpt":{"rendered":"<p>En un giro que ha sacudido a la comunidad migrante, el presidente Donald Trump ha revocado el programa de parole humanitario, una medida que afectar\u00e1 a miles de personas que buscaban una oportunidad para ingresar legalmente a los Estados Unidos. Esta decisi\u00f3n ha generado preocupaci\u00f3n y descontento, especialmente entre aquellos que esperaban beneficiarse del programa. [&hellip;]<\/p>\n","protected":false},"author":2,"featured_media":3168,"comment_status":"open","ping_status":"open","sticky":false,"template":"","format":"standard","meta":{"_crdt_document":"","footnotes":""},"categories":[66],"tags":[],"class_list":["post-3167","post","type-post","status-publish","format-standard","has-post-thumbnail","hentry","category-migracion"],"yoast_head":"<!-- This site is optimized with the Yoast SEO plugin v27.4 - https:\/\/yoast.com\/product\/yoast-seo-wordpress\/ -->\n<title>Trump Revoca el Parole Humanitario: Un Golpe para Miles de Migrantes - Brasender Noticias<\/title>\n<meta name=\"robots\" content=\"index, follow, max-snippet:-1, max-image-preview:large, max-video-preview:-1\" \/>\n<link rel=\"canonical\" href=\"https:\/\/brasender.com.br\/noticias\/trump-revoca-el-parole-humanitario-un-golpe-para-miles-de-migrantes\/\" \/>\n<meta property=\"og:locale\" content=\"pt_BR\" \/>\n<meta property=\"og:type\" content=\"article\" \/>\n<meta property=\"og:title\" content=\"Trump Revoca el Parole Humanitario: Un Golpe para Miles de Migrantes - Brasender Noticias\" \/>\n<meta property=\"og:description\" content=\"En un giro que ha sacudido a la comunidad migrante, el presidente Donald Trump ha revocado el programa de parole humanitario, una medida que afectar\u00e1 a miles de personas que buscaban una oportunidad para ingresar legalmente a los Estados Unidos. Esta decisi\u00f3n ha generado preocupaci\u00f3n y descontento, especialmente entre aquellos que esperaban beneficiarse del programa. [&hellip;]\" \/>\n<meta property=\"og:url\" content=\"https:\/\/brasender.com.br\/noticias\/trump-revoca-el-parole-humanitario-un-golpe-para-miles-de-migrantes\/\" \/>\n<meta property=\"og:site_name\" content=\"Brasender Noticias\" \/>\n<meta property=\"article:publisher\" content=\"https:\/\/www.facebook.com\/profile.php?id=61562137653202\" \/>\n<meta property=\"article:published_time\" content=\"2025-03-21T12:31:56+00:00\" \/>\n<meta property=\"article:modified_time\" content=\"2025-08-03T01:06:26+00:00\" \/>\n<meta property=\"og:image\" content=\"https:\/\/brasender.com.br\/noticias\/wp-content\/uploads\/2025\/03\/Donald-Trump.png\" \/>\n\t<meta property=\"og:image:width\" content=\"640\" \/>\n\t<meta property=\"og:image:height\" content=\"426\" \/>\n\t<meta property=\"og:image:type\" content=\"image\/png\" \/>\n<meta name=\"author\" content=\"Brasender\" \/>\n<meta name=\"twitter:card\" content=\"summary_large_image\" \/>\n<meta name=\"twitter:label1\" content=\"Escrito por\" \/>\n\t<meta name=\"twitter:data1\" content=\"Brasender\" \/>\n\t<meta name=\"twitter:label2\" content=\"Est. tempo de leitura\" \/>\n\t<meta name=\"twitter:data2\" content=\"1 minuto\" \/>\n<script type=\"application\/ld+json\" class=\"yoast-schema-graph\">{\"@context\":\"https:\\\/\\\/schema.org\",\"@graph\":[{\"@type\":\"Article\",\"@id\":\"https:\\\/\\\/brasender.com.br\\\/noticias\\\/trump-revoca-el-parole-humanitario-un-golpe-para-miles-de-migrantes\\\/#article\",\"isPartOf\":{\"@id\":\"https:\\\/\\\/brasender.com.br\\\/noticias\\\/trump-revoca-el-parole-humanitario-un-golpe-para-miles-de-migrantes\\\/\"},\"author\":{\"name\":\"Brasender\",\"@id\":\"https:\\\/\\\/brasender.com.br\\\/noticias\\\/#\\\/schema\\\/person\\\/8ff4bab7c83b41a03fbb5302e8977cf6\"},\"headline\":\"Trump Revoca el Parole Humanitario: Un Golpe para Miles de Migrantes\",\"datePublished\":\"2025-03-21T12:31:56+00:00\",\"dateModified\":\"2025-08-03T01:06:26+00:00\",\"mainEntityOfPage\":{\"@id\":\"https:\\\/\\\/brasender.com.br\\\/noticias\\\/trump-revoca-el-parole-humanitario-un-golpe-para-miles-de-migrantes\\\/\"},\"wordCount\":365,\"commentCount\":0,\"publisher\":{\"@id\":\"https:\\\/\\\/brasender.com.br\\\/noticias\\\/#organization\"},\"image\":{\"@id\":\"https:\\\/\\\/brasender.com.br\\\/noticias\\\/trump-revoca-el-parole-humanitario-un-golpe-para-miles-de-migrantes\\\/#primaryimage\"},\"thumbnailUrl\":\"https:\\\/\\\/brasender.com.br\\\/noticias\\\/wp-content\\\/uploads\\\/2025\\\/03\\\/Donald-Trump.png\",\"articleSection\":[\"Migraci\u00f3n\"],\"inLanguage\":\"pt-BR\",\"potentialAction\":[{\"@type\":\"CommentAction\",\"name\":\"Comment\",\"target\":[\"https:\\\/\\\/brasender.com.br\\\/noticias\\\/trump-revoca-el-parole-humanitario-un-golpe-para-miles-de-migrantes\\\/#respond\"]}]},{\"@type\":\"WebPage\",\"@id\":\"https:\\\/\\\/brasender.com.br\\\/noticias\\\/trump-revoca-el-parole-humanitario-un-golpe-para-miles-de-migrantes\\\/\",\"url\":\"https:\\\/\\\/brasender.com.br\\\/noticias\\\/trump-revoca-el-parole-humanitario-un-golpe-para-miles-de-migrantes\\\/\",\"name\":\"Trump Revoca el Parole Humanitario: Un Golpe para Miles de Migrantes - Brasender Noticias\",\"isPartOf\":{\"@id\":\"https:\\\/\\\/brasender.com.br\\\/noticias\\\/#website\"},\"primaryImageOfPage\":{\"@id\":\"https:\\\/\\\/brasender.com.br\\\/noticias\\\/trump-revoca-el-parole-humanitario-un-golpe-para-miles-de-migrantes\\\/#primaryimage\"},\"image\":{\"@id\":\"https:\\\/\\\/brasender.com.br\\\/noticias\\\/trump-revoca-el-parole-humanitario-un-golpe-para-miles-de-migrantes\\\/#primaryimage\"},\"thumbnailUrl\":\"https:\\\/\\\/brasender.com.br\\\/noticias\\\/wp-content\\\/uploads\\\/2025\\\/03\\\/Donald-Trump.png\",\"datePublished\":\"2025-03-21T12:31:56+00:00\",\"dateModified\":\"2025-08-03T01:06:26+00:00\",\"breadcrumb\":{\"@id\":\"https:\\\/\\\/brasender.com.br\\\/noticias\\\/trump-revoca-el-parole-humanitario-un-golpe-para-miles-de-migrantes\\\/#breadcrumb\"},\"inLanguage\":\"pt-BR\",\"potentialAction\":[{\"@type\":\"ReadAction\",\"target\":[\"https:\\\/\\\/brasender.com.br\\\/noticias\\\/trump-revoca-el-parole-humanitario-un-golpe-para-miles-de-migrantes\\\/\"]}]},{\"@type\":\"ImageObject\",\"inLanguage\":\"pt-BR\",\"@id\":\"https:\\\/\\\/brasender.com.br\\\/noticias\\\/trump-revoca-el-parole-humanitario-un-golpe-para-miles-de-migrantes\\\/#primaryimage\",\"url\":\"https:\\\/\\\/brasender.com.br\\\/noticias\\\/wp-content\\\/uploads\\\/2025\\\/03\\\/Donald-Trump.png\",\"contentUrl\":\"https:\\\/\\\/brasender.com.br\\\/noticias\\\/wp-content\\\/uploads\\\/2025\\\/03\\\/Donald-Trump.png\",\"width\":640,\"height\":426,\"caption\":\"Donald Trump\"},{\"@type\":\"BreadcrumbList\",\"@id\":\"https:\\\/\\\/brasender.com.br\\\/noticias\\\/trump-revoca-el-parole-humanitario-un-golpe-para-miles-de-migrantes\\\/#breadcrumb\",\"itemListElement\":[{\"@type\":\"ListItem\",\"position\":1,\"name\":\"In\u00edcio\",\"item\":\"https:\\\/\\\/brasender.com.br\\\/noticias\\\/\"},{\"@type\":\"ListItem\",\"position\":2,\"name\":\"Trump Revoca el Parole Humanitario: Un Golpe para Miles de Migrantes\"}]},{\"@type\":\"WebSite\",\"@id\":\"https:\\\/\\\/brasender.com.br\\\/noticias\\\/#website\",\"url\":\"https:\\\/\\\/brasender.com.br\\\/noticias\\\/\",\"name\":\"Brasender Noticias\",\"description\":\"Portal de Noticias Brasender\",\"publisher\":{\"@id\":\"https:\\\/\\\/brasender.com.br\\\/noticias\\\/#organization\"},\"potentialAction\":[{\"@type\":\"SearchAction\",\"target\":{\"@type\":\"EntryPoint\",\"urlTemplate\":\"https:\\\/\\\/brasender.com.br\\\/noticias\\\/?s={search_term_string}\"},\"query-input\":{\"@type\":\"PropertyValueSpecification\",\"valueRequired\":true,\"valueName\":\"search_term_string\"}}],\"inLanguage\":\"pt-BR\"},{\"@type\":\"Organization\",\"@id\":\"https:\\\/\\\/brasender.com.br\\\/noticias\\\/#organization\",\"name\":\"Brasender Noticias\",\"url\":\"https:\\\/\\\/brasender.com.br\\\/noticias\\\/\",\"logo\":{\"@type\":\"ImageObject\",\"inLanguage\":\"pt-BR\",\"@id\":\"https:\\\/\\\/brasender.com.br\\\/noticias\\\/#\\\/schema\\\/logo\\\/image\\\/\",\"url\":\"https:\\\/\\\/brasender.com.br\\\/noticias\\\/wp-content\\\/uploads\\\/2022\\\/03\\\/Brasender-Noticias.png\",\"contentUrl\":\"https:\\\/\\\/brasender.com.br\\\/noticias\\\/wp-content\\\/uploads\\\/2022\\\/03\\\/Brasender-Noticias.png\",\"width\":2048,\"height\":500,\"caption\":\"Brasender Noticias\"},\"image\":{\"@id\":\"https:\\\/\\\/brasender.com.br\\\/noticias\\\/#\\\/schema\\\/logo\\\/image\\\/\"},\"sameAs\":[\"https:\\\/\\\/www.facebook.com\\\/profile.php?id=61562137653202\",\"https:\\\/\\\/www.instagram.com\\\/brasender\\\/\"]},{\"@type\":\"Person\",\"@id\":\"https:\\\/\\\/brasender.com.br\\\/noticias\\\/#\\\/schema\\\/person\\\/8ff4bab7c83b41a03fbb5302e8977cf6\",\"name\":\"Brasender\",\"image\":{\"@type\":\"ImageObject\",\"inLanguage\":\"pt-BR\",\"@id\":\"https:\\\/\\\/secure.gravatar.com\\\/avatar\\\/a3c3990fec24135a7178fc2a02353673b32fe012bfcc277aa1e6331e34513594?s=96&d=mm&r=g\",\"url\":\"https:\\\/\\\/secure.gravatar.com\\\/avatar\\\/a3c3990fec24135a7178fc2a02353673b32fe012bfcc277aa1e6331e34513594?s=96&d=mm&r=g\",\"contentUrl\":\"https:\\\/\\\/secure.gravatar.com\\\/avatar\\\/a3c3990fec24135a7178fc2a02353673b32fe012bfcc277aa1e6331e34513594?s=96&d=mm&r=g\",\"caption\":\"Brasender\"},\"url\":\"https:\\\/\\\/brasender.com.br\\\/noticias\\\/author\\\/brasender\\\/\"}]}<\/script>\n<!-- \/ Yoast SEO plugin. -->","yoast_head_json":{"title":"Trump Revoca el Parole Humanitario: Un Golpe para Miles de Migrantes - Brasender Noticias","robots":{"index":"index","follow":"follow","max-snippet":"max-snippet:-1","max-image-preview":"max-image-preview:large","max-video-preview":"max-video-preview:-1"},"canonical":"https:\/\/brasender.com.br\/noticias\/trump-revoca-el-parole-humanitario-un-golpe-para-miles-de-migrantes\/","og_locale":"pt_BR","og_type":"article","og_title":"Trump Revoca el Parole Humanitario: Un Golpe para Miles de Migrantes - Brasender Noticias","og_description":"En un giro que ha sacudido a la comunidad migrante, el presidente Donald Trump ha revocado el programa de parole humanitario, una medida que afectar\u00e1 a miles de personas que buscaban una oportunidad para ingresar legalmente a los Estados Unidos. Esta decisi\u00f3n ha generado preocupaci\u00f3n y descontento, especialmente entre aquellos que esperaban beneficiarse del programa. [&hellip;]","og_url":"https:\/\/brasender.com.br\/noticias\/trump-revoca-el-parole-humanitario-un-golpe-para-miles-de-migrantes\/","og_site_name":"Brasender Noticias","article_publisher":"https:\/\/www.facebook.com\/profile.php?id=61562137653202","article_published_time":"2025-03-21T12:31:56+00:00","article_modified_time":"2025-08-03T01:06:26+00:00","og_image":[{"width":640,"height":426,"url":"https:\/\/brasender.com.br\/noticias\/wp-content\/uploads\/2025\/03\/Donald-Trump.png","type":"image\/png"}],"author":"Brasender","twitter_card":"summary_large_image","twitter_misc":{"Escrito por":"Brasender","Est. tempo de leitura":"1 minuto"},"schema":{"@context":"https:\/\/schema.org","@graph":[{"@type":"Article","@id":"https:\/\/brasender.com.br\/noticias\/trump-revoca-el-parole-humanitario-un-golpe-para-miles-de-migrantes\/#article","isPartOf":{"@id":"https:\/\/brasender.com.br\/noticias\/trump-revoca-el-parole-humanitario-un-golpe-para-miles-de-migrantes\/"},"author":{"name":"Brasender","@id":"https:\/\/brasender.com.br\/noticias\/#\/schema\/person\/8ff4bab7c83b41a03fbb5302e8977cf6"},"headline":"Trump Revoca el Parole Humanitario: Un Golpe para Miles de Migrantes","datePublished":"2025-03-21T12:31:56+00:00","dateModified":"2025-08-03T01:06:26+00:00","mainEntityOfPage":{"@id":"https:\/\/brasender.com.br\/noticias\/trump-revoca-el-parole-humanitario-un-golpe-para-miles-de-migrantes\/"},"wordCount":365,"commentCount":0,"publisher":{"@id":"https:\/\/brasender.com.br\/noticias\/#organization"},"image":{"@id":"https:\/\/brasender.com.br\/noticias\/trump-revoca-el-parole-humanitario-un-golpe-para-miles-de-migrantes\/#primaryimage"},"thumbnailUrl":"https:\/\/brasender.com.br\/noticias\/wp-content\/uploads\/2025\/03\/Donald-Trump.png","articleSection":["Migraci\u00f3n"],"inLanguage":"pt-BR","potentialAction":[{"@type":"CommentAction","name":"Comment","target":["https:\/\/brasender.com.br\/noticias\/trump-revoca-el-parole-humanitario-un-golpe-para-miles-de-migrantes\/#respond"]}]},{"@type":"WebPage","@id":"https:\/\/brasender.com.br\/noticias\/trump-revoca-el-parole-humanitario-un-golpe-para-miles-de-migrantes\/","url":"https:\/\/brasender.com.br\/noticias\/trump-revoca-el-parole-humanitario-un-golpe-para-miles-de-migrantes\/","name":"Trump Revoca el Parole Humanitario: Un Golpe para Miles de Migrantes - Brasender Noticias","isPartOf":{"@id":"https:\/\/brasender.com.br\/noticias\/#website"},"primaryImageOfPage":{"@id":"https:\/\/brasender.com.br\/noticias\/trump-revoca-el-parole-humanitario-un-golpe-para-miles-de-migrantes\/#primaryimage"},"image":{"@id":"https:\/\/brasender.com.br\/noticias\/trump-revoca-el-parole-humanitario-un-golpe-para-miles-de-migrantes\/#primaryimage"},"thumbnailUrl":"https:\/\/brasender.com.br\/noticias\/wp-content\/uploads\/2025\/03\/Donald-Trump.png","datePublished":"2025-03-21T12:31:56+00:00","dateModified":"2025-08-03T01:06:26+00:00","breadcrumb":{"@id":"https:\/\/brasender.com.br\/noticias\/trump-revoca-el-parole-humanitario-un-golpe-para-miles-de-migrantes\/#breadcrumb"},"inLanguage":"pt-BR","potentialAction":[{"@type":"ReadAction","target":["https:\/\/brasender.com.br\/noticias\/trump-revoca-el-parole-humanitario-un-golpe-para-miles-de-migrantes\/"]}]},{"@type":"ImageObject","inLanguage":"pt-BR","@id":"https:\/\/brasender.com.br\/noticias\/trump-revoca-el-parole-humanitario-un-golpe-para-miles-de-migrantes\/#primaryimage","url":"https:\/\/brasender.com.br\/noticias\/wp-content\/uploads\/2025\/03\/Donald-Trump.png","contentUrl":"https:\/\/brasender.com.br\/noticias\/wp-content\/uploads\/2025\/03\/Donald-Trump.png","width":640,"height":426,"caption":"Donald Trump"},{"@type":"BreadcrumbList","@id":"https:\/\/brasender.com.br\/noticias\/trump-revoca-el-parole-humanitario-un-golpe-para-miles-de-migrantes\/#breadcrumb","itemListElement":[{"@type":"ListItem","position":1,"name":"In\u00edcio","item":"https:\/\/brasender.com.br\/noticias\/"},{"@type":"ListItem","position":2,"name":"Trump Revoca el Parole Humanitario: Un Golpe para Miles de Migrantes"}]},{"@type":"WebSite","@id":"https:\/\/brasender.com.br\/noticias\/#website","url":"https:\/\/brasender.com.br\/noticias\/","name":"Brasender Noticias","description":"Portal de Noticias Brasender","publisher":{"@id":"https:\/\/brasender.com.br\/noticias\/#organization"},"potentialAction":[{"@type":"SearchAction","target":{"@type":"EntryPoint","urlTemplate":"https:\/\/brasender.com.br\/noticias\/?s={search_term_string}"},"query-input":{"@type":"PropertyValueSpecification","valueRequired":true,"valueName":"search_term_string"}}],"inLanguage":"pt-BR"},{"@type":"Organization","@id":"https:\/\/brasender.com.br\/noticias\/#organization","name":"Brasender Noticias","url":"https:\/\/brasender.com.br\/noticias\/","logo":{"@type":"ImageObject","inLanguage":"pt-BR","@id":"https:\/\/brasender.com.br\/noticias\/#\/schema\/logo\/image\/","url":"https:\/\/brasender.com.br\/noticias\/wp-content\/uploads\/2022\/03\/Brasender-Noticias.png","contentUrl":"https:\/\/brasender.com.br\/noticias\/wp-content\/uploads\/2022\/03\/Brasender-Noticias.png","width":2048,"height":500,"caption":"Brasender Noticias"},"image":{"@id":"https:\/\/brasender.com.br\/noticias\/#\/schema\/logo\/image\/"},"sameAs":["https:\/\/www.facebook.com\/profile.php?id=61562137653202","https:\/\/www.instagram.com\/brasender\/"]},{"@type":"Person","@id":"https:\/\/brasender.com.br\/noticias\/#\/schema\/person\/8ff4bab7c83b41a03fbb5302e8977cf6","name":"Brasender","image":{"@type":"ImageObject","inLanguage":"pt-BR","@id":"https:\/\/secure.gravatar.com\/avatar\/a3c3990fec24135a7178fc2a02353673b32fe012bfcc277aa1e6331e34513594?s=96&d=mm&r=g","url":"https:\/\/secure.gravatar.com\/avatar\/a3c3990fec24135a7178fc2a02353673b32fe012bfcc277aa1e6331e34513594?s=96&d=mm&r=g","contentUrl":"https:\/\/secure.gravatar.com\/avatar\/a3c3990fec24135a7178fc2a02353673b32fe012bfcc277aa1e6331e34513594?s=96&d=mm&r=g","caption":"Brasender"},"url":"https:\/\/brasender.com.br\/noticias\/author\/brasender\/"}]}},"_links":{"self":[{"href":"https:\/\/brasender.com.br\/noticias\/wp-json\/wp\/v2\/posts\/3167","targetHints":{"allow":["GET"]}}],"collection":[{"href":"https:\/\/brasender.com.br\/noticias\/wp-json\/wp\/v2\/posts"}],"about":[{"href":"https:\/\/brasender.com.br\/noticias\/wp-json\/wp\/v2\/types\/post"}],"author":[{"embeddable":true,"href":"https:\/\/brasender.com.br\/noticias\/wp-json\/wp\/v2\/users\/2"}],"replies":[{"embeddable":true,"href":"https:\/\/brasender.com.br\/noticias\/wp-json\/wp\/v2\/comments?post=3167"}],"version-history":[{"count":2,"href":"https:\/\/brasender.com.br\/noticias\/wp-json\/wp\/v2\/posts\/3167\/revisions"}],"predecessor-version":[{"id":3232,"href":"https:\/\/brasender.com.br\/noticias\/wp-json\/wp\/v2\/posts\/3167\/revisions\/3232"}],"wp:featuredmedia":[{"embeddable":true,"href":"https:\/\/brasender.com.br\/noticias\/wp-json\/wp\/v2\/media\/3168"}],"wp:attachment":[{"href":"https:\/\/brasender.com.br\/noticias\/wp-json\/wp\/v2\/media?parent=3167"}],"wp:term":[{"taxonomy":"category","embeddable":true,"href":"https:\/\/brasender.com.br\/noticias\/wp-json\/wp\/v2\/categories?post=3167"},{"taxonomy":"post_tag","embeddable":true,"href":"https:\/\/brasender.com.br\/noticias\/wp-json\/wp\/v2\/tags?post=3167"}],"curies":[{"name":"wp","href":"https:\/\/api.w.org\/{rel}","templated":true}]}}