{"id":2995,"date":"2025-03-01T11:21:10","date_gmt":"2025-03-01T14:21:10","guid":{"rendered":"https:\/\/brasender.com.br\/noticias\/?p=2995"},"modified":"2025-08-02T22:00:45","modified_gmt":"2025-08-03T01:00:45","slug":"whatsapp-dejara-de-funcionar-en-estos-moviles-a-partir-de-hoy","status":"publish","type":"post","link":"https:\/\/brasender.com.br\/noticias\/whatsapp-dejara-de-funcionar-en-estos-moviles-a-partir-de-hoy\/","title":{"rendered":"WhatsApp Dejar\u00e1 de Funcionar en Estos M\u00f3viles a Partir de Hoy"},"content":{"rendered":"\n<p class=\"wp-block-paragraph\">A partir de hoy, miles de usuarios en todo el mundo enfrentar\u00e1n la desconexi\u00f3n de WhatsApp en sus dispositivos. La popular aplicaci\u00f3n de mensajer\u00eda instant\u00e1nea ha actualizado su lista de sistemas operativos compatibles, lo que significa que varios modelos de tel\u00e9fonos m\u00f3viles dejar\u00e1n de recibir soporte y actualizaciones.<\/p>\n\n\n\n<p class=\"wp-block-paragraph\">Este cambio afecta principalmente a dispositivos con sistemas operativos antiguos, lo que implica que los usuarios que a\u00fan los utilizan deber\u00e1n buscar alternativas para seguir en contacto con sus familiares y amigos. Sin embargo, esta actualizaci\u00f3n no es una sorpresa, ya que WhatsApp ha implementado este tipo de restricciones de manera peri\u00f3dica con el objetivo de optimizar la seguridad y el rendimiento de la aplicaci\u00f3n.<\/p>\n\n\n\n<p class=\"wp-block-paragraph\">Entre los tel\u00e9fonos afectados se encuentran modelos de marcas reconocidas como Samsung, Apple, Huawei y otros fabricantes. La medida responde a la necesidad de WhatsApp de centrar sus esfuerzos en sistemas operativos m\u00e1s modernos que garanticen una experiencia \u00f3ptima para sus usuarios. Sin embargo, algunos ven este cambio como una estrategia para incentivar la compra de nuevos dispositivos.<\/p>\n\n\n\n<h3 class=\"wp-block-heading\"><strong>Lista de dispositivos que perder\u00e1n acceso a WhatsApp:<\/strong><\/h3>\n\n\n\n<h4 class=\"wp-block-heading\"><strong>Android<\/strong><\/h4>\n\n\n\n<ul class=\"wp-block-list\">\n<li>Samsung Galaxy S3 Mini, Trend II, Trend Lite, Core, Ace 2<\/li>\n\n\n\n<li>LG Optimus F3, F3Q, F6, F7, L2 II, L3 II, L4 II, L5 II, L7 II<\/li>\n\n\n\n<li>Sony Xperia M<\/li>\n\n\n\n<li>Huawei Ascend Mate, Ascend G740, Ascend D2<\/li>\n<\/ul>\n\n\n\n<h4 class=\"wp-block-heading\"><strong>iPhone<\/strong><\/h4>\n\n\n\n<ul class=\"wp-block-list\">\n<li>iPhone 5<\/li>\n\n\n\n<li>iPhone 5c<\/li>\n<\/ul>\n\n\n\n<p class=\"wp-block-paragraph\">Para aquellos que a\u00fan utilizan tel\u00e9fonos afectados, la \u00fanica soluci\u00f3n ser\u00e1 cambiar a un modelo m\u00e1s reciente o buscar otras aplicaciones de mensajer\u00eda compatibles con su sistema. Sin embargo, la migraci\u00f3n de datos y la adaptaci\u00f3n a nuevas plataformas pueden representar un desaf\u00edo para muchos usuarios, especialmente aquellos que no est\u00e1n familiarizados con la tecnolog\u00eda.<\/p>\n\n\n\n<p class=\"wp-block-paragraph\">A causa de esta actualizaci\u00f3n, es recomendable que los usuarios verifiquen si su dispositivo est\u00e1 en la lista de afectados y, en caso de ser necesario, busquen alternativas para seguir utilizando el servicio sin interrupciones. WhatsApp sigue liderando el mercado de mensajer\u00eda instant\u00e1nea, pero estas decisiones generan debates sobre la accesibilidad y la dependencia tecnol\u00f3gica en la actualidad.<\/p>\n","protected":false},"excerpt":{"rendered":"<p>A partir de hoy, miles de usuarios en todo el mundo enfrentar\u00e1n la desconexi\u00f3n de WhatsApp en sus dispositivos. La popular aplicaci\u00f3n de mensajer\u00eda instant\u00e1nea ha actualizado su lista de sistemas operativos compatibles, lo que significa que varios modelos de tel\u00e9fonos m\u00f3viles dejar\u00e1n de recibir soporte y actualizaciones. Este cambio afecta principalmente a dispositivos con [&hellip;]<\/p>\n","protected":false},"author":2,"featured_media":2996,"comment_status":"open","ping_status":"open","sticky":false,"template":"","format":"standard","meta":{"_crdt_document":"","footnotes":""},"categories":[69],"tags":[],"class_list":["post-2995","post","type-post","status-publish","format-standard","has-post-thumbnail","hentry","category-noticias"],"yoast_head":"<!-- This site is optimized with the Yoast SEO plugin v27.4 - https:\/\/yoast.com\/product\/yoast-seo-wordpress\/ -->\n<title>WhatsApp Dejar\u00e1 de Funcionar en Estos M\u00f3viles a Partir de Hoy - Brasender Noticias<\/title>\n<meta name=\"robots\" content=\"index, follow, max-snippet:-1, max-image-preview:large, max-video-preview:-1\" \/>\n<link rel=\"canonical\" href=\"https:\/\/brasender.com.br\/noticias\/whatsapp-dejara-de-funcionar-en-estos-moviles-a-partir-de-hoy\/\" \/>\n<meta property=\"og:locale\" content=\"pt_BR\" \/>\n<meta property=\"og:type\" content=\"article\" \/>\n<meta property=\"og:title\" content=\"WhatsApp Dejar\u00e1 de Funcionar en Estos M\u00f3viles a Partir de Hoy - Brasender Noticias\" \/>\n<meta property=\"og:description\" content=\"A partir de hoy, miles de usuarios en todo el mundo enfrentar\u00e1n la desconexi\u00f3n de WhatsApp en sus dispositivos. La popular aplicaci\u00f3n de mensajer\u00eda instant\u00e1nea ha actualizado su lista de sistemas operativos compatibles, lo que significa que varios modelos de tel\u00e9fonos m\u00f3viles dejar\u00e1n de recibir soporte y actualizaciones. Este cambio afecta principalmente a dispositivos con [&hellip;]\" \/>\n<meta property=\"og:url\" content=\"https:\/\/brasender.com.br\/noticias\/whatsapp-dejara-de-funcionar-en-estos-moviles-a-partir-de-hoy\/\" \/>\n<meta property=\"og:site_name\" content=\"Brasender Noticias\" \/>\n<meta property=\"article:publisher\" content=\"https:\/\/www.facebook.com\/profile.php?id=61562137653202\" \/>\n<meta property=\"article:published_time\" content=\"2025-03-01T14:21:10+00:00\" \/>\n<meta property=\"article:modified_time\" content=\"2025-08-03T01:00:45+00:00\" \/>\n<meta property=\"og:image\" content=\"https:\/\/brasender.com.br\/noticias\/wp-content\/uploads\/2025\/03\/WhatsApp-Dejara-de-Funcionar-en-Estos-Moviles.png\" \/>\n\t<meta property=\"og:image:width\" content=\"640\" \/>\n\t<meta property=\"og:image:height\" content=\"426\" \/>\n\t<meta property=\"og:image:type\" content=\"image\/png\" \/>\n<meta name=\"author\" content=\"Brasender\" \/>\n<meta name=\"twitter:card\" content=\"summary_large_image\" \/>\n<meta name=\"twitter:label1\" content=\"Escrito por\" \/>\n\t<meta name=\"twitter:data1\" content=\"Brasender\" \/>\n\t<meta name=\"twitter:label2\" content=\"Est. tempo de leitura\" \/>\n\t<meta name=\"twitter:data2\" content=\"3 minutos\" \/>\n<script type=\"application\/ld+json\" class=\"yoast-schema-graph\">{\"@context\":\"https:\\\/\\\/schema.org\",\"@graph\":[{\"@type\":\"Article\",\"@id\":\"https:\\\/\\\/brasender.com.br\\\/noticias\\\/whatsapp-dejara-de-funcionar-en-estos-moviles-a-partir-de-hoy\\\/#article\",\"isPartOf\":{\"@id\":\"https:\\\/\\\/brasender.com.br\\\/noticias\\\/whatsapp-dejara-de-funcionar-en-estos-moviles-a-partir-de-hoy\\\/\"},\"author\":{\"name\":\"Brasender\",\"@id\":\"https:\\\/\\\/brasender.com.br\\\/noticias\\\/#\\\/schema\\\/person\\\/8ff4bab7c83b41a03fbb5302e8977cf6\"},\"headline\":\"WhatsApp Dejar\u00e1 de Funcionar en Estos M\u00f3viles a Partir de Hoy\",\"datePublished\":\"2025-03-01T14:21:10+00:00\",\"dateModified\":\"2025-08-03T01:00:45+00:00\",\"mainEntityOfPage\":{\"@id\":\"https:\\\/\\\/brasender.com.br\\\/noticias\\\/whatsapp-dejara-de-funcionar-en-estos-moviles-a-partir-de-hoy\\\/\"},\"wordCount\":376,\"commentCount\":0,\"publisher\":{\"@id\":\"https:\\\/\\\/brasender.com.br\\\/noticias\\\/#organization\"},\"image\":{\"@id\":\"https:\\\/\\\/brasender.com.br\\\/noticias\\\/whatsapp-dejara-de-funcionar-en-estos-moviles-a-partir-de-hoy\\\/#primaryimage\"},\"thumbnailUrl\":\"https:\\\/\\\/brasender.com.br\\\/noticias\\\/wp-content\\\/uploads\\\/2025\\\/03\\\/WhatsApp-Dejara-de-Funcionar-en-Estos-Moviles.png\",\"articleSection\":[\"Noticias\"],\"inLanguage\":\"pt-BR\",\"potentialAction\":[{\"@type\":\"CommentAction\",\"name\":\"Comment\",\"target\":[\"https:\\\/\\\/brasender.com.br\\\/noticias\\\/whatsapp-dejara-de-funcionar-en-estos-moviles-a-partir-de-hoy\\\/#respond\"]}]},{\"@type\":\"WebPage\",\"@id\":\"https:\\\/\\\/brasender.com.br\\\/noticias\\\/whatsapp-dejara-de-funcionar-en-estos-moviles-a-partir-de-hoy\\\/\",\"url\":\"https:\\\/\\\/brasender.com.br\\\/noticias\\\/whatsapp-dejara-de-funcionar-en-estos-moviles-a-partir-de-hoy\\\/\",\"name\":\"WhatsApp Dejar\u00e1 de Funcionar en Estos M\u00f3viles a Partir de Hoy - Brasender Noticias\",\"isPartOf\":{\"@id\":\"https:\\\/\\\/brasender.com.br\\\/noticias\\\/#website\"},\"primaryImageOfPage\":{\"@id\":\"https:\\\/\\\/brasender.com.br\\\/noticias\\\/whatsapp-dejara-de-funcionar-en-estos-moviles-a-partir-de-hoy\\\/#primaryimage\"},\"image\":{\"@id\":\"https:\\\/\\\/brasender.com.br\\\/noticias\\\/whatsapp-dejara-de-funcionar-en-estos-moviles-a-partir-de-hoy\\\/#primaryimage\"},\"thumbnailUrl\":\"https:\\\/\\\/brasender.com.br\\\/noticias\\\/wp-content\\\/uploads\\\/2025\\\/03\\\/WhatsApp-Dejara-de-Funcionar-en-Estos-Moviles.png\",\"datePublished\":\"2025-03-01T14:21:10+00:00\",\"dateModified\":\"2025-08-03T01:00:45+00:00\",\"breadcrumb\":{\"@id\":\"https:\\\/\\\/brasender.com.br\\\/noticias\\\/whatsapp-dejara-de-funcionar-en-estos-moviles-a-partir-de-hoy\\\/#breadcrumb\"},\"inLanguage\":\"pt-BR\",\"potentialAction\":[{\"@type\":\"ReadAction\",\"target\":[\"https:\\\/\\\/brasender.com.br\\\/noticias\\\/whatsapp-dejara-de-funcionar-en-estos-moviles-a-partir-de-hoy\\\/\"]}]},{\"@type\":\"ImageObject\",\"inLanguage\":\"pt-BR\",\"@id\":\"https:\\\/\\\/brasender.com.br\\\/noticias\\\/whatsapp-dejara-de-funcionar-en-estos-moviles-a-partir-de-hoy\\\/#primaryimage\",\"url\":\"https:\\\/\\\/brasender.com.br\\\/noticias\\\/wp-content\\\/uploads\\\/2025\\\/03\\\/WhatsApp-Dejara-de-Funcionar-en-Estos-Moviles.png\",\"contentUrl\":\"https:\\\/\\\/brasender.com.br\\\/noticias\\\/wp-content\\\/uploads\\\/2025\\\/03\\\/WhatsApp-Dejara-de-Funcionar-en-Estos-Moviles.png\",\"width\":640,\"height\":426,\"caption\":\"WhatsApp Dejar\u00e1 de Funcionar en Estos M\u00f3viles\"},{\"@type\":\"BreadcrumbList\",\"@id\":\"https:\\\/\\\/brasender.com.br\\\/noticias\\\/whatsapp-dejara-de-funcionar-en-estos-moviles-a-partir-de-hoy\\\/#breadcrumb\",\"itemListElement\":[{\"@type\":\"ListItem\",\"position\":1,\"name\":\"In\u00edcio\",\"item\":\"https:\\\/\\\/brasender.com.br\\\/noticias\\\/\"},{\"@type\":\"ListItem\",\"position\":2,\"name\":\"WhatsApp Dejar\u00e1 de Funcionar en Estos M\u00f3viles a Partir de Hoy\"}]},{\"@type\":\"WebSite\",\"@id\":\"https:\\\/\\\/brasender.com.br\\\/noticias\\\/#website\",\"url\":\"https:\\\/\\\/brasender.com.br\\\/noticias\\\/\",\"name\":\"Brasender Noticias\",\"description\":\"Portal de Noticias Brasender\",\"publisher\":{\"@id\":\"https:\\\/\\\/brasender.com.br\\\/noticias\\\/#organization\"},\"potentialAction\":[{\"@type\":\"SearchAction\",\"target\":{\"@type\":\"EntryPoint\",\"urlTemplate\":\"https:\\\/\\\/brasender.com.br\\\/noticias\\\/?s={search_term_string}\"},\"query-input\":{\"@type\":\"PropertyValueSpecification\",\"valueRequired\":true,\"valueName\":\"search_term_string\"}}],\"inLanguage\":\"pt-BR\"},{\"@type\":\"Organization\",\"@id\":\"https:\\\/\\\/brasender.com.br\\\/noticias\\\/#organization\",\"name\":\"Brasender Noticias\",\"url\":\"https:\\\/\\\/brasender.com.br\\\/noticias\\\/\",\"logo\":{\"@type\":\"ImageObject\",\"inLanguage\":\"pt-BR\",\"@id\":\"https:\\\/\\\/brasender.com.br\\\/noticias\\\/#\\\/schema\\\/logo\\\/image\\\/\",\"url\":\"https:\\\/\\\/brasender.com.br\\\/noticias\\\/wp-content\\\/uploads\\\/2022\\\/03\\\/Brasender-Noticias.png\",\"contentUrl\":\"https:\\\/\\\/brasender.com.br\\\/noticias\\\/wp-content\\\/uploads\\\/2022\\\/03\\\/Brasender-Noticias.png\",\"width\":2048,\"height\":500,\"caption\":\"Brasender Noticias\"},\"image\":{\"@id\":\"https:\\\/\\\/brasender.com.br\\\/noticias\\\/#\\\/schema\\\/logo\\\/image\\\/\"},\"sameAs\":[\"https:\\\/\\\/www.facebook.com\\\/profile.php?id=61562137653202\",\"https:\\\/\\\/www.instagram.com\\\/brasender\\\/\"]},{\"@type\":\"Person\",\"@id\":\"https:\\\/\\\/brasender.com.br\\\/noticias\\\/#\\\/schema\\\/person\\\/8ff4bab7c83b41a03fbb5302e8977cf6\",\"name\":\"Brasender\",\"image\":{\"@type\":\"ImageObject\",\"inLanguage\":\"pt-BR\",\"@id\":\"https:\\\/\\\/secure.gravatar.com\\\/avatar\\\/a3c3990fec24135a7178fc2a02353673b32fe012bfcc277aa1e6331e34513594?s=96&d=mm&r=g\",\"url\":\"https:\\\/\\\/secure.gravatar.com\\\/avatar\\\/a3c3990fec24135a7178fc2a02353673b32fe012bfcc277aa1e6331e34513594?s=96&d=mm&r=g\",\"contentUrl\":\"https:\\\/\\\/secure.gravatar.com\\\/avatar\\\/a3c3990fec24135a7178fc2a02353673b32fe012bfcc277aa1e6331e34513594?s=96&d=mm&r=g\",\"caption\":\"Brasender\"},\"url\":\"https:\\\/\\\/brasender.com.br\\\/noticias\\\/author\\\/brasender\\\/\"}]}<\/script>\n<!-- \/ Yoast SEO plugin. -->","yoast_head_json":{"title":"WhatsApp Dejar\u00e1 de Funcionar en Estos M\u00f3viles a Partir de Hoy - Brasender Noticias","robots":{"index":"index","follow":"follow","max-snippet":"max-snippet:-1","max-image-preview":"max-image-preview:large","max-video-preview":"max-video-preview:-1"},"canonical":"https:\/\/brasender.com.br\/noticias\/whatsapp-dejara-de-funcionar-en-estos-moviles-a-partir-de-hoy\/","og_locale":"pt_BR","og_type":"article","og_title":"WhatsApp Dejar\u00e1 de Funcionar en Estos M\u00f3viles a Partir de Hoy - Brasender Noticias","og_description":"A partir de hoy, miles de usuarios en todo el mundo enfrentar\u00e1n la desconexi\u00f3n de WhatsApp en sus dispositivos. La popular aplicaci\u00f3n de mensajer\u00eda instant\u00e1nea ha actualizado su lista de sistemas operativos compatibles, lo que significa que varios modelos de tel\u00e9fonos m\u00f3viles dejar\u00e1n de recibir soporte y actualizaciones. Este cambio afecta principalmente a dispositivos con [&hellip;]","og_url":"https:\/\/brasender.com.br\/noticias\/whatsapp-dejara-de-funcionar-en-estos-moviles-a-partir-de-hoy\/","og_site_name":"Brasender Noticias","article_publisher":"https:\/\/www.facebook.com\/profile.php?id=61562137653202","article_published_time":"2025-03-01T14:21:10+00:00","article_modified_time":"2025-08-03T01:00:45+00:00","og_image":[{"width":640,"height":426,"url":"https:\/\/brasender.com.br\/noticias\/wp-content\/uploads\/2025\/03\/WhatsApp-Dejara-de-Funcionar-en-Estos-Moviles.png","type":"image\/png"}],"author":"Brasender","twitter_card":"summary_large_image","twitter_misc":{"Escrito por":"Brasender","Est. tempo de leitura":"3 minutos"},"schema":{"@context":"https:\/\/schema.org","@graph":[{"@type":"Article","@id":"https:\/\/brasender.com.br\/noticias\/whatsapp-dejara-de-funcionar-en-estos-moviles-a-partir-de-hoy\/#article","isPartOf":{"@id":"https:\/\/brasender.com.br\/noticias\/whatsapp-dejara-de-funcionar-en-estos-moviles-a-partir-de-hoy\/"},"author":{"name":"Brasender","@id":"https:\/\/brasender.com.br\/noticias\/#\/schema\/person\/8ff4bab7c83b41a03fbb5302e8977cf6"},"headline":"WhatsApp Dejar\u00e1 de Funcionar en Estos M\u00f3viles a Partir de Hoy","datePublished":"2025-03-01T14:21:10+00:00","dateModified":"2025-08-03T01:00:45+00:00","mainEntityOfPage":{"@id":"https:\/\/brasender.com.br\/noticias\/whatsapp-dejara-de-funcionar-en-estos-moviles-a-partir-de-hoy\/"},"wordCount":376,"commentCount":0,"publisher":{"@id":"https:\/\/brasender.com.br\/noticias\/#organization"},"image":{"@id":"https:\/\/brasender.com.br\/noticias\/whatsapp-dejara-de-funcionar-en-estos-moviles-a-partir-de-hoy\/#primaryimage"},"thumbnailUrl":"https:\/\/brasender.com.br\/noticias\/wp-content\/uploads\/2025\/03\/WhatsApp-Dejara-de-Funcionar-en-Estos-Moviles.png","articleSection":["Noticias"],"inLanguage":"pt-BR","potentialAction":[{"@type":"CommentAction","name":"Comment","target":["https:\/\/brasender.com.br\/noticias\/whatsapp-dejara-de-funcionar-en-estos-moviles-a-partir-de-hoy\/#respond"]}]},{"@type":"WebPage","@id":"https:\/\/brasender.com.br\/noticias\/whatsapp-dejara-de-funcionar-en-estos-moviles-a-partir-de-hoy\/","url":"https:\/\/brasender.com.br\/noticias\/whatsapp-dejara-de-funcionar-en-estos-moviles-a-partir-de-hoy\/","name":"WhatsApp Dejar\u00e1 de Funcionar en Estos M\u00f3viles a Partir de Hoy - Brasender Noticias","isPartOf":{"@id":"https:\/\/brasender.com.br\/noticias\/#website"},"primaryImageOfPage":{"@id":"https:\/\/brasender.com.br\/noticias\/whatsapp-dejara-de-funcionar-en-estos-moviles-a-partir-de-hoy\/#primaryimage"},"image":{"@id":"https:\/\/brasender.com.br\/noticias\/whatsapp-dejara-de-funcionar-en-estos-moviles-a-partir-de-hoy\/#primaryimage"},"thumbnailUrl":"https:\/\/brasender.com.br\/noticias\/wp-content\/uploads\/2025\/03\/WhatsApp-Dejara-de-Funcionar-en-Estos-Moviles.png","datePublished":"2025-03-01T14:21:10+00:00","dateModified":"2025-08-03T01:00:45+00:00","breadcrumb":{"@id":"https:\/\/brasender.com.br\/noticias\/whatsapp-dejara-de-funcionar-en-estos-moviles-a-partir-de-hoy\/#breadcrumb"},"inLanguage":"pt-BR","potentialAction":[{"@type":"ReadAction","target":["https:\/\/brasender.com.br\/noticias\/whatsapp-dejara-de-funcionar-en-estos-moviles-a-partir-de-hoy\/"]}]},{"@type":"ImageObject","inLanguage":"pt-BR","@id":"https:\/\/brasender.com.br\/noticias\/whatsapp-dejara-de-funcionar-en-estos-moviles-a-partir-de-hoy\/#primaryimage","url":"https:\/\/brasender.com.br\/noticias\/wp-content\/uploads\/2025\/03\/WhatsApp-Dejara-de-Funcionar-en-Estos-Moviles.png","contentUrl":"https:\/\/brasender.com.br\/noticias\/wp-content\/uploads\/2025\/03\/WhatsApp-Dejara-de-Funcionar-en-Estos-Moviles.png","width":640,"height":426,"caption":"WhatsApp Dejar\u00e1 de Funcionar en Estos M\u00f3viles"},{"@type":"BreadcrumbList","@id":"https:\/\/brasender.com.br\/noticias\/whatsapp-dejara-de-funcionar-en-estos-moviles-a-partir-de-hoy\/#breadcrumb","itemListElement":[{"@type":"ListItem","position":1,"name":"In\u00edcio","item":"https:\/\/brasender.com.br\/noticias\/"},{"@type":"ListItem","position":2,"name":"WhatsApp Dejar\u00e1 de Funcionar en Estos M\u00f3viles a Partir de Hoy"}]},{"@type":"WebSite","@id":"https:\/\/brasender.com.br\/noticias\/#website","url":"https:\/\/brasender.com.br\/noticias\/","name":"Brasender Noticias","description":"Portal de Noticias Brasender","publisher":{"@id":"https:\/\/brasender.com.br\/noticias\/#organization"},"potentialAction":[{"@type":"SearchAction","target":{"@type":"EntryPoint","urlTemplate":"https:\/\/brasender.com.br\/noticias\/?s={search_term_string}"},"query-input":{"@type":"PropertyValueSpecification","valueRequired":true,"valueName":"search_term_string"}}],"inLanguage":"pt-BR"},{"@type":"Organization","@id":"https:\/\/brasender.com.br\/noticias\/#organization","name":"Brasender Noticias","url":"https:\/\/brasender.com.br\/noticias\/","logo":{"@type":"ImageObject","inLanguage":"pt-BR","@id":"https:\/\/brasender.com.br\/noticias\/#\/schema\/logo\/image\/","url":"https:\/\/brasender.com.br\/noticias\/wp-content\/uploads\/2022\/03\/Brasender-Noticias.png","contentUrl":"https:\/\/brasender.com.br\/noticias\/wp-content\/uploads\/2022\/03\/Brasender-Noticias.png","width":2048,"height":500,"caption":"Brasender Noticias"},"image":{"@id":"https:\/\/brasender.com.br\/noticias\/#\/schema\/logo\/image\/"},"sameAs":["https:\/\/www.facebook.com\/profile.php?id=61562137653202","https:\/\/www.instagram.com\/brasender\/"]},{"@type":"Person","@id":"https:\/\/brasender.com.br\/noticias\/#\/schema\/person\/8ff4bab7c83b41a03fbb5302e8977cf6","name":"Brasender","image":{"@type":"ImageObject","inLanguage":"pt-BR","@id":"https:\/\/secure.gravatar.com\/avatar\/a3c3990fec24135a7178fc2a02353673b32fe012bfcc277aa1e6331e34513594?s=96&d=mm&r=g","url":"https:\/\/secure.gravatar.com\/avatar\/a3c3990fec24135a7178fc2a02353673b32fe012bfcc277aa1e6331e34513594?s=96&d=mm&r=g","contentUrl":"https:\/\/secure.gravatar.com\/avatar\/a3c3990fec24135a7178fc2a02353673b32fe012bfcc277aa1e6331e34513594?s=96&d=mm&r=g","caption":"Brasender"},"url":"https:\/\/brasender.com.br\/noticias\/author\/brasender\/"}]}},"_links":{"self":[{"href":"https:\/\/brasender.com.br\/noticias\/wp-json\/wp\/v2\/posts\/2995","targetHints":{"allow":["GET"]}}],"collection":[{"href":"https:\/\/brasender.com.br\/noticias\/wp-json\/wp\/v2\/posts"}],"about":[{"href":"https:\/\/brasender.com.br\/noticias\/wp-json\/wp\/v2\/types\/post"}],"author":[{"embeddable":true,"href":"https:\/\/brasender.com.br\/noticias\/wp-json\/wp\/v2\/users\/2"}],"replies":[{"embeddable":true,"href":"https:\/\/brasender.com.br\/noticias\/wp-json\/wp\/v2\/comments?post=2995"}],"version-history":[{"count":1,"href":"https:\/\/brasender.com.br\/noticias\/wp-json\/wp\/v2\/posts\/2995\/revisions"}],"predecessor-version":[{"id":2997,"href":"https:\/\/brasender.com.br\/noticias\/wp-json\/wp\/v2\/posts\/2995\/revisions\/2997"}],"wp:featuredmedia":[{"embeddable":true,"href":"https:\/\/brasender.com.br\/noticias\/wp-json\/wp\/v2\/media\/2996"}],"wp:attachment":[{"href":"https:\/\/brasender.com.br\/noticias\/wp-json\/wp\/v2\/media?parent=2995"}],"wp:term":[{"taxonomy":"category","embeddable":true,"href":"https:\/\/brasender.com.br\/noticias\/wp-json\/wp\/v2\/categories?post=2995"},{"taxonomy":"post_tag","embeddable":true,"href":"https:\/\/brasender.com.br\/noticias\/wp-json\/wp\/v2\/tags?post=2995"}],"curies":[{"name":"wp","href":"https:\/\/api.w.org\/{rel}","templated":true}]}}