{"id":2968,"date":"2025-02-27T14:50:06","date_gmt":"2025-02-27T17:50:06","guid":{"rendered":"https:\/\/brasender.com.br\/noticias\/?p=2968"},"modified":"2025-08-02T22:01:28","modified_gmt":"2025-08-03T01:01:28","slug":"mas-de-100-migrantes-cubanos-son-deportados-desde-ee-uu","status":"publish","type":"post","link":"https:\/\/brasender.com.br\/noticias\/mas-de-100-migrantes-cubanos-son-deportados-desde-ee-uu\/","title":{"rendered":"M\u00e1s de 100 Migrantes Cubanos Son Deportados desde EE.UU."},"content":{"rendered":"\n<p class=\"wp-block-paragraph\">M\u00e1s de un centenar de migrantes cubanos han sido repatriados a la isla en un vuelo de deportaci\u00f3n desde Estados Unidos. La noticia ha generado un gran impacto, especialmente entre las familias afectadas y la comunidad migrante cubana.<\/p>\n\n\n\n<p class=\"wp-block-paragraph\">El grupo de deportados lleg\u00f3 a Cuba en un vuelo procedente de Estados Unidos, como parte de los acuerdos migratorios entre ambos pa\u00edses. Seg\u00fan informaron las autoridades, este es uno de los m\u00faltiples vuelos programados para devolver a los migrantes cubanos que ingresaron de manera irregular al territorio estadounidense.<\/p>\n\n\n\n<blockquote class=\"twitter-tweet\"><p lang=\"es\" dir=\"ltr\">Como parte de los acuerdos migratorios bilaterales, este jueves se produjo la devoluci\u00f3n a <a href=\"https:\/\/twitter.com\/hashtag\/Cuba?src=hash&amp;ref_src=twsrc%5Etfw\">#Cuba<\/a> de 104 migrantes irregulares en vuelo procedente  de EEUU. Con esta operaci\u00f3n, incluida una realizada desde los EE.UU. el pasado 23 de enero, suman 11 devoluciones con 296 personas <a href=\"https:\/\/t.co\/FXPbdEgobP\">pic.twitter.com\/FXPbdEgobP<\/a><\/p>&mdash; MININT_CUBA (@minint_cuba) <a href=\"https:\/\/twitter.com\/minint_cuba\/status\/1895232258342297828?ref_src=twsrc%5Etfw\">February 27, 2025<\/a><\/blockquote> <script async src=\"https:\/\/platform.twitter.com\/widgets.js\" charset=\"utf-8\"><\/script>\n\n\n\n<p class=\"wp-block-paragraph\">La crisis migratoria en Cuba ha provocado un incremento significativo en el n\u00famero de personas que intentan salir del pa\u00eds en busca de mejores oportunidades. Muchos de estos migrantes utilizan rutas peligrosas a trav\u00e9s de Centroam\u00e9rica o intentan llegar por mar a Estados Unidos. Sin embargo, debido a los controles migratorios m\u00e1s estrictos, un gran n\u00famero de cubanos ha sido detenido y deportado.<\/p>\n\n\n\n<p class=\"wp-block-paragraph\">Las im\u00e1genes y testimonios de los deportados reflejan la angustia y la incertidumbre que enfrentan al regresar a Cuba. Algunos de ellos hab\u00edan vendido todas sus pertenencias para financiar el viaje, quedando ahora en una situaci\u00f3n vulnerable. Sin embargo, las autoridades cubanas han declarado que brindar\u00e1n asistencia a los repatriados para facilitar su reintegraci\u00f3n.<\/p>\n\n\n\n<p class=\"wp-block-paragraph\">Mientras tanto, organizaciones de derechos humanos han expresado su preocupaci\u00f3n por la situaci\u00f3n de los migrantes cubanos, se\u00f1alando que las deportaciones solo agravan la crisis humanitaria. A pesar de los riesgos y las dificultades, muchos cubanos contin\u00faan buscando v\u00edas para salir del pa\u00eds en busca de un futuro mejor.<\/p>\n\n\n\n<p class=\"wp-block-paragraph\">El tema migratorio sigue siendo una de las principales preocupaciones tanto para el gobierno cubano como para las autoridades estadounidenses. Se espera que en los pr\u00f3ximos meses se tomen nuevas medidas para abordar esta situaci\u00f3n y evitar m\u00e1s tragedias en el proceso migratorio.<\/p>\n","protected":false},"excerpt":{"rendered":"<p>M\u00e1s de un centenar de migrantes cubanos han sido repatriados a la isla en un vuelo de deportaci\u00f3n desde Estados Unidos. La noticia ha generado un gran impacto, especialmente entre las familias afectadas y la comunidad migrante cubana. El grupo de deportados lleg\u00f3 a Cuba en un vuelo procedente de Estados Unidos, como parte de [&hellip;]<\/p>\n","protected":false},"author":2,"featured_media":2969,"comment_status":"open","ping_status":"open","sticky":false,"template":"","format":"standard","meta":{"_crdt_document":"","footnotes":""},"categories":[66],"tags":[],"class_list":["post-2968","post","type-post","status-publish","format-standard","has-post-thumbnail","hentry","category-migracion"],"yoast_head":"<!-- This site is optimized with the Yoast SEO plugin v27.4 - https:\/\/yoast.com\/product\/yoast-seo-wordpress\/ -->\n<title>M\u00e1s de 100 Migrantes Cubanos Son Deportados desde EE.UU. - Brasender Noticias<\/title>\n<meta name=\"robots\" content=\"index, follow, max-snippet:-1, max-image-preview:large, max-video-preview:-1\" \/>\n<link rel=\"canonical\" href=\"https:\/\/brasender.com.br\/noticias\/mas-de-100-migrantes-cubanos-son-deportados-desde-ee-uu\/\" \/>\n<meta property=\"og:locale\" content=\"pt_BR\" \/>\n<meta property=\"og:type\" content=\"article\" \/>\n<meta property=\"og:title\" content=\"M\u00e1s de 100 Migrantes Cubanos Son Deportados desde EE.UU. - Brasender Noticias\" \/>\n<meta property=\"og:description\" content=\"M\u00e1s de un centenar de migrantes cubanos han sido repatriados a la isla en un vuelo de deportaci\u00f3n desde Estados Unidos. La noticia ha generado un gran impacto, especialmente entre las familias afectadas y la comunidad migrante cubana. El grupo de deportados lleg\u00f3 a Cuba en un vuelo procedente de Estados Unidos, como parte de [&hellip;]\" \/>\n<meta property=\"og:url\" content=\"https:\/\/brasender.com.br\/noticias\/mas-de-100-migrantes-cubanos-son-deportados-desde-ee-uu\/\" \/>\n<meta property=\"og:site_name\" content=\"Brasender Noticias\" \/>\n<meta property=\"article:publisher\" content=\"https:\/\/www.facebook.com\/profile.php?id=61562137653202\" \/>\n<meta property=\"article:published_time\" content=\"2025-02-27T17:50:06+00:00\" \/>\n<meta property=\"article:modified_time\" content=\"2025-08-03T01:01:28+00:00\" \/>\n<meta property=\"og:image\" content=\"https:\/\/brasender.com.br\/noticias\/wp-content\/uploads\/2025\/03\/Cubanos-deportados.png\" \/>\n\t<meta property=\"og:image:width\" content=\"640\" \/>\n\t<meta property=\"og:image:height\" content=\"426\" \/>\n\t<meta property=\"og:image:type\" content=\"image\/png\" \/>\n<meta name=\"author\" content=\"Brasender\" \/>\n<meta name=\"twitter:card\" content=\"summary_large_image\" \/>\n<meta name=\"twitter:label1\" content=\"Escrito por\" \/>\n\t<meta name=\"twitter:data1\" content=\"Brasender\" \/>\n\t<meta name=\"twitter:label2\" content=\"Est. tempo de leitura\" \/>\n\t<meta name=\"twitter:data2\" content=\"2 minutos\" \/>\n<script type=\"application\/ld+json\" class=\"yoast-schema-graph\">{\"@context\":\"https:\\\/\\\/schema.org\",\"@graph\":[{\"@type\":\"Article\",\"@id\":\"https:\\\/\\\/brasender.com.br\\\/noticias\\\/mas-de-100-migrantes-cubanos-son-deportados-desde-ee-uu\\\/#article\",\"isPartOf\":{\"@id\":\"https:\\\/\\\/brasender.com.br\\\/noticias\\\/mas-de-100-migrantes-cubanos-son-deportados-desde-ee-uu\\\/\"},\"author\":{\"name\":\"Brasender\",\"@id\":\"https:\\\/\\\/brasender.com.br\\\/noticias\\\/#\\\/schema\\\/person\\\/8ff4bab7c83b41a03fbb5302e8977cf6\"},\"headline\":\"M\u00e1s de 100 Migrantes Cubanos Son Deportados desde EE.UU.\",\"datePublished\":\"2025-02-27T17:50:06+00:00\",\"dateModified\":\"2025-08-03T01:01:28+00:00\",\"mainEntityOfPage\":{\"@id\":\"https:\\\/\\\/brasender.com.br\\\/noticias\\\/mas-de-100-migrantes-cubanos-son-deportados-desde-ee-uu\\\/\"},\"wordCount\":384,\"commentCount\":0,\"publisher\":{\"@id\":\"https:\\\/\\\/brasender.com.br\\\/noticias\\\/#organization\"},\"image\":{\"@id\":\"https:\\\/\\\/brasender.com.br\\\/noticias\\\/mas-de-100-migrantes-cubanos-son-deportados-desde-ee-uu\\\/#primaryimage\"},\"thumbnailUrl\":\"https:\\\/\\\/brasender.com.br\\\/noticias\\\/wp-content\\\/uploads\\\/2025\\\/03\\\/Cubanos-deportados.png\",\"articleSection\":[\"Migraci\u00f3n\"],\"inLanguage\":\"pt-BR\",\"potentialAction\":[{\"@type\":\"CommentAction\",\"name\":\"Comment\",\"target\":[\"https:\\\/\\\/brasender.com.br\\\/noticias\\\/mas-de-100-migrantes-cubanos-son-deportados-desde-ee-uu\\\/#respond\"]}]},{\"@type\":\"WebPage\",\"@id\":\"https:\\\/\\\/brasender.com.br\\\/noticias\\\/mas-de-100-migrantes-cubanos-son-deportados-desde-ee-uu\\\/\",\"url\":\"https:\\\/\\\/brasender.com.br\\\/noticias\\\/mas-de-100-migrantes-cubanos-son-deportados-desde-ee-uu\\\/\",\"name\":\"M\u00e1s de 100 Migrantes Cubanos Son Deportados desde EE.UU. - Brasender Noticias\",\"isPartOf\":{\"@id\":\"https:\\\/\\\/brasender.com.br\\\/noticias\\\/#website\"},\"primaryImageOfPage\":{\"@id\":\"https:\\\/\\\/brasender.com.br\\\/noticias\\\/mas-de-100-migrantes-cubanos-son-deportados-desde-ee-uu\\\/#primaryimage\"},\"image\":{\"@id\":\"https:\\\/\\\/brasender.com.br\\\/noticias\\\/mas-de-100-migrantes-cubanos-son-deportados-desde-ee-uu\\\/#primaryimage\"},\"thumbnailUrl\":\"https:\\\/\\\/brasender.com.br\\\/noticias\\\/wp-content\\\/uploads\\\/2025\\\/03\\\/Cubanos-deportados.png\",\"datePublished\":\"2025-02-27T17:50:06+00:00\",\"dateModified\":\"2025-08-03T01:01:28+00:00\",\"breadcrumb\":{\"@id\":\"https:\\\/\\\/brasender.com.br\\\/noticias\\\/mas-de-100-migrantes-cubanos-son-deportados-desde-ee-uu\\\/#breadcrumb\"},\"inLanguage\":\"pt-BR\",\"potentialAction\":[{\"@type\":\"ReadAction\",\"target\":[\"https:\\\/\\\/brasender.com.br\\\/noticias\\\/mas-de-100-migrantes-cubanos-son-deportados-desde-ee-uu\\\/\"]}]},{\"@type\":\"ImageObject\",\"inLanguage\":\"pt-BR\",\"@id\":\"https:\\\/\\\/brasender.com.br\\\/noticias\\\/mas-de-100-migrantes-cubanos-son-deportados-desde-ee-uu\\\/#primaryimage\",\"url\":\"https:\\\/\\\/brasender.com.br\\\/noticias\\\/wp-content\\\/uploads\\\/2025\\\/03\\\/Cubanos-deportados.png\",\"contentUrl\":\"https:\\\/\\\/brasender.com.br\\\/noticias\\\/wp-content\\\/uploads\\\/2025\\\/03\\\/Cubanos-deportados.png\",\"width\":640,\"height\":426,\"caption\":\"Cubanos deportados\"},{\"@type\":\"BreadcrumbList\",\"@id\":\"https:\\\/\\\/brasender.com.br\\\/noticias\\\/mas-de-100-migrantes-cubanos-son-deportados-desde-ee-uu\\\/#breadcrumb\",\"itemListElement\":[{\"@type\":\"ListItem\",\"position\":1,\"name\":\"In\u00edcio\",\"item\":\"https:\\\/\\\/brasender.com.br\\\/noticias\\\/\"},{\"@type\":\"ListItem\",\"position\":2,\"name\":\"M\u00e1s de 100 Migrantes Cubanos Son Deportados desde EE.UU.\"}]},{\"@type\":\"WebSite\",\"@id\":\"https:\\\/\\\/brasender.com.br\\\/noticias\\\/#website\",\"url\":\"https:\\\/\\\/brasender.com.br\\\/noticias\\\/\",\"name\":\"Brasender Noticias\",\"description\":\"Portal de Noticias Brasender\",\"publisher\":{\"@id\":\"https:\\\/\\\/brasender.com.br\\\/noticias\\\/#organization\"},\"potentialAction\":[{\"@type\":\"SearchAction\",\"target\":{\"@type\":\"EntryPoint\",\"urlTemplate\":\"https:\\\/\\\/brasender.com.br\\\/noticias\\\/?s={search_term_string}\"},\"query-input\":{\"@type\":\"PropertyValueSpecification\",\"valueRequired\":true,\"valueName\":\"search_term_string\"}}],\"inLanguage\":\"pt-BR\"},{\"@type\":\"Organization\",\"@id\":\"https:\\\/\\\/brasender.com.br\\\/noticias\\\/#organization\",\"name\":\"Brasender Noticias\",\"url\":\"https:\\\/\\\/brasender.com.br\\\/noticias\\\/\",\"logo\":{\"@type\":\"ImageObject\",\"inLanguage\":\"pt-BR\",\"@id\":\"https:\\\/\\\/brasender.com.br\\\/noticias\\\/#\\\/schema\\\/logo\\\/image\\\/\",\"url\":\"https:\\\/\\\/brasender.com.br\\\/noticias\\\/wp-content\\\/uploads\\\/2022\\\/03\\\/Brasender-Noticias.png\",\"contentUrl\":\"https:\\\/\\\/brasender.com.br\\\/noticias\\\/wp-content\\\/uploads\\\/2022\\\/03\\\/Brasender-Noticias.png\",\"width\":2048,\"height\":500,\"caption\":\"Brasender Noticias\"},\"image\":{\"@id\":\"https:\\\/\\\/brasender.com.br\\\/noticias\\\/#\\\/schema\\\/logo\\\/image\\\/\"},\"sameAs\":[\"https:\\\/\\\/www.facebook.com\\\/profile.php?id=61562137653202\",\"https:\\\/\\\/www.instagram.com\\\/brasender\\\/\"]},{\"@type\":\"Person\",\"@id\":\"https:\\\/\\\/brasender.com.br\\\/noticias\\\/#\\\/schema\\\/person\\\/8ff4bab7c83b41a03fbb5302e8977cf6\",\"name\":\"Brasender\",\"image\":{\"@type\":\"ImageObject\",\"inLanguage\":\"pt-BR\",\"@id\":\"https:\\\/\\\/secure.gravatar.com\\\/avatar\\\/a3c3990fec24135a7178fc2a02353673b32fe012bfcc277aa1e6331e34513594?s=96&d=mm&r=g\",\"url\":\"https:\\\/\\\/secure.gravatar.com\\\/avatar\\\/a3c3990fec24135a7178fc2a02353673b32fe012bfcc277aa1e6331e34513594?s=96&d=mm&r=g\",\"contentUrl\":\"https:\\\/\\\/secure.gravatar.com\\\/avatar\\\/a3c3990fec24135a7178fc2a02353673b32fe012bfcc277aa1e6331e34513594?s=96&d=mm&r=g\",\"caption\":\"Brasender\"},\"url\":\"https:\\\/\\\/brasender.com.br\\\/noticias\\\/author\\\/brasender\\\/\"}]}<\/script>\n<!-- \/ Yoast SEO plugin. -->","yoast_head_json":{"title":"M\u00e1s de 100 Migrantes Cubanos Son Deportados desde EE.UU. - Brasender Noticias","robots":{"index":"index","follow":"follow","max-snippet":"max-snippet:-1","max-image-preview":"max-image-preview:large","max-video-preview":"max-video-preview:-1"},"canonical":"https:\/\/brasender.com.br\/noticias\/mas-de-100-migrantes-cubanos-son-deportados-desde-ee-uu\/","og_locale":"pt_BR","og_type":"article","og_title":"M\u00e1s de 100 Migrantes Cubanos Son Deportados desde EE.UU. - Brasender Noticias","og_description":"M\u00e1s de un centenar de migrantes cubanos han sido repatriados a la isla en un vuelo de deportaci\u00f3n desde Estados Unidos. La noticia ha generado un gran impacto, especialmente entre las familias afectadas y la comunidad migrante cubana. El grupo de deportados lleg\u00f3 a Cuba en un vuelo procedente de Estados Unidos, como parte de [&hellip;]","og_url":"https:\/\/brasender.com.br\/noticias\/mas-de-100-migrantes-cubanos-son-deportados-desde-ee-uu\/","og_site_name":"Brasender Noticias","article_publisher":"https:\/\/www.facebook.com\/profile.php?id=61562137653202","article_published_time":"2025-02-27T17:50:06+00:00","article_modified_time":"2025-08-03T01:01:28+00:00","og_image":[{"width":640,"height":426,"url":"https:\/\/brasender.com.br\/noticias\/wp-content\/uploads\/2025\/03\/Cubanos-deportados.png","type":"image\/png"}],"author":"Brasender","twitter_card":"summary_large_image","twitter_misc":{"Escrito por":"Brasender","Est. tempo de leitura":"2 minutos"},"schema":{"@context":"https:\/\/schema.org","@graph":[{"@type":"Article","@id":"https:\/\/brasender.com.br\/noticias\/mas-de-100-migrantes-cubanos-son-deportados-desde-ee-uu\/#article","isPartOf":{"@id":"https:\/\/brasender.com.br\/noticias\/mas-de-100-migrantes-cubanos-son-deportados-desde-ee-uu\/"},"author":{"name":"Brasender","@id":"https:\/\/brasender.com.br\/noticias\/#\/schema\/person\/8ff4bab7c83b41a03fbb5302e8977cf6"},"headline":"M\u00e1s de 100 Migrantes Cubanos Son Deportados desde EE.UU.","datePublished":"2025-02-27T17:50:06+00:00","dateModified":"2025-08-03T01:01:28+00:00","mainEntityOfPage":{"@id":"https:\/\/brasender.com.br\/noticias\/mas-de-100-migrantes-cubanos-son-deportados-desde-ee-uu\/"},"wordCount":384,"commentCount":0,"publisher":{"@id":"https:\/\/brasender.com.br\/noticias\/#organization"},"image":{"@id":"https:\/\/brasender.com.br\/noticias\/mas-de-100-migrantes-cubanos-son-deportados-desde-ee-uu\/#primaryimage"},"thumbnailUrl":"https:\/\/brasender.com.br\/noticias\/wp-content\/uploads\/2025\/03\/Cubanos-deportados.png","articleSection":["Migraci\u00f3n"],"inLanguage":"pt-BR","potentialAction":[{"@type":"CommentAction","name":"Comment","target":["https:\/\/brasender.com.br\/noticias\/mas-de-100-migrantes-cubanos-son-deportados-desde-ee-uu\/#respond"]}]},{"@type":"WebPage","@id":"https:\/\/brasender.com.br\/noticias\/mas-de-100-migrantes-cubanos-son-deportados-desde-ee-uu\/","url":"https:\/\/brasender.com.br\/noticias\/mas-de-100-migrantes-cubanos-son-deportados-desde-ee-uu\/","name":"M\u00e1s de 100 Migrantes Cubanos Son Deportados desde EE.UU. - Brasender Noticias","isPartOf":{"@id":"https:\/\/brasender.com.br\/noticias\/#website"},"primaryImageOfPage":{"@id":"https:\/\/brasender.com.br\/noticias\/mas-de-100-migrantes-cubanos-son-deportados-desde-ee-uu\/#primaryimage"},"image":{"@id":"https:\/\/brasender.com.br\/noticias\/mas-de-100-migrantes-cubanos-son-deportados-desde-ee-uu\/#primaryimage"},"thumbnailUrl":"https:\/\/brasender.com.br\/noticias\/wp-content\/uploads\/2025\/03\/Cubanos-deportados.png","datePublished":"2025-02-27T17:50:06+00:00","dateModified":"2025-08-03T01:01:28+00:00","breadcrumb":{"@id":"https:\/\/brasender.com.br\/noticias\/mas-de-100-migrantes-cubanos-son-deportados-desde-ee-uu\/#breadcrumb"},"inLanguage":"pt-BR","potentialAction":[{"@type":"ReadAction","target":["https:\/\/brasender.com.br\/noticias\/mas-de-100-migrantes-cubanos-son-deportados-desde-ee-uu\/"]}]},{"@type":"ImageObject","inLanguage":"pt-BR","@id":"https:\/\/brasender.com.br\/noticias\/mas-de-100-migrantes-cubanos-son-deportados-desde-ee-uu\/#primaryimage","url":"https:\/\/brasender.com.br\/noticias\/wp-content\/uploads\/2025\/03\/Cubanos-deportados.png","contentUrl":"https:\/\/brasender.com.br\/noticias\/wp-content\/uploads\/2025\/03\/Cubanos-deportados.png","width":640,"height":426,"caption":"Cubanos deportados"},{"@type":"BreadcrumbList","@id":"https:\/\/brasender.com.br\/noticias\/mas-de-100-migrantes-cubanos-son-deportados-desde-ee-uu\/#breadcrumb","itemListElement":[{"@type":"ListItem","position":1,"name":"In\u00edcio","item":"https:\/\/brasender.com.br\/noticias\/"},{"@type":"ListItem","position":2,"name":"M\u00e1s de 100 Migrantes Cubanos Son Deportados desde EE.UU."}]},{"@type":"WebSite","@id":"https:\/\/brasender.com.br\/noticias\/#website","url":"https:\/\/brasender.com.br\/noticias\/","name":"Brasender Noticias","description":"Portal de Noticias Brasender","publisher":{"@id":"https:\/\/brasender.com.br\/noticias\/#organization"},"potentialAction":[{"@type":"SearchAction","target":{"@type":"EntryPoint","urlTemplate":"https:\/\/brasender.com.br\/noticias\/?s={search_term_string}"},"query-input":{"@type":"PropertyValueSpecification","valueRequired":true,"valueName":"search_term_string"}}],"inLanguage":"pt-BR"},{"@type":"Organization","@id":"https:\/\/brasender.com.br\/noticias\/#organization","name":"Brasender Noticias","url":"https:\/\/brasender.com.br\/noticias\/","logo":{"@type":"ImageObject","inLanguage":"pt-BR","@id":"https:\/\/brasender.com.br\/noticias\/#\/schema\/logo\/image\/","url":"https:\/\/brasender.com.br\/noticias\/wp-content\/uploads\/2022\/03\/Brasender-Noticias.png","contentUrl":"https:\/\/brasender.com.br\/noticias\/wp-content\/uploads\/2022\/03\/Brasender-Noticias.png","width":2048,"height":500,"caption":"Brasender Noticias"},"image":{"@id":"https:\/\/brasender.com.br\/noticias\/#\/schema\/logo\/image\/"},"sameAs":["https:\/\/www.facebook.com\/profile.php?id=61562137653202","https:\/\/www.instagram.com\/brasender\/"]},{"@type":"Person","@id":"https:\/\/brasender.com.br\/noticias\/#\/schema\/person\/8ff4bab7c83b41a03fbb5302e8977cf6","name":"Brasender","image":{"@type":"ImageObject","inLanguage":"pt-BR","@id":"https:\/\/secure.gravatar.com\/avatar\/a3c3990fec24135a7178fc2a02353673b32fe012bfcc277aa1e6331e34513594?s=96&d=mm&r=g","url":"https:\/\/secure.gravatar.com\/avatar\/a3c3990fec24135a7178fc2a02353673b32fe012bfcc277aa1e6331e34513594?s=96&d=mm&r=g","contentUrl":"https:\/\/secure.gravatar.com\/avatar\/a3c3990fec24135a7178fc2a02353673b32fe012bfcc277aa1e6331e34513594?s=96&d=mm&r=g","caption":"Brasender"},"url":"https:\/\/brasender.com.br\/noticias\/author\/brasender\/"}]}},"_links":{"self":[{"href":"https:\/\/brasender.com.br\/noticias\/wp-json\/wp\/v2\/posts\/2968","targetHints":{"allow":["GET"]}}],"collection":[{"href":"https:\/\/brasender.com.br\/noticias\/wp-json\/wp\/v2\/posts"}],"about":[{"href":"https:\/\/brasender.com.br\/noticias\/wp-json\/wp\/v2\/types\/post"}],"author":[{"embeddable":true,"href":"https:\/\/brasender.com.br\/noticias\/wp-json\/wp\/v2\/users\/2"}],"replies":[{"embeddable":true,"href":"https:\/\/brasender.com.br\/noticias\/wp-json\/wp\/v2\/comments?post=2968"}],"version-history":[{"count":1,"href":"https:\/\/brasender.com.br\/noticias\/wp-json\/wp\/v2\/posts\/2968\/revisions"}],"predecessor-version":[{"id":2970,"href":"https:\/\/brasender.com.br\/noticias\/wp-json\/wp\/v2\/posts\/2968\/revisions\/2970"}],"wp:featuredmedia":[{"embeddable":true,"href":"https:\/\/brasender.com.br\/noticias\/wp-json\/wp\/v2\/media\/2969"}],"wp:attachment":[{"href":"https:\/\/brasender.com.br\/noticias\/wp-json\/wp\/v2\/media?parent=2968"}],"wp:term":[{"taxonomy":"category","embeddable":true,"href":"https:\/\/brasender.com.br\/noticias\/wp-json\/wp\/v2\/categories?post=2968"},{"taxonomy":"post_tag","embeddable":true,"href":"https:\/\/brasender.com.br\/noticias\/wp-json\/wp\/v2\/tags?post=2968"}],"curies":[{"name":"wp","href":"https:\/\/api.w.org\/{rel}","templated":true}]}}