{"id":2961,"date":"2025-03-03T10:53:19","date_gmt":"2025-03-03T13:53:19","guid":{"rendered":"https:\/\/brasender.com.br\/noticias\/?p=2961"},"modified":"2025-08-02T21:59:51","modified_gmt":"2025-08-03T00:59:51","slug":"silvio-rodriguez-expresa-su-preocupacion-por-la-dignidad-nacional-en-cuba","status":"publish","type":"post","link":"https:\/\/brasender.com.br\/noticias\/silvio-rodriguez-expresa-su-preocupacion-por-la-dignidad-nacional-en-cuba\/","title":{"rendered":"Silvio Rodr\u00edguez Expresa su Preocupaci\u00f3n por la Dignidad Nacional en Cuba"},"content":{"rendered":"\n<p class=\"wp-block-paragraph\">El reconocido cantautor cubano Silvio Rodr\u00edguez ha generado un fuerte debate tras sus recientes declaraciones sobre la situaci\u00f3n actual en Cuba. En su <a href=\"https:\/\/segundacita.blogspot.com\/\">blog Segunda Cita<\/a>, el artista expres\u00f3 su preocupaci\u00f3n por lo que considera una p\u00e9rdida del sentido de dignidad nacional en la isla. Sus palabras han resonado con muchos, avivando la discusi\u00f3n sobre la crisis que enfrenta el pa\u00eds.<\/p>\n\n\n\n<blockquote class=\"wp-block-quote is-style-default is-layout-flow wp-block-quote-is-layout-flow\">\n<p class=\"wp-block-paragraph\" style=\"font-style:italic;font-weight:400\">&#8220;Distintas se\u00f1ales sugieren que est\u00e1 ocurriendo una especie de desaparici\u00f3n paulatina del sentido de dignidad nacional. Lo siento en hechos ciudadanos del d\u00eda a d\u00eda. Lo siento en la carnavalizaci\u00f3n de la estatua de la naci\u00f3n y la tumba del mamb\u00ed desconocido. Lo siento en un video que muestra un cad\u00e1ver reciente, lleno de heridas, ante el que los presentes hacen diversos comentarios. \u00bfA d\u00f3nde hemos llegado para que puedan pasar estas cosas, para que se trivialice\u00a0lo sagrado, para se le falte el respeto a la memoria de un ser humano, a su familia, a las personas que le aman?&#8221;<\/p>\n<\/blockquote>\n\n\n\n<p class=\"wp-block-paragraph\">Rodr\u00edguez, conocido por su lealtad al proceso revolucionario cubano, sorprendi\u00f3 a muchos con su an\u00e1lisis cr\u00edtico de la realidad que vive la naci\u00f3n. Seg\u00fan el trovador, la situaci\u00f3n econ\u00f3mica y social ha alcanzado niveles alarmantes, lo que ha llevado a un deterioro de los valores y del sentimiento de identidad nacional. Adem\u00e1s, subray\u00f3 que muchos cubanos, en su lucha diaria por sobrevivir, han perdido la confianza en el futuro del pa\u00eds.<\/p>\n\n\n\n<p class=\"wp-block-paragraph\">La crisis en Cuba, marcada por la escasez de alimentos, medicinas y recursos b\u00e1sicos, ha empujado a miles de ciudadanos a emigrar en busca de mejores oportunidades. Este fen\u00f3meno ha sido se\u00f1alado por Rodr\u00edguez como una de las mayores preocupaciones, ya que considera que la naci\u00f3n est\u00e1 perdiendo parte de su esencia debido a la di\u00e1spora masiva. A causa de esto, el tejido social cubano se ha visto gravemente afectado, generando incertidumbre y desesperanza entre la poblaci\u00f3n.<\/p>\n\n\n\n<p class=\"wp-block-paragraph\">Sin embargo, las palabras del artista no fueron solo una cr\u00edtica, sino tambi\u00e9n un llamado a la reflexi\u00f3n. Silvio Rodr\u00edguez insisti\u00f3 en la importancia de recuperar el sentido de comunidad y solidaridad, valores que han definido hist\u00f3ricamente al pueblo cubano. Seg\u00fan \u00e9l, la \u00fanica manera de salir adelante es a trav\u00e9s de la uni\u00f3n y la reconstrucci\u00f3n de la confianza en un futuro mejor.<\/p>\n\n\n\n<p class=\"wp-block-paragraph\">Las declaraciones de Rodr\u00edguez han generado reacciones encontradas. Algunos lo aplauden por su sinceridad y valent\u00eda al abordar un tema tan sensible, mientras que otros consideran que su postura llega tarde y que ha sido parte del sistema que contribuy\u00f3 a esta crisis. No obstante, lo que es innegable es que sus palabras han reavivado un debate esencial sobre el presente y el futuro de Cuba.<\/p>\n\n\n\n<p class=\"wp-block-paragraph\">Este pronunciamiento se suma a otras voces dentro y fuera del pa\u00eds que han alertado sobre la gravedad de la situaci\u00f3n. Cada vez m\u00e1s artistas, intelectuales y ciudadanos se suman al llamado por un cambio, lo que demuestra que la inquietud por el destino de Cuba es un sentimiento generalizado.<\/p>\n\n\n\n<p class=\"wp-block-paragraph\">El impacto de las palabras de Silvio Rodr\u00edguez a\u00fan est\u00e1 por verse, pero lo que es claro es que han puesto sobre la mesa un tema que no puede ser ignorado. La dignidad nacional, seg\u00fan el trovador, es un valor que no debe perderse, y su mensaje invita a la reflexi\u00f3n sobre c\u00f3mo cada cubano puede contribuir a recuperar la esperanza en la isla.<\/p>\n","protected":false},"excerpt":{"rendered":"<p>El reconocido cantautor cubano Silvio Rodr\u00edguez ha generado un fuerte debate tras sus recientes declaraciones sobre la situaci\u00f3n actual en Cuba. En su blog Segunda Cita, el artista expres\u00f3 su preocupaci\u00f3n por lo que considera una p\u00e9rdida del sentido de dignidad nacional en la isla. Sus palabras han resonado con muchos, avivando la discusi\u00f3n sobre [&hellip;]<\/p>\n","protected":false},"author":2,"featured_media":2962,"comment_status":"open","ping_status":"open","sticky":false,"template":"","format":"standard","meta":{"_crdt_document":"","footnotes":""},"categories":[68],"tags":[],"class_list":["post-2961","post","type-post","status-publish","format-standard","has-post-thumbnail","hentry","category-farandula"],"yoast_head":"<!-- This site is optimized with the Yoast SEO plugin v27.4 - https:\/\/yoast.com\/product\/yoast-seo-wordpress\/ -->\n<title>Silvio Rodr\u00edguez Expresa su Preocupaci\u00f3n por la Dignidad Nacional en Cuba - Brasender Noticias<\/title>\n<meta name=\"robots\" content=\"index, follow, max-snippet:-1, max-image-preview:large, max-video-preview:-1\" \/>\n<link rel=\"canonical\" href=\"https:\/\/brasender.com.br\/noticias\/silvio-rodriguez-expresa-su-preocupacion-por-la-dignidad-nacional-en-cuba\/\" \/>\n<meta property=\"og:locale\" content=\"pt_BR\" \/>\n<meta property=\"og:type\" content=\"article\" \/>\n<meta property=\"og:title\" content=\"Silvio Rodr\u00edguez Expresa su Preocupaci\u00f3n por la Dignidad Nacional en Cuba - Brasender Noticias\" \/>\n<meta property=\"og:description\" content=\"El reconocido cantautor cubano Silvio Rodr\u00edguez ha generado un fuerte debate tras sus recientes declaraciones sobre la situaci\u00f3n actual en Cuba. En su blog Segunda Cita, el artista expres\u00f3 su preocupaci\u00f3n por lo que considera una p\u00e9rdida del sentido de dignidad nacional en la isla. Sus palabras han resonado con muchos, avivando la discusi\u00f3n sobre [&hellip;]\" \/>\n<meta property=\"og:url\" content=\"https:\/\/brasender.com.br\/noticias\/silvio-rodriguez-expresa-su-preocupacion-por-la-dignidad-nacional-en-cuba\/\" \/>\n<meta property=\"og:site_name\" content=\"Brasender Noticias\" \/>\n<meta property=\"article:publisher\" content=\"https:\/\/www.facebook.com\/profile.php?id=61562137653202\" \/>\n<meta property=\"article:published_time\" content=\"2025-03-03T13:53:19+00:00\" \/>\n<meta property=\"article:modified_time\" content=\"2025-08-03T00:59:51+00:00\" \/>\n<meta property=\"og:image\" content=\"https:\/\/brasender.com.br\/noticias\/wp-content\/uploads\/2025\/03\/Silvio-Rodriguez.png\" \/>\n\t<meta property=\"og:image:width\" content=\"640\" \/>\n\t<meta property=\"og:image:height\" content=\"426\" \/>\n\t<meta property=\"og:image:type\" content=\"image\/png\" \/>\n<meta name=\"author\" content=\"Brasender\" \/>\n<meta name=\"twitter:card\" content=\"summary_large_image\" \/>\n<meta name=\"twitter:label1\" content=\"Escrito por\" \/>\n\t<meta name=\"twitter:data1\" content=\"Brasender\" \/>\n\t<meta name=\"twitter:label2\" content=\"Est. tempo de leitura\" \/>\n\t<meta name=\"twitter:data2\" content=\"3 minutos\" \/>\n<script type=\"application\/ld+json\" class=\"yoast-schema-graph\">{\"@context\":\"https:\\\/\\\/schema.org\",\"@graph\":[{\"@type\":\"Article\",\"@id\":\"https:\\\/\\\/brasender.com.br\\\/noticias\\\/silvio-rodriguez-expresa-su-preocupacion-por-la-dignidad-nacional-en-cuba\\\/#article\",\"isPartOf\":{\"@id\":\"https:\\\/\\\/brasender.com.br\\\/noticias\\\/silvio-rodriguez-expresa-su-preocupacion-por-la-dignidad-nacional-en-cuba\\\/\"},\"author\":{\"name\":\"Brasender\",\"@id\":\"https:\\\/\\\/brasender.com.br\\\/noticias\\\/#\\\/schema\\\/person\\\/8ff4bab7c83b41a03fbb5302e8977cf6\"},\"headline\":\"Silvio Rodr\u00edguez Expresa su Preocupaci\u00f3n por la Dignidad Nacional en Cuba\",\"datePublished\":\"2025-03-03T13:53:19+00:00\",\"dateModified\":\"2025-08-03T00:59:51+00:00\",\"mainEntityOfPage\":{\"@id\":\"https:\\\/\\\/brasender.com.br\\\/noticias\\\/silvio-rodriguez-expresa-su-preocupacion-por-la-dignidad-nacional-en-cuba\\\/\"},\"wordCount\":616,\"commentCount\":0,\"publisher\":{\"@id\":\"https:\\\/\\\/brasender.com.br\\\/noticias\\\/#organization\"},\"image\":{\"@id\":\"https:\\\/\\\/brasender.com.br\\\/noticias\\\/silvio-rodriguez-expresa-su-preocupacion-por-la-dignidad-nacional-en-cuba\\\/#primaryimage\"},\"thumbnailUrl\":\"https:\\\/\\\/brasender.com.br\\\/noticias\\\/wp-content\\\/uploads\\\/2025\\\/03\\\/Silvio-Rodriguez.png\",\"articleSection\":[\"Far\u00e1ndula\"],\"inLanguage\":\"pt-BR\",\"potentialAction\":[{\"@type\":\"CommentAction\",\"name\":\"Comment\",\"target\":[\"https:\\\/\\\/brasender.com.br\\\/noticias\\\/silvio-rodriguez-expresa-su-preocupacion-por-la-dignidad-nacional-en-cuba\\\/#respond\"]}]},{\"@type\":\"WebPage\",\"@id\":\"https:\\\/\\\/brasender.com.br\\\/noticias\\\/silvio-rodriguez-expresa-su-preocupacion-por-la-dignidad-nacional-en-cuba\\\/\",\"url\":\"https:\\\/\\\/brasender.com.br\\\/noticias\\\/silvio-rodriguez-expresa-su-preocupacion-por-la-dignidad-nacional-en-cuba\\\/\",\"name\":\"Silvio Rodr\u00edguez Expresa su Preocupaci\u00f3n por la Dignidad Nacional en Cuba - Brasender Noticias\",\"isPartOf\":{\"@id\":\"https:\\\/\\\/brasender.com.br\\\/noticias\\\/#website\"},\"primaryImageOfPage\":{\"@id\":\"https:\\\/\\\/brasender.com.br\\\/noticias\\\/silvio-rodriguez-expresa-su-preocupacion-por-la-dignidad-nacional-en-cuba\\\/#primaryimage\"},\"image\":{\"@id\":\"https:\\\/\\\/brasender.com.br\\\/noticias\\\/silvio-rodriguez-expresa-su-preocupacion-por-la-dignidad-nacional-en-cuba\\\/#primaryimage\"},\"thumbnailUrl\":\"https:\\\/\\\/brasender.com.br\\\/noticias\\\/wp-content\\\/uploads\\\/2025\\\/03\\\/Silvio-Rodriguez.png\",\"datePublished\":\"2025-03-03T13:53:19+00:00\",\"dateModified\":\"2025-08-03T00:59:51+00:00\",\"breadcrumb\":{\"@id\":\"https:\\\/\\\/brasender.com.br\\\/noticias\\\/silvio-rodriguez-expresa-su-preocupacion-por-la-dignidad-nacional-en-cuba\\\/#breadcrumb\"},\"inLanguage\":\"pt-BR\",\"potentialAction\":[{\"@type\":\"ReadAction\",\"target\":[\"https:\\\/\\\/brasender.com.br\\\/noticias\\\/silvio-rodriguez-expresa-su-preocupacion-por-la-dignidad-nacional-en-cuba\\\/\"]}]},{\"@type\":\"ImageObject\",\"inLanguage\":\"pt-BR\",\"@id\":\"https:\\\/\\\/brasender.com.br\\\/noticias\\\/silvio-rodriguez-expresa-su-preocupacion-por-la-dignidad-nacional-en-cuba\\\/#primaryimage\",\"url\":\"https:\\\/\\\/brasender.com.br\\\/noticias\\\/wp-content\\\/uploads\\\/2025\\\/03\\\/Silvio-Rodriguez.png\",\"contentUrl\":\"https:\\\/\\\/brasender.com.br\\\/noticias\\\/wp-content\\\/uploads\\\/2025\\\/03\\\/Silvio-Rodriguez.png\",\"width\":640,\"height\":426,\"caption\":\"Silvio Rodr\u00edguez\"},{\"@type\":\"BreadcrumbList\",\"@id\":\"https:\\\/\\\/brasender.com.br\\\/noticias\\\/silvio-rodriguez-expresa-su-preocupacion-por-la-dignidad-nacional-en-cuba\\\/#breadcrumb\",\"itemListElement\":[{\"@type\":\"ListItem\",\"position\":1,\"name\":\"In\u00edcio\",\"item\":\"https:\\\/\\\/brasender.com.br\\\/noticias\\\/\"},{\"@type\":\"ListItem\",\"position\":2,\"name\":\"Silvio Rodr\u00edguez Expresa su Preocupaci\u00f3n por la Dignidad Nacional en Cuba\"}]},{\"@type\":\"WebSite\",\"@id\":\"https:\\\/\\\/brasender.com.br\\\/noticias\\\/#website\",\"url\":\"https:\\\/\\\/brasender.com.br\\\/noticias\\\/\",\"name\":\"Brasender Noticias\",\"description\":\"Portal de Noticias Brasender\",\"publisher\":{\"@id\":\"https:\\\/\\\/brasender.com.br\\\/noticias\\\/#organization\"},\"potentialAction\":[{\"@type\":\"SearchAction\",\"target\":{\"@type\":\"EntryPoint\",\"urlTemplate\":\"https:\\\/\\\/brasender.com.br\\\/noticias\\\/?s={search_term_string}\"},\"query-input\":{\"@type\":\"PropertyValueSpecification\",\"valueRequired\":true,\"valueName\":\"search_term_string\"}}],\"inLanguage\":\"pt-BR\"},{\"@type\":\"Organization\",\"@id\":\"https:\\\/\\\/brasender.com.br\\\/noticias\\\/#organization\",\"name\":\"Brasender Noticias\",\"url\":\"https:\\\/\\\/brasender.com.br\\\/noticias\\\/\",\"logo\":{\"@type\":\"ImageObject\",\"inLanguage\":\"pt-BR\",\"@id\":\"https:\\\/\\\/brasender.com.br\\\/noticias\\\/#\\\/schema\\\/logo\\\/image\\\/\",\"url\":\"https:\\\/\\\/brasender.com.br\\\/noticias\\\/wp-content\\\/uploads\\\/2022\\\/03\\\/Brasender-Noticias.png\",\"contentUrl\":\"https:\\\/\\\/brasender.com.br\\\/noticias\\\/wp-content\\\/uploads\\\/2022\\\/03\\\/Brasender-Noticias.png\",\"width\":2048,\"height\":500,\"caption\":\"Brasender Noticias\"},\"image\":{\"@id\":\"https:\\\/\\\/brasender.com.br\\\/noticias\\\/#\\\/schema\\\/logo\\\/image\\\/\"},\"sameAs\":[\"https:\\\/\\\/www.facebook.com\\\/profile.php?id=61562137653202\",\"https:\\\/\\\/www.instagram.com\\\/brasender\\\/\"]},{\"@type\":\"Person\",\"@id\":\"https:\\\/\\\/brasender.com.br\\\/noticias\\\/#\\\/schema\\\/person\\\/8ff4bab7c83b41a03fbb5302e8977cf6\",\"name\":\"Brasender\",\"image\":{\"@type\":\"ImageObject\",\"inLanguage\":\"pt-BR\",\"@id\":\"https:\\\/\\\/secure.gravatar.com\\\/avatar\\\/a3c3990fec24135a7178fc2a02353673b32fe012bfcc277aa1e6331e34513594?s=96&d=mm&r=g\",\"url\":\"https:\\\/\\\/secure.gravatar.com\\\/avatar\\\/a3c3990fec24135a7178fc2a02353673b32fe012bfcc277aa1e6331e34513594?s=96&d=mm&r=g\",\"contentUrl\":\"https:\\\/\\\/secure.gravatar.com\\\/avatar\\\/a3c3990fec24135a7178fc2a02353673b32fe012bfcc277aa1e6331e34513594?s=96&d=mm&r=g\",\"caption\":\"Brasender\"},\"url\":\"https:\\\/\\\/brasender.com.br\\\/noticias\\\/author\\\/brasender\\\/\"}]}<\/script>\n<!-- \/ Yoast SEO plugin. -->","yoast_head_json":{"title":"Silvio Rodr\u00edguez Expresa su Preocupaci\u00f3n por la Dignidad Nacional en Cuba - Brasender Noticias","robots":{"index":"index","follow":"follow","max-snippet":"max-snippet:-1","max-image-preview":"max-image-preview:large","max-video-preview":"max-video-preview:-1"},"canonical":"https:\/\/brasender.com.br\/noticias\/silvio-rodriguez-expresa-su-preocupacion-por-la-dignidad-nacional-en-cuba\/","og_locale":"pt_BR","og_type":"article","og_title":"Silvio Rodr\u00edguez Expresa su Preocupaci\u00f3n por la Dignidad Nacional en Cuba - Brasender Noticias","og_description":"El reconocido cantautor cubano Silvio Rodr\u00edguez ha generado un fuerte debate tras sus recientes declaraciones sobre la situaci\u00f3n actual en Cuba. En su blog Segunda Cita, el artista expres\u00f3 su preocupaci\u00f3n por lo que considera una p\u00e9rdida del sentido de dignidad nacional en la isla. Sus palabras han resonado con muchos, avivando la discusi\u00f3n sobre [&hellip;]","og_url":"https:\/\/brasender.com.br\/noticias\/silvio-rodriguez-expresa-su-preocupacion-por-la-dignidad-nacional-en-cuba\/","og_site_name":"Brasender Noticias","article_publisher":"https:\/\/www.facebook.com\/profile.php?id=61562137653202","article_published_time":"2025-03-03T13:53:19+00:00","article_modified_time":"2025-08-03T00:59:51+00:00","og_image":[{"width":640,"height":426,"url":"https:\/\/brasender.com.br\/noticias\/wp-content\/uploads\/2025\/03\/Silvio-Rodriguez.png","type":"image\/png"}],"author":"Brasender","twitter_card":"summary_large_image","twitter_misc":{"Escrito por":"Brasender","Est. tempo de leitura":"3 minutos"},"schema":{"@context":"https:\/\/schema.org","@graph":[{"@type":"Article","@id":"https:\/\/brasender.com.br\/noticias\/silvio-rodriguez-expresa-su-preocupacion-por-la-dignidad-nacional-en-cuba\/#article","isPartOf":{"@id":"https:\/\/brasender.com.br\/noticias\/silvio-rodriguez-expresa-su-preocupacion-por-la-dignidad-nacional-en-cuba\/"},"author":{"name":"Brasender","@id":"https:\/\/brasender.com.br\/noticias\/#\/schema\/person\/8ff4bab7c83b41a03fbb5302e8977cf6"},"headline":"Silvio Rodr\u00edguez Expresa su Preocupaci\u00f3n por la Dignidad Nacional en Cuba","datePublished":"2025-03-03T13:53:19+00:00","dateModified":"2025-08-03T00:59:51+00:00","mainEntityOfPage":{"@id":"https:\/\/brasender.com.br\/noticias\/silvio-rodriguez-expresa-su-preocupacion-por-la-dignidad-nacional-en-cuba\/"},"wordCount":616,"commentCount":0,"publisher":{"@id":"https:\/\/brasender.com.br\/noticias\/#organization"},"image":{"@id":"https:\/\/brasender.com.br\/noticias\/silvio-rodriguez-expresa-su-preocupacion-por-la-dignidad-nacional-en-cuba\/#primaryimage"},"thumbnailUrl":"https:\/\/brasender.com.br\/noticias\/wp-content\/uploads\/2025\/03\/Silvio-Rodriguez.png","articleSection":["Far\u00e1ndula"],"inLanguage":"pt-BR","potentialAction":[{"@type":"CommentAction","name":"Comment","target":["https:\/\/brasender.com.br\/noticias\/silvio-rodriguez-expresa-su-preocupacion-por-la-dignidad-nacional-en-cuba\/#respond"]}]},{"@type":"WebPage","@id":"https:\/\/brasender.com.br\/noticias\/silvio-rodriguez-expresa-su-preocupacion-por-la-dignidad-nacional-en-cuba\/","url":"https:\/\/brasender.com.br\/noticias\/silvio-rodriguez-expresa-su-preocupacion-por-la-dignidad-nacional-en-cuba\/","name":"Silvio Rodr\u00edguez Expresa su Preocupaci\u00f3n por la Dignidad Nacional en Cuba - Brasender Noticias","isPartOf":{"@id":"https:\/\/brasender.com.br\/noticias\/#website"},"primaryImageOfPage":{"@id":"https:\/\/brasender.com.br\/noticias\/silvio-rodriguez-expresa-su-preocupacion-por-la-dignidad-nacional-en-cuba\/#primaryimage"},"image":{"@id":"https:\/\/brasender.com.br\/noticias\/silvio-rodriguez-expresa-su-preocupacion-por-la-dignidad-nacional-en-cuba\/#primaryimage"},"thumbnailUrl":"https:\/\/brasender.com.br\/noticias\/wp-content\/uploads\/2025\/03\/Silvio-Rodriguez.png","datePublished":"2025-03-03T13:53:19+00:00","dateModified":"2025-08-03T00:59:51+00:00","breadcrumb":{"@id":"https:\/\/brasender.com.br\/noticias\/silvio-rodriguez-expresa-su-preocupacion-por-la-dignidad-nacional-en-cuba\/#breadcrumb"},"inLanguage":"pt-BR","potentialAction":[{"@type":"ReadAction","target":["https:\/\/brasender.com.br\/noticias\/silvio-rodriguez-expresa-su-preocupacion-por-la-dignidad-nacional-en-cuba\/"]}]},{"@type":"ImageObject","inLanguage":"pt-BR","@id":"https:\/\/brasender.com.br\/noticias\/silvio-rodriguez-expresa-su-preocupacion-por-la-dignidad-nacional-en-cuba\/#primaryimage","url":"https:\/\/brasender.com.br\/noticias\/wp-content\/uploads\/2025\/03\/Silvio-Rodriguez.png","contentUrl":"https:\/\/brasender.com.br\/noticias\/wp-content\/uploads\/2025\/03\/Silvio-Rodriguez.png","width":640,"height":426,"caption":"Silvio Rodr\u00edguez"},{"@type":"BreadcrumbList","@id":"https:\/\/brasender.com.br\/noticias\/silvio-rodriguez-expresa-su-preocupacion-por-la-dignidad-nacional-en-cuba\/#breadcrumb","itemListElement":[{"@type":"ListItem","position":1,"name":"In\u00edcio","item":"https:\/\/brasender.com.br\/noticias\/"},{"@type":"ListItem","position":2,"name":"Silvio Rodr\u00edguez Expresa su Preocupaci\u00f3n por la Dignidad Nacional en Cuba"}]},{"@type":"WebSite","@id":"https:\/\/brasender.com.br\/noticias\/#website","url":"https:\/\/brasender.com.br\/noticias\/","name":"Brasender Noticias","description":"Portal de Noticias Brasender","publisher":{"@id":"https:\/\/brasender.com.br\/noticias\/#organization"},"potentialAction":[{"@type":"SearchAction","target":{"@type":"EntryPoint","urlTemplate":"https:\/\/brasender.com.br\/noticias\/?s={search_term_string}"},"query-input":{"@type":"PropertyValueSpecification","valueRequired":true,"valueName":"search_term_string"}}],"inLanguage":"pt-BR"},{"@type":"Organization","@id":"https:\/\/brasender.com.br\/noticias\/#organization","name":"Brasender Noticias","url":"https:\/\/brasender.com.br\/noticias\/","logo":{"@type":"ImageObject","inLanguage":"pt-BR","@id":"https:\/\/brasender.com.br\/noticias\/#\/schema\/logo\/image\/","url":"https:\/\/brasender.com.br\/noticias\/wp-content\/uploads\/2022\/03\/Brasender-Noticias.png","contentUrl":"https:\/\/brasender.com.br\/noticias\/wp-content\/uploads\/2022\/03\/Brasender-Noticias.png","width":2048,"height":500,"caption":"Brasender Noticias"},"image":{"@id":"https:\/\/brasender.com.br\/noticias\/#\/schema\/logo\/image\/"},"sameAs":["https:\/\/www.facebook.com\/profile.php?id=61562137653202","https:\/\/www.instagram.com\/brasender\/"]},{"@type":"Person","@id":"https:\/\/brasender.com.br\/noticias\/#\/schema\/person\/8ff4bab7c83b41a03fbb5302e8977cf6","name":"Brasender","image":{"@type":"ImageObject","inLanguage":"pt-BR","@id":"https:\/\/secure.gravatar.com\/avatar\/a3c3990fec24135a7178fc2a02353673b32fe012bfcc277aa1e6331e34513594?s=96&d=mm&r=g","url":"https:\/\/secure.gravatar.com\/avatar\/a3c3990fec24135a7178fc2a02353673b32fe012bfcc277aa1e6331e34513594?s=96&d=mm&r=g","contentUrl":"https:\/\/secure.gravatar.com\/avatar\/a3c3990fec24135a7178fc2a02353673b32fe012bfcc277aa1e6331e34513594?s=96&d=mm&r=g","caption":"Brasender"},"url":"https:\/\/brasender.com.br\/noticias\/author\/brasender\/"}]}},"_links":{"self":[{"href":"https:\/\/brasender.com.br\/noticias\/wp-json\/wp\/v2\/posts\/2961","targetHints":{"allow":["GET"]}}],"collection":[{"href":"https:\/\/brasender.com.br\/noticias\/wp-json\/wp\/v2\/posts"}],"about":[{"href":"https:\/\/brasender.com.br\/noticias\/wp-json\/wp\/v2\/types\/post"}],"author":[{"embeddable":true,"href":"https:\/\/brasender.com.br\/noticias\/wp-json\/wp\/v2\/users\/2"}],"replies":[{"embeddable":true,"href":"https:\/\/brasender.com.br\/noticias\/wp-json\/wp\/v2\/comments?post=2961"}],"version-history":[{"count":1,"href":"https:\/\/brasender.com.br\/noticias\/wp-json\/wp\/v2\/posts\/2961\/revisions"}],"predecessor-version":[{"id":2963,"href":"https:\/\/brasender.com.br\/noticias\/wp-json\/wp\/v2\/posts\/2961\/revisions\/2963"}],"wp:featuredmedia":[{"embeddable":true,"href":"https:\/\/brasender.com.br\/noticias\/wp-json\/wp\/v2\/media\/2962"}],"wp:attachment":[{"href":"https:\/\/brasender.com.br\/noticias\/wp-json\/wp\/v2\/media?parent=2961"}],"wp:term":[{"taxonomy":"category","embeddable":true,"href":"https:\/\/brasender.com.br\/noticias\/wp-json\/wp\/v2\/categories?post=2961"},{"taxonomy":"post_tag","embeddable":true,"href":"https:\/\/brasender.com.br\/noticias\/wp-json\/wp\/v2\/tags?post=2961"}],"curies":[{"name":"wp","href":"https:\/\/api.w.org\/{rel}","templated":true}]}}