{"id":2956,"date":"2025-03-01T09:59:07","date_gmt":"2025-03-01T12:59:07","guid":{"rendered":"https:\/\/brasender.com.br\/noticias\/?p=2956"},"modified":"2025-08-02T22:00:59","modified_gmt":"2025-08-03T01:00:59","slug":"fallece-paulito-fg-tragico-accidente-de-transito-en-la-habana","status":"publish","type":"post","link":"https:\/\/brasender.com.br\/noticias\/fallece-paulito-fg-tragico-accidente-de-transito-en-la-habana\/","title":{"rendered":"Fallece Paulito FG: Tr\u00e1gico Accidente de Tr\u00e1nsito en La Habana"},"content":{"rendered":"\n<p class=\"wp-block-paragraph\">El mundo de la m\u00fasica cubana est\u00e1 de luto porque ha fallecido el reconocido cantante y compositor Paulito FG en un accidente de tr\u00e1nsito en La Habana. La noticia, que ha conmocionado a sus seguidores y colegas del gremio, fue confirmada por fuentes cercanas al artista.<\/p>\n\n\n\n<p class=\"wp-block-paragraph\">Seg\u00fan informes preliminares, el accidente ocurri\u00f3 en horas de la madrugada en una de las principales avenidas de la capital cubana. Se presume que el veh\u00edculo en el que viajaba el m\u00fasico perdi\u00f3 el control y sufri\u00f3 un fuerte impacto. Aunque los equipos de emergencia llegaron r\u00e1pidamente al lugar, lamentablemente no pudieron hacer nada para salvar su vida.<\/p>\n\n\n\n<p class=\"wp-block-paragraph\">Paulito FG, cuyo nombre real era <strong>Pablo Alfonso Fern\u00e1ndez Gallo<\/strong>, fue una de las figuras m\u00e1s influyentes de la m\u00fasica popular cubana. Su carrera, que abarc\u00f3 varias d\u00e9cadas, dej\u00f3 una huella imborrable en el g\u00e9nero de la timba. Gracias a su talento, carisma y estilo inconfundible, se convirti\u00f3 en un \u00edcono tanto en la isla como en el extranjero.<\/p>\n\n\n\n<p class=\"wp-block-paragraph\">Desde el anuncio de su fallecimiento, las redes sociales se han inundado de mensajes de condolencias por parte de artistas, seguidores y personalidades del \u00e1mbito cultural. Muchos han recordado su legado y el impacto que tuvo en la m\u00fasica cubana, destacando su innovaci\u00f3n y su valiosa contribuci\u00f3n al g\u00e9nero. <\/p>\n\n\n\n<iframe src=\"https:\/\/www.facebook.com\/plugins\/post.php?href=https%3A%2F%2Fwww.facebook.com%2Fhavanadprimeraofficial%2Fposts%2Fpfbid043MhyA7giP3uXQFgEPeT274tgvyDkHaodcXhV37jvu2TcDRAnAo8Q7prg853v6b6l&#038;show_text=true&#038;width=500\" width=\"500\" height=\"647\" style=\"border:none;overflow:hidden\" scrolling=\"no\" frameborder=\"0\" allowfullscreen=\"true\" allow=\"autoplay; clipboard-write; encrypted-media; picture-in-picture; web-share\"><\/iframe>\n\n\n\n<p class=\"wp-block-paragraph\">Sin embargo, la tristeza predomina entre quienes tuvieron la oportunidad de conocerlo y trabajar con \u00e9l. Asimismo, varios de sus colegas han compartido an\u00e9cdotas y homenajes en su honor, resaltando su calidad humana y profesionalismo.<\/p>\n\n\n\n<iframe src=\"https:\/\/www.facebook.com\/plugins\/post.php?href=https%3A%2F%2Fwww.facebook.com%2Fpermalink.php%3Fstory_fbid%3Dpfbid02gt42WNFCfswrsUFCJYssPb6qYjPhMZSucmz1M5SScws6CXd2Ub51oMkaxtn14Xidl%26id%3D100012460475766&#038;show_text=true&#038;width=500\" width=\"500\" height=\"490\" style=\"border:none;overflow:hidden\" scrolling=\"no\" frameborder=\"0\" allowfullscreen=\"true\" allow=\"autoplay; clipboard-write; encrypted-media; picture-in-picture; web-share\"><\/iframe>\n\n\n\n<p class=\"wp-block-paragraph\">Por otro lado, las autoridades han iniciado una investigaci\u00f3n para esclarecer las causas exactas del accidente. Se espera que en los pr\u00f3ximos d\u00edas se revelen m\u00e1s detalles sobre lo sucedido y que se confirme la fecha y el lugar de las honras f\u00fanebres. A causa de esta inesperada p\u00e9rdida, el dolor y la tristeza embargan a sus familiares, amigos y seguidores, quienes lamentan profundamente su partida.<\/p>\n\n\n\n<p class=\"wp-block-paragraph\">Sin duda, la muerte de Paulito FG deja un vac\u00edo inmenso en la m\u00fasica cubana y en el coraz\u00f3n de quienes admiraban su talento. Pero su legado perdurar\u00e1 en el tiempo, y sus canciones seguir\u00e1n sonando como un recordatorio de su invaluable aporte a la cultura cubana.<\/p>\n","protected":false},"excerpt":{"rendered":"<p>El mundo de la m\u00fasica cubana est\u00e1 de luto porque ha fallecido el reconocido cantante y compositor Paulito FG en un accidente de tr\u00e1nsito en La Habana. La noticia, que ha conmocionado a sus seguidores y colegas del gremio, fue confirmada por fuentes cercanas al artista. Seg\u00fan informes preliminares, el accidente ocurri\u00f3 en horas de [&hellip;]<\/p>\n","protected":false},"author":2,"featured_media":2957,"comment_status":"open","ping_status":"open","sticky":false,"template":"","format":"standard","meta":{"_crdt_document":"","footnotes":""},"categories":[68],"tags":[],"class_list":["post-2956","post","type-post","status-publish","format-standard","has-post-thumbnail","hentry","category-farandula"],"yoast_head":"<!-- This site is optimized with the Yoast SEO plugin v27.4 - https:\/\/yoast.com\/product\/yoast-seo-wordpress\/ -->\n<title>Fallece Paulito FG: Tr\u00e1gico Accidente de Tr\u00e1nsito en La Habana - Brasender Noticias<\/title>\n<meta name=\"robots\" content=\"index, follow, max-snippet:-1, max-image-preview:large, max-video-preview:-1\" \/>\n<link rel=\"canonical\" href=\"https:\/\/brasender.com.br\/noticias\/fallece-paulito-fg-tragico-accidente-de-transito-en-la-habana\/\" \/>\n<meta property=\"og:locale\" content=\"pt_BR\" \/>\n<meta property=\"og:type\" content=\"article\" \/>\n<meta property=\"og:title\" content=\"Fallece Paulito FG: Tr\u00e1gico Accidente de Tr\u00e1nsito en La Habana - Brasender Noticias\" \/>\n<meta property=\"og:description\" content=\"El mundo de la m\u00fasica cubana est\u00e1 de luto porque ha fallecido el reconocido cantante y compositor Paulito FG en un accidente de tr\u00e1nsito en La Habana. La noticia, que ha conmocionado a sus seguidores y colegas del gremio, fue confirmada por fuentes cercanas al artista. Seg\u00fan informes preliminares, el accidente ocurri\u00f3 en horas de [&hellip;]\" \/>\n<meta property=\"og:url\" content=\"https:\/\/brasender.com.br\/noticias\/fallece-paulito-fg-tragico-accidente-de-transito-en-la-habana\/\" \/>\n<meta property=\"og:site_name\" content=\"Brasender Noticias\" \/>\n<meta property=\"article:publisher\" content=\"https:\/\/www.facebook.com\/profile.php?id=61562137653202\" \/>\n<meta property=\"article:published_time\" content=\"2025-03-01T12:59:07+00:00\" \/>\n<meta property=\"article:modified_time\" content=\"2025-08-03T01:00:59+00:00\" \/>\n<meta property=\"og:image\" content=\"https:\/\/brasender.com.br\/noticias\/wp-content\/uploads\/2025\/03\/Paulo-FG.png\" \/>\n\t<meta property=\"og:image:width\" content=\"640\" \/>\n\t<meta property=\"og:image:height\" content=\"426\" \/>\n\t<meta property=\"og:image:type\" content=\"image\/png\" \/>\n<meta name=\"author\" content=\"Brasender\" \/>\n<meta name=\"twitter:card\" content=\"summary_large_image\" \/>\n<meta name=\"twitter:label1\" content=\"Escrito por\" \/>\n\t<meta name=\"twitter:data1\" content=\"Brasender\" \/>\n\t<meta name=\"twitter:label2\" content=\"Est. tempo de leitura\" \/>\n\t<meta name=\"twitter:data2\" content=\"3 minutos\" \/>\n<script type=\"application\/ld+json\" class=\"yoast-schema-graph\">{\"@context\":\"https:\\\/\\\/schema.org\",\"@graph\":[{\"@type\":\"Article\",\"@id\":\"https:\\\/\\\/brasender.com.br\\\/noticias\\\/fallece-paulito-fg-tragico-accidente-de-transito-en-la-habana\\\/#article\",\"isPartOf\":{\"@id\":\"https:\\\/\\\/brasender.com.br\\\/noticias\\\/fallece-paulito-fg-tragico-accidente-de-transito-en-la-habana\\\/\"},\"author\":{\"name\":\"Brasender\",\"@id\":\"https:\\\/\\\/brasender.com.br\\\/noticias\\\/#\\\/schema\\\/person\\\/8ff4bab7c83b41a03fbb5302e8977cf6\"},\"headline\":\"Fallece Paulito FG: Tr\u00e1gico Accidente de Tr\u00e1nsito en La Habana\",\"datePublished\":\"2025-03-01T12:59:07+00:00\",\"dateModified\":\"2025-08-03T01:00:59+00:00\",\"mainEntityOfPage\":{\"@id\":\"https:\\\/\\\/brasender.com.br\\\/noticias\\\/fallece-paulito-fg-tragico-accidente-de-transito-en-la-habana\\\/\"},\"wordCount\":398,\"commentCount\":0,\"publisher\":{\"@id\":\"https:\\\/\\\/brasender.com.br\\\/noticias\\\/#organization\"},\"image\":{\"@id\":\"https:\\\/\\\/brasender.com.br\\\/noticias\\\/fallece-paulito-fg-tragico-accidente-de-transito-en-la-habana\\\/#primaryimage\"},\"thumbnailUrl\":\"https:\\\/\\\/brasender.com.br\\\/noticias\\\/wp-content\\\/uploads\\\/2025\\\/03\\\/Paulo-FG.png\",\"articleSection\":[\"Far\u00e1ndula\"],\"inLanguage\":\"pt-BR\",\"potentialAction\":[{\"@type\":\"CommentAction\",\"name\":\"Comment\",\"target\":[\"https:\\\/\\\/brasender.com.br\\\/noticias\\\/fallece-paulito-fg-tragico-accidente-de-transito-en-la-habana\\\/#respond\"]}]},{\"@type\":\"WebPage\",\"@id\":\"https:\\\/\\\/brasender.com.br\\\/noticias\\\/fallece-paulito-fg-tragico-accidente-de-transito-en-la-habana\\\/\",\"url\":\"https:\\\/\\\/brasender.com.br\\\/noticias\\\/fallece-paulito-fg-tragico-accidente-de-transito-en-la-habana\\\/\",\"name\":\"Fallece Paulito FG: Tr\u00e1gico Accidente de Tr\u00e1nsito en La Habana - Brasender Noticias\",\"isPartOf\":{\"@id\":\"https:\\\/\\\/brasender.com.br\\\/noticias\\\/#website\"},\"primaryImageOfPage\":{\"@id\":\"https:\\\/\\\/brasender.com.br\\\/noticias\\\/fallece-paulito-fg-tragico-accidente-de-transito-en-la-habana\\\/#primaryimage\"},\"image\":{\"@id\":\"https:\\\/\\\/brasender.com.br\\\/noticias\\\/fallece-paulito-fg-tragico-accidente-de-transito-en-la-habana\\\/#primaryimage\"},\"thumbnailUrl\":\"https:\\\/\\\/brasender.com.br\\\/noticias\\\/wp-content\\\/uploads\\\/2025\\\/03\\\/Paulo-FG.png\",\"datePublished\":\"2025-03-01T12:59:07+00:00\",\"dateModified\":\"2025-08-03T01:00:59+00:00\",\"breadcrumb\":{\"@id\":\"https:\\\/\\\/brasender.com.br\\\/noticias\\\/fallece-paulito-fg-tragico-accidente-de-transito-en-la-habana\\\/#breadcrumb\"},\"inLanguage\":\"pt-BR\",\"potentialAction\":[{\"@type\":\"ReadAction\",\"target\":[\"https:\\\/\\\/brasender.com.br\\\/noticias\\\/fallece-paulito-fg-tragico-accidente-de-transito-en-la-habana\\\/\"]}]},{\"@type\":\"ImageObject\",\"inLanguage\":\"pt-BR\",\"@id\":\"https:\\\/\\\/brasender.com.br\\\/noticias\\\/fallece-paulito-fg-tragico-accidente-de-transito-en-la-habana\\\/#primaryimage\",\"url\":\"https:\\\/\\\/brasender.com.br\\\/noticias\\\/wp-content\\\/uploads\\\/2025\\\/03\\\/Paulo-FG.png\",\"contentUrl\":\"https:\\\/\\\/brasender.com.br\\\/noticias\\\/wp-content\\\/uploads\\\/2025\\\/03\\\/Paulo-FG.png\",\"width\":640,\"height\":426,\"caption\":\"Paulo FG\"},{\"@type\":\"BreadcrumbList\",\"@id\":\"https:\\\/\\\/brasender.com.br\\\/noticias\\\/fallece-paulito-fg-tragico-accidente-de-transito-en-la-habana\\\/#breadcrumb\",\"itemListElement\":[{\"@type\":\"ListItem\",\"position\":1,\"name\":\"In\u00edcio\",\"item\":\"https:\\\/\\\/brasender.com.br\\\/noticias\\\/\"},{\"@type\":\"ListItem\",\"position\":2,\"name\":\"Fallece Paulito FG: Tr\u00e1gico Accidente de Tr\u00e1nsito en La Habana\"}]},{\"@type\":\"WebSite\",\"@id\":\"https:\\\/\\\/brasender.com.br\\\/noticias\\\/#website\",\"url\":\"https:\\\/\\\/brasender.com.br\\\/noticias\\\/\",\"name\":\"Brasender Noticias\",\"description\":\"Portal de Noticias Brasender\",\"publisher\":{\"@id\":\"https:\\\/\\\/brasender.com.br\\\/noticias\\\/#organization\"},\"potentialAction\":[{\"@type\":\"SearchAction\",\"target\":{\"@type\":\"EntryPoint\",\"urlTemplate\":\"https:\\\/\\\/brasender.com.br\\\/noticias\\\/?s={search_term_string}\"},\"query-input\":{\"@type\":\"PropertyValueSpecification\",\"valueRequired\":true,\"valueName\":\"search_term_string\"}}],\"inLanguage\":\"pt-BR\"},{\"@type\":\"Organization\",\"@id\":\"https:\\\/\\\/brasender.com.br\\\/noticias\\\/#organization\",\"name\":\"Brasender Noticias\",\"url\":\"https:\\\/\\\/brasender.com.br\\\/noticias\\\/\",\"logo\":{\"@type\":\"ImageObject\",\"inLanguage\":\"pt-BR\",\"@id\":\"https:\\\/\\\/brasender.com.br\\\/noticias\\\/#\\\/schema\\\/logo\\\/image\\\/\",\"url\":\"https:\\\/\\\/brasender.com.br\\\/noticias\\\/wp-content\\\/uploads\\\/2022\\\/03\\\/Brasender-Noticias.png\",\"contentUrl\":\"https:\\\/\\\/brasender.com.br\\\/noticias\\\/wp-content\\\/uploads\\\/2022\\\/03\\\/Brasender-Noticias.png\",\"width\":2048,\"height\":500,\"caption\":\"Brasender Noticias\"},\"image\":{\"@id\":\"https:\\\/\\\/brasender.com.br\\\/noticias\\\/#\\\/schema\\\/logo\\\/image\\\/\"},\"sameAs\":[\"https:\\\/\\\/www.facebook.com\\\/profile.php?id=61562137653202\",\"https:\\\/\\\/www.instagram.com\\\/brasender\\\/\"]},{\"@type\":\"Person\",\"@id\":\"https:\\\/\\\/brasender.com.br\\\/noticias\\\/#\\\/schema\\\/person\\\/8ff4bab7c83b41a03fbb5302e8977cf6\",\"name\":\"Brasender\",\"image\":{\"@type\":\"ImageObject\",\"inLanguage\":\"pt-BR\",\"@id\":\"https:\\\/\\\/secure.gravatar.com\\\/avatar\\\/a3c3990fec24135a7178fc2a02353673b32fe012bfcc277aa1e6331e34513594?s=96&d=mm&r=g\",\"url\":\"https:\\\/\\\/secure.gravatar.com\\\/avatar\\\/a3c3990fec24135a7178fc2a02353673b32fe012bfcc277aa1e6331e34513594?s=96&d=mm&r=g\",\"contentUrl\":\"https:\\\/\\\/secure.gravatar.com\\\/avatar\\\/a3c3990fec24135a7178fc2a02353673b32fe012bfcc277aa1e6331e34513594?s=96&d=mm&r=g\",\"caption\":\"Brasender\"},\"url\":\"https:\\\/\\\/brasender.com.br\\\/noticias\\\/author\\\/brasender\\\/\"}]}<\/script>\n<!-- \/ Yoast SEO plugin. -->","yoast_head_json":{"title":"Fallece Paulito FG: Tr\u00e1gico Accidente de Tr\u00e1nsito en La Habana - Brasender Noticias","robots":{"index":"index","follow":"follow","max-snippet":"max-snippet:-1","max-image-preview":"max-image-preview:large","max-video-preview":"max-video-preview:-1"},"canonical":"https:\/\/brasender.com.br\/noticias\/fallece-paulito-fg-tragico-accidente-de-transito-en-la-habana\/","og_locale":"pt_BR","og_type":"article","og_title":"Fallece Paulito FG: Tr\u00e1gico Accidente de Tr\u00e1nsito en La Habana - Brasender Noticias","og_description":"El mundo de la m\u00fasica cubana est\u00e1 de luto porque ha fallecido el reconocido cantante y compositor Paulito FG en un accidente de tr\u00e1nsito en La Habana. La noticia, que ha conmocionado a sus seguidores y colegas del gremio, fue confirmada por fuentes cercanas al artista. Seg\u00fan informes preliminares, el accidente ocurri\u00f3 en horas de [&hellip;]","og_url":"https:\/\/brasender.com.br\/noticias\/fallece-paulito-fg-tragico-accidente-de-transito-en-la-habana\/","og_site_name":"Brasender Noticias","article_publisher":"https:\/\/www.facebook.com\/profile.php?id=61562137653202","article_published_time":"2025-03-01T12:59:07+00:00","article_modified_time":"2025-08-03T01:00:59+00:00","og_image":[{"width":640,"height":426,"url":"https:\/\/brasender.com.br\/noticias\/wp-content\/uploads\/2025\/03\/Paulo-FG.png","type":"image\/png"}],"author":"Brasender","twitter_card":"summary_large_image","twitter_misc":{"Escrito por":"Brasender","Est. tempo de leitura":"3 minutos"},"schema":{"@context":"https:\/\/schema.org","@graph":[{"@type":"Article","@id":"https:\/\/brasender.com.br\/noticias\/fallece-paulito-fg-tragico-accidente-de-transito-en-la-habana\/#article","isPartOf":{"@id":"https:\/\/brasender.com.br\/noticias\/fallece-paulito-fg-tragico-accidente-de-transito-en-la-habana\/"},"author":{"name":"Brasender","@id":"https:\/\/brasender.com.br\/noticias\/#\/schema\/person\/8ff4bab7c83b41a03fbb5302e8977cf6"},"headline":"Fallece Paulito FG: Tr\u00e1gico Accidente de Tr\u00e1nsito en La Habana","datePublished":"2025-03-01T12:59:07+00:00","dateModified":"2025-08-03T01:00:59+00:00","mainEntityOfPage":{"@id":"https:\/\/brasender.com.br\/noticias\/fallece-paulito-fg-tragico-accidente-de-transito-en-la-habana\/"},"wordCount":398,"commentCount":0,"publisher":{"@id":"https:\/\/brasender.com.br\/noticias\/#organization"},"image":{"@id":"https:\/\/brasender.com.br\/noticias\/fallece-paulito-fg-tragico-accidente-de-transito-en-la-habana\/#primaryimage"},"thumbnailUrl":"https:\/\/brasender.com.br\/noticias\/wp-content\/uploads\/2025\/03\/Paulo-FG.png","articleSection":["Far\u00e1ndula"],"inLanguage":"pt-BR","potentialAction":[{"@type":"CommentAction","name":"Comment","target":["https:\/\/brasender.com.br\/noticias\/fallece-paulito-fg-tragico-accidente-de-transito-en-la-habana\/#respond"]}]},{"@type":"WebPage","@id":"https:\/\/brasender.com.br\/noticias\/fallece-paulito-fg-tragico-accidente-de-transito-en-la-habana\/","url":"https:\/\/brasender.com.br\/noticias\/fallece-paulito-fg-tragico-accidente-de-transito-en-la-habana\/","name":"Fallece Paulito FG: Tr\u00e1gico Accidente de Tr\u00e1nsito en La Habana - Brasender Noticias","isPartOf":{"@id":"https:\/\/brasender.com.br\/noticias\/#website"},"primaryImageOfPage":{"@id":"https:\/\/brasender.com.br\/noticias\/fallece-paulito-fg-tragico-accidente-de-transito-en-la-habana\/#primaryimage"},"image":{"@id":"https:\/\/brasender.com.br\/noticias\/fallece-paulito-fg-tragico-accidente-de-transito-en-la-habana\/#primaryimage"},"thumbnailUrl":"https:\/\/brasender.com.br\/noticias\/wp-content\/uploads\/2025\/03\/Paulo-FG.png","datePublished":"2025-03-01T12:59:07+00:00","dateModified":"2025-08-03T01:00:59+00:00","breadcrumb":{"@id":"https:\/\/brasender.com.br\/noticias\/fallece-paulito-fg-tragico-accidente-de-transito-en-la-habana\/#breadcrumb"},"inLanguage":"pt-BR","potentialAction":[{"@type":"ReadAction","target":["https:\/\/brasender.com.br\/noticias\/fallece-paulito-fg-tragico-accidente-de-transito-en-la-habana\/"]}]},{"@type":"ImageObject","inLanguage":"pt-BR","@id":"https:\/\/brasender.com.br\/noticias\/fallece-paulito-fg-tragico-accidente-de-transito-en-la-habana\/#primaryimage","url":"https:\/\/brasender.com.br\/noticias\/wp-content\/uploads\/2025\/03\/Paulo-FG.png","contentUrl":"https:\/\/brasender.com.br\/noticias\/wp-content\/uploads\/2025\/03\/Paulo-FG.png","width":640,"height":426,"caption":"Paulo FG"},{"@type":"BreadcrumbList","@id":"https:\/\/brasender.com.br\/noticias\/fallece-paulito-fg-tragico-accidente-de-transito-en-la-habana\/#breadcrumb","itemListElement":[{"@type":"ListItem","position":1,"name":"In\u00edcio","item":"https:\/\/brasender.com.br\/noticias\/"},{"@type":"ListItem","position":2,"name":"Fallece Paulito FG: Tr\u00e1gico Accidente de Tr\u00e1nsito en La Habana"}]},{"@type":"WebSite","@id":"https:\/\/brasender.com.br\/noticias\/#website","url":"https:\/\/brasender.com.br\/noticias\/","name":"Brasender Noticias","description":"Portal de Noticias Brasender","publisher":{"@id":"https:\/\/brasender.com.br\/noticias\/#organization"},"potentialAction":[{"@type":"SearchAction","target":{"@type":"EntryPoint","urlTemplate":"https:\/\/brasender.com.br\/noticias\/?s={search_term_string}"},"query-input":{"@type":"PropertyValueSpecification","valueRequired":true,"valueName":"search_term_string"}}],"inLanguage":"pt-BR"},{"@type":"Organization","@id":"https:\/\/brasender.com.br\/noticias\/#organization","name":"Brasender Noticias","url":"https:\/\/brasender.com.br\/noticias\/","logo":{"@type":"ImageObject","inLanguage":"pt-BR","@id":"https:\/\/brasender.com.br\/noticias\/#\/schema\/logo\/image\/","url":"https:\/\/brasender.com.br\/noticias\/wp-content\/uploads\/2022\/03\/Brasender-Noticias.png","contentUrl":"https:\/\/brasender.com.br\/noticias\/wp-content\/uploads\/2022\/03\/Brasender-Noticias.png","width":2048,"height":500,"caption":"Brasender Noticias"},"image":{"@id":"https:\/\/brasender.com.br\/noticias\/#\/schema\/logo\/image\/"},"sameAs":["https:\/\/www.facebook.com\/profile.php?id=61562137653202","https:\/\/www.instagram.com\/brasender\/"]},{"@type":"Person","@id":"https:\/\/brasender.com.br\/noticias\/#\/schema\/person\/8ff4bab7c83b41a03fbb5302e8977cf6","name":"Brasender","image":{"@type":"ImageObject","inLanguage":"pt-BR","@id":"https:\/\/secure.gravatar.com\/avatar\/a3c3990fec24135a7178fc2a02353673b32fe012bfcc277aa1e6331e34513594?s=96&d=mm&r=g","url":"https:\/\/secure.gravatar.com\/avatar\/a3c3990fec24135a7178fc2a02353673b32fe012bfcc277aa1e6331e34513594?s=96&d=mm&r=g","contentUrl":"https:\/\/secure.gravatar.com\/avatar\/a3c3990fec24135a7178fc2a02353673b32fe012bfcc277aa1e6331e34513594?s=96&d=mm&r=g","caption":"Brasender"},"url":"https:\/\/brasender.com.br\/noticias\/author\/brasender\/"}]}},"_links":{"self":[{"href":"https:\/\/brasender.com.br\/noticias\/wp-json\/wp\/v2\/posts\/2956","targetHints":{"allow":["GET"]}}],"collection":[{"href":"https:\/\/brasender.com.br\/noticias\/wp-json\/wp\/v2\/posts"}],"about":[{"href":"https:\/\/brasender.com.br\/noticias\/wp-json\/wp\/v2\/types\/post"}],"author":[{"embeddable":true,"href":"https:\/\/brasender.com.br\/noticias\/wp-json\/wp\/v2\/users\/2"}],"replies":[{"embeddable":true,"href":"https:\/\/brasender.com.br\/noticias\/wp-json\/wp\/v2\/comments?post=2956"}],"version-history":[{"count":2,"href":"https:\/\/brasender.com.br\/noticias\/wp-json\/wp\/v2\/posts\/2956\/revisions"}],"predecessor-version":[{"id":2959,"href":"https:\/\/brasender.com.br\/noticias\/wp-json\/wp\/v2\/posts\/2956\/revisions\/2959"}],"wp:featuredmedia":[{"embeddable":true,"href":"https:\/\/brasender.com.br\/noticias\/wp-json\/wp\/v2\/media\/2957"}],"wp:attachment":[{"href":"https:\/\/brasender.com.br\/noticias\/wp-json\/wp\/v2\/media?parent=2956"}],"wp:term":[{"taxonomy":"category","embeddable":true,"href":"https:\/\/brasender.com.br\/noticias\/wp-json\/wp\/v2\/categories?post=2956"},{"taxonomy":"post_tag","embeddable":true,"href":"https:\/\/brasender.com.br\/noticias\/wp-json\/wp\/v2\/tags?post=2956"}],"curies":[{"name":"wp","href":"https:\/\/api.w.org\/{rel}","templated":true}]}}