{"id":2950,"date":"2025-02-28T18:26:52","date_gmt":"2025-02-28T21:26:52","guid":{"rendered":"https:\/\/brasender.com.br\/noticias\/?p=2950"},"modified":"2025-08-02T22:01:10","modified_gmt":"2025-08-03T01:01:10","slug":"lencois-maranhenses-un-desierto-de-dunas-y-lagunas","status":"publish","type":"post","link":"https:\/\/brasender.com.br\/noticias\/lencois-maranhenses-un-desierto-de-dunas-y-lagunas\/","title":{"rendered":"Len\u00e7\u00f3is Maranhenses: Un Desierto de Dunas y Lagunas"},"content":{"rendered":"\n<p class=\"wp-block-paragraph\">En el noreste de Brasil, en el estado de Maranh\u00e3o, se encuentra un espect\u00e1culo natural \u00fanico en el mundo: los <strong>Len\u00e7\u00f3is Maranhenses<\/strong>. Este para\u00edso de dunas blancas y lagunas cristalinas se asemeja a un inmenso manto de s\u00e1banas (&#8220;len\u00e7\u00f3is&#8221; en portugu\u00e9s), creando un paisaje impresionante que atrae a viajeros de todo el mundo.<\/p>\n\n\n\n<div style=\"height:30px\" aria-hidden=\"true\" class=\"wp-block-spacer\"><\/div>\n\n\n\n<h2 class=\"wp-block-heading\">\u00bfQu\u00e9 Hace Especial a Len\u00e7\u00f3is Maranhenses?<\/h2>\n\n\n\n<p class=\"wp-block-paragraph\">Lo que diferencia a este destino de cualquier otro desierto del mundo es su fen\u00f3meno natural \u00fanico: durante la temporada de lluvias, las dunas acumulan agua en sus depresiones, formando cientos de lagunas de aguas cristalinas en tonos turquesa y esmeralda, creando un espect\u00e1culo visual inigualable.<\/p>\n\n\n\n<figure class=\"wp-block-image size-full is-resized\"><img fetchpriority=\"high\" decoding=\"async\" width=\"640\" height=\"426\" src=\"https:\/\/brasender.com.br\/noticias\/wp-content\/uploads\/2025\/03\/Lencois-Maranhenses-2.png\" alt=\"\" class=\"wp-image-2952\" style=\"width:840px;height:auto\" srcset=\"https:\/\/brasender.com.br\/noticias\/wp-content\/uploads\/2025\/03\/Lencois-Maranhenses-2.png 640w, https:\/\/brasender.com.br\/noticias\/wp-content\/uploads\/2025\/03\/Lencois-Maranhenses-2-300x200.png 300w\" sizes=\"(max-width: 640px) 100vw, 640px\" \/><\/figure>\n\n\n\n<div style=\"height:30px\" aria-hidden=\"true\" class=\"wp-block-spacer\"><\/div>\n\n\n\n<h2 class=\"wp-block-heading\">\u00bfC\u00f3mo Llegar?<\/h2>\n\n\n\n<p class=\"wp-block-paragraph\">La puerta de entrada a los Len\u00e7\u00f3is Maranhenses es la ciudad de <strong>Barreirinhas<\/strong>, ubicada a unos 250 km de S\u00e3o Lu\u00eds, la capital del estado de Maranh\u00e3o. Para llegar hasta all\u00ed, es necesario tomar un autob\u00fas o contratar un traslado privado desde S\u00e3o Lu\u00eds. Desde Barreirinhas, diversos tours en veh\u00edculos 4&#215;4 llevan a los viajeros a explorar las dunas y lagunas.<\/p>\n\n\n\n<div style=\"height:30px\" aria-hidden=\"true\" class=\"wp-block-spacer\"><\/div>\n\n\n\n<h2 class=\"wp-block-heading\">Principales Atracciones<\/h2>\n\n\n\n<h3 class=\"wp-block-heading\">Parque Nacional de los Len\u00e7\u00f3is Maranhenses<\/h3>\n\n\n\n<p class=\"wp-block-paragraph\">Este parque protegido cubre aproximadamente <strong>155,000 hect\u00e1reas<\/strong> y alberga los paisajes de dunas y lagunas m\u00e1s impresionantes del pa\u00eds. Dentro del parque, se encuentran algunas de las lagunas m\u00e1s famosas:<\/p>\n\n\n\n<ul class=\"wp-block-list\">\n<li><strong>Lagoa Azul<\/strong>: Una de las m\u00e1s visitadas debido a su f\u00e1cil acceso y aguas incre\u00edblemente claras.<\/li>\n\n\n\n<li><strong>Lagoa Bonita<\/strong>: Con vistas panor\u00e1micas que ofrecen un atardecer inolvidable.<\/li>\n\n\n\n<li><strong>Lagoa das Emendadas<\/strong>: Ideal para quienes buscan una experiencia m\u00e1s exclusiva y menos concurrida.<\/li>\n<\/ul>\n\n\n\n<h3 class=\"wp-block-heading\">Atins: Un Refugio de Paz<\/h3>\n\n\n\n<p class=\"wp-block-paragraph\">Atins es un peque\u00f1o pueblo de pescadores situado en la costa, dentro del parque. Con un ambiente relajado y playas desiertas, es un destino perfecto para los amantes del <strong>kitesurf<\/strong>, gracias a sus vientos constantes. Adem\u00e1s, es el lugar ideal para probar el famoso &#8220;camar\u00e3o grelhado&#8221; (camar\u00f3n a la parrilla) en restaurantes locales.<\/p>\n\n\n\n<h3 class=\"wp-block-heading\">Santo Amaro do Maranh\u00e3o<\/h3>\n\n\n\n<p class=\"wp-block-paragraph\">Menos tur\u00edstico que Barreirinhas, Santo Amaro ofrece una experiencia m\u00e1s aut\u00e9ntica y acceso a lagunas menos exploradas, como la impresionante <strong>Lagoa da Gaivota<\/strong>.<\/p>\n\n\n\n<div style=\"height:30px\" aria-hidden=\"true\" class=\"wp-block-spacer\"><\/div>\n\n\n\n<h2 class=\"wp-block-heading\">Mejor \u00c9poca para Visitar<\/h2>\n\n\n\n<p class=\"wp-block-paragraph\">La mejor \u00e9poca para visitar los Len\u00e7\u00f3is Maranhenses es entre <strong>junio y septiembre<\/strong>, cuando las lagunas est\u00e1n llenas debido a la temporada de lluvias que ocurre entre enero y mayo. Despu\u00e9s de octubre, muchas lagunas comienzan a secarse, aunque el paisaje sigue siendo impresionante.<\/p>\n\n\n\n<figure class=\"wp-block-image size-full is-resized\"><img decoding=\"async\" width=\"640\" height=\"426\" src=\"https:\/\/brasender.com.br\/noticias\/wp-content\/uploads\/2025\/03\/Lencois-Maranhenses-3.png\" alt=\"\" class=\"wp-image-2953\" style=\"width:840px;height:auto\" srcset=\"https:\/\/brasender.com.br\/noticias\/wp-content\/uploads\/2025\/03\/Lencois-Maranhenses-3.png 640w, https:\/\/brasender.com.br\/noticias\/wp-content\/uploads\/2025\/03\/Lencois-Maranhenses-3-300x200.png 300w\" sizes=\"(max-width: 640px) 100vw, 640px\" \/><\/figure>\n\n\n\n<div style=\"height:30px\" aria-hidden=\"true\" class=\"wp-block-spacer\"><\/div>\n\n\n\n<h2 class=\"wp-block-heading\">Actividades Imperdibles<\/h2>\n\n\n\n<ul class=\"wp-block-list\">\n<li><strong>Senderismo por las dunas<\/strong>: Caminar descalzo sobre la arena blanca y descubrir lagunas ocultas es una experiencia m\u00e1gica.<\/li>\n\n\n\n<li><strong>Paseos en lancha por el r\u00edo Pregui\u00e7as<\/strong>: Desde Barreirinhas, se puede hacer un tour en lancha que recorre el r\u00edo Pregui\u00e7as, pasando por comunidades locales y el faro de Mandacaru, desde donde se tiene una vista panor\u00e1mica del parque.<\/li>\n\n\n\n<li><strong>Paseos en 4&#215;4<\/strong>: Para acceder a los puntos m\u00e1s distantes del parque, es necesario usar veh\u00edculos todoterreno.<\/li>\n\n\n\n<li><strong>Observaci\u00f3n de estrellas<\/strong>: Debido a la poca contaminaci\u00f3n lum\u00ednica, el cielo nocturno en los Len\u00e7\u00f3is Maranhenses es espectacular.<\/li>\n<\/ul>\n\n\n\n<div style=\"height:30px\" aria-hidden=\"true\" class=\"wp-block-spacer\"><\/div>\n\n\n\n<h2 class=\"wp-block-heading\">Consejos para los Visitantes<\/h2>\n\n\n\n<ul class=\"wp-block-list\">\n<li><strong>Protecci\u00f3n solar<\/strong>: Las dunas reflejan mucho el sol, por lo que es esencial usar protector solar, gafas de sol y sombrero.<\/li>\n\n\n\n<li><strong>Ropa c\u00f3moda y ligera<\/strong>: Ropa fresca, traje de ba\u00f1o y sandalias son ideales para recorrer el parque.<\/li>\n\n\n\n<li><strong>Hidrataci\u00f3n<\/strong>: Llevar suficiente agua es fundamental, ya que las caminatas pueden ser extenuantes bajo el sol.<\/li>\n\n\n\n<li><strong>Reservar con anticipaci\u00f3n<\/strong>: Durante la temporada alta, los hoteles y tours pueden llenarse r\u00e1pidamente.<\/li>\n<\/ul>\n\n\n\n<div style=\"height:30px\" aria-hidden=\"true\" class=\"wp-block-spacer\"><\/div>\n\n\n\n<p class=\"wp-block-paragraph\">Los Len\u00e7\u00f3is Maranhenses son un destino que desaf\u00eda la imaginaci\u00f3n y brinda una experiencia \u00fanica en Brasil. Sus paisajes de dunas y lagunas te har\u00e1n sentir como en otro planeta, mientras disfrutas de la hospitalidad y cultura local. \u00a1No te pierdas esta joya natural del noreste brasile\u00f1o!<\/p>\n\n\n\n<p class=\"wp-block-paragraph\"><\/p>\n","protected":false},"excerpt":{"rendered":"<p>En el noreste de Brasil, en el estado de Maranh\u00e3o, se encuentra un espect\u00e1culo natural \u00fanico en el mundo: los Len\u00e7\u00f3is Maranhenses. Este para\u00edso de dunas blancas y lagunas cristalinas se asemeja a un inmenso manto de s\u00e1banas (&#8220;len\u00e7\u00f3is&#8221; en portugu\u00e9s), creando un paisaje impresionante que atrae a viajeros de todo el mundo. \u00bfQu\u00e9 Hace [&hellip;]<\/p>\n","protected":false},"author":2,"featured_media":2951,"comment_status":"open","ping_status":"open","sticky":false,"template":"","format":"standard","meta":{"_crdt_document":"","footnotes":""},"categories":[67],"tags":[],"class_list":["post-2950","post","type-post","status-publish","format-standard","has-post-thumbnail","hentry","category-viajes"],"yoast_head":"<!-- This site is optimized with the Yoast SEO plugin v27.4 - https:\/\/yoast.com\/product\/yoast-seo-wordpress\/ -->\n<title>Len\u00e7\u00f3is Maranhenses: Un Desierto de Dunas y Lagunas - Brasender Noticias<\/title>\n<meta name=\"robots\" content=\"index, follow, max-snippet:-1, max-image-preview:large, max-video-preview:-1\" \/>\n<link rel=\"canonical\" href=\"https:\/\/brasender.com.br\/noticias\/lencois-maranhenses-un-desierto-de-dunas-y-lagunas\/\" \/>\n<meta property=\"og:locale\" content=\"pt_BR\" \/>\n<meta property=\"og:type\" content=\"article\" \/>\n<meta property=\"og:title\" content=\"Len\u00e7\u00f3is Maranhenses: Un Desierto de Dunas y Lagunas - Brasender Noticias\" \/>\n<meta property=\"og:description\" content=\"En el noreste de Brasil, en el estado de Maranh\u00e3o, se encuentra un espect\u00e1culo natural \u00fanico en el mundo: los Len\u00e7\u00f3is Maranhenses. Este para\u00edso de dunas blancas y lagunas cristalinas se asemeja a un inmenso manto de s\u00e1banas (&#8220;len\u00e7\u00f3is&#8221; en portugu\u00e9s), creando un paisaje impresionante que atrae a viajeros de todo el mundo. \u00bfQu\u00e9 Hace [&hellip;]\" \/>\n<meta property=\"og:url\" content=\"https:\/\/brasender.com.br\/noticias\/lencois-maranhenses-un-desierto-de-dunas-y-lagunas\/\" \/>\n<meta property=\"og:site_name\" content=\"Brasender Noticias\" \/>\n<meta property=\"article:publisher\" content=\"https:\/\/www.facebook.com\/profile.php?id=61562137653202\" \/>\n<meta property=\"article:published_time\" content=\"2025-02-28T21:26:52+00:00\" \/>\n<meta property=\"article:modified_time\" content=\"2025-08-03T01:01:10+00:00\" \/>\n<meta property=\"og:image\" content=\"https:\/\/brasender.com.br\/noticias\/wp-content\/uploads\/2025\/03\/Lencois-Maranhenses.png\" \/>\n\t<meta property=\"og:image:width\" content=\"640\" \/>\n\t<meta property=\"og:image:height\" content=\"426\" \/>\n\t<meta property=\"og:image:type\" content=\"image\/png\" \/>\n<meta name=\"author\" content=\"Brasender\" \/>\n<meta name=\"twitter:card\" content=\"summary_large_image\" \/>\n<meta name=\"twitter:label1\" content=\"Escrito por\" \/>\n\t<meta name=\"twitter:data1\" content=\"Brasender\" \/>\n\t<meta name=\"twitter:label2\" content=\"Est. tempo de leitura\" \/>\n\t<meta name=\"twitter:data2\" content=\"4 minutos\" \/>\n<script type=\"application\/ld+json\" class=\"yoast-schema-graph\">{\"@context\":\"https:\\\/\\\/schema.org\",\"@graph\":[{\"@type\":\"Article\",\"@id\":\"https:\\\/\\\/brasender.com.br\\\/noticias\\\/lencois-maranhenses-un-desierto-de-dunas-y-lagunas\\\/#article\",\"isPartOf\":{\"@id\":\"https:\\\/\\\/brasender.com.br\\\/noticias\\\/lencois-maranhenses-un-desierto-de-dunas-y-lagunas\\\/\"},\"author\":{\"name\":\"Brasender\",\"@id\":\"https:\\\/\\\/brasender.com.br\\\/noticias\\\/#\\\/schema\\\/person\\\/8ff4bab7c83b41a03fbb5302e8977cf6\"},\"headline\":\"Len\u00e7\u00f3is Maranhenses: Un Desierto de Dunas y Lagunas\",\"datePublished\":\"2025-02-28T21:26:52+00:00\",\"dateModified\":\"2025-08-03T01:01:10+00:00\",\"mainEntityOfPage\":{\"@id\":\"https:\\\/\\\/brasender.com.br\\\/noticias\\\/lencois-maranhenses-un-desierto-de-dunas-y-lagunas\\\/\"},\"wordCount\":662,\"commentCount\":0,\"publisher\":{\"@id\":\"https:\\\/\\\/brasender.com.br\\\/noticias\\\/#organization\"},\"image\":{\"@id\":\"https:\\\/\\\/brasender.com.br\\\/noticias\\\/lencois-maranhenses-un-desierto-de-dunas-y-lagunas\\\/#primaryimage\"},\"thumbnailUrl\":\"https:\\\/\\\/brasender.com.br\\\/noticias\\\/wp-content\\\/uploads\\\/2025\\\/03\\\/Lencois-Maranhenses.png\",\"articleSection\":[\"Viajes\"],\"inLanguage\":\"pt-BR\",\"potentialAction\":[{\"@type\":\"CommentAction\",\"name\":\"Comment\",\"target\":[\"https:\\\/\\\/brasender.com.br\\\/noticias\\\/lencois-maranhenses-un-desierto-de-dunas-y-lagunas\\\/#respond\"]}]},{\"@type\":\"WebPage\",\"@id\":\"https:\\\/\\\/brasender.com.br\\\/noticias\\\/lencois-maranhenses-un-desierto-de-dunas-y-lagunas\\\/\",\"url\":\"https:\\\/\\\/brasender.com.br\\\/noticias\\\/lencois-maranhenses-un-desierto-de-dunas-y-lagunas\\\/\",\"name\":\"Len\u00e7\u00f3is Maranhenses: Un Desierto de Dunas y Lagunas - Brasender Noticias\",\"isPartOf\":{\"@id\":\"https:\\\/\\\/brasender.com.br\\\/noticias\\\/#website\"},\"primaryImageOfPage\":{\"@id\":\"https:\\\/\\\/brasender.com.br\\\/noticias\\\/lencois-maranhenses-un-desierto-de-dunas-y-lagunas\\\/#primaryimage\"},\"image\":{\"@id\":\"https:\\\/\\\/brasender.com.br\\\/noticias\\\/lencois-maranhenses-un-desierto-de-dunas-y-lagunas\\\/#primaryimage\"},\"thumbnailUrl\":\"https:\\\/\\\/brasender.com.br\\\/noticias\\\/wp-content\\\/uploads\\\/2025\\\/03\\\/Lencois-Maranhenses.png\",\"datePublished\":\"2025-02-28T21:26:52+00:00\",\"dateModified\":\"2025-08-03T01:01:10+00:00\",\"breadcrumb\":{\"@id\":\"https:\\\/\\\/brasender.com.br\\\/noticias\\\/lencois-maranhenses-un-desierto-de-dunas-y-lagunas\\\/#breadcrumb\"},\"inLanguage\":\"pt-BR\",\"potentialAction\":[{\"@type\":\"ReadAction\",\"target\":[\"https:\\\/\\\/brasender.com.br\\\/noticias\\\/lencois-maranhenses-un-desierto-de-dunas-y-lagunas\\\/\"]}]},{\"@type\":\"ImageObject\",\"inLanguage\":\"pt-BR\",\"@id\":\"https:\\\/\\\/brasender.com.br\\\/noticias\\\/lencois-maranhenses-un-desierto-de-dunas-y-lagunas\\\/#primaryimage\",\"url\":\"https:\\\/\\\/brasender.com.br\\\/noticias\\\/wp-content\\\/uploads\\\/2025\\\/03\\\/Lencois-Maranhenses.png\",\"contentUrl\":\"https:\\\/\\\/brasender.com.br\\\/noticias\\\/wp-content\\\/uploads\\\/2025\\\/03\\\/Lencois-Maranhenses.png\",\"width\":640,\"height\":426,\"caption\":\"Len\u00e7\u00f3is Maranhenses\"},{\"@type\":\"BreadcrumbList\",\"@id\":\"https:\\\/\\\/brasender.com.br\\\/noticias\\\/lencois-maranhenses-un-desierto-de-dunas-y-lagunas\\\/#breadcrumb\",\"itemListElement\":[{\"@type\":\"ListItem\",\"position\":1,\"name\":\"In\u00edcio\",\"item\":\"https:\\\/\\\/brasender.com.br\\\/noticias\\\/\"},{\"@type\":\"ListItem\",\"position\":2,\"name\":\"Len\u00e7\u00f3is Maranhenses: Un Desierto de Dunas y Lagunas\"}]},{\"@type\":\"WebSite\",\"@id\":\"https:\\\/\\\/brasender.com.br\\\/noticias\\\/#website\",\"url\":\"https:\\\/\\\/brasender.com.br\\\/noticias\\\/\",\"name\":\"Brasender Noticias\",\"description\":\"Portal de Noticias Brasender\",\"publisher\":{\"@id\":\"https:\\\/\\\/brasender.com.br\\\/noticias\\\/#organization\"},\"potentialAction\":[{\"@type\":\"SearchAction\",\"target\":{\"@type\":\"EntryPoint\",\"urlTemplate\":\"https:\\\/\\\/brasender.com.br\\\/noticias\\\/?s={search_term_string}\"},\"query-input\":{\"@type\":\"PropertyValueSpecification\",\"valueRequired\":true,\"valueName\":\"search_term_string\"}}],\"inLanguage\":\"pt-BR\"},{\"@type\":\"Organization\",\"@id\":\"https:\\\/\\\/brasender.com.br\\\/noticias\\\/#organization\",\"name\":\"Brasender Noticias\",\"url\":\"https:\\\/\\\/brasender.com.br\\\/noticias\\\/\",\"logo\":{\"@type\":\"ImageObject\",\"inLanguage\":\"pt-BR\",\"@id\":\"https:\\\/\\\/brasender.com.br\\\/noticias\\\/#\\\/schema\\\/logo\\\/image\\\/\",\"url\":\"https:\\\/\\\/brasender.com.br\\\/noticias\\\/wp-content\\\/uploads\\\/2022\\\/03\\\/Brasender-Noticias.png\",\"contentUrl\":\"https:\\\/\\\/brasender.com.br\\\/noticias\\\/wp-content\\\/uploads\\\/2022\\\/03\\\/Brasender-Noticias.png\",\"width\":2048,\"height\":500,\"caption\":\"Brasender Noticias\"},\"image\":{\"@id\":\"https:\\\/\\\/brasender.com.br\\\/noticias\\\/#\\\/schema\\\/logo\\\/image\\\/\"},\"sameAs\":[\"https:\\\/\\\/www.facebook.com\\\/profile.php?id=61562137653202\",\"https:\\\/\\\/www.instagram.com\\\/brasender\\\/\"]},{\"@type\":\"Person\",\"@id\":\"https:\\\/\\\/brasender.com.br\\\/noticias\\\/#\\\/schema\\\/person\\\/8ff4bab7c83b41a03fbb5302e8977cf6\",\"name\":\"Brasender\",\"image\":{\"@type\":\"ImageObject\",\"inLanguage\":\"pt-BR\",\"@id\":\"https:\\\/\\\/secure.gravatar.com\\\/avatar\\\/a3c3990fec24135a7178fc2a02353673b32fe012bfcc277aa1e6331e34513594?s=96&d=mm&r=g\",\"url\":\"https:\\\/\\\/secure.gravatar.com\\\/avatar\\\/a3c3990fec24135a7178fc2a02353673b32fe012bfcc277aa1e6331e34513594?s=96&d=mm&r=g\",\"contentUrl\":\"https:\\\/\\\/secure.gravatar.com\\\/avatar\\\/a3c3990fec24135a7178fc2a02353673b32fe012bfcc277aa1e6331e34513594?s=96&d=mm&r=g\",\"caption\":\"Brasender\"},\"url\":\"https:\\\/\\\/brasender.com.br\\\/noticias\\\/author\\\/brasender\\\/\"}]}<\/script>\n<!-- \/ Yoast SEO plugin. -->","yoast_head_json":{"title":"Len\u00e7\u00f3is Maranhenses: Un Desierto de Dunas y Lagunas - Brasender Noticias","robots":{"index":"index","follow":"follow","max-snippet":"max-snippet:-1","max-image-preview":"max-image-preview:large","max-video-preview":"max-video-preview:-1"},"canonical":"https:\/\/brasender.com.br\/noticias\/lencois-maranhenses-un-desierto-de-dunas-y-lagunas\/","og_locale":"pt_BR","og_type":"article","og_title":"Len\u00e7\u00f3is Maranhenses: Un Desierto de Dunas y Lagunas - Brasender Noticias","og_description":"En el noreste de Brasil, en el estado de Maranh\u00e3o, se encuentra un espect\u00e1culo natural \u00fanico en el mundo: los Len\u00e7\u00f3is Maranhenses. Este para\u00edso de dunas blancas y lagunas cristalinas se asemeja a un inmenso manto de s\u00e1banas (&#8220;len\u00e7\u00f3is&#8221; en portugu\u00e9s), creando un paisaje impresionante que atrae a viajeros de todo el mundo. \u00bfQu\u00e9 Hace [&hellip;]","og_url":"https:\/\/brasender.com.br\/noticias\/lencois-maranhenses-un-desierto-de-dunas-y-lagunas\/","og_site_name":"Brasender Noticias","article_publisher":"https:\/\/www.facebook.com\/profile.php?id=61562137653202","article_published_time":"2025-02-28T21:26:52+00:00","article_modified_time":"2025-08-03T01:01:10+00:00","og_image":[{"width":640,"height":426,"url":"https:\/\/brasender.com.br\/noticias\/wp-content\/uploads\/2025\/03\/Lencois-Maranhenses.png","type":"image\/png"}],"author":"Brasender","twitter_card":"summary_large_image","twitter_misc":{"Escrito por":"Brasender","Est. tempo de leitura":"4 minutos"},"schema":{"@context":"https:\/\/schema.org","@graph":[{"@type":"Article","@id":"https:\/\/brasender.com.br\/noticias\/lencois-maranhenses-un-desierto-de-dunas-y-lagunas\/#article","isPartOf":{"@id":"https:\/\/brasender.com.br\/noticias\/lencois-maranhenses-un-desierto-de-dunas-y-lagunas\/"},"author":{"name":"Brasender","@id":"https:\/\/brasender.com.br\/noticias\/#\/schema\/person\/8ff4bab7c83b41a03fbb5302e8977cf6"},"headline":"Len\u00e7\u00f3is Maranhenses: Un Desierto de Dunas y Lagunas","datePublished":"2025-02-28T21:26:52+00:00","dateModified":"2025-08-03T01:01:10+00:00","mainEntityOfPage":{"@id":"https:\/\/brasender.com.br\/noticias\/lencois-maranhenses-un-desierto-de-dunas-y-lagunas\/"},"wordCount":662,"commentCount":0,"publisher":{"@id":"https:\/\/brasender.com.br\/noticias\/#organization"},"image":{"@id":"https:\/\/brasender.com.br\/noticias\/lencois-maranhenses-un-desierto-de-dunas-y-lagunas\/#primaryimage"},"thumbnailUrl":"https:\/\/brasender.com.br\/noticias\/wp-content\/uploads\/2025\/03\/Lencois-Maranhenses.png","articleSection":["Viajes"],"inLanguage":"pt-BR","potentialAction":[{"@type":"CommentAction","name":"Comment","target":["https:\/\/brasender.com.br\/noticias\/lencois-maranhenses-un-desierto-de-dunas-y-lagunas\/#respond"]}]},{"@type":"WebPage","@id":"https:\/\/brasender.com.br\/noticias\/lencois-maranhenses-un-desierto-de-dunas-y-lagunas\/","url":"https:\/\/brasender.com.br\/noticias\/lencois-maranhenses-un-desierto-de-dunas-y-lagunas\/","name":"Len\u00e7\u00f3is Maranhenses: Un Desierto de Dunas y Lagunas - Brasender Noticias","isPartOf":{"@id":"https:\/\/brasender.com.br\/noticias\/#website"},"primaryImageOfPage":{"@id":"https:\/\/brasender.com.br\/noticias\/lencois-maranhenses-un-desierto-de-dunas-y-lagunas\/#primaryimage"},"image":{"@id":"https:\/\/brasender.com.br\/noticias\/lencois-maranhenses-un-desierto-de-dunas-y-lagunas\/#primaryimage"},"thumbnailUrl":"https:\/\/brasender.com.br\/noticias\/wp-content\/uploads\/2025\/03\/Lencois-Maranhenses.png","datePublished":"2025-02-28T21:26:52+00:00","dateModified":"2025-08-03T01:01:10+00:00","breadcrumb":{"@id":"https:\/\/brasender.com.br\/noticias\/lencois-maranhenses-un-desierto-de-dunas-y-lagunas\/#breadcrumb"},"inLanguage":"pt-BR","potentialAction":[{"@type":"ReadAction","target":["https:\/\/brasender.com.br\/noticias\/lencois-maranhenses-un-desierto-de-dunas-y-lagunas\/"]}]},{"@type":"ImageObject","inLanguage":"pt-BR","@id":"https:\/\/brasender.com.br\/noticias\/lencois-maranhenses-un-desierto-de-dunas-y-lagunas\/#primaryimage","url":"https:\/\/brasender.com.br\/noticias\/wp-content\/uploads\/2025\/03\/Lencois-Maranhenses.png","contentUrl":"https:\/\/brasender.com.br\/noticias\/wp-content\/uploads\/2025\/03\/Lencois-Maranhenses.png","width":640,"height":426,"caption":"Len\u00e7\u00f3is Maranhenses"},{"@type":"BreadcrumbList","@id":"https:\/\/brasender.com.br\/noticias\/lencois-maranhenses-un-desierto-de-dunas-y-lagunas\/#breadcrumb","itemListElement":[{"@type":"ListItem","position":1,"name":"In\u00edcio","item":"https:\/\/brasender.com.br\/noticias\/"},{"@type":"ListItem","position":2,"name":"Len\u00e7\u00f3is Maranhenses: Un Desierto de Dunas y Lagunas"}]},{"@type":"WebSite","@id":"https:\/\/brasender.com.br\/noticias\/#website","url":"https:\/\/brasender.com.br\/noticias\/","name":"Brasender Noticias","description":"Portal de Noticias Brasender","publisher":{"@id":"https:\/\/brasender.com.br\/noticias\/#organization"},"potentialAction":[{"@type":"SearchAction","target":{"@type":"EntryPoint","urlTemplate":"https:\/\/brasender.com.br\/noticias\/?s={search_term_string}"},"query-input":{"@type":"PropertyValueSpecification","valueRequired":true,"valueName":"search_term_string"}}],"inLanguage":"pt-BR"},{"@type":"Organization","@id":"https:\/\/brasender.com.br\/noticias\/#organization","name":"Brasender Noticias","url":"https:\/\/brasender.com.br\/noticias\/","logo":{"@type":"ImageObject","inLanguage":"pt-BR","@id":"https:\/\/brasender.com.br\/noticias\/#\/schema\/logo\/image\/","url":"https:\/\/brasender.com.br\/noticias\/wp-content\/uploads\/2022\/03\/Brasender-Noticias.png","contentUrl":"https:\/\/brasender.com.br\/noticias\/wp-content\/uploads\/2022\/03\/Brasender-Noticias.png","width":2048,"height":500,"caption":"Brasender Noticias"},"image":{"@id":"https:\/\/brasender.com.br\/noticias\/#\/schema\/logo\/image\/"},"sameAs":["https:\/\/www.facebook.com\/profile.php?id=61562137653202","https:\/\/www.instagram.com\/brasender\/"]},{"@type":"Person","@id":"https:\/\/brasender.com.br\/noticias\/#\/schema\/person\/8ff4bab7c83b41a03fbb5302e8977cf6","name":"Brasender","image":{"@type":"ImageObject","inLanguage":"pt-BR","@id":"https:\/\/secure.gravatar.com\/avatar\/a3c3990fec24135a7178fc2a02353673b32fe012bfcc277aa1e6331e34513594?s=96&d=mm&r=g","url":"https:\/\/secure.gravatar.com\/avatar\/a3c3990fec24135a7178fc2a02353673b32fe012bfcc277aa1e6331e34513594?s=96&d=mm&r=g","contentUrl":"https:\/\/secure.gravatar.com\/avatar\/a3c3990fec24135a7178fc2a02353673b32fe012bfcc277aa1e6331e34513594?s=96&d=mm&r=g","caption":"Brasender"},"url":"https:\/\/brasender.com.br\/noticias\/author\/brasender\/"}]}},"_links":{"self":[{"href":"https:\/\/brasender.com.br\/noticias\/wp-json\/wp\/v2\/posts\/2950","targetHints":{"allow":["GET"]}}],"collection":[{"href":"https:\/\/brasender.com.br\/noticias\/wp-json\/wp\/v2\/posts"}],"about":[{"href":"https:\/\/brasender.com.br\/noticias\/wp-json\/wp\/v2\/types\/post"}],"author":[{"embeddable":true,"href":"https:\/\/brasender.com.br\/noticias\/wp-json\/wp\/v2\/users\/2"}],"replies":[{"embeddable":true,"href":"https:\/\/brasender.com.br\/noticias\/wp-json\/wp\/v2\/comments?post=2950"}],"version-history":[{"count":1,"href":"https:\/\/brasender.com.br\/noticias\/wp-json\/wp\/v2\/posts\/2950\/revisions"}],"predecessor-version":[{"id":2954,"href":"https:\/\/brasender.com.br\/noticias\/wp-json\/wp\/v2\/posts\/2950\/revisions\/2954"}],"wp:featuredmedia":[{"embeddable":true,"href":"https:\/\/brasender.com.br\/noticias\/wp-json\/wp\/v2\/media\/2951"}],"wp:attachment":[{"href":"https:\/\/brasender.com.br\/noticias\/wp-json\/wp\/v2\/media?parent=2950"}],"wp:term":[{"taxonomy":"category","embeddable":true,"href":"https:\/\/brasender.com.br\/noticias\/wp-json\/wp\/v2\/categories?post=2950"},{"taxonomy":"post_tag","embeddable":true,"href":"https:\/\/brasender.com.br\/noticias\/wp-json\/wp\/v2\/tags?post=2950"}],"curies":[{"name":"wp","href":"https:\/\/api.w.org\/{rel}","templated":true}]}}