{"id":2929,"date":"2025-02-23T17:15:25","date_gmt":"2025-02-23T20:15:25","guid":{"rendered":"https:\/\/brasender.com.br\/noticias\/?p=2929"},"modified":"2025-08-02T22:02:14","modified_gmt":"2025-08-03T01:02:14","slug":"salvador-de-bahia-donde-la-cultura-afrobrasilena-cobra-vida","status":"publish","type":"post","link":"https:\/\/brasender.com.br\/noticias\/salvador-de-bahia-donde-la-cultura-afrobrasilena-cobra-vida\/","title":{"rendered":"Salvador de Bah\u00eda: Donde la Cultura Afrobrasile\u00f1a Cobra Vida"},"content":{"rendered":"\n<p class=\"wp-block-paragraph\">Salvador de Bah\u00eda es una de las ciudades m\u00e1s vibrantes de Brasil. Conocida por su fuerte herencia africana, su arquitectura colonial y su incre\u00edble gastronom\u00eda, esta ciudad ofrece una experiencia \u00fanica llena de historia, m\u00fasica y color. En este blog, exploraremos los principales atractivos de Salvador y te daremos consejos para que disfrutes al m\u00e1ximo de tu visita.<\/p>\n\n\n\n<div style=\"height:30px\" aria-hidden=\"true\" class=\"wp-block-spacer\"><\/div>\n\n\n\n<h2 class=\"wp-block-heading\">Pelourinho: Un Paseo por la Historia<\/h2>\n\n\n\n<p class=\"wp-block-paragraph\">El centro hist\u00f3rico de Salvador, conocido como Pelourinho, es un sitio declarado Patrimonio de la Humanidad por la UNESCO. Sus calles empedradas, casas de colores y monumentos coloniales te transportan a la \u00e9poca en que Salvador era la primera capital de Brasil. No te pierdas:<\/p>\n\n\n\n<ul class=\"wp-block-list\">\n<li><strong>Iglesia de San Francisco<\/strong>: Una de las iglesias m\u00e1s impresionantes del pa\u00eds, con su interior recubierto de oro.<\/li>\n\n\n\n<li><strong>Fundaci\u00f3n Casa de Jorge Amado<\/strong>: Un museo dedicado al famoso escritor brasile\u00f1o.<\/li>\n\n\n\n<li><strong>Las plazas y callejones<\/strong> donde podr\u00e1s encontrar m\u00fasicos tocando samba y capoeira en vivo.<\/li>\n<\/ul>\n\n\n\n<div style=\"height:30px\" aria-hidden=\"true\" class=\"wp-block-spacer\"><\/div>\n\n\n\n<figure class=\"wp-block-image size-full is-resized\"><img fetchpriority=\"high\" decoding=\"async\" width=\"640\" height=\"426\" src=\"https:\/\/brasender.com.br\/noticias\/wp-content\/uploads\/2025\/03\/Pelourinho.png\" alt=\"\" class=\"wp-image-2931\" style=\"width:840px;height:auto\" srcset=\"https:\/\/brasender.com.br\/noticias\/wp-content\/uploads\/2025\/03\/Pelourinho.png 640w, https:\/\/brasender.com.br\/noticias\/wp-content\/uploads\/2025\/03\/Pelourinho-300x200.png 300w\" sizes=\"(max-width: 640px) 100vw, 640px\" \/><\/figure>\n\n\n\n<div style=\"height:30px\" aria-hidden=\"true\" class=\"wp-block-spacer\"><\/div>\n\n\n\n<h2 class=\"wp-block-heading\">Elevador Lacerda y la Ciudad Baja<\/h2>\n\n\n\n<p class=\"wp-block-paragraph\">El Elevador Lacerda es un ascensor urbano que conecta la Ciudad Alta con la Ciudad Baja y ofrece una vista panor\u00e1mica de la bah\u00eda de Todos los Santos. Al llegar abajo, puedes visitar el Mercado Modelo, un lugar ideal para comprar artesan\u00edas y probar platos t\u00edpicos como el acaraj\u00e9.<\/p>\n\n\n\n<figure class=\"wp-block-image size-full is-resized\"><img decoding=\"async\" width=\"640\" height=\"426\" src=\"https:\/\/brasender.com.br\/noticias\/wp-content\/uploads\/2025\/03\/Elevador-lacerda.png\" alt=\"\" class=\"wp-image-2932\" style=\"width:840px;height:auto\" srcset=\"https:\/\/brasender.com.br\/noticias\/wp-content\/uploads\/2025\/03\/Elevador-lacerda.png 640w, https:\/\/brasender.com.br\/noticias\/wp-content\/uploads\/2025\/03\/Elevador-lacerda-300x200.png 300w\" sizes=\"(max-width: 640px) 100vw, 640px\" \/><\/figure>\n\n\n\n<div style=\"height:30px\" aria-hidden=\"true\" class=\"wp-block-spacer\"><\/div>\n\n\n\n<h2 class=\"wp-block-heading\">Playas de Salvador<\/h2>\n\n\n\n<p class=\"wp-block-paragraph\">Salvador tiene algunas de las playas m\u00e1s hermosas del noreste de Brasil. Algunas imperdibles son:<\/p>\n\n\n\n<ul class=\"wp-block-list\">\n<li><strong>Praia do Farol da Barra<\/strong>: Ideal para ver el atardecer junto al famoso faro.<\/li>\n\n\n\n<li><strong>Itapu\u00e3<\/strong>: Una playa con aguas cristalinas y ambiente relajado.<\/li>\n\n\n\n<li><strong>Stella Maris<\/strong>: Perfecta para los amantes del surf.<\/li>\n<\/ul>\n\n\n\n<div style=\"height:30px\" aria-hidden=\"true\" class=\"wp-block-spacer\"><\/div>\n\n\n\n<h2 class=\"wp-block-heading\">Fuerte de Santo Antonio y el Farol da Barra<\/h2>\n\n\n\n<p class=\"wp-block-paragraph\">Uno de los lugares m\u00e1s ic\u00f3nicos de Salvador es el Farol da Barra, ubicado en el Fuerte de Santo Antonio. Este faro ofrece una vista impresionante del oc\u00e9ano Atl\u00e1ntico y alberga un museo n\u00e1utico donde puedes aprender sobre la historia mar\u00edtima de la ciudad.<\/p>\n\n\n\n<figure class=\"wp-block-image size-full is-resized\"><img decoding=\"async\" width=\"640\" height=\"426\" src=\"https:\/\/brasender.com.br\/noticias\/wp-content\/uploads\/2025\/03\/Farol-da-barra.png\" alt=\"\" class=\"wp-image-2933\" style=\"width:840px;height:auto\" srcset=\"https:\/\/brasender.com.br\/noticias\/wp-content\/uploads\/2025\/03\/Farol-da-barra.png 640w, https:\/\/brasender.com.br\/noticias\/wp-content\/uploads\/2025\/03\/Farol-da-barra-300x200.png 300w\" sizes=\"(max-width: 640px) 100vw, 640px\" \/><\/figure>\n\n\n\n<div style=\"height:30px\" aria-hidden=\"true\" class=\"wp-block-spacer\"><\/div>\n\n\n\n<h2 class=\"wp-block-heading\">La Cultura del Candombl\u00e9<\/h2>\n\n\n\n<p class=\"wp-block-paragraph\">Salvador es el centro del candombl\u00e9 en Brasil, una religi\u00f3n afrobrasile\u00f1a con ra\u00edces en \u00c1frica occidental. Puedes visitar algunos terreiros donde se realizan ceremonias y conocer m\u00e1s sobre esta importante tradici\u00f3n cultural.<\/p>\n\n\n\n<div style=\"height:30px\" aria-hidden=\"true\" class=\"wp-block-spacer\"><\/div>\n\n\n\n<h2 class=\"wp-block-heading\">Fiesta y Carnaval de Salvador<\/h2>\n\n\n\n<p class=\"wp-block-paragraph\">El Carnaval de Salvador es famoso por ser una de las celebraciones m\u00e1s grandes del mundo. A diferencia del Carnaval de R\u00edo, aqu\u00ed la fiesta ocurre en las calles con enormes tr\u00edos el\u00e9ctricos (carros con bandas tocando en vivo). Si visitas Salvador en esta \u00e9poca, prep\u00e1rate para vivir una experiencia llena de m\u00fasica, baile y energ\u00eda.<\/p>\n\n\n\n<div style=\"height:30px\" aria-hidden=\"true\" class=\"wp-block-spacer\"><\/div>\n\n\n\n<h2 class=\"wp-block-heading\">La Gastronom\u00eda Bahiana<\/h2>\n\n\n\n<p class=\"wp-block-paragraph\">La cocina de Salvador es una fusi\u00f3n de influencias africanas, ind\u00edgenas y portuguesas. No puedes irte sin probar:<\/p>\n\n\n\n<ul class=\"wp-block-list\">\n<li><strong>Acaraj\u00e9<\/strong>: Bollo de frijol frito en aceite de dend\u00ea, relleno con camarones y vatap\u00e1.<\/li>\n\n\n\n<li><strong>Moqueca<\/strong>: Un delicioso guiso de pescado con leche de coco y dend\u00ea.<\/li>\n\n\n\n<li><strong>Abar\u00e1<\/strong>: Similar al acaraj\u00e9, pero cocido al vapor en hojas de pl\u00e1tano.<\/li>\n<\/ul>\n\n\n\n<div style=\"height:30px\" aria-hidden=\"true\" class=\"wp-block-spacer\"><\/div>\n\n\n\n<h2 class=\"wp-block-heading\">Isla de Itaparica<\/h2>\n\n\n\n<p class=\"wp-block-paragraph\">Si quieres escapar del bullicio de la ciudad, la isla de Itaparica es una excelente opci\u00f3n. Se encuentra a poca distancia en ferry desde Salvador y ofrece playas tranquilas, aguas cristalinas y un ambiente relajado.<\/p>\n\n\n\n<div style=\"height:30px\" aria-hidden=\"true\" class=\"wp-block-spacer\"><\/div>\n\n\n\n<h2 class=\"wp-block-heading\">Consejos para tu Visita<\/h2>\n\n\n\n<ul class=\"wp-block-list\">\n<li><strong>Transporte<\/strong>: Usa taxis o aplicaciones de transporte para moverte con seguridad por la ciudad.<\/li>\n\n\n\n<li><strong>Seguridad<\/strong>: Como en cualquier gran ciudad, evita caminar solo por lugares poco transitados por la noche.<\/li>\n\n\n\n<li><strong>Mejor \u00c9poca para Visitar<\/strong>: De diciembre a marzo, cuando hay m\u00e1s festividades y buen clima.<\/li>\n<\/ul>\n\n\n\n<div style=\"height:30px\" aria-hidden=\"true\" class=\"wp-block-spacer\"><\/div>\n\n\n\n<p class=\"wp-block-paragraph\">Salvador de Bah\u00eda es una ciudad que te cautivar\u00e1 con su cultura, su m\u00fasica y su energ\u00eda vibrante. \u00a1Ven a descubrir la magia de este destino \u00fanico en Brasil!<\/p>\n","protected":false},"excerpt":{"rendered":"<p>Salvador de Bah\u00eda es una de las ciudades m\u00e1s vibrantes de Brasil. Conocida por su fuerte herencia africana, su arquitectura colonial y su incre\u00edble gastronom\u00eda, esta ciudad ofrece una experiencia \u00fanica llena de historia, m\u00fasica y color. En este blog, exploraremos los principales atractivos de Salvador y te daremos consejos para que disfrutes al m\u00e1ximo [&hellip;]<\/p>\n","protected":false},"author":2,"featured_media":2930,"comment_status":"open","ping_status":"open","sticky":false,"template":"","format":"standard","meta":{"_crdt_document":"","footnotes":""},"categories":[67],"tags":[],"class_list":["post-2929","post","type-post","status-publish","format-standard","has-post-thumbnail","hentry","category-viajes"],"yoast_head":"<!-- This site is optimized with the Yoast SEO plugin v27.4 - https:\/\/yoast.com\/product\/yoast-seo-wordpress\/ -->\n<title>Salvador de Bah\u00eda: Donde la Cultura Afrobrasile\u00f1a Cobra Vida - Brasender Noticias<\/title>\n<meta name=\"robots\" content=\"index, follow, max-snippet:-1, max-image-preview:large, max-video-preview:-1\" \/>\n<link rel=\"canonical\" href=\"https:\/\/brasender.com.br\/noticias\/salvador-de-bahia-donde-la-cultura-afrobrasilena-cobra-vida\/\" \/>\n<meta property=\"og:locale\" content=\"pt_BR\" \/>\n<meta property=\"og:type\" content=\"article\" \/>\n<meta property=\"og:title\" content=\"Salvador de Bah\u00eda: Donde la Cultura Afrobrasile\u00f1a Cobra Vida - Brasender Noticias\" \/>\n<meta property=\"og:description\" content=\"Salvador de Bah\u00eda es una de las ciudades m\u00e1s vibrantes de Brasil. Conocida por su fuerte herencia africana, su arquitectura colonial y su incre\u00edble gastronom\u00eda, esta ciudad ofrece una experiencia \u00fanica llena de historia, m\u00fasica y color. En este blog, exploraremos los principales atractivos de Salvador y te daremos consejos para que disfrutes al m\u00e1ximo [&hellip;]\" \/>\n<meta property=\"og:url\" content=\"https:\/\/brasender.com.br\/noticias\/salvador-de-bahia-donde-la-cultura-afrobrasilena-cobra-vida\/\" \/>\n<meta property=\"og:site_name\" content=\"Brasender Noticias\" \/>\n<meta property=\"article:publisher\" content=\"https:\/\/www.facebook.com\/profile.php?id=61562137653202\" \/>\n<meta property=\"article:published_time\" content=\"2025-02-23T20:15:25+00:00\" \/>\n<meta property=\"article:modified_time\" content=\"2025-08-03T01:02:14+00:00\" \/>\n<meta property=\"og:image\" content=\"https:\/\/brasender.com.br\/noticias\/wp-content\/uploads\/2025\/03\/Salvador-de-Bahia.png\" \/>\n\t<meta property=\"og:image:width\" content=\"640\" \/>\n\t<meta property=\"og:image:height\" content=\"426\" \/>\n\t<meta property=\"og:image:type\" content=\"image\/png\" \/>\n<meta name=\"author\" content=\"Brasender\" \/>\n<meta name=\"twitter:card\" content=\"summary_large_image\" \/>\n<meta name=\"twitter:label1\" content=\"Escrito por\" \/>\n\t<meta name=\"twitter:data1\" content=\"Brasender\" \/>\n\t<meta name=\"twitter:label2\" content=\"Est. tempo de leitura\" \/>\n\t<meta name=\"twitter:data2\" content=\"5 minutos\" \/>\n<script type=\"application\/ld+json\" class=\"yoast-schema-graph\">{\"@context\":\"https:\\\/\\\/schema.org\",\"@graph\":[{\"@type\":\"Article\",\"@id\":\"https:\\\/\\\/brasender.com.br\\\/noticias\\\/salvador-de-bahia-donde-la-cultura-afrobrasilena-cobra-vida\\\/#article\",\"isPartOf\":{\"@id\":\"https:\\\/\\\/brasender.com.br\\\/noticias\\\/salvador-de-bahia-donde-la-cultura-afrobrasilena-cobra-vida\\\/\"},\"author\":{\"name\":\"Brasender\",\"@id\":\"https:\\\/\\\/brasender.com.br\\\/noticias\\\/#\\\/schema\\\/person\\\/8ff4bab7c83b41a03fbb5302e8977cf6\"},\"headline\":\"Salvador de Bah\u00eda: Donde la Cultura Afrobrasile\u00f1a Cobra Vida\",\"datePublished\":\"2025-02-23T20:15:25+00:00\",\"dateModified\":\"2025-08-03T01:02:14+00:00\",\"mainEntityOfPage\":{\"@id\":\"https:\\\/\\\/brasender.com.br\\\/noticias\\\/salvador-de-bahia-donde-la-cultura-afrobrasilena-cobra-vida\\\/\"},\"wordCount\":638,\"commentCount\":0,\"publisher\":{\"@id\":\"https:\\\/\\\/brasender.com.br\\\/noticias\\\/#organization\"},\"image\":{\"@id\":\"https:\\\/\\\/brasender.com.br\\\/noticias\\\/salvador-de-bahia-donde-la-cultura-afrobrasilena-cobra-vida\\\/#primaryimage\"},\"thumbnailUrl\":\"https:\\\/\\\/brasender.com.br\\\/noticias\\\/wp-content\\\/uploads\\\/2025\\\/03\\\/Salvador-de-Bahia.png\",\"articleSection\":[\"Viajes\"],\"inLanguage\":\"pt-BR\",\"potentialAction\":[{\"@type\":\"CommentAction\",\"name\":\"Comment\",\"target\":[\"https:\\\/\\\/brasender.com.br\\\/noticias\\\/salvador-de-bahia-donde-la-cultura-afrobrasilena-cobra-vida\\\/#respond\"]}]},{\"@type\":\"WebPage\",\"@id\":\"https:\\\/\\\/brasender.com.br\\\/noticias\\\/salvador-de-bahia-donde-la-cultura-afrobrasilena-cobra-vida\\\/\",\"url\":\"https:\\\/\\\/brasender.com.br\\\/noticias\\\/salvador-de-bahia-donde-la-cultura-afrobrasilena-cobra-vida\\\/\",\"name\":\"Salvador de Bah\u00eda: Donde la Cultura Afrobrasile\u00f1a Cobra Vida - Brasender Noticias\",\"isPartOf\":{\"@id\":\"https:\\\/\\\/brasender.com.br\\\/noticias\\\/#website\"},\"primaryImageOfPage\":{\"@id\":\"https:\\\/\\\/brasender.com.br\\\/noticias\\\/salvador-de-bahia-donde-la-cultura-afrobrasilena-cobra-vida\\\/#primaryimage\"},\"image\":{\"@id\":\"https:\\\/\\\/brasender.com.br\\\/noticias\\\/salvador-de-bahia-donde-la-cultura-afrobrasilena-cobra-vida\\\/#primaryimage\"},\"thumbnailUrl\":\"https:\\\/\\\/brasender.com.br\\\/noticias\\\/wp-content\\\/uploads\\\/2025\\\/03\\\/Salvador-de-Bahia.png\",\"datePublished\":\"2025-02-23T20:15:25+00:00\",\"dateModified\":\"2025-08-03T01:02:14+00:00\",\"breadcrumb\":{\"@id\":\"https:\\\/\\\/brasender.com.br\\\/noticias\\\/salvador-de-bahia-donde-la-cultura-afrobrasilena-cobra-vida\\\/#breadcrumb\"},\"inLanguage\":\"pt-BR\",\"potentialAction\":[{\"@type\":\"ReadAction\",\"target\":[\"https:\\\/\\\/brasender.com.br\\\/noticias\\\/salvador-de-bahia-donde-la-cultura-afrobrasilena-cobra-vida\\\/\"]}]},{\"@type\":\"ImageObject\",\"inLanguage\":\"pt-BR\",\"@id\":\"https:\\\/\\\/brasender.com.br\\\/noticias\\\/salvador-de-bahia-donde-la-cultura-afrobrasilena-cobra-vida\\\/#primaryimage\",\"url\":\"https:\\\/\\\/brasender.com.br\\\/noticias\\\/wp-content\\\/uploads\\\/2025\\\/03\\\/Salvador-de-Bahia.png\",\"contentUrl\":\"https:\\\/\\\/brasender.com.br\\\/noticias\\\/wp-content\\\/uploads\\\/2025\\\/03\\\/Salvador-de-Bahia.png\",\"width\":640,\"height\":426},{\"@type\":\"BreadcrumbList\",\"@id\":\"https:\\\/\\\/brasender.com.br\\\/noticias\\\/salvador-de-bahia-donde-la-cultura-afrobrasilena-cobra-vida\\\/#breadcrumb\",\"itemListElement\":[{\"@type\":\"ListItem\",\"position\":1,\"name\":\"In\u00edcio\",\"item\":\"https:\\\/\\\/brasender.com.br\\\/noticias\\\/\"},{\"@type\":\"ListItem\",\"position\":2,\"name\":\"Salvador de Bah\u00eda: Donde la Cultura Afrobrasile\u00f1a Cobra Vida\"}]},{\"@type\":\"WebSite\",\"@id\":\"https:\\\/\\\/brasender.com.br\\\/noticias\\\/#website\",\"url\":\"https:\\\/\\\/brasender.com.br\\\/noticias\\\/\",\"name\":\"Brasender Noticias\",\"description\":\"Portal de Noticias Brasender\",\"publisher\":{\"@id\":\"https:\\\/\\\/brasender.com.br\\\/noticias\\\/#organization\"},\"potentialAction\":[{\"@type\":\"SearchAction\",\"target\":{\"@type\":\"EntryPoint\",\"urlTemplate\":\"https:\\\/\\\/brasender.com.br\\\/noticias\\\/?s={search_term_string}\"},\"query-input\":{\"@type\":\"PropertyValueSpecification\",\"valueRequired\":true,\"valueName\":\"search_term_string\"}}],\"inLanguage\":\"pt-BR\"},{\"@type\":\"Organization\",\"@id\":\"https:\\\/\\\/brasender.com.br\\\/noticias\\\/#organization\",\"name\":\"Brasender Noticias\",\"url\":\"https:\\\/\\\/brasender.com.br\\\/noticias\\\/\",\"logo\":{\"@type\":\"ImageObject\",\"inLanguage\":\"pt-BR\",\"@id\":\"https:\\\/\\\/brasender.com.br\\\/noticias\\\/#\\\/schema\\\/logo\\\/image\\\/\",\"url\":\"https:\\\/\\\/brasender.com.br\\\/noticias\\\/wp-content\\\/uploads\\\/2022\\\/03\\\/Brasender-Noticias.png\",\"contentUrl\":\"https:\\\/\\\/brasender.com.br\\\/noticias\\\/wp-content\\\/uploads\\\/2022\\\/03\\\/Brasender-Noticias.png\",\"width\":2048,\"height\":500,\"caption\":\"Brasender Noticias\"},\"image\":{\"@id\":\"https:\\\/\\\/brasender.com.br\\\/noticias\\\/#\\\/schema\\\/logo\\\/image\\\/\"},\"sameAs\":[\"https:\\\/\\\/www.facebook.com\\\/profile.php?id=61562137653202\",\"https:\\\/\\\/www.instagram.com\\\/brasender\\\/\"]},{\"@type\":\"Person\",\"@id\":\"https:\\\/\\\/brasender.com.br\\\/noticias\\\/#\\\/schema\\\/person\\\/8ff4bab7c83b41a03fbb5302e8977cf6\",\"name\":\"Brasender\",\"image\":{\"@type\":\"ImageObject\",\"inLanguage\":\"pt-BR\",\"@id\":\"https:\\\/\\\/secure.gravatar.com\\\/avatar\\\/a3c3990fec24135a7178fc2a02353673b32fe012bfcc277aa1e6331e34513594?s=96&d=mm&r=g\",\"url\":\"https:\\\/\\\/secure.gravatar.com\\\/avatar\\\/a3c3990fec24135a7178fc2a02353673b32fe012bfcc277aa1e6331e34513594?s=96&d=mm&r=g\",\"contentUrl\":\"https:\\\/\\\/secure.gravatar.com\\\/avatar\\\/a3c3990fec24135a7178fc2a02353673b32fe012bfcc277aa1e6331e34513594?s=96&d=mm&r=g\",\"caption\":\"Brasender\"},\"url\":\"https:\\\/\\\/brasender.com.br\\\/noticias\\\/author\\\/brasender\\\/\"}]}<\/script>\n<!-- \/ Yoast SEO plugin. -->","yoast_head_json":{"title":"Salvador de Bah\u00eda: Donde la Cultura Afrobrasile\u00f1a Cobra Vida - Brasender Noticias","robots":{"index":"index","follow":"follow","max-snippet":"max-snippet:-1","max-image-preview":"max-image-preview:large","max-video-preview":"max-video-preview:-1"},"canonical":"https:\/\/brasender.com.br\/noticias\/salvador-de-bahia-donde-la-cultura-afrobrasilena-cobra-vida\/","og_locale":"pt_BR","og_type":"article","og_title":"Salvador de Bah\u00eda: Donde la Cultura Afrobrasile\u00f1a Cobra Vida - Brasender Noticias","og_description":"Salvador de Bah\u00eda es una de las ciudades m\u00e1s vibrantes de Brasil. Conocida por su fuerte herencia africana, su arquitectura colonial y su incre\u00edble gastronom\u00eda, esta ciudad ofrece una experiencia \u00fanica llena de historia, m\u00fasica y color. En este blog, exploraremos los principales atractivos de Salvador y te daremos consejos para que disfrutes al m\u00e1ximo [&hellip;]","og_url":"https:\/\/brasender.com.br\/noticias\/salvador-de-bahia-donde-la-cultura-afrobrasilena-cobra-vida\/","og_site_name":"Brasender Noticias","article_publisher":"https:\/\/www.facebook.com\/profile.php?id=61562137653202","article_published_time":"2025-02-23T20:15:25+00:00","article_modified_time":"2025-08-03T01:02:14+00:00","og_image":[{"width":640,"height":426,"url":"https:\/\/brasender.com.br\/noticias\/wp-content\/uploads\/2025\/03\/Salvador-de-Bahia.png","type":"image\/png"}],"author":"Brasender","twitter_card":"summary_large_image","twitter_misc":{"Escrito por":"Brasender","Est. tempo de leitura":"5 minutos"},"schema":{"@context":"https:\/\/schema.org","@graph":[{"@type":"Article","@id":"https:\/\/brasender.com.br\/noticias\/salvador-de-bahia-donde-la-cultura-afrobrasilena-cobra-vida\/#article","isPartOf":{"@id":"https:\/\/brasender.com.br\/noticias\/salvador-de-bahia-donde-la-cultura-afrobrasilena-cobra-vida\/"},"author":{"name":"Brasender","@id":"https:\/\/brasender.com.br\/noticias\/#\/schema\/person\/8ff4bab7c83b41a03fbb5302e8977cf6"},"headline":"Salvador de Bah\u00eda: Donde la Cultura Afrobrasile\u00f1a Cobra Vida","datePublished":"2025-02-23T20:15:25+00:00","dateModified":"2025-08-03T01:02:14+00:00","mainEntityOfPage":{"@id":"https:\/\/brasender.com.br\/noticias\/salvador-de-bahia-donde-la-cultura-afrobrasilena-cobra-vida\/"},"wordCount":638,"commentCount":0,"publisher":{"@id":"https:\/\/brasender.com.br\/noticias\/#organization"},"image":{"@id":"https:\/\/brasender.com.br\/noticias\/salvador-de-bahia-donde-la-cultura-afrobrasilena-cobra-vida\/#primaryimage"},"thumbnailUrl":"https:\/\/brasender.com.br\/noticias\/wp-content\/uploads\/2025\/03\/Salvador-de-Bahia.png","articleSection":["Viajes"],"inLanguage":"pt-BR","potentialAction":[{"@type":"CommentAction","name":"Comment","target":["https:\/\/brasender.com.br\/noticias\/salvador-de-bahia-donde-la-cultura-afrobrasilena-cobra-vida\/#respond"]}]},{"@type":"WebPage","@id":"https:\/\/brasender.com.br\/noticias\/salvador-de-bahia-donde-la-cultura-afrobrasilena-cobra-vida\/","url":"https:\/\/brasender.com.br\/noticias\/salvador-de-bahia-donde-la-cultura-afrobrasilena-cobra-vida\/","name":"Salvador de Bah\u00eda: Donde la Cultura Afrobrasile\u00f1a Cobra Vida - Brasender Noticias","isPartOf":{"@id":"https:\/\/brasender.com.br\/noticias\/#website"},"primaryImageOfPage":{"@id":"https:\/\/brasender.com.br\/noticias\/salvador-de-bahia-donde-la-cultura-afrobrasilena-cobra-vida\/#primaryimage"},"image":{"@id":"https:\/\/brasender.com.br\/noticias\/salvador-de-bahia-donde-la-cultura-afrobrasilena-cobra-vida\/#primaryimage"},"thumbnailUrl":"https:\/\/brasender.com.br\/noticias\/wp-content\/uploads\/2025\/03\/Salvador-de-Bahia.png","datePublished":"2025-02-23T20:15:25+00:00","dateModified":"2025-08-03T01:02:14+00:00","breadcrumb":{"@id":"https:\/\/brasender.com.br\/noticias\/salvador-de-bahia-donde-la-cultura-afrobrasilena-cobra-vida\/#breadcrumb"},"inLanguage":"pt-BR","potentialAction":[{"@type":"ReadAction","target":["https:\/\/brasender.com.br\/noticias\/salvador-de-bahia-donde-la-cultura-afrobrasilena-cobra-vida\/"]}]},{"@type":"ImageObject","inLanguage":"pt-BR","@id":"https:\/\/brasender.com.br\/noticias\/salvador-de-bahia-donde-la-cultura-afrobrasilena-cobra-vida\/#primaryimage","url":"https:\/\/brasender.com.br\/noticias\/wp-content\/uploads\/2025\/03\/Salvador-de-Bahia.png","contentUrl":"https:\/\/brasender.com.br\/noticias\/wp-content\/uploads\/2025\/03\/Salvador-de-Bahia.png","width":640,"height":426},{"@type":"BreadcrumbList","@id":"https:\/\/brasender.com.br\/noticias\/salvador-de-bahia-donde-la-cultura-afrobrasilena-cobra-vida\/#breadcrumb","itemListElement":[{"@type":"ListItem","position":1,"name":"In\u00edcio","item":"https:\/\/brasender.com.br\/noticias\/"},{"@type":"ListItem","position":2,"name":"Salvador de Bah\u00eda: Donde la Cultura Afrobrasile\u00f1a Cobra Vida"}]},{"@type":"WebSite","@id":"https:\/\/brasender.com.br\/noticias\/#website","url":"https:\/\/brasender.com.br\/noticias\/","name":"Brasender Noticias","description":"Portal de Noticias Brasender","publisher":{"@id":"https:\/\/brasender.com.br\/noticias\/#organization"},"potentialAction":[{"@type":"SearchAction","target":{"@type":"EntryPoint","urlTemplate":"https:\/\/brasender.com.br\/noticias\/?s={search_term_string}"},"query-input":{"@type":"PropertyValueSpecification","valueRequired":true,"valueName":"search_term_string"}}],"inLanguage":"pt-BR"},{"@type":"Organization","@id":"https:\/\/brasender.com.br\/noticias\/#organization","name":"Brasender Noticias","url":"https:\/\/brasender.com.br\/noticias\/","logo":{"@type":"ImageObject","inLanguage":"pt-BR","@id":"https:\/\/brasender.com.br\/noticias\/#\/schema\/logo\/image\/","url":"https:\/\/brasender.com.br\/noticias\/wp-content\/uploads\/2022\/03\/Brasender-Noticias.png","contentUrl":"https:\/\/brasender.com.br\/noticias\/wp-content\/uploads\/2022\/03\/Brasender-Noticias.png","width":2048,"height":500,"caption":"Brasender Noticias"},"image":{"@id":"https:\/\/brasender.com.br\/noticias\/#\/schema\/logo\/image\/"},"sameAs":["https:\/\/www.facebook.com\/profile.php?id=61562137653202","https:\/\/www.instagram.com\/brasender\/"]},{"@type":"Person","@id":"https:\/\/brasender.com.br\/noticias\/#\/schema\/person\/8ff4bab7c83b41a03fbb5302e8977cf6","name":"Brasender","image":{"@type":"ImageObject","inLanguage":"pt-BR","@id":"https:\/\/secure.gravatar.com\/avatar\/a3c3990fec24135a7178fc2a02353673b32fe012bfcc277aa1e6331e34513594?s=96&d=mm&r=g","url":"https:\/\/secure.gravatar.com\/avatar\/a3c3990fec24135a7178fc2a02353673b32fe012bfcc277aa1e6331e34513594?s=96&d=mm&r=g","contentUrl":"https:\/\/secure.gravatar.com\/avatar\/a3c3990fec24135a7178fc2a02353673b32fe012bfcc277aa1e6331e34513594?s=96&d=mm&r=g","caption":"Brasender"},"url":"https:\/\/brasender.com.br\/noticias\/author\/brasender\/"}]}},"_links":{"self":[{"href":"https:\/\/brasender.com.br\/noticias\/wp-json\/wp\/v2\/posts\/2929","targetHints":{"allow":["GET"]}}],"collection":[{"href":"https:\/\/brasender.com.br\/noticias\/wp-json\/wp\/v2\/posts"}],"about":[{"href":"https:\/\/brasender.com.br\/noticias\/wp-json\/wp\/v2\/types\/post"}],"author":[{"embeddable":true,"href":"https:\/\/brasender.com.br\/noticias\/wp-json\/wp\/v2\/users\/2"}],"replies":[{"embeddable":true,"href":"https:\/\/brasender.com.br\/noticias\/wp-json\/wp\/v2\/comments?post=2929"}],"version-history":[{"count":2,"href":"https:\/\/brasender.com.br\/noticias\/wp-json\/wp\/v2\/posts\/2929\/revisions"}],"predecessor-version":[{"id":2935,"href":"https:\/\/brasender.com.br\/noticias\/wp-json\/wp\/v2\/posts\/2929\/revisions\/2935"}],"wp:featuredmedia":[{"embeddable":true,"href":"https:\/\/brasender.com.br\/noticias\/wp-json\/wp\/v2\/media\/2930"}],"wp:attachment":[{"href":"https:\/\/brasender.com.br\/noticias\/wp-json\/wp\/v2\/media?parent=2929"}],"wp:term":[{"taxonomy":"category","embeddable":true,"href":"https:\/\/brasender.com.br\/noticias\/wp-json\/wp\/v2\/categories?post=2929"},{"taxonomy":"post_tag","embeddable":true,"href":"https:\/\/brasender.com.br\/noticias\/wp-json\/wp\/v2\/tags?post=2929"}],"curies":[{"name":"wp","href":"https:\/\/api.w.org\/{rel}","templated":true}]}}