{"id":2912,"date":"2025-02-20T15:59:13","date_gmt":"2025-02-20T18:59:13","guid":{"rendered":"https:\/\/brasender.com.br\/noticias\/?p=2912"},"modified":"2025-08-02T22:02:23","modified_gmt":"2025-08-03T01:02:23","slug":"rio-de-janeiro-mas-alla-del-cristo-redentor","status":"publish","type":"post","link":"https:\/\/brasender.com.br\/noticias\/rio-de-janeiro-mas-alla-del-cristo-redentor\/","title":{"rendered":"R\u00edo de Janeiro: M\u00e1s All\u00e1 del Cristo Redentor"},"content":{"rendered":"\n<p class=\"wp-block-paragraph\">R\u00edo de Janeiro es una de las ciudades m\u00e1s ic\u00f3nicas de Brasil y un destino tur\u00edstico imperdible. Su combinaci\u00f3n de playas paradis\u00edacas, monta\u00f1as imponentes y una cultura vibrante la convierten en un lugar \u00fanico en el mundo. Aunque el Cristo Redentor es su s\u00edmbolo m\u00e1s conocido, hay mucho m\u00e1s que descubrir en esta maravillosa ciudad. En esta gu\u00eda, exploraremos los principales atractivos de R\u00edo de Janeiro y te daremos consejos \u00fatiles para aprovechar al m\u00e1ximo tu visita.<\/p>\n\n\n\n<div style=\"height:30px\" aria-hidden=\"true\" class=\"wp-block-spacer\"><\/div>\n\n\n\n<h2 class=\"wp-block-heading\">Playas Imperdibles<\/h2>\n\n\n\n<p class=\"wp-block-paragraph\">R\u00edo de Janeiro es famosa por sus playas, cada una con su propia personalidad.<\/p>\n\n\n\n<ul class=\"wp-block-list\">\n<li><strong>Copacabana<\/strong>: La playa m\u00e1s famosa de la ciudad, con un extenso paseo mar\u00edtimo y una vibrante vida nocturna. Aqu\u00ed puedes disfrutar de un caipirinha mientras contemplas el atardecer.<\/li>\n\n\n\n<li><strong>Ipanema<\/strong>: Conocida mundialmente gracias a la canci\u00f3n \u201cGarota de Ipanema\u201d, esta playa es ideal para quienes buscan un ambiente m\u00e1s sofisticado y relajado.<\/li>\n\n\n\n<li><strong>Leblon<\/strong>: Ubicada al lado de Ipanema, esta playa es m\u00e1s tranquila y frecuentada por familias y residentes locales.<\/li>\n\n\n\n<li><strong>Praia do Pep\u00ea<\/strong>: En la Barra da Tijuca, esta playa es el destino favorito de los amantes del surf y otros deportes acu\u00e1ticos.<\/li>\n<\/ul>\n\n\n\n<figure class=\"wp-block-gallery has-nested-images columns-default is-cropped wp-block-gallery-1 is-layout-flex wp-block-gallery-is-layout-flex\">\n<figure class=\"wp-block-image size-large\"><img fetchpriority=\"high\" decoding=\"async\" width=\"640\" height=\"426\" data-id=\"2914\" src=\"https:\/\/brasender.com.br\/noticias\/wp-content\/uploads\/2025\/03\/Copacabana.png\" alt=\"\" class=\"wp-image-2914\" srcset=\"https:\/\/brasender.com.br\/noticias\/wp-content\/uploads\/2025\/03\/Copacabana.png 640w, https:\/\/brasender.com.br\/noticias\/wp-content\/uploads\/2025\/03\/Copacabana-300x200.png 300w\" sizes=\"(max-width: 640px) 100vw, 640px\" \/><\/figure>\n\n\n\n<figure class=\"wp-block-image size-full\"><img decoding=\"async\" width=\"640\" height=\"426\" data-id=\"2915\" src=\"https:\/\/brasender.com.br\/noticias\/wp-content\/uploads\/2025\/03\/Praia-do-Pepe.png\" alt=\"\" class=\"wp-image-2915\" srcset=\"https:\/\/brasender.com.br\/noticias\/wp-content\/uploads\/2025\/03\/Praia-do-Pepe.png 640w, https:\/\/brasender.com.br\/noticias\/wp-content\/uploads\/2025\/03\/Praia-do-Pepe-300x200.png 300w\" sizes=\"(max-width: 640px) 100vw, 640px\" \/><\/figure>\n\n\n\n<figure class=\"wp-block-image size-large\"><img decoding=\"async\" width=\"640\" height=\"426\" data-id=\"2916\" src=\"https:\/\/brasender.com.br\/noticias\/wp-content\/uploads\/2025\/03\/Leblon.png\" alt=\"\" class=\"wp-image-2916\" srcset=\"https:\/\/brasender.com.br\/noticias\/wp-content\/uploads\/2025\/03\/Leblon.png 640w, https:\/\/brasender.com.br\/noticias\/wp-content\/uploads\/2025\/03\/Leblon-300x200.png 300w\" sizes=\"(max-width: 640px) 100vw, 640px\" \/><\/figure>\n\n\n\n<figure class=\"wp-block-image size-full\"><img loading=\"lazy\" decoding=\"async\" width=\"640\" height=\"426\" data-id=\"2917\" src=\"https:\/\/brasender.com.br\/noticias\/wp-content\/uploads\/2025\/03\/Ipanema.png\" alt=\"\" class=\"wp-image-2917\" srcset=\"https:\/\/brasender.com.br\/noticias\/wp-content\/uploads\/2025\/03\/Ipanema.png 640w, https:\/\/brasender.com.br\/noticias\/wp-content\/uploads\/2025\/03\/Ipanema-300x200.png 300w\" sizes=\"(max-width: 640px) 100vw, 640px\" \/><\/figure>\n<\/figure>\n\n\n\n<div style=\"height:30px\" aria-hidden=\"true\" class=\"wp-block-spacer\"><\/div>\n\n\n\n<h2 class=\"wp-block-heading\">Pan de Az\u00facar: Una Vista Inigualable<\/h2>\n\n\n\n<p class=\"wp-block-paragraph\">El morro del Pan de Az\u00facar es uno de los lugares m\u00e1s impresionantes de la ciudad. Puedes llegar a la cima en telef\u00e9rico y disfrutar de una vista panor\u00e1mica espectacular de toda la bah\u00eda de Guanabara. Este es uno de los puntos m\u00e1s fotografiados de R\u00edo y una experiencia inolvidable para cualquier visitante.<\/p>\n\n\n\n<figure class=\"wp-block-image size-full is-resized\"><img loading=\"lazy\" decoding=\"async\" width=\"640\" height=\"426\" src=\"https:\/\/brasender.com.br\/noticias\/wp-content\/uploads\/2025\/03\/Pao-de-acucar-rio-de-janeiro.png\" alt=\"\" class=\"wp-image-2919\" style=\"width:840px;height:auto\" srcset=\"https:\/\/brasender.com.br\/noticias\/wp-content\/uploads\/2025\/03\/Pao-de-acucar-rio-de-janeiro.png 640w, https:\/\/brasender.com.br\/noticias\/wp-content\/uploads\/2025\/03\/Pao-de-acucar-rio-de-janeiro-300x200.png 300w\" sizes=\"(max-width: 640px) 100vw, 640px\" \/><\/figure>\n\n\n\n<div style=\"height:30px\" aria-hidden=\"true\" class=\"wp-block-spacer\"><\/div>\n\n\n\n<h2 class=\"wp-block-heading\">Santa Teresa y su Encanto Bohemio<\/h2>\n\n\n\n<p class=\"wp-block-paragraph\">Este barrio hist\u00f3rico se encuentra en las colinas de R\u00edo y es famoso por sus calles adoquinadas, casas coloniales y ambiente art\u00edstico. En Santa Teresa puedes visitar el famoso tranv\u00eda amarillo, el Parque das Ru\u00ednas y disfrutar de bares y restaurantes con una vista incre\u00edble de la ciudad.<\/p>\n\n\n\n<div style=\"height:30px\" aria-hidden=\"true\" class=\"wp-block-spacer\"><\/div>\n\n\n\n<h2 class=\"wp-block-heading\">Escalera de Selar\u00f3n: Un Icono Colorido<\/h2>\n\n\n\n<p class=\"wp-block-paragraph\">Ubicada entre los barrios de Santa Teresa y Lapa, la Escalera de Selar\u00f3n es una obra de arte del artista chileno Jorge Selar\u00f3n. Esta escalera, decorada con miles de azulejos de diferentes partes del mundo, se ha convertido en un s\u00edmbolo cultural de la ciudad.<\/p>\n\n\n\n<figure class=\"wp-block-image size-full is-resized\"><img loading=\"lazy\" decoding=\"async\" width=\"640\" height=\"426\" src=\"https:\/\/brasender.com.br\/noticias\/wp-content\/uploads\/2025\/03\/Escadaria-selaron.png\" alt=\"\" class=\"wp-image-2920\" style=\"width:840px;height:auto\" srcset=\"https:\/\/brasender.com.br\/noticias\/wp-content\/uploads\/2025\/03\/Escadaria-selaron.png 640w, https:\/\/brasender.com.br\/noticias\/wp-content\/uploads\/2025\/03\/Escadaria-selaron-300x200.png 300w\" sizes=\"(max-width: 640px) 100vw, 640px\" \/><\/figure>\n\n\n\n<div style=\"height:30px\" aria-hidden=\"true\" class=\"wp-block-spacer\"><\/div>\n\n\n\n<h2 class=\"wp-block-heading\">Maracan\u00e1: El Templo del F\u00fatbol<\/h2>\n\n\n\n<p class=\"wp-block-paragraph\">Para los amantes del f\u00fatbol, una visita al Estadio Maracan\u00e1 es obligatoria. Este estadio ha sido sede de finales de la Copa del Mundo y partidos hist\u00f3ricos de la selecci\u00f3n brasile\u00f1a. Puedes hacer un tour guiado para conocer la historia del f\u00fatbol brasile\u00f1o y visitar los vestuarios y la cancha.<\/p>\n\n\n\n<figure class=\"wp-block-image size-full is-resized\"><img loading=\"lazy\" decoding=\"async\" width=\"640\" height=\"426\" src=\"https:\/\/brasender.com.br\/noticias\/wp-content\/uploads\/2025\/03\/Maracana.png\" alt=\"\" class=\"wp-image-2921\" style=\"width:840px;height:auto\" srcset=\"https:\/\/brasender.com.br\/noticias\/wp-content\/uploads\/2025\/03\/Maracana.png 640w, https:\/\/brasender.com.br\/noticias\/wp-content\/uploads\/2025\/03\/Maracana-300x200.png 300w\" sizes=\"(max-width: 640px) 100vw, 640px\" \/><\/figure>\n\n\n\n<div style=\"height:30px\" aria-hidden=\"true\" class=\"wp-block-spacer\"><\/div>\n\n\n\n<h2 class=\"wp-block-heading\">Parque Nacional de la Tijuca: Naturaleza en el Coraz\u00f3n de la Ciudad<\/h2>\n\n\n\n<p class=\"wp-block-paragraph\">Este parque es considerado una de las mayores selvas urbanas del mundo. Aqu\u00ed se encuentran varias rutas de senderismo que llevan a miradores espectaculares como el Pico da Tijuca y la Pedra Bonita. Es un excelente destino para los amantes del ecoturismo y la aventura.<\/p>\n\n\n\n<div style=\"height:30px\" aria-hidden=\"true\" class=\"wp-block-spacer\"><\/div>\n\n\n\n<h2 class=\"wp-block-heading\">Lapa y la Vida Nocturna Carioca<\/h2>\n\n\n\n<p class=\"wp-block-paragraph\">Si quieres experimentar la vida nocturna de R\u00edo de Janeiro, Lapa es el lugar ideal. Este barrio es famoso por sus bares de samba, como el Circo Voador y la Fundi\u00e7\u00e3o Progresso. Adem\u00e1s, en la Plaza de los Arcos de Lapa se re\u00fanen locales y turistas para disfrutar de m\u00fasica en vivo y buen ambiente.<\/p>\n\n\n\n<div style=\"height:30px\" aria-hidden=\"true\" class=\"wp-block-spacer\"><\/div>\n\n\n\n<h2 class=\"wp-block-heading\">Ilha Grande: Un Para\u00edso Cerca de R\u00edo<\/h2>\n\n\n\n<p class=\"wp-block-paragraph\">A unas pocas horas de la ciudad, Ilha Grande es una de las islas m\u00e1s hermosas de Brasil. Con playas de aguas cristalinas, senderos ecol\u00f3gicos y un ambiente tranquilo, es un destino perfecto para quienes buscan relajarse y disfrutar de la naturaleza.<\/p>\n\n\n\n<div style=\"height:30px\" aria-hidden=\"true\" class=\"wp-block-spacer\"><\/div>\n\n\n\n<h2 class=\"wp-block-heading\">Consejos para tu Visita<\/h2>\n\n\n\n<ul class=\"wp-block-list\">\n<li><strong>Transporte<\/strong>: Utiliza el metro y transporte p\u00fablico para moverte de forma segura y r\u00e1pida.<\/li>\n\n\n\n<li><strong>Seguridad<\/strong>: Como en cualquier gran ciudad, es importante tomar precauciones y evitar zonas poco tur\u00edsticas por la noche.<\/li>\n\n\n\n<li><strong>Clima<\/strong>: La mejor \u00e9poca para visitar R\u00edo es entre mayo y octubre, cuando el clima es m\u00e1s seco y agradable.<\/li>\n<\/ul>\n\n\n\n<p class=\"wp-block-paragraph\">R\u00edo de Janeiro es mucho m\u00e1s que el Cristo Redentor. Su diversidad de paisajes, cultura vibrante y hospitalidad hacen que cada viaje sea una experiencia inolvidable. \u00a1Prep\u00e1rate para descubrir la magia de la Ciudad Maravillosa!<\/p>\n","protected":false},"excerpt":{"rendered":"<p>R\u00edo de Janeiro es una de las ciudades m\u00e1s ic\u00f3nicas de Brasil y un destino tur\u00edstico imperdible. Su combinaci\u00f3n de playas paradis\u00edacas, monta\u00f1as imponentes y una cultura vibrante la convierten en un lugar \u00fanico en el mundo. Aunque el Cristo Redentor es su s\u00edmbolo m\u00e1s conocido, hay mucho m\u00e1s que descubrir en esta maravillosa ciudad. [&hellip;]<\/p>\n","protected":false},"author":2,"featured_media":2923,"comment_status":"open","ping_status":"open","sticky":false,"template":"","format":"standard","meta":{"_crdt_document":"","footnotes":""},"categories":[67],"tags":[],"class_list":["post-2912","post","type-post","status-publish","format-standard","has-post-thumbnail","hentry","category-viajes"],"yoast_head":"<!-- This site is optimized with the Yoast SEO plugin v27.4 - https:\/\/yoast.com\/product\/yoast-seo-wordpress\/ -->\n<title>R\u00edo de Janeiro: M\u00e1s All\u00e1 del Cristo Redentor - Brasender Noticias<\/title>\n<meta name=\"robots\" content=\"index, follow, max-snippet:-1, max-image-preview:large, max-video-preview:-1\" \/>\n<link rel=\"canonical\" href=\"https:\/\/brasender.com.br\/noticias\/rio-de-janeiro-mas-alla-del-cristo-redentor\/\" \/>\n<meta property=\"og:locale\" content=\"pt_BR\" \/>\n<meta property=\"og:type\" content=\"article\" \/>\n<meta property=\"og:title\" content=\"R\u00edo de Janeiro: M\u00e1s All\u00e1 del Cristo Redentor - Brasender Noticias\" \/>\n<meta property=\"og:description\" content=\"R\u00edo de Janeiro es una de las ciudades m\u00e1s ic\u00f3nicas de Brasil y un destino tur\u00edstico imperdible. Su combinaci\u00f3n de playas paradis\u00edacas, monta\u00f1as imponentes y una cultura vibrante la convierten en un lugar \u00fanico en el mundo. Aunque el Cristo Redentor es su s\u00edmbolo m\u00e1s conocido, hay mucho m\u00e1s que descubrir en esta maravillosa ciudad. [&hellip;]\" \/>\n<meta property=\"og:url\" content=\"https:\/\/brasender.com.br\/noticias\/rio-de-janeiro-mas-alla-del-cristo-redentor\/\" \/>\n<meta property=\"og:site_name\" content=\"Brasender Noticias\" \/>\n<meta property=\"article:publisher\" content=\"https:\/\/www.facebook.com\/profile.php?id=61562137653202\" \/>\n<meta property=\"article:published_time\" content=\"2025-02-20T18:59:13+00:00\" \/>\n<meta property=\"article:modified_time\" content=\"2025-08-03T01:02:23+00:00\" \/>\n<meta property=\"og:image\" content=\"https:\/\/brasender.com.br\/noticias\/wp-content\/uploads\/2025\/03\/Rio-de-Janeiro-1.png\" \/>\n\t<meta property=\"og:image:width\" content=\"640\" \/>\n\t<meta property=\"og:image:height\" content=\"426\" \/>\n\t<meta property=\"og:image:type\" content=\"image\/png\" \/>\n<meta name=\"author\" content=\"Brasender\" \/>\n<meta name=\"twitter:card\" content=\"summary_large_image\" \/>\n<meta name=\"twitter:label1\" content=\"Escrito por\" \/>\n\t<meta name=\"twitter:data1\" content=\"Brasender\" \/>\n\t<meta name=\"twitter:label2\" content=\"Est. tempo de leitura\" \/>\n\t<meta name=\"twitter:data2\" content=\"6 minutos\" \/>\n<script type=\"application\/ld+json\" class=\"yoast-schema-graph\">{\"@context\":\"https:\\\/\\\/schema.org\",\"@graph\":[{\"@type\":\"Article\",\"@id\":\"https:\\\/\\\/brasender.com.br\\\/noticias\\\/rio-de-janeiro-mas-alla-del-cristo-redentor\\\/#article\",\"isPartOf\":{\"@id\":\"https:\\\/\\\/brasender.com.br\\\/noticias\\\/rio-de-janeiro-mas-alla-del-cristo-redentor\\\/\"},\"author\":{\"name\":\"Brasender\",\"@id\":\"https:\\\/\\\/brasender.com.br\\\/noticias\\\/#\\\/schema\\\/person\\\/8ff4bab7c83b41a03fbb5302e8977cf6\"},\"headline\":\"R\u00edo de Janeiro: M\u00e1s All\u00e1 del Cristo Redentor\",\"datePublished\":\"2025-02-20T18:59:13+00:00\",\"dateModified\":\"2025-08-03T01:02:23+00:00\",\"mainEntityOfPage\":{\"@id\":\"https:\\\/\\\/brasender.com.br\\\/noticias\\\/rio-de-janeiro-mas-alla-del-cristo-redentor\\\/\"},\"wordCount\":735,\"commentCount\":0,\"publisher\":{\"@id\":\"https:\\\/\\\/brasender.com.br\\\/noticias\\\/#organization\"},\"image\":{\"@id\":\"https:\\\/\\\/brasender.com.br\\\/noticias\\\/rio-de-janeiro-mas-alla-del-cristo-redentor\\\/#primaryimage\"},\"thumbnailUrl\":\"https:\\\/\\\/brasender.com.br\\\/noticias\\\/wp-content\\\/uploads\\\/2025\\\/03\\\/Rio-de-Janeiro-1.png\",\"articleSection\":[\"Viajes\"],\"inLanguage\":\"pt-BR\",\"potentialAction\":[{\"@type\":\"CommentAction\",\"name\":\"Comment\",\"target\":[\"https:\\\/\\\/brasender.com.br\\\/noticias\\\/rio-de-janeiro-mas-alla-del-cristo-redentor\\\/#respond\"]}]},{\"@type\":\"WebPage\",\"@id\":\"https:\\\/\\\/brasender.com.br\\\/noticias\\\/rio-de-janeiro-mas-alla-del-cristo-redentor\\\/\",\"url\":\"https:\\\/\\\/brasender.com.br\\\/noticias\\\/rio-de-janeiro-mas-alla-del-cristo-redentor\\\/\",\"name\":\"R\u00edo de Janeiro: M\u00e1s All\u00e1 del Cristo Redentor - Brasender Noticias\",\"isPartOf\":{\"@id\":\"https:\\\/\\\/brasender.com.br\\\/noticias\\\/#website\"},\"primaryImageOfPage\":{\"@id\":\"https:\\\/\\\/brasender.com.br\\\/noticias\\\/rio-de-janeiro-mas-alla-del-cristo-redentor\\\/#primaryimage\"},\"image\":{\"@id\":\"https:\\\/\\\/brasender.com.br\\\/noticias\\\/rio-de-janeiro-mas-alla-del-cristo-redentor\\\/#primaryimage\"},\"thumbnailUrl\":\"https:\\\/\\\/brasender.com.br\\\/noticias\\\/wp-content\\\/uploads\\\/2025\\\/03\\\/Rio-de-Janeiro-1.png\",\"datePublished\":\"2025-02-20T18:59:13+00:00\",\"dateModified\":\"2025-08-03T01:02:23+00:00\",\"breadcrumb\":{\"@id\":\"https:\\\/\\\/brasender.com.br\\\/noticias\\\/rio-de-janeiro-mas-alla-del-cristo-redentor\\\/#breadcrumb\"},\"inLanguage\":\"pt-BR\",\"potentialAction\":[{\"@type\":\"ReadAction\",\"target\":[\"https:\\\/\\\/brasender.com.br\\\/noticias\\\/rio-de-janeiro-mas-alla-del-cristo-redentor\\\/\"]}]},{\"@type\":\"ImageObject\",\"inLanguage\":\"pt-BR\",\"@id\":\"https:\\\/\\\/brasender.com.br\\\/noticias\\\/rio-de-janeiro-mas-alla-del-cristo-redentor\\\/#primaryimage\",\"url\":\"https:\\\/\\\/brasender.com.br\\\/noticias\\\/wp-content\\\/uploads\\\/2025\\\/03\\\/Rio-de-Janeiro-1.png\",\"contentUrl\":\"https:\\\/\\\/brasender.com.br\\\/noticias\\\/wp-content\\\/uploads\\\/2025\\\/03\\\/Rio-de-Janeiro-1.png\",\"width\":640,\"height\":426},{\"@type\":\"BreadcrumbList\",\"@id\":\"https:\\\/\\\/brasender.com.br\\\/noticias\\\/rio-de-janeiro-mas-alla-del-cristo-redentor\\\/#breadcrumb\",\"itemListElement\":[{\"@type\":\"ListItem\",\"position\":1,\"name\":\"In\u00edcio\",\"item\":\"https:\\\/\\\/brasender.com.br\\\/noticias\\\/\"},{\"@type\":\"ListItem\",\"position\":2,\"name\":\"R\u00edo de Janeiro: M\u00e1s All\u00e1 del Cristo Redentor\"}]},{\"@type\":\"WebSite\",\"@id\":\"https:\\\/\\\/brasender.com.br\\\/noticias\\\/#website\",\"url\":\"https:\\\/\\\/brasender.com.br\\\/noticias\\\/\",\"name\":\"Brasender Noticias\",\"description\":\"Portal de Noticias Brasender\",\"publisher\":{\"@id\":\"https:\\\/\\\/brasender.com.br\\\/noticias\\\/#organization\"},\"potentialAction\":[{\"@type\":\"SearchAction\",\"target\":{\"@type\":\"EntryPoint\",\"urlTemplate\":\"https:\\\/\\\/brasender.com.br\\\/noticias\\\/?s={search_term_string}\"},\"query-input\":{\"@type\":\"PropertyValueSpecification\",\"valueRequired\":true,\"valueName\":\"search_term_string\"}}],\"inLanguage\":\"pt-BR\"},{\"@type\":\"Organization\",\"@id\":\"https:\\\/\\\/brasender.com.br\\\/noticias\\\/#organization\",\"name\":\"Brasender Noticias\",\"url\":\"https:\\\/\\\/brasender.com.br\\\/noticias\\\/\",\"logo\":{\"@type\":\"ImageObject\",\"inLanguage\":\"pt-BR\",\"@id\":\"https:\\\/\\\/brasender.com.br\\\/noticias\\\/#\\\/schema\\\/logo\\\/image\\\/\",\"url\":\"https:\\\/\\\/brasender.com.br\\\/noticias\\\/wp-content\\\/uploads\\\/2022\\\/03\\\/Brasender-Noticias.png\",\"contentUrl\":\"https:\\\/\\\/brasender.com.br\\\/noticias\\\/wp-content\\\/uploads\\\/2022\\\/03\\\/Brasender-Noticias.png\",\"width\":2048,\"height\":500,\"caption\":\"Brasender Noticias\"},\"image\":{\"@id\":\"https:\\\/\\\/brasender.com.br\\\/noticias\\\/#\\\/schema\\\/logo\\\/image\\\/\"},\"sameAs\":[\"https:\\\/\\\/www.facebook.com\\\/profile.php?id=61562137653202\",\"https:\\\/\\\/www.instagram.com\\\/brasender\\\/\"]},{\"@type\":\"Person\",\"@id\":\"https:\\\/\\\/brasender.com.br\\\/noticias\\\/#\\\/schema\\\/person\\\/8ff4bab7c83b41a03fbb5302e8977cf6\",\"name\":\"Brasender\",\"image\":{\"@type\":\"ImageObject\",\"inLanguage\":\"pt-BR\",\"@id\":\"https:\\\/\\\/secure.gravatar.com\\\/avatar\\\/a3c3990fec24135a7178fc2a02353673b32fe012bfcc277aa1e6331e34513594?s=96&d=mm&r=g\",\"url\":\"https:\\\/\\\/secure.gravatar.com\\\/avatar\\\/a3c3990fec24135a7178fc2a02353673b32fe012bfcc277aa1e6331e34513594?s=96&d=mm&r=g\",\"contentUrl\":\"https:\\\/\\\/secure.gravatar.com\\\/avatar\\\/a3c3990fec24135a7178fc2a02353673b32fe012bfcc277aa1e6331e34513594?s=96&d=mm&r=g\",\"caption\":\"Brasender\"},\"url\":\"https:\\\/\\\/brasender.com.br\\\/noticias\\\/author\\\/brasender\\\/\"}]}<\/script>\n<!-- \/ Yoast SEO plugin. -->","yoast_head_json":{"title":"R\u00edo de Janeiro: M\u00e1s All\u00e1 del Cristo Redentor - Brasender Noticias","robots":{"index":"index","follow":"follow","max-snippet":"max-snippet:-1","max-image-preview":"max-image-preview:large","max-video-preview":"max-video-preview:-1"},"canonical":"https:\/\/brasender.com.br\/noticias\/rio-de-janeiro-mas-alla-del-cristo-redentor\/","og_locale":"pt_BR","og_type":"article","og_title":"R\u00edo de Janeiro: M\u00e1s All\u00e1 del Cristo Redentor - Brasender Noticias","og_description":"R\u00edo de Janeiro es una de las ciudades m\u00e1s ic\u00f3nicas de Brasil y un destino tur\u00edstico imperdible. Su combinaci\u00f3n de playas paradis\u00edacas, monta\u00f1as imponentes y una cultura vibrante la convierten en un lugar \u00fanico en el mundo. Aunque el Cristo Redentor es su s\u00edmbolo m\u00e1s conocido, hay mucho m\u00e1s que descubrir en esta maravillosa ciudad. [&hellip;]","og_url":"https:\/\/brasender.com.br\/noticias\/rio-de-janeiro-mas-alla-del-cristo-redentor\/","og_site_name":"Brasender Noticias","article_publisher":"https:\/\/www.facebook.com\/profile.php?id=61562137653202","article_published_time":"2025-02-20T18:59:13+00:00","article_modified_time":"2025-08-03T01:02:23+00:00","og_image":[{"width":640,"height":426,"url":"https:\/\/brasender.com.br\/noticias\/wp-content\/uploads\/2025\/03\/Rio-de-Janeiro-1.png","type":"image\/png"}],"author":"Brasender","twitter_card":"summary_large_image","twitter_misc":{"Escrito por":"Brasender","Est. tempo de leitura":"6 minutos"},"schema":{"@context":"https:\/\/schema.org","@graph":[{"@type":"Article","@id":"https:\/\/brasender.com.br\/noticias\/rio-de-janeiro-mas-alla-del-cristo-redentor\/#article","isPartOf":{"@id":"https:\/\/brasender.com.br\/noticias\/rio-de-janeiro-mas-alla-del-cristo-redentor\/"},"author":{"name":"Brasender","@id":"https:\/\/brasender.com.br\/noticias\/#\/schema\/person\/8ff4bab7c83b41a03fbb5302e8977cf6"},"headline":"R\u00edo de Janeiro: M\u00e1s All\u00e1 del Cristo Redentor","datePublished":"2025-02-20T18:59:13+00:00","dateModified":"2025-08-03T01:02:23+00:00","mainEntityOfPage":{"@id":"https:\/\/brasender.com.br\/noticias\/rio-de-janeiro-mas-alla-del-cristo-redentor\/"},"wordCount":735,"commentCount":0,"publisher":{"@id":"https:\/\/brasender.com.br\/noticias\/#organization"},"image":{"@id":"https:\/\/brasender.com.br\/noticias\/rio-de-janeiro-mas-alla-del-cristo-redentor\/#primaryimage"},"thumbnailUrl":"https:\/\/brasender.com.br\/noticias\/wp-content\/uploads\/2025\/03\/Rio-de-Janeiro-1.png","articleSection":["Viajes"],"inLanguage":"pt-BR","potentialAction":[{"@type":"CommentAction","name":"Comment","target":["https:\/\/brasender.com.br\/noticias\/rio-de-janeiro-mas-alla-del-cristo-redentor\/#respond"]}]},{"@type":"WebPage","@id":"https:\/\/brasender.com.br\/noticias\/rio-de-janeiro-mas-alla-del-cristo-redentor\/","url":"https:\/\/brasender.com.br\/noticias\/rio-de-janeiro-mas-alla-del-cristo-redentor\/","name":"R\u00edo de Janeiro: M\u00e1s All\u00e1 del Cristo Redentor - Brasender Noticias","isPartOf":{"@id":"https:\/\/brasender.com.br\/noticias\/#website"},"primaryImageOfPage":{"@id":"https:\/\/brasender.com.br\/noticias\/rio-de-janeiro-mas-alla-del-cristo-redentor\/#primaryimage"},"image":{"@id":"https:\/\/brasender.com.br\/noticias\/rio-de-janeiro-mas-alla-del-cristo-redentor\/#primaryimage"},"thumbnailUrl":"https:\/\/brasender.com.br\/noticias\/wp-content\/uploads\/2025\/03\/Rio-de-Janeiro-1.png","datePublished":"2025-02-20T18:59:13+00:00","dateModified":"2025-08-03T01:02:23+00:00","breadcrumb":{"@id":"https:\/\/brasender.com.br\/noticias\/rio-de-janeiro-mas-alla-del-cristo-redentor\/#breadcrumb"},"inLanguage":"pt-BR","potentialAction":[{"@type":"ReadAction","target":["https:\/\/brasender.com.br\/noticias\/rio-de-janeiro-mas-alla-del-cristo-redentor\/"]}]},{"@type":"ImageObject","inLanguage":"pt-BR","@id":"https:\/\/brasender.com.br\/noticias\/rio-de-janeiro-mas-alla-del-cristo-redentor\/#primaryimage","url":"https:\/\/brasender.com.br\/noticias\/wp-content\/uploads\/2025\/03\/Rio-de-Janeiro-1.png","contentUrl":"https:\/\/brasender.com.br\/noticias\/wp-content\/uploads\/2025\/03\/Rio-de-Janeiro-1.png","width":640,"height":426},{"@type":"BreadcrumbList","@id":"https:\/\/brasender.com.br\/noticias\/rio-de-janeiro-mas-alla-del-cristo-redentor\/#breadcrumb","itemListElement":[{"@type":"ListItem","position":1,"name":"In\u00edcio","item":"https:\/\/brasender.com.br\/noticias\/"},{"@type":"ListItem","position":2,"name":"R\u00edo de Janeiro: M\u00e1s All\u00e1 del Cristo Redentor"}]},{"@type":"WebSite","@id":"https:\/\/brasender.com.br\/noticias\/#website","url":"https:\/\/brasender.com.br\/noticias\/","name":"Brasender Noticias","description":"Portal de Noticias Brasender","publisher":{"@id":"https:\/\/brasender.com.br\/noticias\/#organization"},"potentialAction":[{"@type":"SearchAction","target":{"@type":"EntryPoint","urlTemplate":"https:\/\/brasender.com.br\/noticias\/?s={search_term_string}"},"query-input":{"@type":"PropertyValueSpecification","valueRequired":true,"valueName":"search_term_string"}}],"inLanguage":"pt-BR"},{"@type":"Organization","@id":"https:\/\/brasender.com.br\/noticias\/#organization","name":"Brasender Noticias","url":"https:\/\/brasender.com.br\/noticias\/","logo":{"@type":"ImageObject","inLanguage":"pt-BR","@id":"https:\/\/brasender.com.br\/noticias\/#\/schema\/logo\/image\/","url":"https:\/\/brasender.com.br\/noticias\/wp-content\/uploads\/2022\/03\/Brasender-Noticias.png","contentUrl":"https:\/\/brasender.com.br\/noticias\/wp-content\/uploads\/2022\/03\/Brasender-Noticias.png","width":2048,"height":500,"caption":"Brasender Noticias"},"image":{"@id":"https:\/\/brasender.com.br\/noticias\/#\/schema\/logo\/image\/"},"sameAs":["https:\/\/www.facebook.com\/profile.php?id=61562137653202","https:\/\/www.instagram.com\/brasender\/"]},{"@type":"Person","@id":"https:\/\/brasender.com.br\/noticias\/#\/schema\/person\/8ff4bab7c83b41a03fbb5302e8977cf6","name":"Brasender","image":{"@type":"ImageObject","inLanguage":"pt-BR","@id":"https:\/\/secure.gravatar.com\/avatar\/a3c3990fec24135a7178fc2a02353673b32fe012bfcc277aa1e6331e34513594?s=96&d=mm&r=g","url":"https:\/\/secure.gravatar.com\/avatar\/a3c3990fec24135a7178fc2a02353673b32fe012bfcc277aa1e6331e34513594?s=96&d=mm&r=g","contentUrl":"https:\/\/secure.gravatar.com\/avatar\/a3c3990fec24135a7178fc2a02353673b32fe012bfcc277aa1e6331e34513594?s=96&d=mm&r=g","caption":"Brasender"},"url":"https:\/\/brasender.com.br\/noticias\/author\/brasender\/"}]}},"_links":{"self":[{"href":"https:\/\/brasender.com.br\/noticias\/wp-json\/wp\/v2\/posts\/2912","targetHints":{"allow":["GET"]}}],"collection":[{"href":"https:\/\/brasender.com.br\/noticias\/wp-json\/wp\/v2\/posts"}],"about":[{"href":"https:\/\/brasender.com.br\/noticias\/wp-json\/wp\/v2\/types\/post"}],"author":[{"embeddable":true,"href":"https:\/\/brasender.com.br\/noticias\/wp-json\/wp\/v2\/users\/2"}],"replies":[{"embeddable":true,"href":"https:\/\/brasender.com.br\/noticias\/wp-json\/wp\/v2\/comments?post=2912"}],"version-history":[{"count":3,"href":"https:\/\/brasender.com.br\/noticias\/wp-json\/wp\/v2\/posts\/2912\/revisions"}],"predecessor-version":[{"id":2925,"href":"https:\/\/brasender.com.br\/noticias\/wp-json\/wp\/v2\/posts\/2912\/revisions\/2925"}],"wp:featuredmedia":[{"embeddable":true,"href":"https:\/\/brasender.com.br\/noticias\/wp-json\/wp\/v2\/media\/2923"}],"wp:attachment":[{"href":"https:\/\/brasender.com.br\/noticias\/wp-json\/wp\/v2\/media?parent=2912"}],"wp:term":[{"taxonomy":"category","embeddable":true,"href":"https:\/\/brasender.com.br\/noticias\/wp-json\/wp\/v2\/categories?post=2912"},{"taxonomy":"post_tag","embeddable":true,"href":"https:\/\/brasender.com.br\/noticias\/wp-json\/wp\/v2\/tags?post=2912"}],"curies":[{"name":"wp","href":"https:\/\/api.w.org\/{rel}","templated":true}]}}