{"id":2904,"date":"2025-02-17T10:03:26","date_gmt":"2025-02-17T13:03:26","guid":{"rendered":"https:\/\/brasender.com.br\/noticias\/?p=2904"},"modified":"2025-08-02T22:02:52","modified_gmt":"2025-08-03T01:02:52","slug":"tu-solicitud-de-refugio-en-brasil-fue-archivada-descubre-como-solucionarlo","status":"publish","type":"post","link":"https:\/\/brasender.com.br\/noticias\/tu-solicitud-de-refugio-en-brasil-fue-archivada-descubre-como-solucionarlo\/","title":{"rendered":"\u00bfTu solicitud de refugio en Brasil fue archivada? Descubre c\u00f3mo solucionarlo"},"content":{"rendered":"\n<p class=\"wp-block-paragraph\">En los \u00faltimos d\u00edas, muchos cubanos en proceso de refugio en Brasil han recibido un correo electr\u00f3nico informando sobre el <strong>archivamiento de su caso<\/strong>. Esto se debe, en su mayor\u00eda, a la falta de respuesta a las solicitudes de actualizaci\u00f3n de datos realizadas por el CONARE (Comit\u00ea Nacional para os Refugiados) el a\u00f1o pasado.<\/p>\n\n\n\n<div style=\"height:30px\" aria-hidden=\"true\" class=\"wp-block-spacer\"><\/div>\n\n\n\n<h2 class=\"wp-block-heading\">\u00bfQu\u00e9 significa que mi proceso est\u00e9 archivado?<\/h2>\n\n\n\n<p class=\"wp-block-paragraph\">Si tu proceso fue archivado, <strong>queda paralizado temporalmente<\/strong> y <strong>no podr\u00e1s renovar tu Protocolo de Refugio<\/strong>. Adem\u00e1s, el proceso se detiene y sale de la fila de an\u00e1lisis.<\/p>\n\n\n\n<div style=\"height:30px\" aria-hidden=\"true\" class=\"wp-block-spacer\"><\/div>\n\n\n\n<h2 class=\"wp-block-heading\">\u00bfPor qu\u00e9 puede ser archivado un proceso de refugio?<\/h2>\n\n\n\n<p class=\"wp-block-paragraph\">Seg\u00fan el gobierno brasile\u00f1o, un proceso de refugio puede ser archivado si el solicitante:<\/p>\n\n\n\n<ul class=\"wp-block-list\">\n<li><strong>No actualiza sus datos en el sistema dentro del plazo de 30 d\u00edas cuando es solicitado.<\/strong><\/li>\n\n\n\n<li>No asiste a la entrevista de elegibilidad sin justificativa.<\/li>\n\n\n\n<li>Viaja al exterior sin informar al CONARE.<\/li>\n\n\n\n<li>Informa su viaje, pero permanece m\u00e1s de 90 d\u00edas fuera de Brasil.<\/li>\n<\/ul>\n\n\n\n<div style=\"height:30px\" aria-hidden=\"true\" class=\"wp-block-spacer\"><\/div>\n\n\n\n<h2 class=\"wp-block-heading\">\u00bfQu\u00e9 hacer si mi proceso fue archivado?<\/h2>\n\n\n\n<p class=\"wp-block-paragraph\">Para solicitar el <strong>desarchivamiento<\/strong>, debes realizar el siguiente procedimiento:<\/p>\n\n\n\n<ul class=\"wp-block-list\">\n<li><strong>Completa el Formulario de desarchivamiento<\/strong> del CONARE.<\/li>\n\n\n\n<li><strong>Reg\u00edstrate en el sistema SEI!<\/strong> y accede con tu usuario y contrase\u00f1a.<\/li>\n\n\n\n<li>En el men\u00fa izquierdo, haz clic en <strong>&#8220;peticionamiento&#8221;<\/strong> y elige <strong>&#8220;intercorrente&#8221;<\/strong>.<\/li>\n\n\n\n<li>Introduce el n\u00famero de tu Protocolo de Refugio y presiona <strong>&#8220;validar&#8221;<\/strong>.<\/li>\n\n\n\n<li>En &#8220;tipo de documento&#8221;, elige <strong>&#8220;formulario&#8221;<\/strong> y en el campo &#8220;complemento del tipo de documento&#8221; escribe <strong>&#8220;desarquivamiento&#8221;<\/strong>.<\/li>\n\n\n\n<li>Adjunta el formulario completado y selecciona el formato <strong>&#8220;nato-digital&#8221;<\/strong>.<\/li>\n\n\n\n<li>Finalmente, haz clic en <strong>&#8220;peticionar&#8221;<\/strong> para enviar tu solicitud.<\/li>\n<\/ul>\n\n\n\n<div style=\"height:30px\" aria-hidden=\"true\" class=\"wp-block-spacer\"><\/div>\n\n\n\n<div style=\"height:30px\" aria-hidden=\"true\" class=\"wp-block-spacer\"><\/div>\n\n\n\n<h2 class=\"wp-block-heading\">\u00a1Cuidado con los errores en la solicitud!<\/h2>\n\n\n\n<p class=\"wp-block-paragraph\">Este proceso es <strong>gratuito<\/strong>, pero cualquier error en la solicitud puede <strong>atrasar<\/strong> el tr\u00e1mite o incluso llevar a la <strong>extinci\u00f3n del proceso<\/strong>, lo que podr\u00eda dejarte en situaci\u00f3n migratoria irregular en Brasil.<\/p>\n\n\n\n<div style=\"height:30px\" aria-hidden=\"true\" class=\"wp-block-spacer\"><\/div>\n\n\n\n<h2 class=\"wp-block-heading\">\u00bfNecesitas ayuda con tu solicitud?<\/h2>\n\n\n\n<p class=\"wp-block-paragraph\">Seg\u00fan el propio gobierno, puedes realizar este proceso con la ayuda de un <strong>procurador legal<\/strong>. En Brasender te ofrecemos asesoramiento profesional para garantizar que tu solicitud sea tramitada correctamente y sin errores.<\/p>\n\n\n\n<div style=\"height:30px\" aria-hidden=\"true\" class=\"wp-block-spacer\"><\/div>\n\n\n\n<h2 class=\"wp-block-heading\"><strong><a href=\"https:\/\/brasender.com.br\/desarchivar-refugio\/\">\ud83d\udc49 Solicitar con Brasender<\/a><\/strong><\/h2>\n\n\n\n<div style=\"height:30px\" aria-hidden=\"true\" class=\"wp-block-spacer\"><\/div>\n\n\n\n<p class=\"wp-block-paragraph\"><strong>\u00a1Comparte esta informaci\u00f3n con otros cubanos en Brasil para que nadie sea sorprendido por estos cambios!<\/strong><\/p>\n","protected":false},"excerpt":{"rendered":"<p>En los \u00faltimos d\u00edas, muchos cubanos en proceso de refugio en Brasil han recibido un correo electr\u00f3nico informando sobre el archivamiento de su caso. Esto se debe, en su mayor\u00eda, a la falta de respuesta a las solicitudes de actualizaci\u00f3n de datos realizadas por el CONARE (Comit\u00ea Nacional para os Refugiados) el a\u00f1o pasado. \u00bfQu\u00e9 [&hellip;]<\/p>\n","protected":false},"author":2,"featured_media":2905,"comment_status":"open","ping_status":"open","sticky":false,"template":"","format":"standard","meta":{"_crdt_document":"","footnotes":""},"categories":[65],"tags":[],"class_list":["post-2904","post","type-post","status-publish","format-standard","has-post-thumbnail","hentry","category-tramites"],"yoast_head":"<!-- This site is optimized with the Yoast SEO plugin v27.4 - https:\/\/yoast.com\/product\/yoast-seo-wordpress\/ -->\n<title>\u00bfTu solicitud de refugio en Brasil fue archivada? Descubre c\u00f3mo solucionarlo - Brasender Noticias<\/title>\n<meta name=\"robots\" content=\"index, follow, max-snippet:-1, max-image-preview:large, max-video-preview:-1\" \/>\n<link rel=\"canonical\" href=\"https:\/\/brasender.com.br\/noticias\/tu-solicitud-de-refugio-en-brasil-fue-archivada-descubre-como-solucionarlo\/\" \/>\n<meta property=\"og:locale\" content=\"pt_BR\" \/>\n<meta property=\"og:type\" content=\"article\" \/>\n<meta property=\"og:title\" content=\"\u00bfTu solicitud de refugio en Brasil fue archivada? Descubre c\u00f3mo solucionarlo - Brasender Noticias\" \/>\n<meta property=\"og:description\" content=\"En los \u00faltimos d\u00edas, muchos cubanos en proceso de refugio en Brasil han recibido un correo electr\u00f3nico informando sobre el archivamiento de su caso. Esto se debe, en su mayor\u00eda, a la falta de respuesta a las solicitudes de actualizaci\u00f3n de datos realizadas por el CONARE (Comit\u00ea Nacional para os Refugiados) el a\u00f1o pasado. \u00bfQu\u00e9 [&hellip;]\" \/>\n<meta property=\"og:url\" content=\"https:\/\/brasender.com.br\/noticias\/tu-solicitud-de-refugio-en-brasil-fue-archivada-descubre-como-solucionarlo\/\" \/>\n<meta property=\"og:site_name\" content=\"Brasender Noticias\" \/>\n<meta property=\"article:publisher\" content=\"https:\/\/www.facebook.com\/profile.php?id=61562137653202\" \/>\n<meta property=\"article:published_time\" content=\"2025-02-17T13:03:26+00:00\" \/>\n<meta property=\"article:modified_time\" content=\"2025-08-03T01:02:52+00:00\" \/>\n<meta property=\"og:image\" content=\"https:\/\/brasender.com.br\/noticias\/wp-content\/uploads\/2025\/03\/Conare.png\" \/>\n\t<meta property=\"og:image:width\" content=\"640\" \/>\n\t<meta property=\"og:image:height\" content=\"426\" \/>\n\t<meta property=\"og:image:type\" content=\"image\/png\" \/>\n<meta name=\"author\" content=\"Brasender\" \/>\n<meta name=\"twitter:card\" content=\"summary_large_image\" \/>\n<meta name=\"twitter:label1\" content=\"Escrito por\" \/>\n\t<meta name=\"twitter:data1\" content=\"Brasender\" \/>\n\t<meta name=\"twitter:label2\" content=\"Est. tempo de leitura\" \/>\n\t<meta name=\"twitter:data2\" content=\"3 minutos\" \/>\n<script type=\"application\/ld+json\" class=\"yoast-schema-graph\">{\"@context\":\"https:\\\/\\\/schema.org\",\"@graph\":[{\"@type\":\"Article\",\"@id\":\"https:\\\/\\\/brasender.com.br\\\/noticias\\\/tu-solicitud-de-refugio-en-brasil-fue-archivada-descubre-como-solucionarlo\\\/#article\",\"isPartOf\":{\"@id\":\"https:\\\/\\\/brasender.com.br\\\/noticias\\\/tu-solicitud-de-refugio-en-brasil-fue-archivada-descubre-como-solucionarlo\\\/\"},\"author\":{\"name\":\"Brasender\",\"@id\":\"https:\\\/\\\/brasender.com.br\\\/noticias\\\/#\\\/schema\\\/person\\\/8ff4bab7c83b41a03fbb5302e8977cf6\"},\"headline\":\"\u00bfTu solicitud de refugio en Brasil fue archivada? Descubre c\u00f3mo solucionarlo\",\"datePublished\":\"2025-02-17T13:03:26+00:00\",\"dateModified\":\"2025-08-03T01:02:52+00:00\",\"mainEntityOfPage\":{\"@id\":\"https:\\\/\\\/brasender.com.br\\\/noticias\\\/tu-solicitud-de-refugio-en-brasil-fue-archivada-descubre-como-solucionarlo\\\/\"},\"wordCount\":375,\"commentCount\":0,\"publisher\":{\"@id\":\"https:\\\/\\\/brasender.com.br\\\/noticias\\\/#organization\"},\"image\":{\"@id\":\"https:\\\/\\\/brasender.com.br\\\/noticias\\\/tu-solicitud-de-refugio-en-brasil-fue-archivada-descubre-como-solucionarlo\\\/#primaryimage\"},\"thumbnailUrl\":\"https:\\\/\\\/brasender.com.br\\\/noticias\\\/wp-content\\\/uploads\\\/2025\\\/03\\\/Conare.png\",\"articleSection\":[\"Tr\u00e1mites\"],\"inLanguage\":\"pt-BR\",\"potentialAction\":[{\"@type\":\"CommentAction\",\"name\":\"Comment\",\"target\":[\"https:\\\/\\\/brasender.com.br\\\/noticias\\\/tu-solicitud-de-refugio-en-brasil-fue-archivada-descubre-como-solucionarlo\\\/#respond\"]}]},{\"@type\":\"WebPage\",\"@id\":\"https:\\\/\\\/brasender.com.br\\\/noticias\\\/tu-solicitud-de-refugio-en-brasil-fue-archivada-descubre-como-solucionarlo\\\/\",\"url\":\"https:\\\/\\\/brasender.com.br\\\/noticias\\\/tu-solicitud-de-refugio-en-brasil-fue-archivada-descubre-como-solucionarlo\\\/\",\"name\":\"\u00bfTu solicitud de refugio en Brasil fue archivada? Descubre c\u00f3mo solucionarlo - Brasender Noticias\",\"isPartOf\":{\"@id\":\"https:\\\/\\\/brasender.com.br\\\/noticias\\\/#website\"},\"primaryImageOfPage\":{\"@id\":\"https:\\\/\\\/brasender.com.br\\\/noticias\\\/tu-solicitud-de-refugio-en-brasil-fue-archivada-descubre-como-solucionarlo\\\/#primaryimage\"},\"image\":{\"@id\":\"https:\\\/\\\/brasender.com.br\\\/noticias\\\/tu-solicitud-de-refugio-en-brasil-fue-archivada-descubre-como-solucionarlo\\\/#primaryimage\"},\"thumbnailUrl\":\"https:\\\/\\\/brasender.com.br\\\/noticias\\\/wp-content\\\/uploads\\\/2025\\\/03\\\/Conare.png\",\"datePublished\":\"2025-02-17T13:03:26+00:00\",\"dateModified\":\"2025-08-03T01:02:52+00:00\",\"breadcrumb\":{\"@id\":\"https:\\\/\\\/brasender.com.br\\\/noticias\\\/tu-solicitud-de-refugio-en-brasil-fue-archivada-descubre-como-solucionarlo\\\/#breadcrumb\"},\"inLanguage\":\"pt-BR\",\"potentialAction\":[{\"@type\":\"ReadAction\",\"target\":[\"https:\\\/\\\/brasender.com.br\\\/noticias\\\/tu-solicitud-de-refugio-en-brasil-fue-archivada-descubre-como-solucionarlo\\\/\"]}]},{\"@type\":\"ImageObject\",\"inLanguage\":\"pt-BR\",\"@id\":\"https:\\\/\\\/brasender.com.br\\\/noticias\\\/tu-solicitud-de-refugio-en-brasil-fue-archivada-descubre-como-solucionarlo\\\/#primaryimage\",\"url\":\"https:\\\/\\\/brasender.com.br\\\/noticias\\\/wp-content\\\/uploads\\\/2025\\\/03\\\/Conare.png\",\"contentUrl\":\"https:\\\/\\\/brasender.com.br\\\/noticias\\\/wp-content\\\/uploads\\\/2025\\\/03\\\/Conare.png\",\"width\":640,\"height\":426},{\"@type\":\"BreadcrumbList\",\"@id\":\"https:\\\/\\\/brasender.com.br\\\/noticias\\\/tu-solicitud-de-refugio-en-brasil-fue-archivada-descubre-como-solucionarlo\\\/#breadcrumb\",\"itemListElement\":[{\"@type\":\"ListItem\",\"position\":1,\"name\":\"In\u00edcio\",\"item\":\"https:\\\/\\\/brasender.com.br\\\/noticias\\\/\"},{\"@type\":\"ListItem\",\"position\":2,\"name\":\"\u00bfTu solicitud de refugio en Brasil fue archivada? Descubre c\u00f3mo solucionarlo\"}]},{\"@type\":\"WebSite\",\"@id\":\"https:\\\/\\\/brasender.com.br\\\/noticias\\\/#website\",\"url\":\"https:\\\/\\\/brasender.com.br\\\/noticias\\\/\",\"name\":\"Brasender Noticias\",\"description\":\"Portal de Noticias Brasender\",\"publisher\":{\"@id\":\"https:\\\/\\\/brasender.com.br\\\/noticias\\\/#organization\"},\"potentialAction\":[{\"@type\":\"SearchAction\",\"target\":{\"@type\":\"EntryPoint\",\"urlTemplate\":\"https:\\\/\\\/brasender.com.br\\\/noticias\\\/?s={search_term_string}\"},\"query-input\":{\"@type\":\"PropertyValueSpecification\",\"valueRequired\":true,\"valueName\":\"search_term_string\"}}],\"inLanguage\":\"pt-BR\"},{\"@type\":\"Organization\",\"@id\":\"https:\\\/\\\/brasender.com.br\\\/noticias\\\/#organization\",\"name\":\"Brasender Noticias\",\"url\":\"https:\\\/\\\/brasender.com.br\\\/noticias\\\/\",\"logo\":{\"@type\":\"ImageObject\",\"inLanguage\":\"pt-BR\",\"@id\":\"https:\\\/\\\/brasender.com.br\\\/noticias\\\/#\\\/schema\\\/logo\\\/image\\\/\",\"url\":\"https:\\\/\\\/brasender.com.br\\\/noticias\\\/wp-content\\\/uploads\\\/2022\\\/03\\\/Brasender-Noticias.png\",\"contentUrl\":\"https:\\\/\\\/brasender.com.br\\\/noticias\\\/wp-content\\\/uploads\\\/2022\\\/03\\\/Brasender-Noticias.png\",\"width\":2048,\"height\":500,\"caption\":\"Brasender Noticias\"},\"image\":{\"@id\":\"https:\\\/\\\/brasender.com.br\\\/noticias\\\/#\\\/schema\\\/logo\\\/image\\\/\"},\"sameAs\":[\"https:\\\/\\\/www.facebook.com\\\/profile.php?id=61562137653202\",\"https:\\\/\\\/www.instagram.com\\\/brasender\\\/\"]},{\"@type\":\"Person\",\"@id\":\"https:\\\/\\\/brasender.com.br\\\/noticias\\\/#\\\/schema\\\/person\\\/8ff4bab7c83b41a03fbb5302e8977cf6\",\"name\":\"Brasender\",\"image\":{\"@type\":\"ImageObject\",\"inLanguage\":\"pt-BR\",\"@id\":\"https:\\\/\\\/secure.gravatar.com\\\/avatar\\\/a3c3990fec24135a7178fc2a02353673b32fe012bfcc277aa1e6331e34513594?s=96&d=mm&r=g\",\"url\":\"https:\\\/\\\/secure.gravatar.com\\\/avatar\\\/a3c3990fec24135a7178fc2a02353673b32fe012bfcc277aa1e6331e34513594?s=96&d=mm&r=g\",\"contentUrl\":\"https:\\\/\\\/secure.gravatar.com\\\/avatar\\\/a3c3990fec24135a7178fc2a02353673b32fe012bfcc277aa1e6331e34513594?s=96&d=mm&r=g\",\"caption\":\"Brasender\"},\"url\":\"https:\\\/\\\/brasender.com.br\\\/noticias\\\/author\\\/brasender\\\/\"}]}<\/script>\n<!-- \/ Yoast SEO plugin. -->","yoast_head_json":{"title":"\u00bfTu solicitud de refugio en Brasil fue archivada? Descubre c\u00f3mo solucionarlo - Brasender Noticias","robots":{"index":"index","follow":"follow","max-snippet":"max-snippet:-1","max-image-preview":"max-image-preview:large","max-video-preview":"max-video-preview:-1"},"canonical":"https:\/\/brasender.com.br\/noticias\/tu-solicitud-de-refugio-en-brasil-fue-archivada-descubre-como-solucionarlo\/","og_locale":"pt_BR","og_type":"article","og_title":"\u00bfTu solicitud de refugio en Brasil fue archivada? Descubre c\u00f3mo solucionarlo - Brasender Noticias","og_description":"En los \u00faltimos d\u00edas, muchos cubanos en proceso de refugio en Brasil han recibido un correo electr\u00f3nico informando sobre el archivamiento de su caso. Esto se debe, en su mayor\u00eda, a la falta de respuesta a las solicitudes de actualizaci\u00f3n de datos realizadas por el CONARE (Comit\u00ea Nacional para os Refugiados) el a\u00f1o pasado. \u00bfQu\u00e9 [&hellip;]","og_url":"https:\/\/brasender.com.br\/noticias\/tu-solicitud-de-refugio-en-brasil-fue-archivada-descubre-como-solucionarlo\/","og_site_name":"Brasender Noticias","article_publisher":"https:\/\/www.facebook.com\/profile.php?id=61562137653202","article_published_time":"2025-02-17T13:03:26+00:00","article_modified_time":"2025-08-03T01:02:52+00:00","og_image":[{"width":640,"height":426,"url":"https:\/\/brasender.com.br\/noticias\/wp-content\/uploads\/2025\/03\/Conare.png","type":"image\/png"}],"author":"Brasender","twitter_card":"summary_large_image","twitter_misc":{"Escrito por":"Brasender","Est. tempo de leitura":"3 minutos"},"schema":{"@context":"https:\/\/schema.org","@graph":[{"@type":"Article","@id":"https:\/\/brasender.com.br\/noticias\/tu-solicitud-de-refugio-en-brasil-fue-archivada-descubre-como-solucionarlo\/#article","isPartOf":{"@id":"https:\/\/brasender.com.br\/noticias\/tu-solicitud-de-refugio-en-brasil-fue-archivada-descubre-como-solucionarlo\/"},"author":{"name":"Brasender","@id":"https:\/\/brasender.com.br\/noticias\/#\/schema\/person\/8ff4bab7c83b41a03fbb5302e8977cf6"},"headline":"\u00bfTu solicitud de refugio en Brasil fue archivada? Descubre c\u00f3mo solucionarlo","datePublished":"2025-02-17T13:03:26+00:00","dateModified":"2025-08-03T01:02:52+00:00","mainEntityOfPage":{"@id":"https:\/\/brasender.com.br\/noticias\/tu-solicitud-de-refugio-en-brasil-fue-archivada-descubre-como-solucionarlo\/"},"wordCount":375,"commentCount":0,"publisher":{"@id":"https:\/\/brasender.com.br\/noticias\/#organization"},"image":{"@id":"https:\/\/brasender.com.br\/noticias\/tu-solicitud-de-refugio-en-brasil-fue-archivada-descubre-como-solucionarlo\/#primaryimage"},"thumbnailUrl":"https:\/\/brasender.com.br\/noticias\/wp-content\/uploads\/2025\/03\/Conare.png","articleSection":["Tr\u00e1mites"],"inLanguage":"pt-BR","potentialAction":[{"@type":"CommentAction","name":"Comment","target":["https:\/\/brasender.com.br\/noticias\/tu-solicitud-de-refugio-en-brasil-fue-archivada-descubre-como-solucionarlo\/#respond"]}]},{"@type":"WebPage","@id":"https:\/\/brasender.com.br\/noticias\/tu-solicitud-de-refugio-en-brasil-fue-archivada-descubre-como-solucionarlo\/","url":"https:\/\/brasender.com.br\/noticias\/tu-solicitud-de-refugio-en-brasil-fue-archivada-descubre-como-solucionarlo\/","name":"\u00bfTu solicitud de refugio en Brasil fue archivada? Descubre c\u00f3mo solucionarlo - Brasender Noticias","isPartOf":{"@id":"https:\/\/brasender.com.br\/noticias\/#website"},"primaryImageOfPage":{"@id":"https:\/\/brasender.com.br\/noticias\/tu-solicitud-de-refugio-en-brasil-fue-archivada-descubre-como-solucionarlo\/#primaryimage"},"image":{"@id":"https:\/\/brasender.com.br\/noticias\/tu-solicitud-de-refugio-en-brasil-fue-archivada-descubre-como-solucionarlo\/#primaryimage"},"thumbnailUrl":"https:\/\/brasender.com.br\/noticias\/wp-content\/uploads\/2025\/03\/Conare.png","datePublished":"2025-02-17T13:03:26+00:00","dateModified":"2025-08-03T01:02:52+00:00","breadcrumb":{"@id":"https:\/\/brasender.com.br\/noticias\/tu-solicitud-de-refugio-en-brasil-fue-archivada-descubre-como-solucionarlo\/#breadcrumb"},"inLanguage":"pt-BR","potentialAction":[{"@type":"ReadAction","target":["https:\/\/brasender.com.br\/noticias\/tu-solicitud-de-refugio-en-brasil-fue-archivada-descubre-como-solucionarlo\/"]}]},{"@type":"ImageObject","inLanguage":"pt-BR","@id":"https:\/\/brasender.com.br\/noticias\/tu-solicitud-de-refugio-en-brasil-fue-archivada-descubre-como-solucionarlo\/#primaryimage","url":"https:\/\/brasender.com.br\/noticias\/wp-content\/uploads\/2025\/03\/Conare.png","contentUrl":"https:\/\/brasender.com.br\/noticias\/wp-content\/uploads\/2025\/03\/Conare.png","width":640,"height":426},{"@type":"BreadcrumbList","@id":"https:\/\/brasender.com.br\/noticias\/tu-solicitud-de-refugio-en-brasil-fue-archivada-descubre-como-solucionarlo\/#breadcrumb","itemListElement":[{"@type":"ListItem","position":1,"name":"In\u00edcio","item":"https:\/\/brasender.com.br\/noticias\/"},{"@type":"ListItem","position":2,"name":"\u00bfTu solicitud de refugio en Brasil fue archivada? Descubre c\u00f3mo solucionarlo"}]},{"@type":"WebSite","@id":"https:\/\/brasender.com.br\/noticias\/#website","url":"https:\/\/brasender.com.br\/noticias\/","name":"Brasender Noticias","description":"Portal de Noticias Brasender","publisher":{"@id":"https:\/\/brasender.com.br\/noticias\/#organization"},"potentialAction":[{"@type":"SearchAction","target":{"@type":"EntryPoint","urlTemplate":"https:\/\/brasender.com.br\/noticias\/?s={search_term_string}"},"query-input":{"@type":"PropertyValueSpecification","valueRequired":true,"valueName":"search_term_string"}}],"inLanguage":"pt-BR"},{"@type":"Organization","@id":"https:\/\/brasender.com.br\/noticias\/#organization","name":"Brasender Noticias","url":"https:\/\/brasender.com.br\/noticias\/","logo":{"@type":"ImageObject","inLanguage":"pt-BR","@id":"https:\/\/brasender.com.br\/noticias\/#\/schema\/logo\/image\/","url":"https:\/\/brasender.com.br\/noticias\/wp-content\/uploads\/2022\/03\/Brasender-Noticias.png","contentUrl":"https:\/\/brasender.com.br\/noticias\/wp-content\/uploads\/2022\/03\/Brasender-Noticias.png","width":2048,"height":500,"caption":"Brasender Noticias"},"image":{"@id":"https:\/\/brasender.com.br\/noticias\/#\/schema\/logo\/image\/"},"sameAs":["https:\/\/www.facebook.com\/profile.php?id=61562137653202","https:\/\/www.instagram.com\/brasender\/"]},{"@type":"Person","@id":"https:\/\/brasender.com.br\/noticias\/#\/schema\/person\/8ff4bab7c83b41a03fbb5302e8977cf6","name":"Brasender","image":{"@type":"ImageObject","inLanguage":"pt-BR","@id":"https:\/\/secure.gravatar.com\/avatar\/a3c3990fec24135a7178fc2a02353673b32fe012bfcc277aa1e6331e34513594?s=96&d=mm&r=g","url":"https:\/\/secure.gravatar.com\/avatar\/a3c3990fec24135a7178fc2a02353673b32fe012bfcc277aa1e6331e34513594?s=96&d=mm&r=g","contentUrl":"https:\/\/secure.gravatar.com\/avatar\/a3c3990fec24135a7178fc2a02353673b32fe012bfcc277aa1e6331e34513594?s=96&d=mm&r=g","caption":"Brasender"},"url":"https:\/\/brasender.com.br\/noticias\/author\/brasender\/"}]}},"_links":{"self":[{"href":"https:\/\/brasender.com.br\/noticias\/wp-json\/wp\/v2\/posts\/2904","targetHints":{"allow":["GET"]}}],"collection":[{"href":"https:\/\/brasender.com.br\/noticias\/wp-json\/wp\/v2\/posts"}],"about":[{"href":"https:\/\/brasender.com.br\/noticias\/wp-json\/wp\/v2\/types\/post"}],"author":[{"embeddable":true,"href":"https:\/\/brasender.com.br\/noticias\/wp-json\/wp\/v2\/users\/2"}],"replies":[{"embeddable":true,"href":"https:\/\/brasender.com.br\/noticias\/wp-json\/wp\/v2\/comments?post=2904"}],"version-history":[{"count":1,"href":"https:\/\/brasender.com.br\/noticias\/wp-json\/wp\/v2\/posts\/2904\/revisions"}],"predecessor-version":[{"id":2906,"href":"https:\/\/brasender.com.br\/noticias\/wp-json\/wp\/v2\/posts\/2904\/revisions\/2906"}],"wp:featuredmedia":[{"embeddable":true,"href":"https:\/\/brasender.com.br\/noticias\/wp-json\/wp\/v2\/media\/2905"}],"wp:attachment":[{"href":"https:\/\/brasender.com.br\/noticias\/wp-json\/wp\/v2\/media?parent=2904"}],"wp:term":[{"taxonomy":"category","embeddable":true,"href":"https:\/\/brasender.com.br\/noticias\/wp-json\/wp\/v2\/categories?post=2904"},{"taxonomy":"post_tag","embeddable":true,"href":"https:\/\/brasender.com.br\/noticias\/wp-json\/wp\/v2\/tags?post=2904"}],"curies":[{"name":"wp","href":"https:\/\/api.w.org\/{rel}","templated":true}]}}