{"id":2902,"date":"2025-02-02T10:01:20","date_gmt":"2025-02-02T13:01:20","guid":{"rendered":"https:\/\/brasender.com.br\/noticias\/?p=2902"},"modified":"2025-08-02T22:03:39","modified_gmt":"2025-08-03T01:03:39","slug":"peru-exigira-visa-de-transito-a-cubanos-como-afecta-a-los-viajeros-desde-brasil","status":"publish","type":"post","link":"https:\/\/brasender.com.br\/noticias\/peru-exigira-visa-de-transito-a-cubanos-como-afecta-a-los-viajeros-desde-brasil\/","title":{"rendered":"Per\u00fa exigir\u00e1 visa de tr\u00e1nsito a cubanos: \u00bfC\u00f3mo afecta a los viajeros desde Brasil?"},"content":{"rendered":"\n<p class=\"wp-block-paragraph\">A partir del 1 de febrero de 2025 se exige visa de tr\u00e1nsito para los viajeros cubanos que hagan escala en Per\u00fa. Esta medida afecta directamente a los cubanos residentes en Brasil que utilizan Per\u00fa como punto de conexi\u00f3n en sus viajes hacia Cuba, Nicaragua y otros destinos.<\/p>\n\n\n\n<div style=\"height:30px\" aria-hidden=\"true\" class=\"wp-block-spacer\"><\/div>\n\n\n\n<h2 class=\"wp-block-heading\">\u00bfQu\u00e9 significa esta nueva exigencia?<\/h2>\n\n\n\n<p class=\"wp-block-paragraph\">Hasta ahora, muchos viajeros cubanos en Brasil utilizaban rutas con escalas en Per\u00fa para evitar restricciones impuestas por otros pa\u00edses, como Panam\u00e1, que ya exige visa de tr\u00e1nsito desde 2022. Con esta nueva regulaci\u00f3n, los cubanos que deseen transitar por Per\u00fa tendr\u00e1n que solicitar y obtener previamente una visa de tr\u00e1nsito en el Consulado de Per\u00fa en Brasil.<\/p>\n\n\n\n<div style=\"height:30px\" aria-hidden=\"true\" class=\"wp-block-spacer\"><\/div>\n\n\n\n<h2 class=\"wp-block-heading\">Confirmaci\u00f3n de la medida<\/h2>\n\n\n\n<p class=\"wp-block-paragraph\">En Brasender, nos hemos puesto en contacto con el Consulado de Per\u00fa en S\u00e3o Paulo para verificar esta informaci\u00f3n y nos han confirmado que la exigencia de visa de tr\u00e1nsito tambi\u00e9n se aplicar\u00e1 a los cubanos que se encuentren en Brasil. Adem\u00e1s, la noticia ya ha sido publicada en la p\u00e1gina oficial de Facebook del Consulado de Per\u00fa en S\u00e3o Paulo.<\/p>\n\n\n\n<figure class=\"wp-block-image size-large is-resized\"><img decoding=\"async\" src=\"https:\/\/brasender.com.br\/wp-content\/uploads\/2025\/02\/Visa-de-transito-Peru-Consulado-725x1024.png\" alt=\"\" class=\"wp-image-2025\" style=\"width:429px;height:auto\"\/><\/figure>\n\n\n\n<div style=\"height:30px\" aria-hidden=\"true\" class=\"wp-block-spacer\"><\/div>\n\n\n\n<blockquote class=\"wp-block-quote is-layout-flow wp-block-quote-is-layout-flow\">\n<blockquote class=\"wp-block-quote is-layout-flow wp-block-quote-is-layout-flow\">\n<p class=\"wp-block-paragraph\"><\/p>\n<\/blockquote>\n<\/blockquote>\n\n\n\n<h2 class=\"wp-block-heading\"><strong>\u00bfC\u00f3mo obtener la visa de tr\u00e1nsito para Per\u00fa?<\/strong><\/h2>\n\n\n\n<p class=\"wp-block-paragraph\">Si tienes un viaje planeado con escala en Per\u00fa, es fundamental que verifiques los requisitos y realices la solicitud con anticipaci\u00f3n. Para obtener la visa de tr\u00e1nsito, deber\u00e1s cumplir con los siguientes requisitos:<\/p>\n\n\n\n<ul class=\"wp-block-list\">\n<li>Formulario DGC 005, adjunto al presente, debidamente cumplimentado. Puede descargar en el siguiente enlace&nbsp;<a href=\"https:\/\/www.consulado.pe\/Documents\/visas\/formulario_solicitud_visa.pdf\">FORMULARIO DGC 005\u200b<\/a><\/li>\n\n\n\n<li>Pasaporte con un m\u00ednimo de 6 meses de vigencia a partir de la fecha de viaje.<\/li>\n\n\n\n<li>Registro Nacional de Migraci\u00f3n (RNM) o visa de ingreso al Brasil.&nbsp;<\/li>\n\n\n\n<li>Boleto de viaje de ida y retorno al Per\u00fa (ticket electr\u00f3nico o reserva).<\/li>\n\n\n\n<li>Boleto de viaje de entrada y salida del Per\u00fa con destino a un tercer pa\u00eds.&nbsp;<\/li>\n\n\n\n<li>Documentos que demuestren condiciones de admisibilidad al destino final y los destinos intermedios: visa o autorizaci\u00f3n de entrada requerida, reservas de hotel, reservas de tours.<\/li>\n\n\n\n<li>Una (1) fotograf\u00eda a colores; con fondo blanco; tomada de frente, sin lentes, con rostro y orejas descubiertas, sin sonrisa; sin prendas de cabeza (salvo motivos religiosos); sin retoques; medidas 3,5 cm x 4,5 cm.<\/li>\n\n\n\n<li>Certificado de antecedentes penales del pa\u00eds de residencia en el \u00faltimo a\u00f1o, para mayores de 18 a\u00f1os.<\/li>\n\n\n\n<li>Pago de la tasa consular en efectivo o a trav\u00e9s de PIX (deber\u00e1 realizarlo el d\u00eda de la cita). El pago no es reembolsable en caso de denegaci\u00f3n de visa.<\/li>\n<\/ul>\n\n\n\n<p class=\"wp-block-paragraph\"><em><strong>El tr\u00e1mite es PRESENCIAL<\/strong><\/em><\/p>\n\n\n\n<div style=\"height:30px\" aria-hidden=\"true\" class=\"wp-block-spacer\"><\/div>\n\n\n\n<p class=\"wp-block-paragraph\">Esta nueva medida impuesta por Per\u00fa representa un reto para los viajeros cubanos en Brasil, quienes deber\u00e1n tomar previsiones adicionales antes de planificar sus vuelos. En Brasender, continuaremos brindando informaci\u00f3n actualizada y asesor\u00eda sobre los cambios en las regulaciones migratorias que puedan afectar a nuestra comunidad.<\/p>\n\n\n\n<p class=\"wp-block-paragraph\"><strong>Si necesitas ayuda con la planificaci\u00f3n de tu viaje o informaci\u00f3n sobre rutas disponibles, no dudes en contactarnos.<\/strong><\/p>\n\n\n\n<div style=\"height:30px\" aria-hidden=\"true\" class=\"wp-block-spacer\"><\/div>\n\n\n\n<p class=\"wp-block-paragraph\"><strong>\u00a1Comparte esta informaci\u00f3n con otros cubanos en Brasil para que nadie sea sorprendido por estos cambios!<\/strong><\/p>\n","protected":false},"excerpt":{"rendered":"<p>A partir del 1 de febrero de 2025 se exige visa de tr\u00e1nsito para los viajeros cubanos que hagan escala en Per\u00fa. Esta medida afecta directamente a los cubanos residentes en Brasil que utilizan Per\u00fa como punto de conexi\u00f3n en sus viajes hacia Cuba, Nicaragua y otros destinos. \u00bfQu\u00e9 significa esta nueva exigencia? Hasta ahora, [&hellip;]<\/p>\n","protected":false},"author":2,"featured_media":2854,"comment_status":"open","ping_status":"open","sticky":false,"template":"","format":"standard","meta":{"_crdt_document":"","footnotes":""},"categories":[66],"tags":[],"class_list":["post-2902","post","type-post","status-publish","format-standard","has-post-thumbnail","hentry","category-migracion"],"yoast_head":"<!-- This site is optimized with the Yoast SEO plugin v27.4 - https:\/\/yoast.com\/product\/yoast-seo-wordpress\/ -->\n<title>Per\u00fa exigir\u00e1 visa de tr\u00e1nsito a cubanos: \u00bfC\u00f3mo afecta a los viajeros desde Brasil? - Brasender Noticias<\/title>\n<meta name=\"robots\" content=\"index, follow, max-snippet:-1, max-image-preview:large, max-video-preview:-1\" \/>\n<link rel=\"canonical\" href=\"https:\/\/brasender.com.br\/noticias\/peru-exigira-visa-de-transito-a-cubanos-como-afecta-a-los-viajeros-desde-brasil\/\" \/>\n<meta property=\"og:locale\" content=\"pt_BR\" \/>\n<meta property=\"og:type\" content=\"article\" \/>\n<meta property=\"og:title\" content=\"Per\u00fa exigir\u00e1 visa de tr\u00e1nsito a cubanos: \u00bfC\u00f3mo afecta a los viajeros desde Brasil? - Brasender Noticias\" \/>\n<meta property=\"og:description\" content=\"A partir del 1 de febrero de 2025 se exige visa de tr\u00e1nsito para los viajeros cubanos que hagan escala en Per\u00fa. Esta medida afecta directamente a los cubanos residentes en Brasil que utilizan Per\u00fa como punto de conexi\u00f3n en sus viajes hacia Cuba, Nicaragua y otros destinos. \u00bfQu\u00e9 significa esta nueva exigencia? Hasta ahora, [&hellip;]\" \/>\n<meta property=\"og:url\" content=\"https:\/\/brasender.com.br\/noticias\/peru-exigira-visa-de-transito-a-cubanos-como-afecta-a-los-viajeros-desde-brasil\/\" \/>\n<meta property=\"og:site_name\" content=\"Brasender Noticias\" \/>\n<meta property=\"article:publisher\" content=\"https:\/\/www.facebook.com\/profile.php?id=61562137653202\" \/>\n<meta property=\"article:published_time\" content=\"2025-02-02T13:01:20+00:00\" \/>\n<meta property=\"article:modified_time\" content=\"2025-08-03T01:03:39+00:00\" \/>\n<meta property=\"og:image\" content=\"https:\/\/brasender.com.br\/noticias\/wp-content\/uploads\/2023\/09\/Visa-de-transito-Peru.png\" \/>\n\t<meta property=\"og:image:width\" content=\"640\" \/>\n\t<meta property=\"og:image:height\" content=\"426\" \/>\n\t<meta property=\"og:image:type\" content=\"image\/png\" \/>\n<meta name=\"author\" content=\"Brasender\" \/>\n<meta name=\"twitter:card\" content=\"summary_large_image\" \/>\n<meta name=\"twitter:label1\" content=\"Escrito por\" \/>\n\t<meta name=\"twitter:data1\" content=\"Brasender\" \/>\n\t<meta name=\"twitter:label2\" content=\"Est. tempo de leitura\" \/>\n\t<meta name=\"twitter:data2\" content=\"4 minutos\" \/>\n<script type=\"application\/ld+json\" class=\"yoast-schema-graph\">{\"@context\":\"https:\\\/\\\/schema.org\",\"@graph\":[{\"@type\":\"Article\",\"@id\":\"https:\\\/\\\/brasender.com.br\\\/noticias\\\/peru-exigira-visa-de-transito-a-cubanos-como-afecta-a-los-viajeros-desde-brasil\\\/#article\",\"isPartOf\":{\"@id\":\"https:\\\/\\\/brasender.com.br\\\/noticias\\\/peru-exigira-visa-de-transito-a-cubanos-como-afecta-a-los-viajeros-desde-brasil\\\/\"},\"author\":{\"name\":\"Brasender\",\"@id\":\"https:\\\/\\\/brasender.com.br\\\/noticias\\\/#\\\/schema\\\/person\\\/8ff4bab7c83b41a03fbb5302e8977cf6\"},\"headline\":\"Per\u00fa exigir\u00e1 visa de tr\u00e1nsito a cubanos: \u00bfC\u00f3mo afecta a los viajeros desde Brasil?\",\"datePublished\":\"2025-02-02T13:01:20+00:00\",\"dateModified\":\"2025-08-03T01:03:39+00:00\",\"mainEntityOfPage\":{\"@id\":\"https:\\\/\\\/brasender.com.br\\\/noticias\\\/peru-exigira-visa-de-transito-a-cubanos-como-afecta-a-los-viajeros-desde-brasil\\\/\"},\"wordCount\":528,\"commentCount\":0,\"publisher\":{\"@id\":\"https:\\\/\\\/brasender.com.br\\\/noticias\\\/#organization\"},\"image\":{\"@id\":\"https:\\\/\\\/brasender.com.br\\\/noticias\\\/peru-exigira-visa-de-transito-a-cubanos-como-afecta-a-los-viajeros-desde-brasil\\\/#primaryimage\"},\"thumbnailUrl\":\"https:\\\/\\\/brasender.com.br\\\/noticias\\\/wp-content\\\/uploads\\\/2023\\\/09\\\/Visa-de-transito-Peru.png\",\"articleSection\":[\"Migraci\u00f3n\"],\"inLanguage\":\"pt-BR\",\"potentialAction\":[{\"@type\":\"CommentAction\",\"name\":\"Comment\",\"target\":[\"https:\\\/\\\/brasender.com.br\\\/noticias\\\/peru-exigira-visa-de-transito-a-cubanos-como-afecta-a-los-viajeros-desde-brasil\\\/#respond\"]}]},{\"@type\":\"WebPage\",\"@id\":\"https:\\\/\\\/brasender.com.br\\\/noticias\\\/peru-exigira-visa-de-transito-a-cubanos-como-afecta-a-los-viajeros-desde-brasil\\\/\",\"url\":\"https:\\\/\\\/brasender.com.br\\\/noticias\\\/peru-exigira-visa-de-transito-a-cubanos-como-afecta-a-los-viajeros-desde-brasil\\\/\",\"name\":\"Per\u00fa exigir\u00e1 visa de tr\u00e1nsito a cubanos: \u00bfC\u00f3mo afecta a los viajeros desde Brasil? - Brasender Noticias\",\"isPartOf\":{\"@id\":\"https:\\\/\\\/brasender.com.br\\\/noticias\\\/#website\"},\"primaryImageOfPage\":{\"@id\":\"https:\\\/\\\/brasender.com.br\\\/noticias\\\/peru-exigira-visa-de-transito-a-cubanos-como-afecta-a-los-viajeros-desde-brasil\\\/#primaryimage\"},\"image\":{\"@id\":\"https:\\\/\\\/brasender.com.br\\\/noticias\\\/peru-exigira-visa-de-transito-a-cubanos-como-afecta-a-los-viajeros-desde-brasil\\\/#primaryimage\"},\"thumbnailUrl\":\"https:\\\/\\\/brasender.com.br\\\/noticias\\\/wp-content\\\/uploads\\\/2023\\\/09\\\/Visa-de-transito-Peru.png\",\"datePublished\":\"2025-02-02T13:01:20+00:00\",\"dateModified\":\"2025-08-03T01:03:39+00:00\",\"breadcrumb\":{\"@id\":\"https:\\\/\\\/brasender.com.br\\\/noticias\\\/peru-exigira-visa-de-transito-a-cubanos-como-afecta-a-los-viajeros-desde-brasil\\\/#breadcrumb\"},\"inLanguage\":\"pt-BR\",\"potentialAction\":[{\"@type\":\"ReadAction\",\"target\":[\"https:\\\/\\\/brasender.com.br\\\/noticias\\\/peru-exigira-visa-de-transito-a-cubanos-como-afecta-a-los-viajeros-desde-brasil\\\/\"]}]},{\"@type\":\"ImageObject\",\"inLanguage\":\"pt-BR\",\"@id\":\"https:\\\/\\\/brasender.com.br\\\/noticias\\\/peru-exigira-visa-de-transito-a-cubanos-como-afecta-a-los-viajeros-desde-brasil\\\/#primaryimage\",\"url\":\"https:\\\/\\\/brasender.com.br\\\/noticias\\\/wp-content\\\/uploads\\\/2023\\\/09\\\/Visa-de-transito-Peru.png\",\"contentUrl\":\"https:\\\/\\\/brasender.com.br\\\/noticias\\\/wp-content\\\/uploads\\\/2023\\\/09\\\/Visa-de-transito-Peru.png\",\"width\":640,\"height\":426,\"caption\":\"Per\u00fa exigir\u00e1 visa de tr\u00e1nsito a cubanos\"},{\"@type\":\"BreadcrumbList\",\"@id\":\"https:\\\/\\\/brasender.com.br\\\/noticias\\\/peru-exigira-visa-de-transito-a-cubanos-como-afecta-a-los-viajeros-desde-brasil\\\/#breadcrumb\",\"itemListElement\":[{\"@type\":\"ListItem\",\"position\":1,\"name\":\"In\u00edcio\",\"item\":\"https:\\\/\\\/brasender.com.br\\\/noticias\\\/\"},{\"@type\":\"ListItem\",\"position\":2,\"name\":\"Per\u00fa exigir\u00e1 visa de tr\u00e1nsito a cubanos: \u00bfC\u00f3mo afecta a los viajeros desde Brasil?\"}]},{\"@type\":\"WebSite\",\"@id\":\"https:\\\/\\\/brasender.com.br\\\/noticias\\\/#website\",\"url\":\"https:\\\/\\\/brasender.com.br\\\/noticias\\\/\",\"name\":\"Brasender Noticias\",\"description\":\"Portal de Noticias Brasender\",\"publisher\":{\"@id\":\"https:\\\/\\\/brasender.com.br\\\/noticias\\\/#organization\"},\"potentialAction\":[{\"@type\":\"SearchAction\",\"target\":{\"@type\":\"EntryPoint\",\"urlTemplate\":\"https:\\\/\\\/brasender.com.br\\\/noticias\\\/?s={search_term_string}\"},\"query-input\":{\"@type\":\"PropertyValueSpecification\",\"valueRequired\":true,\"valueName\":\"search_term_string\"}}],\"inLanguage\":\"pt-BR\"},{\"@type\":\"Organization\",\"@id\":\"https:\\\/\\\/brasender.com.br\\\/noticias\\\/#organization\",\"name\":\"Brasender Noticias\",\"url\":\"https:\\\/\\\/brasender.com.br\\\/noticias\\\/\",\"logo\":{\"@type\":\"ImageObject\",\"inLanguage\":\"pt-BR\",\"@id\":\"https:\\\/\\\/brasender.com.br\\\/noticias\\\/#\\\/schema\\\/logo\\\/image\\\/\",\"url\":\"https:\\\/\\\/brasender.com.br\\\/noticias\\\/wp-content\\\/uploads\\\/2022\\\/03\\\/Brasender-Noticias.png\",\"contentUrl\":\"https:\\\/\\\/brasender.com.br\\\/noticias\\\/wp-content\\\/uploads\\\/2022\\\/03\\\/Brasender-Noticias.png\",\"width\":2048,\"height\":500,\"caption\":\"Brasender Noticias\"},\"image\":{\"@id\":\"https:\\\/\\\/brasender.com.br\\\/noticias\\\/#\\\/schema\\\/logo\\\/image\\\/\"},\"sameAs\":[\"https:\\\/\\\/www.facebook.com\\\/profile.php?id=61562137653202\",\"https:\\\/\\\/www.instagram.com\\\/brasender\\\/\"]},{\"@type\":\"Person\",\"@id\":\"https:\\\/\\\/brasender.com.br\\\/noticias\\\/#\\\/schema\\\/person\\\/8ff4bab7c83b41a03fbb5302e8977cf6\",\"name\":\"Brasender\",\"image\":{\"@type\":\"ImageObject\",\"inLanguage\":\"pt-BR\",\"@id\":\"https:\\\/\\\/secure.gravatar.com\\\/avatar\\\/a3c3990fec24135a7178fc2a02353673b32fe012bfcc277aa1e6331e34513594?s=96&d=mm&r=g\",\"url\":\"https:\\\/\\\/secure.gravatar.com\\\/avatar\\\/a3c3990fec24135a7178fc2a02353673b32fe012bfcc277aa1e6331e34513594?s=96&d=mm&r=g\",\"contentUrl\":\"https:\\\/\\\/secure.gravatar.com\\\/avatar\\\/a3c3990fec24135a7178fc2a02353673b32fe012bfcc277aa1e6331e34513594?s=96&d=mm&r=g\",\"caption\":\"Brasender\"},\"url\":\"https:\\\/\\\/brasender.com.br\\\/noticias\\\/author\\\/brasender\\\/\"}]}<\/script>\n<!-- \/ Yoast SEO plugin. -->","yoast_head_json":{"title":"Per\u00fa exigir\u00e1 visa de tr\u00e1nsito a cubanos: \u00bfC\u00f3mo afecta a los viajeros desde Brasil? - Brasender Noticias","robots":{"index":"index","follow":"follow","max-snippet":"max-snippet:-1","max-image-preview":"max-image-preview:large","max-video-preview":"max-video-preview:-1"},"canonical":"https:\/\/brasender.com.br\/noticias\/peru-exigira-visa-de-transito-a-cubanos-como-afecta-a-los-viajeros-desde-brasil\/","og_locale":"pt_BR","og_type":"article","og_title":"Per\u00fa exigir\u00e1 visa de tr\u00e1nsito a cubanos: \u00bfC\u00f3mo afecta a los viajeros desde Brasil? - Brasender Noticias","og_description":"A partir del 1 de febrero de 2025 se exige visa de tr\u00e1nsito para los viajeros cubanos que hagan escala en Per\u00fa. Esta medida afecta directamente a los cubanos residentes en Brasil que utilizan Per\u00fa como punto de conexi\u00f3n en sus viajes hacia Cuba, Nicaragua y otros destinos. \u00bfQu\u00e9 significa esta nueva exigencia? Hasta ahora, [&hellip;]","og_url":"https:\/\/brasender.com.br\/noticias\/peru-exigira-visa-de-transito-a-cubanos-como-afecta-a-los-viajeros-desde-brasil\/","og_site_name":"Brasender Noticias","article_publisher":"https:\/\/www.facebook.com\/profile.php?id=61562137653202","article_published_time":"2025-02-02T13:01:20+00:00","article_modified_time":"2025-08-03T01:03:39+00:00","og_image":[{"width":640,"height":426,"url":"https:\/\/brasender.com.br\/noticias\/wp-content\/uploads\/2023\/09\/Visa-de-transito-Peru.png","type":"image\/png"}],"author":"Brasender","twitter_card":"summary_large_image","twitter_misc":{"Escrito por":"Brasender","Est. tempo de leitura":"4 minutos"},"schema":{"@context":"https:\/\/schema.org","@graph":[{"@type":"Article","@id":"https:\/\/brasender.com.br\/noticias\/peru-exigira-visa-de-transito-a-cubanos-como-afecta-a-los-viajeros-desde-brasil\/#article","isPartOf":{"@id":"https:\/\/brasender.com.br\/noticias\/peru-exigira-visa-de-transito-a-cubanos-como-afecta-a-los-viajeros-desde-brasil\/"},"author":{"name":"Brasender","@id":"https:\/\/brasender.com.br\/noticias\/#\/schema\/person\/8ff4bab7c83b41a03fbb5302e8977cf6"},"headline":"Per\u00fa exigir\u00e1 visa de tr\u00e1nsito a cubanos: \u00bfC\u00f3mo afecta a los viajeros desde Brasil?","datePublished":"2025-02-02T13:01:20+00:00","dateModified":"2025-08-03T01:03:39+00:00","mainEntityOfPage":{"@id":"https:\/\/brasender.com.br\/noticias\/peru-exigira-visa-de-transito-a-cubanos-como-afecta-a-los-viajeros-desde-brasil\/"},"wordCount":528,"commentCount":0,"publisher":{"@id":"https:\/\/brasender.com.br\/noticias\/#organization"},"image":{"@id":"https:\/\/brasender.com.br\/noticias\/peru-exigira-visa-de-transito-a-cubanos-como-afecta-a-los-viajeros-desde-brasil\/#primaryimage"},"thumbnailUrl":"https:\/\/brasender.com.br\/noticias\/wp-content\/uploads\/2023\/09\/Visa-de-transito-Peru.png","articleSection":["Migraci\u00f3n"],"inLanguage":"pt-BR","potentialAction":[{"@type":"CommentAction","name":"Comment","target":["https:\/\/brasender.com.br\/noticias\/peru-exigira-visa-de-transito-a-cubanos-como-afecta-a-los-viajeros-desde-brasil\/#respond"]}]},{"@type":"WebPage","@id":"https:\/\/brasender.com.br\/noticias\/peru-exigira-visa-de-transito-a-cubanos-como-afecta-a-los-viajeros-desde-brasil\/","url":"https:\/\/brasender.com.br\/noticias\/peru-exigira-visa-de-transito-a-cubanos-como-afecta-a-los-viajeros-desde-brasil\/","name":"Per\u00fa exigir\u00e1 visa de tr\u00e1nsito a cubanos: \u00bfC\u00f3mo afecta a los viajeros desde Brasil? - Brasender Noticias","isPartOf":{"@id":"https:\/\/brasender.com.br\/noticias\/#website"},"primaryImageOfPage":{"@id":"https:\/\/brasender.com.br\/noticias\/peru-exigira-visa-de-transito-a-cubanos-como-afecta-a-los-viajeros-desde-brasil\/#primaryimage"},"image":{"@id":"https:\/\/brasender.com.br\/noticias\/peru-exigira-visa-de-transito-a-cubanos-como-afecta-a-los-viajeros-desde-brasil\/#primaryimage"},"thumbnailUrl":"https:\/\/brasender.com.br\/noticias\/wp-content\/uploads\/2023\/09\/Visa-de-transito-Peru.png","datePublished":"2025-02-02T13:01:20+00:00","dateModified":"2025-08-03T01:03:39+00:00","breadcrumb":{"@id":"https:\/\/brasender.com.br\/noticias\/peru-exigira-visa-de-transito-a-cubanos-como-afecta-a-los-viajeros-desde-brasil\/#breadcrumb"},"inLanguage":"pt-BR","potentialAction":[{"@type":"ReadAction","target":["https:\/\/brasender.com.br\/noticias\/peru-exigira-visa-de-transito-a-cubanos-como-afecta-a-los-viajeros-desde-brasil\/"]}]},{"@type":"ImageObject","inLanguage":"pt-BR","@id":"https:\/\/brasender.com.br\/noticias\/peru-exigira-visa-de-transito-a-cubanos-como-afecta-a-los-viajeros-desde-brasil\/#primaryimage","url":"https:\/\/brasender.com.br\/noticias\/wp-content\/uploads\/2023\/09\/Visa-de-transito-Peru.png","contentUrl":"https:\/\/brasender.com.br\/noticias\/wp-content\/uploads\/2023\/09\/Visa-de-transito-Peru.png","width":640,"height":426,"caption":"Per\u00fa exigir\u00e1 visa de tr\u00e1nsito a cubanos"},{"@type":"BreadcrumbList","@id":"https:\/\/brasender.com.br\/noticias\/peru-exigira-visa-de-transito-a-cubanos-como-afecta-a-los-viajeros-desde-brasil\/#breadcrumb","itemListElement":[{"@type":"ListItem","position":1,"name":"In\u00edcio","item":"https:\/\/brasender.com.br\/noticias\/"},{"@type":"ListItem","position":2,"name":"Per\u00fa exigir\u00e1 visa de tr\u00e1nsito a cubanos: \u00bfC\u00f3mo afecta a los viajeros desde Brasil?"}]},{"@type":"WebSite","@id":"https:\/\/brasender.com.br\/noticias\/#website","url":"https:\/\/brasender.com.br\/noticias\/","name":"Brasender Noticias","description":"Portal de Noticias Brasender","publisher":{"@id":"https:\/\/brasender.com.br\/noticias\/#organization"},"potentialAction":[{"@type":"SearchAction","target":{"@type":"EntryPoint","urlTemplate":"https:\/\/brasender.com.br\/noticias\/?s={search_term_string}"},"query-input":{"@type":"PropertyValueSpecification","valueRequired":true,"valueName":"search_term_string"}}],"inLanguage":"pt-BR"},{"@type":"Organization","@id":"https:\/\/brasender.com.br\/noticias\/#organization","name":"Brasender Noticias","url":"https:\/\/brasender.com.br\/noticias\/","logo":{"@type":"ImageObject","inLanguage":"pt-BR","@id":"https:\/\/brasender.com.br\/noticias\/#\/schema\/logo\/image\/","url":"https:\/\/brasender.com.br\/noticias\/wp-content\/uploads\/2022\/03\/Brasender-Noticias.png","contentUrl":"https:\/\/brasender.com.br\/noticias\/wp-content\/uploads\/2022\/03\/Brasender-Noticias.png","width":2048,"height":500,"caption":"Brasender Noticias"},"image":{"@id":"https:\/\/brasender.com.br\/noticias\/#\/schema\/logo\/image\/"},"sameAs":["https:\/\/www.facebook.com\/profile.php?id=61562137653202","https:\/\/www.instagram.com\/brasender\/"]},{"@type":"Person","@id":"https:\/\/brasender.com.br\/noticias\/#\/schema\/person\/8ff4bab7c83b41a03fbb5302e8977cf6","name":"Brasender","image":{"@type":"ImageObject","inLanguage":"pt-BR","@id":"https:\/\/secure.gravatar.com\/avatar\/a3c3990fec24135a7178fc2a02353673b32fe012bfcc277aa1e6331e34513594?s=96&d=mm&r=g","url":"https:\/\/secure.gravatar.com\/avatar\/a3c3990fec24135a7178fc2a02353673b32fe012bfcc277aa1e6331e34513594?s=96&d=mm&r=g","contentUrl":"https:\/\/secure.gravatar.com\/avatar\/a3c3990fec24135a7178fc2a02353673b32fe012bfcc277aa1e6331e34513594?s=96&d=mm&r=g","caption":"Brasender"},"url":"https:\/\/brasender.com.br\/noticias\/author\/brasender\/"}]}},"_links":{"self":[{"href":"https:\/\/brasender.com.br\/noticias\/wp-json\/wp\/v2\/posts\/2902","targetHints":{"allow":["GET"]}}],"collection":[{"href":"https:\/\/brasender.com.br\/noticias\/wp-json\/wp\/v2\/posts"}],"about":[{"href":"https:\/\/brasender.com.br\/noticias\/wp-json\/wp\/v2\/types\/post"}],"author":[{"embeddable":true,"href":"https:\/\/brasender.com.br\/noticias\/wp-json\/wp\/v2\/users\/2"}],"replies":[{"embeddable":true,"href":"https:\/\/brasender.com.br\/noticias\/wp-json\/wp\/v2\/comments?post=2902"}],"version-history":[{"count":1,"href":"https:\/\/brasender.com.br\/noticias\/wp-json\/wp\/v2\/posts\/2902\/revisions"}],"predecessor-version":[{"id":2903,"href":"https:\/\/brasender.com.br\/noticias\/wp-json\/wp\/v2\/posts\/2902\/revisions\/2903"}],"wp:featuredmedia":[{"embeddable":true,"href":"https:\/\/brasender.com.br\/noticias\/wp-json\/wp\/v2\/media\/2854"}],"wp:attachment":[{"href":"https:\/\/brasender.com.br\/noticias\/wp-json\/wp\/v2\/media?parent=2902"}],"wp:term":[{"taxonomy":"category","embeddable":true,"href":"https:\/\/brasender.com.br\/noticias\/wp-json\/wp\/v2\/categories?post=2902"},{"taxonomy":"post_tag","embeddable":true,"href":"https:\/\/brasender.com.br\/noticias\/wp-json\/wp\/v2\/tags?post=2902"}],"curies":[{"name":"wp","href":"https:\/\/api.w.org\/{rel}","templated":true}]}}