{"id":2900,"date":"2024-12-25T09:54:10","date_gmt":"2024-12-25T12:54:10","guid":{"rendered":"https:\/\/brasender.com.br\/noticias\/?p=2900"},"modified":"2025-08-02T22:04:25","modified_gmt":"2025-08-03T01:04:25","slug":"consulado-de-cuba-en-sao-paulo","status":"publish","type":"post","link":"https:\/\/brasender.com.br\/noticias\/consulado-de-cuba-en-sao-paulo\/","title":{"rendered":"Consulado de Cuba en S\u00e3o Paulo"},"content":{"rendered":"\n<p class=\"wp-block-paragraph\">El Consulado General de Cuba en S\u00e3o Paulo es la entidad encargada de brindar asistencia consular a los ciudadanos cubanos y extranjeros que necesiten realizar tr\u00e1mites relacionados con Cuba. A continuaci\u00f3n, te ofrecemos un resumen de las principales informaciones y servicios que presta esta instituci\u00f3n.<\/p>\n\n\n\n<div style=\"height:30px\" aria-hidden=\"true\" class=\"wp-block-spacer\"><\/div>\n\n\n\n<h2 class=\"wp-block-heading\">Jurisdicci\u00f3n Consular<\/h2>\n\n\n\n<p class=\"wp-block-paragraph\">El Consulado General de Cuba en S\u00e3o Paulo tiene jurisdicci\u00f3n sobre los estados de:<\/p>\n\n\n\n<ul class=\"wp-block-list\">\n<li>S\u00e3o Paulo<\/li>\n\n\n\n<li>R\u00edo de Janeiro<\/li>\n\n\n\n<li>Minas Gerais<\/li>\n\n\n\n<li>Esp\u00edritu Santo<\/li>\n\n\n\n<li>Paran\u00e1<\/li>\n\n\n\n<li>Santa Catarina<\/li>\n\n\n\n<li>R\u00edo Grande del Sur<\/li>\n<\/ul>\n\n\n\n<blockquote class=\"wp-block-quote is-layout-flow wp-block-quote-is-layout-flow\">\n<blockquote class=\"wp-block-quote is-layout-flow wp-block-quote-is-layout-flow\">\n<p class=\"wp-block-paragraph\"><em>Los ciudadanos que residan en estados no mencionados deber\u00e1n dirigirse a la representaci\u00f3n consular localizada en Brasilia.<\/em><\/p>\n\n\n\n<div style=\"height:30px\" aria-hidden=\"true\" class=\"wp-block-spacer\"><\/div>\n<\/blockquote>\n<\/blockquote>\n\n\n\n<h2 class=\"wp-block-heading\"><strong>Direcci\u00f3n y Contacto<\/strong><\/h2>\n\n\n\n<ul class=\"wp-block-list\">\n<li><strong>Direcci\u00f3n:<\/strong> Rua Cardoso de Almeida 2115, Sumar\u00e9, S\u00e3o Paulo. CEP 01251-001.<\/li>\n\n\n\n<li><strong>Correo electr\u00f3nico:<\/strong> <a href=\"mailto:co***********@*****om.br\" data-original-string=\"D8GcY2yrFWocDoynrKjrGw==af0doHD+ENVxAqFbAmtwe\/nLxVhTcgtlpP+iJCBeOQ37vg=\" title=\"This contact has been encoded by Anti-Spam by CleanTalk. Click to decode. To finish the decoding make sure that JavaScript is enabled in your browser.\"><span \n                data-original-string='8Ey6WOBN2Z4vyaP1yACp0w==af0DIk4ZDGbOyttSzCbV2X5hUhCIDTY3jKrgli6AwQmzEc='\n                class='apbct-email-encoder'\n                title='This contact has been encoded by Anti-Spam by CleanTalk. Click to decode. To finish the decoding make sure that JavaScript is enabled in your browser.'>co<span class=\"apbct-blur\">***********<\/span>@<span class=\"apbct-blur\">*****<\/span>om.br<\/span><\/a><\/li>\n<\/ul>\n\n\n\n<div style=\"height:30px\" aria-hidden=\"true\" class=\"wp-block-spacer\"><\/div>\n\n\n\n<h2 class=\"wp-block-heading\"><strong>Orientaciones Generales para Tr\u00e1mites Consulares<\/strong><\/h2>\n\n\n\n<ol class=\"wp-block-list\">\n<li>Los ciudadanos cubanos deben presentar el pasaporte cubano &nbsp;para realizar cualquier tr\u00e1mite en el Consulado.<\/li>\n\n\n\n<li>Los documentos oficiales expedidos en Cuba, deben estar legalizados por el Ministerio de Relaciones Exteriores cubano&nbsp; antes de presentarlos en el Consulado para cualquier tr\u00e1mite.<\/li>\n\n\n\n<li>Las solicitudes de tr\u00e1mite se pueden realizar de forma:<\/li>\n<\/ol>\n\n\n\n<p class=\"wp-block-paragraph\"><strong>PRESENCIAL<\/strong>: Cuando el interesado se presenta en el Consulado a solicitar un tr\u00e1mite para s\u00ed mismo.<\/p>\n\n\n\n<p class=\"wp-block-paragraph\"><strong>NO PRESENCIAL&nbsp;<\/strong>(implica el pago de un arancel adicional de R$175,00 por \u201cpor tr\u00e1mite no presencial\u201d).<\/p>\n\n\n\n<ol class=\"wp-block-list\">\n<li>Cuando la persona que se presenta en el Consulado solicita un tr\u00e1mite para otra persona.&nbsp;<\/li>\n\n\n\n<li>Mediante el env\u00edo de toda la documentaci\u00f3n requerida, adjunta a un \u00fanico mensaje de correo electr\u00f3nico dirigido a:&nbsp;<a href=\"mailto:co***********@*****om.br\" data-original-string=\"XiJngXC5ezlQ+KAYfwFuBg==af0RSv8zzDEEEqCrw0PKmLuqO8Bh1MXjk2r2U25U0x0pNg=\" title=\"This contact has been encoded by Anti-Spam by CleanTalk. Click to decode. To finish the decoding make sure that JavaScript is enabled in your browser.\"><span \n                data-original-string='UY+B+6hfh99sOapS\/iw6\/A==af0BaOCUvxB9fZRLbHPAgyqpcCNOzc5V552bFuGz8BjnE0='\n                class='apbct-email-encoder'\n                title='This contact has been encoded by Anti-Spam by CleanTalk. Click to decode. To finish the decoding make sure that JavaScript is enabled in your browser.'>co<span class=\"apbct-blur\">***********<\/span>@<span class=\"apbct-blur\">*****<\/span>om.br<\/span><\/a><\/li>\n\n\n\n<li>Mediante el env\u00edo, por correo postal, de un sobre con toda la documentaci\u00f3n requerida dirigido a: Consulado Geral de Cuba, Rua Cardoso de Almeida 2115, Sumar\u00e9, &nbsp;S\u00e3o Paulo. CEP 01251- 001.<\/li>\n<\/ol>\n\n\n\n<p class=\"wp-block-paragraph\">Si se realizan varios tr\u00e1mites a nombre de una misma persona, en una \u00fanica visita al Consulado, se abona un solo arancel adicional \u201cpor tr\u00e1mite no presencial\u201d.<\/p>\n\n\n\n<div style=\"height:30px\" aria-hidden=\"true\" class=\"wp-block-spacer\"><\/div>\n\n\n\n<h2 class=\"wp-block-heading\"><strong>Recomendaciones Importantes<\/strong><\/h2>\n\n\n\n<ul start=\"4\" class=\"wp-block-list\">\n<li>Los tr\u00e1mites correspondientes a menores de 16 a\u00f1os pueden ser realizados en el Consulado por uno de los padres, o el tutor legal, sin presencia del menor. En tales casos no se requiere abonar el pago adicional de R$175,00 \u201cpor tr\u00e1mite no presencial\u201d.<\/li>\n\n\n\n<li>En los tr\u00e1mites que se realizan de forma \u201cpresencial\u201d el solicitante debe entregar toda la documentaci\u00f3n requerida de forma impresa. No se aceptar\u00e1 el env\u00edo de la misma por correo electr\u00f3nico.<\/li>\n\n\n\n<li>Si la solicitud&nbsp; de tr\u00e1mite, presencial o no presencial, no cumple con todos los requisitos establecidos, ser\u00e1 rechazada; lo que se notificar\u00e1 al interesado para que la reinicie seg\u00fan lo establecido.<\/li>\n\n\n\n<li>No se permite el ingreso al Consulado General en pantal\u00f3n corto y\/o camiseta.<\/li>\n<\/ul>\n\n\n\n<div style=\"height:30px\" aria-hidden=\"true\" class=\"wp-block-spacer\"><\/div>\n\n\n\n<h2 class=\"wp-block-heading\"><strong>Servicios Consulares<\/strong><\/h2>\n\n\n\n<p class=\"wp-block-paragraph\">El Consulado ofrece una variedad de servicios, que se agrupan en las siguientes categor\u00edas:<\/p>\n\n\n\n<h4 class=\"wp-block-heading\"><strong>Servicios Migratorios<\/strong><\/h4>\n\n\n\n<ul class=\"wp-block-list\">\n<li><a href=\"https:\/\/brasender.com.br\/solicitud-de-pasaporte-cubano-en-brasil\/\">Solicitud de pasaporte.<\/a><\/li>\n\n\n\n<li>Repatriaci\u00f3n.<\/li>\n\n\n\n<li>Visa familiar (A-2).<\/li>\n\n\n\n<li>Adquisici\u00f3n de la ciudadan\u00eda cubana por nacimiento de hijos en el exterior.<\/li>\n<\/ul>\n\n\n\n<h4 class=\"wp-block-heading\"><strong>Declaraciones Consulares<\/strong><\/h4>\n\n\n\n<ul class=\"wp-block-list\">\n<li>Antecedentes penales.<\/li>\n\n\n\n<li>Certificaciones de nacimiento, matrimonio, divorcio y otros documentos legales.<\/li>\n\n\n\n<li>Legalizaci\u00f3n de t\u00edtulos y documentos acad\u00e9micos.<\/li>\n<\/ul>\n\n\n\n<h4 class=\"wp-block-heading\"><strong>Servicios Notariales<\/strong><\/h4>\n\n\n\n<p class=\"wp-block-paragraph\">Los poderes notariales deben solicitarse por correo electr\u00f3nico y ser firmados presencialmente en el Consulado. Algunos ejemplos de poderes disponibles son:<\/p>\n\n\n\n<ul class=\"wp-block-list\">\n<li>Autorizaci\u00f3n para confeccionar pasaportes.<\/li>\n\n\n\n<li>Autorizaci\u00f3n para viajar con menores.<\/li>\n\n\n\n<li>Donaci\u00f3n o venta de propiedades y veh\u00edculos.<\/li>\n\n\n\n<li>Tr\u00e1mites bancarios.<\/li>\n\n\n\n<li>Herencias y cesi\u00f3n de derechos hereditarios.<\/li>\n<\/ul>\n\n\n\n<div style=\"height:100px\" aria-hidden=\"true\" class=\"wp-block-spacer\"><\/div>\n\n\n\n<p class=\"wp-block-paragraph\">Este resumen busca facilitar el acceso a informaci\u00f3n clave sobre el Consulado de Cuba en Brasil. Si deseas m\u00e1s detalles, visita nuestro sitio web para estar siempre informado sobre los servicios y requisitos consulares.<\/p>\n\n\n\n<p class=\"wp-block-paragraph\"><strong>\u00a1Mant\u00e9n tus tr\u00e1mites al d\u00eda y cuenta con nosotros para facilitar tu experiencia!<\/strong><\/p>\n","protected":false},"excerpt":{"rendered":"<p>El Consulado General de Cuba en S\u00e3o Paulo es la entidad encargada de brindar asistencia consular a los ciudadanos cubanos y extranjeros que necesiten realizar tr\u00e1mites relacionados con Cuba. A continuaci\u00f3n, te ofrecemos un resumen de las principales informaciones y servicios que presta esta instituci\u00f3n. Jurisdicci\u00f3n Consular El Consulado General de Cuba en S\u00e3o Paulo [&hellip;]<\/p>\n","protected":false},"author":2,"featured_media":2891,"comment_status":"open","ping_status":"open","sticky":false,"template":"","format":"standard","meta":{"_crdt_document":"","footnotes":""},"categories":[66],"tags":[],"class_list":["post-2900","post","type-post","status-publish","format-standard","has-post-thumbnail","hentry","category-migracion"],"yoast_head":"<!-- This site is optimized with the Yoast SEO plugin v27.4 - https:\/\/yoast.com\/product\/yoast-seo-wordpress\/ -->\n<title>Consulado de Cuba en S\u00e3o Paulo - Brasender Noticias<\/title>\n<meta name=\"robots\" content=\"index, follow, max-snippet:-1, max-image-preview:large, max-video-preview:-1\" \/>\n<link rel=\"canonical\" href=\"https:\/\/brasender.com.br\/noticias\/consulado-de-cuba-en-sao-paulo\/\" \/>\n<meta property=\"og:locale\" content=\"pt_BR\" \/>\n<meta property=\"og:type\" content=\"article\" \/>\n<meta property=\"og:title\" content=\"Consulado de Cuba en S\u00e3o Paulo - Brasender Noticias\" \/>\n<meta property=\"og:description\" content=\"El Consulado General de Cuba en S\u00e3o Paulo es la entidad encargada de brindar asistencia consular a los ciudadanos cubanos y extranjeros que necesiten realizar tr\u00e1mites relacionados con Cuba. A continuaci\u00f3n, te ofrecemos un resumen de las principales informaciones y servicios que presta esta instituci\u00f3n. Jurisdicci\u00f3n Consular El Consulado General de Cuba en S\u00e3o Paulo [&hellip;]\" \/>\n<meta property=\"og:url\" content=\"https:\/\/brasender.com.br\/noticias\/consulado-de-cuba-en-sao-paulo\/\" \/>\n<meta property=\"og:site_name\" content=\"Brasender Noticias\" \/>\n<meta property=\"article:publisher\" content=\"https:\/\/www.facebook.com\/profile.php?id=61562137653202\" \/>\n<meta property=\"article:published_time\" content=\"2024-12-25T12:54:10+00:00\" \/>\n<meta property=\"article:modified_time\" content=\"2025-08-03T01:04:25+00:00\" \/>\n<meta property=\"og:image\" content=\"https:\/\/brasender.com.br\/noticias\/wp-content\/uploads\/2025\/03\/blog-consulado-2.png\" \/>\n\t<meta property=\"og:image:width\" content=\"640\" \/>\n\t<meta property=\"og:image:height\" content=\"426\" \/>\n\t<meta property=\"og:image:type\" content=\"image\/png\" \/>\n<meta name=\"author\" content=\"Brasender\" \/>\n<meta name=\"twitter:card\" content=\"summary_large_image\" \/>\n<meta name=\"twitter:label1\" content=\"Escrito por\" \/>\n\t<meta name=\"twitter:data1\" content=\"Brasender\" \/>\n\t<meta name=\"twitter:label2\" content=\"Est. tempo de leitura\" \/>\n\t<meta name=\"twitter:data2\" content=\"4 minutos\" \/>\n<script type=\"application\/ld+json\" class=\"yoast-schema-graph\">{\"@context\":\"https:\\\/\\\/schema.org\",\"@graph\":[{\"@type\":\"Article\",\"@id\":\"https:\\\/\\\/brasender.com.br\\\/noticias\\\/consulado-de-cuba-en-sao-paulo\\\/#article\",\"isPartOf\":{\"@id\":\"https:\\\/\\\/brasender.com.br\\\/noticias\\\/consulado-de-cuba-en-sao-paulo\\\/\"},\"author\":{\"name\":\"Brasender\",\"@id\":\"https:\\\/\\\/brasender.com.br\\\/noticias\\\/#\\\/schema\\\/person\\\/8ff4bab7c83b41a03fbb5302e8977cf6\"},\"headline\":\"Consulado de Cuba en S\u00e3o Paulo\",\"datePublished\":\"2024-12-25T12:54:10+00:00\",\"dateModified\":\"2025-08-03T01:04:25+00:00\",\"mainEntityOfPage\":{\"@id\":\"https:\\\/\\\/brasender.com.br\\\/noticias\\\/consulado-de-cuba-en-sao-paulo\\\/\"},\"wordCount\":637,\"commentCount\":2,\"publisher\":{\"@id\":\"https:\\\/\\\/brasender.com.br\\\/noticias\\\/#organization\"},\"image\":{\"@id\":\"https:\\\/\\\/brasender.com.br\\\/noticias\\\/consulado-de-cuba-en-sao-paulo\\\/#primaryimage\"},\"thumbnailUrl\":\"https:\\\/\\\/brasender.com.br\\\/noticias\\\/wp-content\\\/uploads\\\/2025\\\/03\\\/blog-consulado-2.png\",\"articleSection\":[\"Migraci\u00f3n\"],\"inLanguage\":\"pt-BR\",\"potentialAction\":[{\"@type\":\"CommentAction\",\"name\":\"Comment\",\"target\":[\"https:\\\/\\\/brasender.com.br\\\/noticias\\\/consulado-de-cuba-en-sao-paulo\\\/#respond\"]}]},{\"@type\":\"WebPage\",\"@id\":\"https:\\\/\\\/brasender.com.br\\\/noticias\\\/consulado-de-cuba-en-sao-paulo\\\/\",\"url\":\"https:\\\/\\\/brasender.com.br\\\/noticias\\\/consulado-de-cuba-en-sao-paulo\\\/\",\"name\":\"Consulado de Cuba en S\u00e3o Paulo - Brasender Noticias\",\"isPartOf\":{\"@id\":\"https:\\\/\\\/brasender.com.br\\\/noticias\\\/#website\"},\"primaryImageOfPage\":{\"@id\":\"https:\\\/\\\/brasender.com.br\\\/noticias\\\/consulado-de-cuba-en-sao-paulo\\\/#primaryimage\"},\"image\":{\"@id\":\"https:\\\/\\\/brasender.com.br\\\/noticias\\\/consulado-de-cuba-en-sao-paulo\\\/#primaryimage\"},\"thumbnailUrl\":\"https:\\\/\\\/brasender.com.br\\\/noticias\\\/wp-content\\\/uploads\\\/2025\\\/03\\\/blog-consulado-2.png\",\"datePublished\":\"2024-12-25T12:54:10+00:00\",\"dateModified\":\"2025-08-03T01:04:25+00:00\",\"breadcrumb\":{\"@id\":\"https:\\\/\\\/brasender.com.br\\\/noticias\\\/consulado-de-cuba-en-sao-paulo\\\/#breadcrumb\"},\"inLanguage\":\"pt-BR\",\"potentialAction\":[{\"@type\":\"ReadAction\",\"target\":[\"https:\\\/\\\/brasender.com.br\\\/noticias\\\/consulado-de-cuba-en-sao-paulo\\\/\"]}]},{\"@type\":\"ImageObject\",\"inLanguage\":\"pt-BR\",\"@id\":\"https:\\\/\\\/brasender.com.br\\\/noticias\\\/consulado-de-cuba-en-sao-paulo\\\/#primaryimage\",\"url\":\"https:\\\/\\\/brasender.com.br\\\/noticias\\\/wp-content\\\/uploads\\\/2025\\\/03\\\/blog-consulado-2.png\",\"contentUrl\":\"https:\\\/\\\/brasender.com.br\\\/noticias\\\/wp-content\\\/uploads\\\/2025\\\/03\\\/blog-consulado-2.png\",\"width\":640,\"height\":426,\"caption\":\"Consulado de Cuba en Brasil\"},{\"@type\":\"BreadcrumbList\",\"@id\":\"https:\\\/\\\/brasender.com.br\\\/noticias\\\/consulado-de-cuba-en-sao-paulo\\\/#breadcrumb\",\"itemListElement\":[{\"@type\":\"ListItem\",\"position\":1,\"name\":\"In\u00edcio\",\"item\":\"https:\\\/\\\/brasender.com.br\\\/noticias\\\/\"},{\"@type\":\"ListItem\",\"position\":2,\"name\":\"Consulado de Cuba en S\u00e3o Paulo\"}]},{\"@type\":\"WebSite\",\"@id\":\"https:\\\/\\\/brasender.com.br\\\/noticias\\\/#website\",\"url\":\"https:\\\/\\\/brasender.com.br\\\/noticias\\\/\",\"name\":\"Brasender Noticias\",\"description\":\"Portal de Noticias Brasender\",\"publisher\":{\"@id\":\"https:\\\/\\\/brasender.com.br\\\/noticias\\\/#organization\"},\"potentialAction\":[{\"@type\":\"SearchAction\",\"target\":{\"@type\":\"EntryPoint\",\"urlTemplate\":\"https:\\\/\\\/brasender.com.br\\\/noticias\\\/?s={search_term_string}\"},\"query-input\":{\"@type\":\"PropertyValueSpecification\",\"valueRequired\":true,\"valueName\":\"search_term_string\"}}],\"inLanguage\":\"pt-BR\"},{\"@type\":\"Organization\",\"@id\":\"https:\\\/\\\/brasender.com.br\\\/noticias\\\/#organization\",\"name\":\"Brasender Noticias\",\"url\":\"https:\\\/\\\/brasender.com.br\\\/noticias\\\/\",\"logo\":{\"@type\":\"ImageObject\",\"inLanguage\":\"pt-BR\",\"@id\":\"https:\\\/\\\/brasender.com.br\\\/noticias\\\/#\\\/schema\\\/logo\\\/image\\\/\",\"url\":\"https:\\\/\\\/brasender.com.br\\\/noticias\\\/wp-content\\\/uploads\\\/2022\\\/03\\\/Brasender-Noticias.png\",\"contentUrl\":\"https:\\\/\\\/brasender.com.br\\\/noticias\\\/wp-content\\\/uploads\\\/2022\\\/03\\\/Brasender-Noticias.png\",\"width\":2048,\"height\":500,\"caption\":\"Brasender Noticias\"},\"image\":{\"@id\":\"https:\\\/\\\/brasender.com.br\\\/noticias\\\/#\\\/schema\\\/logo\\\/image\\\/\"},\"sameAs\":[\"https:\\\/\\\/www.facebook.com\\\/profile.php?id=61562137653202\",\"https:\\\/\\\/www.instagram.com\\\/brasender\\\/\"]},{\"@type\":\"Person\",\"@id\":\"https:\\\/\\\/brasender.com.br\\\/noticias\\\/#\\\/schema\\\/person\\\/8ff4bab7c83b41a03fbb5302e8977cf6\",\"name\":\"Brasender\",\"image\":{\"@type\":\"ImageObject\",\"inLanguage\":\"pt-BR\",\"@id\":\"https:\\\/\\\/secure.gravatar.com\\\/avatar\\\/a3c3990fec24135a7178fc2a02353673b32fe012bfcc277aa1e6331e34513594?s=96&d=mm&r=g\",\"url\":\"https:\\\/\\\/secure.gravatar.com\\\/avatar\\\/a3c3990fec24135a7178fc2a02353673b32fe012bfcc277aa1e6331e34513594?s=96&d=mm&r=g\",\"contentUrl\":\"https:\\\/\\\/secure.gravatar.com\\\/avatar\\\/a3c3990fec24135a7178fc2a02353673b32fe012bfcc277aa1e6331e34513594?s=96&d=mm&r=g\",\"caption\":\"Brasender\"},\"url\":\"https:\\\/\\\/brasender.com.br\\\/noticias\\\/author\\\/brasender\\\/\"}]}<\/script>\n<!-- \/ Yoast SEO plugin. -->","yoast_head_json":{"title":"Consulado de Cuba en S\u00e3o Paulo - Brasender Noticias","robots":{"index":"index","follow":"follow","max-snippet":"max-snippet:-1","max-image-preview":"max-image-preview:large","max-video-preview":"max-video-preview:-1"},"canonical":"https:\/\/brasender.com.br\/noticias\/consulado-de-cuba-en-sao-paulo\/","og_locale":"pt_BR","og_type":"article","og_title":"Consulado de Cuba en S\u00e3o Paulo - Brasender Noticias","og_description":"El Consulado General de Cuba en S\u00e3o Paulo es la entidad encargada de brindar asistencia consular a los ciudadanos cubanos y extranjeros que necesiten realizar tr\u00e1mites relacionados con Cuba. A continuaci\u00f3n, te ofrecemos un resumen de las principales informaciones y servicios que presta esta instituci\u00f3n. Jurisdicci\u00f3n Consular El Consulado General de Cuba en S\u00e3o Paulo [&hellip;]","og_url":"https:\/\/brasender.com.br\/noticias\/consulado-de-cuba-en-sao-paulo\/","og_site_name":"Brasender Noticias","article_publisher":"https:\/\/www.facebook.com\/profile.php?id=61562137653202","article_published_time":"2024-12-25T12:54:10+00:00","article_modified_time":"2025-08-03T01:04:25+00:00","og_image":[{"width":640,"height":426,"url":"https:\/\/brasender.com.br\/noticias\/wp-content\/uploads\/2025\/03\/blog-consulado-2.png","type":"image\/png"}],"author":"Brasender","twitter_card":"summary_large_image","twitter_misc":{"Escrito por":"Brasender","Est. tempo de leitura":"4 minutos"},"schema":{"@context":"https:\/\/schema.org","@graph":[{"@type":"Article","@id":"https:\/\/brasender.com.br\/noticias\/consulado-de-cuba-en-sao-paulo\/#article","isPartOf":{"@id":"https:\/\/brasender.com.br\/noticias\/consulado-de-cuba-en-sao-paulo\/"},"author":{"name":"Brasender","@id":"https:\/\/brasender.com.br\/noticias\/#\/schema\/person\/8ff4bab7c83b41a03fbb5302e8977cf6"},"headline":"Consulado de Cuba en S\u00e3o Paulo","datePublished":"2024-12-25T12:54:10+00:00","dateModified":"2025-08-03T01:04:25+00:00","mainEntityOfPage":{"@id":"https:\/\/brasender.com.br\/noticias\/consulado-de-cuba-en-sao-paulo\/"},"wordCount":637,"commentCount":2,"publisher":{"@id":"https:\/\/brasender.com.br\/noticias\/#organization"},"image":{"@id":"https:\/\/brasender.com.br\/noticias\/consulado-de-cuba-en-sao-paulo\/#primaryimage"},"thumbnailUrl":"https:\/\/brasender.com.br\/noticias\/wp-content\/uploads\/2025\/03\/blog-consulado-2.png","articleSection":["Migraci\u00f3n"],"inLanguage":"pt-BR","potentialAction":[{"@type":"CommentAction","name":"Comment","target":["https:\/\/brasender.com.br\/noticias\/consulado-de-cuba-en-sao-paulo\/#respond"]}]},{"@type":"WebPage","@id":"https:\/\/brasender.com.br\/noticias\/consulado-de-cuba-en-sao-paulo\/","url":"https:\/\/brasender.com.br\/noticias\/consulado-de-cuba-en-sao-paulo\/","name":"Consulado de Cuba en S\u00e3o Paulo - Brasender Noticias","isPartOf":{"@id":"https:\/\/brasender.com.br\/noticias\/#website"},"primaryImageOfPage":{"@id":"https:\/\/brasender.com.br\/noticias\/consulado-de-cuba-en-sao-paulo\/#primaryimage"},"image":{"@id":"https:\/\/brasender.com.br\/noticias\/consulado-de-cuba-en-sao-paulo\/#primaryimage"},"thumbnailUrl":"https:\/\/brasender.com.br\/noticias\/wp-content\/uploads\/2025\/03\/blog-consulado-2.png","datePublished":"2024-12-25T12:54:10+00:00","dateModified":"2025-08-03T01:04:25+00:00","breadcrumb":{"@id":"https:\/\/brasender.com.br\/noticias\/consulado-de-cuba-en-sao-paulo\/#breadcrumb"},"inLanguage":"pt-BR","potentialAction":[{"@type":"ReadAction","target":["https:\/\/brasender.com.br\/noticias\/consulado-de-cuba-en-sao-paulo\/"]}]},{"@type":"ImageObject","inLanguage":"pt-BR","@id":"https:\/\/brasender.com.br\/noticias\/consulado-de-cuba-en-sao-paulo\/#primaryimage","url":"https:\/\/brasender.com.br\/noticias\/wp-content\/uploads\/2025\/03\/blog-consulado-2.png","contentUrl":"https:\/\/brasender.com.br\/noticias\/wp-content\/uploads\/2025\/03\/blog-consulado-2.png","width":640,"height":426,"caption":"Consulado de Cuba en Brasil"},{"@type":"BreadcrumbList","@id":"https:\/\/brasender.com.br\/noticias\/consulado-de-cuba-en-sao-paulo\/#breadcrumb","itemListElement":[{"@type":"ListItem","position":1,"name":"In\u00edcio","item":"https:\/\/brasender.com.br\/noticias\/"},{"@type":"ListItem","position":2,"name":"Consulado de Cuba en S\u00e3o Paulo"}]},{"@type":"WebSite","@id":"https:\/\/brasender.com.br\/noticias\/#website","url":"https:\/\/brasender.com.br\/noticias\/","name":"Brasender Noticias","description":"Portal de Noticias Brasender","publisher":{"@id":"https:\/\/brasender.com.br\/noticias\/#organization"},"potentialAction":[{"@type":"SearchAction","target":{"@type":"EntryPoint","urlTemplate":"https:\/\/brasender.com.br\/noticias\/?s={search_term_string}"},"query-input":{"@type":"PropertyValueSpecification","valueRequired":true,"valueName":"search_term_string"}}],"inLanguage":"pt-BR"},{"@type":"Organization","@id":"https:\/\/brasender.com.br\/noticias\/#organization","name":"Brasender Noticias","url":"https:\/\/brasender.com.br\/noticias\/","logo":{"@type":"ImageObject","inLanguage":"pt-BR","@id":"https:\/\/brasender.com.br\/noticias\/#\/schema\/logo\/image\/","url":"https:\/\/brasender.com.br\/noticias\/wp-content\/uploads\/2022\/03\/Brasender-Noticias.png","contentUrl":"https:\/\/brasender.com.br\/noticias\/wp-content\/uploads\/2022\/03\/Brasender-Noticias.png","width":2048,"height":500,"caption":"Brasender Noticias"},"image":{"@id":"https:\/\/brasender.com.br\/noticias\/#\/schema\/logo\/image\/"},"sameAs":["https:\/\/www.facebook.com\/profile.php?id=61562137653202","https:\/\/www.instagram.com\/brasender\/"]},{"@type":"Person","@id":"https:\/\/brasender.com.br\/noticias\/#\/schema\/person\/8ff4bab7c83b41a03fbb5302e8977cf6","name":"Brasender","image":{"@type":"ImageObject","inLanguage":"pt-BR","@id":"https:\/\/secure.gravatar.com\/avatar\/a3c3990fec24135a7178fc2a02353673b32fe012bfcc277aa1e6331e34513594?s=96&d=mm&r=g","url":"https:\/\/secure.gravatar.com\/avatar\/a3c3990fec24135a7178fc2a02353673b32fe012bfcc277aa1e6331e34513594?s=96&d=mm&r=g","contentUrl":"https:\/\/secure.gravatar.com\/avatar\/a3c3990fec24135a7178fc2a02353673b32fe012bfcc277aa1e6331e34513594?s=96&d=mm&r=g","caption":"Brasender"},"url":"https:\/\/brasender.com.br\/noticias\/author\/brasender\/"}]}},"_links":{"self":[{"href":"https:\/\/brasender.com.br\/noticias\/wp-json\/wp\/v2\/posts\/2900","targetHints":{"allow":["GET"]}}],"collection":[{"href":"https:\/\/brasender.com.br\/noticias\/wp-json\/wp\/v2\/posts"}],"about":[{"href":"https:\/\/brasender.com.br\/noticias\/wp-json\/wp\/v2\/types\/post"}],"author":[{"embeddable":true,"href":"https:\/\/brasender.com.br\/noticias\/wp-json\/wp\/v2\/users\/2"}],"replies":[{"embeddable":true,"href":"https:\/\/brasender.com.br\/noticias\/wp-json\/wp\/v2\/comments?post=2900"}],"version-history":[{"count":2,"href":"https:\/\/brasender.com.br\/noticias\/wp-json\/wp\/v2\/posts\/2900\/revisions"}],"predecessor-version":[{"id":3162,"href":"https:\/\/brasender.com.br\/noticias\/wp-json\/wp\/v2\/posts\/2900\/revisions\/3162"}],"wp:featuredmedia":[{"embeddable":true,"href":"https:\/\/brasender.com.br\/noticias\/wp-json\/wp\/v2\/media\/2891"}],"wp:attachment":[{"href":"https:\/\/brasender.com.br\/noticias\/wp-json\/wp\/v2\/media?parent=2900"}],"wp:term":[{"taxonomy":"category","embeddable":true,"href":"https:\/\/brasender.com.br\/noticias\/wp-json\/wp\/v2\/categories?post=2900"},{"taxonomy":"post_tag","embeddable":true,"href":"https:\/\/brasender.com.br\/noticias\/wp-json\/wp\/v2\/tags?post=2900"}],"curies":[{"name":"wp","href":"https:\/\/api.w.org\/{rel}","templated":true}]}}