{"id":2883,"date":"2024-07-27T07:51:45","date_gmt":"2024-07-27T10:51:45","guid":{"rendered":"https:\/\/brasender.com.br\/noticias\/?p=2883"},"modified":"2025-08-02T22:05:45","modified_gmt":"2025-08-03T01:05:45","slug":"que-pasa-con-mi-casa-si-me-voy-de-cuba","status":"publish","type":"post","link":"https:\/\/brasender.com.br\/noticias\/que-pasa-con-mi-casa-si-me-voy-de-cuba\/","title":{"rendered":"\u00bfQu\u00e9 Pasa con mi Casa si me Voy de Cuba?"},"content":{"rendered":"\n<h2 class=\"wp-block-heading\">Aclaraciones sobre Residencia y P\u00e9rdida de Propiedades<\/h2>\n\n\n\n<p class=\"wp-block-paragraph\">En los \u00faltimos d\u00edas, ha surgido una pregunta recurrente entre los cubanos residentes en Brasil: \u00bfQu\u00e9 pasa con mi casa si me voy de Cuba? \u00bfPierdo mi residencia y los derechos sobre mi patrimonio? A continuaci\u00f3n, aclaramos estas dudas.<\/p>\n\n\n\n<div style=\"height:30px\" aria-hidden=\"true\" class=\"wp-block-spacer\"><\/div>\n\n\n\n<h2 class=\"wp-block-heading\">Residencia y Ciudadan\u00eda Cubana<\/h2>\n\n\n\n<p class=\"wp-block-paragraph\">El pasado 20 de Junio, el teniente coronel Roil\u00e1n Hern\u00e1n del Concepci\u00f3n <a href=\"https:\/\/www.youtube.com\/watch?v=oJ698PdZFOA\" target=\"_blank\" rel=\"noreferrer noopener\">abord\u00f3 <\/a>varios temas relacionados con los proyectos de ley sobre Migraci\u00f3n y Extranjer\u00eda en Cuba, incluyendo la residencia cubana y la p\u00e9rdida de propiedades.<\/p>\n\n\n\n<iframe width=\"560\" height=\"315\" src=\"https:\/\/www.youtube.com\/embed\/oJ698PdZFOA?si=44CDAOLUv17IrVxb&amp;start=8\" title=\"YouTube video player\" frameborder=\"0\" allow=\"accelerometer; autoplay; clipboard-write; encrypted-media; gyroscope; picture-in-picture; web-share\" referrerpolicy=\"strict-origin-when-cross-origin\" allowfullscreen><\/iframe>\n\n\n\n<div style=\"height:30px\" aria-hidden=\"true\" class=\"wp-block-spacer\"><\/div>\n\n\n\n<h2 class=\"wp-block-heading\">Derechos de Residencia<\/h2>\n\n\n\n<p class=\"wp-block-paragraph\">Roil\u00e1n <a href=\"https:\/\/www.youtube.com\/watch?v=oJ698PdZFOA\" target=\"_blank\" rel=\"noreferrer noopener\">mencion\u00f3 <\/a>que los derechos relacionados con la residencia en Cuba est\u00e1n claramente establecidos en la Constituci\u00f3n. Seg\u00fan el art\u00edculo 52, los ciudadanos cubanos tienen la libertad de entrar, permanecer y salir del territorio nacional a su propia decisi\u00f3n. Estos derechos migratorios tambi\u00e9n est\u00e1n desarrollados en la ley y en el reglamento correspondiente:<\/p>\n\n\n\n<blockquote class=\"wp-block-quote is-layout-flow wp-block-quote-is-layout-flow\">\n<p class=\"wp-block-paragraph\"><em>\u201cLas personas disfrutan de todos los derechos que establece la Constituci\u00f3n de la Rep\u00fablica. El art\u00edculo 52 de la Constituci\u00f3n establece que los cubanos tienen la libertad de entrar, permanecer y salir del territorio nacional\u201d.<\/em><\/p>\n<\/blockquote>\n\n\n\n<div style=\"height:30px\" aria-hidden=\"true\" class=\"wp-block-spacer\"><\/div>\n\n\n\n<h2 class=\"wp-block-heading\">Derechos Patrimoniales<\/h2>\n\n\n\n<p class=\"wp-block-paragraph\">En cuanto a los derechos patrimoniales, Roil\u00e1n asegur\u00f3 que la ley de migraci\u00f3n no afecta estos derechos constitucionales:<\/p>\n\n\n\n<blockquote class=\"wp-block-quote is-layout-flow wp-block-quote-is-layout-flow\">\n<p class=\"wp-block-paragraph\"><em>\u201cEl tema de los derechos patrimoniales\u2026 la ley no tiene ninguna relaci\u00f3n directa con el ejercicio de esos derechos\u2026 desde el punto de vista migratorio no tiene ninguna aplicaci\u00f3n que pueda afectar el ejercicio de esos derechos constitucionales\u201d.<\/em><\/p>\n<\/blockquote>\n\n\n\n<div style=\"height:30px\" aria-hidden=\"true\" class=\"wp-block-spacer\"><\/div>\n\n\n\n<h2 class=\"wp-block-heading\">Cambios en la Ley de Migraci\u00f3n<\/h2>\n\n\n\n<p class=\"wp-block-paragraph\">La nueva ley no afecta los derechos patrimoniales de los cubanos residentes en el exterior. Las modificaciones introducidas en 2012 ya permit\u00edan a los cubanos decidir sobre sus bienes. Adem\u00e1s, la ley propuesta elimina la condici\u00f3n de emigrado, permitiendo que quienes ya tienen esta condici\u00f3n puedan cambiar su estatus a residentes en el exterior:<\/p>\n\n\n\n<blockquote class=\"wp-block-quote is-layout-flow wp-block-quote-is-layout-flow\">\n<p class=\"wp-block-paragraph\"><em>\u201cLa condici\u00f3n de emigrado no es que se derogue del todo. La ley a partir de su puesta en vigor no permitir\u00e1 que esa condici\u00f3n migratoria se incremente. Las personas que hasta el presente han tenido esa condici\u00f3n migratoria la continuar\u00e1n teniendo, excepto que ejerzan el derecho a cambiarla, a solicitar el cambio de emigrado para residente en el exterior\u201d.<\/em><\/p>\n<\/blockquote>\n\n\n\n<div style=\"height:30px\" aria-hidden=\"true\" class=\"wp-block-spacer\"><\/div>\n\n\n\n<h2 class=\"wp-block-heading\">Ciudadan\u00eda Efectiva<\/h2>\n\n\n\n<p class=\"wp-block-paragraph\">Sobre este punto, explic\u00f3 que, seg\u00fan el art\u00edculo 36 de la Constituci\u00f3n, los cubanos no pierden su ciudadan\u00eda por adquirir otra, pero deben actuar como ciudadanos cubanos mientras est\u00e9n en el territorio nacional:<\/p>\n\n\n\n<blockquote class=\"wp-block-quote is-layout-flow wp-block-quote-is-layout-flow\">\n<p class=\"wp-block-paragraph\"><em>\u201cEl art\u00edculo 36 de la Constituci\u00f3n de la Rep\u00fablica\u2026 establece que los cubanos no pierden la ciudadan\u00eda cubana por tener otra. Eso s\u00ed, mientras se encuentren en el territorio nacional, deben actuar como ciudadanos cubanos. Por tanto, deben identificarse con el pasaporte cubano\u201d.<\/em><\/p>\n<\/blockquote>\n\n\n\n<div style=\"height:30px\" aria-hidden=\"true\" class=\"wp-block-spacer\"><\/div>\n\n\n\n<p class=\"wp-block-paragraph\"><strong>En resumen, los cubanos que decidan dejar el pa\u00eds no perder\u00e1n sus derechos sobre su patrimonio ni su residencia en Cuba. La nueva ley de migraci\u00f3n no afectar\u00e1 estos derechos y permite mayor flexibilidad para los cubanos residentes en el exterior.<\/strong><\/p>\n","protected":false},"excerpt":{"rendered":"<p>Aclaraciones sobre Residencia y P\u00e9rdida de Propiedades En los \u00faltimos d\u00edas, ha surgido una pregunta recurrente entre los cubanos residentes en Brasil: \u00bfQu\u00e9 pasa con mi casa si me voy de Cuba? \u00bfPierdo mi residencia y los derechos sobre mi patrimonio? A continuaci\u00f3n, aclaramos estas dudas. Residencia y Ciudadan\u00eda Cubana El pasado 20 de Junio, [&hellip;]<\/p>\n","protected":false},"author":2,"featured_media":2884,"comment_status":"open","ping_status":"open","sticky":false,"template":"","format":"standard","meta":{"_crdt_document":"","footnotes":""},"categories":[66],"tags":[],"class_list":["post-2883","post","type-post","status-publish","format-standard","has-post-thumbnail","hentry","category-migracion"],"yoast_head":"<!-- This site is optimized with the Yoast SEO plugin v27.4 - https:\/\/yoast.com\/product\/yoast-seo-wordpress\/ -->\n<title>\u00bfQu\u00e9 Pasa con mi Casa si me Voy de Cuba? - Brasender Noticias<\/title>\n<meta name=\"robots\" content=\"index, follow, max-snippet:-1, max-image-preview:large, max-video-preview:-1\" \/>\n<link rel=\"canonical\" href=\"https:\/\/brasender.com.br\/noticias\/que-pasa-con-mi-casa-si-me-voy-de-cuba\/\" \/>\n<meta property=\"og:locale\" content=\"pt_BR\" \/>\n<meta property=\"og:type\" content=\"article\" \/>\n<meta property=\"og:title\" content=\"\u00bfQu\u00e9 Pasa con mi Casa si me Voy de Cuba? - Brasender Noticias\" \/>\n<meta property=\"og:description\" content=\"Aclaraciones sobre Residencia y P\u00e9rdida de Propiedades En los \u00faltimos d\u00edas, ha surgido una pregunta recurrente entre los cubanos residentes en Brasil: \u00bfQu\u00e9 pasa con mi casa si me voy de Cuba? \u00bfPierdo mi residencia y los derechos sobre mi patrimonio? A continuaci\u00f3n, aclaramos estas dudas. Residencia y Ciudadan\u00eda Cubana El pasado 20 de Junio, [&hellip;]\" \/>\n<meta property=\"og:url\" content=\"https:\/\/brasender.com.br\/noticias\/que-pasa-con-mi-casa-si-me-voy-de-cuba\/\" \/>\n<meta property=\"og:site_name\" content=\"Brasender Noticias\" \/>\n<meta property=\"article:publisher\" content=\"https:\/\/www.facebook.com\/profile.php?id=61562137653202\" \/>\n<meta property=\"article:published_time\" content=\"2024-07-27T10:51:45+00:00\" \/>\n<meta property=\"article:modified_time\" content=\"2025-08-03T01:05:45+00:00\" \/>\n<meta property=\"og:image\" content=\"https:\/\/brasender.com.br\/noticias\/wp-content\/uploads\/2025\/03\/5ff7884d2298b.jpg\" \/>\n\t<meta property=\"og:image:width\" content=\"640\" \/>\n\t<meta property=\"og:image:height\" content=\"426\" \/>\n\t<meta property=\"og:image:type\" content=\"image\/jpeg\" \/>\n<meta name=\"author\" content=\"Brasender\" \/>\n<meta name=\"twitter:card\" content=\"summary_large_image\" \/>\n<meta name=\"twitter:label1\" content=\"Escrito por\" \/>\n\t<meta name=\"twitter:data1\" content=\"Brasender\" \/>\n\t<meta name=\"twitter:label2\" content=\"Est. tempo de leitura\" \/>\n\t<meta name=\"twitter:data2\" content=\"2 minutos\" \/>\n<script type=\"application\/ld+json\" class=\"yoast-schema-graph\">{\"@context\":\"https:\\\/\\\/schema.org\",\"@graph\":[{\"@type\":\"Article\",\"@id\":\"https:\\\/\\\/brasender.com.br\\\/noticias\\\/que-pasa-con-mi-casa-si-me-voy-de-cuba\\\/#article\",\"isPartOf\":{\"@id\":\"https:\\\/\\\/brasender.com.br\\\/noticias\\\/que-pasa-con-mi-casa-si-me-voy-de-cuba\\\/\"},\"author\":{\"name\":\"Brasender\",\"@id\":\"https:\\\/\\\/brasender.com.br\\\/noticias\\\/#\\\/schema\\\/person\\\/8ff4bab7c83b41a03fbb5302e8977cf6\"},\"headline\":\"\u00bfQu\u00e9 Pasa con mi Casa si me Voy de Cuba?\",\"datePublished\":\"2024-07-27T10:51:45+00:00\",\"dateModified\":\"2025-08-03T01:05:45+00:00\",\"mainEntityOfPage\":{\"@id\":\"https:\\\/\\\/brasender.com.br\\\/noticias\\\/que-pasa-con-mi-casa-si-me-voy-de-cuba\\\/\"},\"wordCount\":526,\"commentCount\":0,\"publisher\":{\"@id\":\"https:\\\/\\\/brasender.com.br\\\/noticias\\\/#organization\"},\"image\":{\"@id\":\"https:\\\/\\\/brasender.com.br\\\/noticias\\\/que-pasa-con-mi-casa-si-me-voy-de-cuba\\\/#primaryimage\"},\"thumbnailUrl\":\"https:\\\/\\\/brasender.com.br\\\/noticias\\\/wp-content\\\/uploads\\\/2025\\\/03\\\/5ff7884d2298b.jpg\",\"articleSection\":[\"Migraci\u00f3n\"],\"inLanguage\":\"pt-BR\",\"potentialAction\":[{\"@type\":\"CommentAction\",\"name\":\"Comment\",\"target\":[\"https:\\\/\\\/brasender.com.br\\\/noticias\\\/que-pasa-con-mi-casa-si-me-voy-de-cuba\\\/#respond\"]}]},{\"@type\":\"WebPage\",\"@id\":\"https:\\\/\\\/brasender.com.br\\\/noticias\\\/que-pasa-con-mi-casa-si-me-voy-de-cuba\\\/\",\"url\":\"https:\\\/\\\/brasender.com.br\\\/noticias\\\/que-pasa-con-mi-casa-si-me-voy-de-cuba\\\/\",\"name\":\"\u00bfQu\u00e9 Pasa con mi Casa si me Voy de Cuba? - Brasender Noticias\",\"isPartOf\":{\"@id\":\"https:\\\/\\\/brasender.com.br\\\/noticias\\\/#website\"},\"primaryImageOfPage\":{\"@id\":\"https:\\\/\\\/brasender.com.br\\\/noticias\\\/que-pasa-con-mi-casa-si-me-voy-de-cuba\\\/#primaryimage\"},\"image\":{\"@id\":\"https:\\\/\\\/brasender.com.br\\\/noticias\\\/que-pasa-con-mi-casa-si-me-voy-de-cuba\\\/#primaryimage\"},\"thumbnailUrl\":\"https:\\\/\\\/brasender.com.br\\\/noticias\\\/wp-content\\\/uploads\\\/2025\\\/03\\\/5ff7884d2298b.jpg\",\"datePublished\":\"2024-07-27T10:51:45+00:00\",\"dateModified\":\"2025-08-03T01:05:45+00:00\",\"breadcrumb\":{\"@id\":\"https:\\\/\\\/brasender.com.br\\\/noticias\\\/que-pasa-con-mi-casa-si-me-voy-de-cuba\\\/#breadcrumb\"},\"inLanguage\":\"pt-BR\",\"potentialAction\":[{\"@type\":\"ReadAction\",\"target\":[\"https:\\\/\\\/brasender.com.br\\\/noticias\\\/que-pasa-con-mi-casa-si-me-voy-de-cuba\\\/\"]}]},{\"@type\":\"ImageObject\",\"inLanguage\":\"pt-BR\",\"@id\":\"https:\\\/\\\/brasender.com.br\\\/noticias\\\/que-pasa-con-mi-casa-si-me-voy-de-cuba\\\/#primaryimage\",\"url\":\"https:\\\/\\\/brasender.com.br\\\/noticias\\\/wp-content\\\/uploads\\\/2025\\\/03\\\/5ff7884d2298b.jpg\",\"contentUrl\":\"https:\\\/\\\/brasender.com.br\\\/noticias\\\/wp-content\\\/uploads\\\/2025\\\/03\\\/5ff7884d2298b.jpg\",\"width\":640,\"height\":426},{\"@type\":\"BreadcrumbList\",\"@id\":\"https:\\\/\\\/brasender.com.br\\\/noticias\\\/que-pasa-con-mi-casa-si-me-voy-de-cuba\\\/#breadcrumb\",\"itemListElement\":[{\"@type\":\"ListItem\",\"position\":1,\"name\":\"In\u00edcio\",\"item\":\"https:\\\/\\\/brasender.com.br\\\/noticias\\\/\"},{\"@type\":\"ListItem\",\"position\":2,\"name\":\"\u00bfQu\u00e9 Pasa con mi Casa si me Voy de Cuba?\"}]},{\"@type\":\"WebSite\",\"@id\":\"https:\\\/\\\/brasender.com.br\\\/noticias\\\/#website\",\"url\":\"https:\\\/\\\/brasender.com.br\\\/noticias\\\/\",\"name\":\"Brasender Noticias\",\"description\":\"Portal de Noticias Brasender\",\"publisher\":{\"@id\":\"https:\\\/\\\/brasender.com.br\\\/noticias\\\/#organization\"},\"potentialAction\":[{\"@type\":\"SearchAction\",\"target\":{\"@type\":\"EntryPoint\",\"urlTemplate\":\"https:\\\/\\\/brasender.com.br\\\/noticias\\\/?s={search_term_string}\"},\"query-input\":{\"@type\":\"PropertyValueSpecification\",\"valueRequired\":true,\"valueName\":\"search_term_string\"}}],\"inLanguage\":\"pt-BR\"},{\"@type\":\"Organization\",\"@id\":\"https:\\\/\\\/brasender.com.br\\\/noticias\\\/#organization\",\"name\":\"Brasender Noticias\",\"url\":\"https:\\\/\\\/brasender.com.br\\\/noticias\\\/\",\"logo\":{\"@type\":\"ImageObject\",\"inLanguage\":\"pt-BR\",\"@id\":\"https:\\\/\\\/brasender.com.br\\\/noticias\\\/#\\\/schema\\\/logo\\\/image\\\/\",\"url\":\"https:\\\/\\\/brasender.com.br\\\/noticias\\\/wp-content\\\/uploads\\\/2022\\\/03\\\/Brasender-Noticias.png\",\"contentUrl\":\"https:\\\/\\\/brasender.com.br\\\/noticias\\\/wp-content\\\/uploads\\\/2022\\\/03\\\/Brasender-Noticias.png\",\"width\":2048,\"height\":500,\"caption\":\"Brasender Noticias\"},\"image\":{\"@id\":\"https:\\\/\\\/brasender.com.br\\\/noticias\\\/#\\\/schema\\\/logo\\\/image\\\/\"},\"sameAs\":[\"https:\\\/\\\/www.facebook.com\\\/profile.php?id=61562137653202\",\"https:\\\/\\\/www.instagram.com\\\/brasender\\\/\"]},{\"@type\":\"Person\",\"@id\":\"https:\\\/\\\/brasender.com.br\\\/noticias\\\/#\\\/schema\\\/person\\\/8ff4bab7c83b41a03fbb5302e8977cf6\",\"name\":\"Brasender\",\"image\":{\"@type\":\"ImageObject\",\"inLanguage\":\"pt-BR\",\"@id\":\"https:\\\/\\\/secure.gravatar.com\\\/avatar\\\/a3c3990fec24135a7178fc2a02353673b32fe012bfcc277aa1e6331e34513594?s=96&d=mm&r=g\",\"url\":\"https:\\\/\\\/secure.gravatar.com\\\/avatar\\\/a3c3990fec24135a7178fc2a02353673b32fe012bfcc277aa1e6331e34513594?s=96&d=mm&r=g\",\"contentUrl\":\"https:\\\/\\\/secure.gravatar.com\\\/avatar\\\/a3c3990fec24135a7178fc2a02353673b32fe012bfcc277aa1e6331e34513594?s=96&d=mm&r=g\",\"caption\":\"Brasender\"},\"url\":\"https:\\\/\\\/brasender.com.br\\\/noticias\\\/author\\\/brasender\\\/\"}]}<\/script>\n<!-- \/ Yoast SEO plugin. -->","yoast_head_json":{"title":"\u00bfQu\u00e9 Pasa con mi Casa si me Voy de Cuba? - Brasender Noticias","robots":{"index":"index","follow":"follow","max-snippet":"max-snippet:-1","max-image-preview":"max-image-preview:large","max-video-preview":"max-video-preview:-1"},"canonical":"https:\/\/brasender.com.br\/noticias\/que-pasa-con-mi-casa-si-me-voy-de-cuba\/","og_locale":"pt_BR","og_type":"article","og_title":"\u00bfQu\u00e9 Pasa con mi Casa si me Voy de Cuba? - Brasender Noticias","og_description":"Aclaraciones sobre Residencia y P\u00e9rdida de Propiedades En los \u00faltimos d\u00edas, ha surgido una pregunta recurrente entre los cubanos residentes en Brasil: \u00bfQu\u00e9 pasa con mi casa si me voy de Cuba? \u00bfPierdo mi residencia y los derechos sobre mi patrimonio? A continuaci\u00f3n, aclaramos estas dudas. Residencia y Ciudadan\u00eda Cubana El pasado 20 de Junio, [&hellip;]","og_url":"https:\/\/brasender.com.br\/noticias\/que-pasa-con-mi-casa-si-me-voy-de-cuba\/","og_site_name":"Brasender Noticias","article_publisher":"https:\/\/www.facebook.com\/profile.php?id=61562137653202","article_published_time":"2024-07-27T10:51:45+00:00","article_modified_time":"2025-08-03T01:05:45+00:00","og_image":[{"width":640,"height":426,"url":"https:\/\/brasender.com.br\/noticias\/wp-content\/uploads\/2025\/03\/5ff7884d2298b.jpg","type":"image\/jpeg"}],"author":"Brasender","twitter_card":"summary_large_image","twitter_misc":{"Escrito por":"Brasender","Est. tempo de leitura":"2 minutos"},"schema":{"@context":"https:\/\/schema.org","@graph":[{"@type":"Article","@id":"https:\/\/brasender.com.br\/noticias\/que-pasa-con-mi-casa-si-me-voy-de-cuba\/#article","isPartOf":{"@id":"https:\/\/brasender.com.br\/noticias\/que-pasa-con-mi-casa-si-me-voy-de-cuba\/"},"author":{"name":"Brasender","@id":"https:\/\/brasender.com.br\/noticias\/#\/schema\/person\/8ff4bab7c83b41a03fbb5302e8977cf6"},"headline":"\u00bfQu\u00e9 Pasa con mi Casa si me Voy de Cuba?","datePublished":"2024-07-27T10:51:45+00:00","dateModified":"2025-08-03T01:05:45+00:00","mainEntityOfPage":{"@id":"https:\/\/brasender.com.br\/noticias\/que-pasa-con-mi-casa-si-me-voy-de-cuba\/"},"wordCount":526,"commentCount":0,"publisher":{"@id":"https:\/\/brasender.com.br\/noticias\/#organization"},"image":{"@id":"https:\/\/brasender.com.br\/noticias\/que-pasa-con-mi-casa-si-me-voy-de-cuba\/#primaryimage"},"thumbnailUrl":"https:\/\/brasender.com.br\/noticias\/wp-content\/uploads\/2025\/03\/5ff7884d2298b.jpg","articleSection":["Migraci\u00f3n"],"inLanguage":"pt-BR","potentialAction":[{"@type":"CommentAction","name":"Comment","target":["https:\/\/brasender.com.br\/noticias\/que-pasa-con-mi-casa-si-me-voy-de-cuba\/#respond"]}]},{"@type":"WebPage","@id":"https:\/\/brasender.com.br\/noticias\/que-pasa-con-mi-casa-si-me-voy-de-cuba\/","url":"https:\/\/brasender.com.br\/noticias\/que-pasa-con-mi-casa-si-me-voy-de-cuba\/","name":"\u00bfQu\u00e9 Pasa con mi Casa si me Voy de Cuba? - Brasender Noticias","isPartOf":{"@id":"https:\/\/brasender.com.br\/noticias\/#website"},"primaryImageOfPage":{"@id":"https:\/\/brasender.com.br\/noticias\/que-pasa-con-mi-casa-si-me-voy-de-cuba\/#primaryimage"},"image":{"@id":"https:\/\/brasender.com.br\/noticias\/que-pasa-con-mi-casa-si-me-voy-de-cuba\/#primaryimage"},"thumbnailUrl":"https:\/\/brasender.com.br\/noticias\/wp-content\/uploads\/2025\/03\/5ff7884d2298b.jpg","datePublished":"2024-07-27T10:51:45+00:00","dateModified":"2025-08-03T01:05:45+00:00","breadcrumb":{"@id":"https:\/\/brasender.com.br\/noticias\/que-pasa-con-mi-casa-si-me-voy-de-cuba\/#breadcrumb"},"inLanguage":"pt-BR","potentialAction":[{"@type":"ReadAction","target":["https:\/\/brasender.com.br\/noticias\/que-pasa-con-mi-casa-si-me-voy-de-cuba\/"]}]},{"@type":"ImageObject","inLanguage":"pt-BR","@id":"https:\/\/brasender.com.br\/noticias\/que-pasa-con-mi-casa-si-me-voy-de-cuba\/#primaryimage","url":"https:\/\/brasender.com.br\/noticias\/wp-content\/uploads\/2025\/03\/5ff7884d2298b.jpg","contentUrl":"https:\/\/brasender.com.br\/noticias\/wp-content\/uploads\/2025\/03\/5ff7884d2298b.jpg","width":640,"height":426},{"@type":"BreadcrumbList","@id":"https:\/\/brasender.com.br\/noticias\/que-pasa-con-mi-casa-si-me-voy-de-cuba\/#breadcrumb","itemListElement":[{"@type":"ListItem","position":1,"name":"In\u00edcio","item":"https:\/\/brasender.com.br\/noticias\/"},{"@type":"ListItem","position":2,"name":"\u00bfQu\u00e9 Pasa con mi Casa si me Voy de Cuba?"}]},{"@type":"WebSite","@id":"https:\/\/brasender.com.br\/noticias\/#website","url":"https:\/\/brasender.com.br\/noticias\/","name":"Brasender Noticias","description":"Portal de Noticias Brasender","publisher":{"@id":"https:\/\/brasender.com.br\/noticias\/#organization"},"potentialAction":[{"@type":"SearchAction","target":{"@type":"EntryPoint","urlTemplate":"https:\/\/brasender.com.br\/noticias\/?s={search_term_string}"},"query-input":{"@type":"PropertyValueSpecification","valueRequired":true,"valueName":"search_term_string"}}],"inLanguage":"pt-BR"},{"@type":"Organization","@id":"https:\/\/brasender.com.br\/noticias\/#organization","name":"Brasender Noticias","url":"https:\/\/brasender.com.br\/noticias\/","logo":{"@type":"ImageObject","inLanguage":"pt-BR","@id":"https:\/\/brasender.com.br\/noticias\/#\/schema\/logo\/image\/","url":"https:\/\/brasender.com.br\/noticias\/wp-content\/uploads\/2022\/03\/Brasender-Noticias.png","contentUrl":"https:\/\/brasender.com.br\/noticias\/wp-content\/uploads\/2022\/03\/Brasender-Noticias.png","width":2048,"height":500,"caption":"Brasender Noticias"},"image":{"@id":"https:\/\/brasender.com.br\/noticias\/#\/schema\/logo\/image\/"},"sameAs":["https:\/\/www.facebook.com\/profile.php?id=61562137653202","https:\/\/www.instagram.com\/brasender\/"]},{"@type":"Person","@id":"https:\/\/brasender.com.br\/noticias\/#\/schema\/person\/8ff4bab7c83b41a03fbb5302e8977cf6","name":"Brasender","image":{"@type":"ImageObject","inLanguage":"pt-BR","@id":"https:\/\/secure.gravatar.com\/avatar\/a3c3990fec24135a7178fc2a02353673b32fe012bfcc277aa1e6331e34513594?s=96&d=mm&r=g","url":"https:\/\/secure.gravatar.com\/avatar\/a3c3990fec24135a7178fc2a02353673b32fe012bfcc277aa1e6331e34513594?s=96&d=mm&r=g","contentUrl":"https:\/\/secure.gravatar.com\/avatar\/a3c3990fec24135a7178fc2a02353673b32fe012bfcc277aa1e6331e34513594?s=96&d=mm&r=g","caption":"Brasender"},"url":"https:\/\/brasender.com.br\/noticias\/author\/brasender\/"}]}},"_links":{"self":[{"href":"https:\/\/brasender.com.br\/noticias\/wp-json\/wp\/v2\/posts\/2883","targetHints":{"allow":["GET"]}}],"collection":[{"href":"https:\/\/brasender.com.br\/noticias\/wp-json\/wp\/v2\/posts"}],"about":[{"href":"https:\/\/brasender.com.br\/noticias\/wp-json\/wp\/v2\/types\/post"}],"author":[{"embeddable":true,"href":"https:\/\/brasender.com.br\/noticias\/wp-json\/wp\/v2\/users\/2"}],"replies":[{"embeddable":true,"href":"https:\/\/brasender.com.br\/noticias\/wp-json\/wp\/v2\/comments?post=2883"}],"version-history":[{"count":3,"href":"https:\/\/brasender.com.br\/noticias\/wp-json\/wp\/v2\/posts\/2883\/revisions"}],"predecessor-version":[{"id":3160,"href":"https:\/\/brasender.com.br\/noticias\/wp-json\/wp\/v2\/posts\/2883\/revisions\/3160"}],"wp:featuredmedia":[{"embeddable":true,"href":"https:\/\/brasender.com.br\/noticias\/wp-json\/wp\/v2\/media\/2884"}],"wp:attachment":[{"href":"https:\/\/brasender.com.br\/noticias\/wp-json\/wp\/v2\/media?parent=2883"}],"wp:term":[{"taxonomy":"category","embeddable":true,"href":"https:\/\/brasender.com.br\/noticias\/wp-json\/wp\/v2\/categories?post=2883"},{"taxonomy":"post_tag","embeddable":true,"href":"https:\/\/brasender.com.br\/noticias\/wp-json\/wp\/v2\/tags?post=2883"}],"curies":[{"name":"wp","href":"https:\/\/api.w.org\/{rel}","templated":true}]}}